{"id":29851,"date":"2025-11-19T07:00:39","date_gmt":"2025-11-19T10:00:39","guid":{"rendered":"https:\/\/sulsc.com\/?p=29851"},"modified":"2025-11-19T06:42:04","modified_gmt":"2025-11-19T09:42:04","slug":"em-uma-hora-dois-acidentes-de-transito-sao-registrados-na-regiao","status":"publish","type":"post","link":"https:\/\/sulsc.com\/index.php\/2025\/11\/19\/em-uma-hora-dois-acidentes-de-transito-sao-registrados-na-regiao\/","title":{"rendered":"Em uma hora dois acidentes de tr\u00e2nsito s\u00e3o registrados na regi\u00e3o"},"content":{"rendered":"<p>Dois acidentes de tr\u00e2nsito foram registrados nessa ter\u00e7a-feira (18), com intervalo de uma hora. Um em Jaguaruna e o outro em Sang\u00e3o. Ambos ocorreram no per\u00edodo da manh\u00e3 e foram atendidos pelos Bombeiros Volunt\u00e1rios de Jaguaruna.<\/p>\n<p>O primeiro ocorreu por volta das 7h10, em Jaguaruna. Os socorristas foram acionados via Central de Opera\u00e7\u00f5es de Bombeiros para atender a um acidente de tr\u00e2nsito na marginal da BR 101, KM345, no bairro Costa da Lagoa. No local foi constatado se tratar de uma colis\u00e3o entre um carro e uma moto.<\/p>\n<div id=\"metaslider-id-25573\" style=\"width: 100%;\" class=\"ml-slider-3-99-0 metaslider metaslider-flex metaslider-25573 ml-slider has-onhover-arrows ms-theme-default-base has-dots-nav\" role=\"region\" aria-label=\"Meio\" data-width=\"1200\">\n    <div id=\"metaslider_container_25573\">\n        <div id=\"metaslider_25573\">\n            <ul class='slides'>\n                <li style=\"display: block; width: 100%;\" class=\"slide-25684 ms-image \" aria-roledescription=\"slide\" data-date=\"2025-07-24 07:55:40\"><img src=\"https:\/\/sulsc.com\/wp-content\/uploads\/2025\/07\/Marr-2-1000x166.jpg\" height=\"200\" width=\"1200\" alt=\"\" class=\"slider-25573 slide-25684 msDefaultImage\" title=\"Marr 2\" \/><\/li>\n                <li style=\"display: none; width: 100%;\" class=\"slide-32412 ms-image \" aria-roledescription=\"slide\" data-date=\"2026-02-18 13:59:46\"><img src=\"https:\/\/sulsc.com\/wp-content\/uploads\/2026\/02\/40dc1580-cad5-4867-bc58-c4243821ad38-1000x166.jpeg\" height=\"200\" width=\"1200\" alt=\"\" class=\"slider-25573 slide-32412 msDefaultImage\" title=\"40dc1580-cad5-4867-bc58-c4243821ad38\" \/><\/li>\n                <li style=\"display: none; width: 100%;\" class=\"slide-32766 ms-image \" aria-roledescription=\"slide\" data-date=\"2026-03-03 17:22:59\"><img src=\"https:\/\/sulsc.com\/wp-content\/uploads\/2026\/03\/271ce739-f268-41c5-8051-3de1a1750359-1000x166.jpeg\" height=\"200\" width=\"1200\" alt=\"\" class=\"slider-25573 slide-32766 msDefaultImage\" title=\"271ce739-f268-41c5-8051-3de1a1750359\" \/><\/li>\n            <\/ul>\n        <\/div>\n        \n    <\/div>\n<\/div>\n<p>O condutor da motocicleta Bros com placa de Imaru\u00ed, de 24 anos, encontrava-se em dec\u00fabito dorsal e relatava dor no membro inferior esquerdo e foi encaminhado ao Hospital da Caridade de Jaguaruna. <span style=\"font-size: 16px;\">J\u00e1 o condutor do ve\u00edculo Renault\/Logan com placa de Laguna nada sofreu. Ele assinou o termo de recusa de atendimento no local. Vale ressaltar que a Pol\u00edcia Rodovi\u00e1ria Federal (PRF) foi acionada.<\/span><\/p>\n<p>O segundo acidente ocorreu por volta das 8h na Rua Manoel Arino Correa, em Sang\u00e3o. No local o condutor do ve\u00edculo Fiat\/Uno, um homem agressivo, sem ferimentos precisou ser contido at\u00e9 a chegada da Pol\u00edcia Militar que ficou respons\u00e1vel pela ocorr\u00eancia.<\/p>\n<p><img fetchpriority=\"high\" decoding=\"async\" class=\"alignnone size-full wp-image-29854\" src=\"http:\/\/sulsc.com\/wp-content\/uploads\/2025\/11\/584076350_1306507751508263_4023025418632886720_n-e1763545223116.jpg\" alt=\"\" width=\"1080\" height=\"770\" srcset=\"https:\/\/sulsc.com\/wp-content\/uploads\/2025\/11\/584076350_1306507751508263_4023025418632886720_n-e1763545223116.jpg 1080w, https:\/\/sulsc.com\/wp-content\/uploads\/2025\/11\/584076350_1306507751508263_4023025418632886720_n-e1763545223116-300x214.jpg 300w, https:\/\/sulsc.com\/wp-content\/uploads\/2025\/11\/584076350_1306507751508263_4023025418632886720_n-e1763545223116-1024x730.jpg 1024w, https:\/\/sulsc.com\/wp-content\/uploads\/2025\/11\/584076350_1306507751508263_4023025418632886720_n-e1763545223116-768x548.jpg 768w\" sizes=\"(max-width: 1080px) 100vw, 1080px\" \/><\/p>\n","protected":false},"excerpt":{"rendered":"<p>Dois acidentes de tr\u00e2nsito foram registrados nessa ter\u00e7a-feira (18), com intervalo de uma hora. Um em Jaguaruna e o outro em Sang\u00e3o. Ambos ocorreram no per\u00edodo da manh\u00e3 e foram atendidos pelos Bombeiros Volunt\u00e1rios de Jaguaruna. O primeiro ocorreu por volta das 7h10, em Jaguaruna. Os socorristas foram acionados via Central de Opera\u00e7\u00f5es de Bombeiros &hellip;<\/p>\n<p class=\"read-more\"> <a class=\"\" href=\"https:\/\/sulsc.com\/index.php\/2025\/11\/19\/em-uma-hora-dois-acidentes-de-transito-sao-registrados-na-regiao\/\"> <span class=\"screen-reader-text\">Em uma hora dois acidentes de tr\u00e2nsito s\u00e3o registrados na regi\u00e3o<\/span> Read More &raquo;<\/a><\/p>\n","protected":false},"author":3,"featured_media":29853,"comment_status":"open","ping_status":"open","sticky":false,"template":"","format":"standard","meta":{"site-sidebar-layout":"default","site-content-layout":"","ast-site-content-layout":"default","site-content-style":"default","site-sidebar-style":"default","ast-global-header-display":"","ast-banner-title-visibility":"","ast-main-header-display":"","ast-hfb-above-header-display":"","ast-hfb-below-header-display":"","ast-hfb-mobile-header-display":"","site-post-title":"","ast-breadcrumbs-content":"","ast-featured-img":"","footer-sml-layout":"","theme-transparent-header-meta":"default","adv-header-id-meta":"","stick-header-meta":"","header-above-stick-meta":"","header-main-stick-meta":"","header-below-stick-meta":"","astra-migrate-meta-layouts":"set","footnotes":""},"categories":[2105,8,12],"tags":[],"yoast_head":"<!-- This site is optimized with the Yoast SEO plugin v21.4 - https:\/\/yoast.com\/wordpress\/plugins\/seo\/ -->\n<title>Em uma hora dois acidentes de tr\u00e2nsito s\u00e3o registrados na regi\u00e3o -<\/title>\n<meta name=\"robots\" content=\"index, follow, max-snippet:-1, max-image-preview:large, max-video-preview:-1\" \/>\n<link rel=\"canonical\" href=\"https:\/\/sulsc.com\/index.php\/2025\/11\/19\/em-uma-hora-dois-acidentes-de-transito-sao-registrados-na-regiao\/\" \/>\n<meta property=\"og:locale\" content=\"en_US\" \/>\n<meta property=\"og:type\" content=\"article\" \/>\n<meta property=\"og:title\" content=\"Em uma hora dois acidentes de tr\u00e2nsito s\u00e3o registrados na regi\u00e3o -\" \/>\n<meta property=\"og:description\" content=\"Dois acidentes de tr\u00e2nsito foram registrados nessa ter\u00e7a-feira (18), com intervalo de uma hora. Um em Jaguaruna e o outro em Sang\u00e3o. Ambos ocorreram no per\u00edodo da manh\u00e3 e foram atendidos pelos Bombeiros Volunt\u00e1rios de Jaguaruna. O primeiro ocorreu por volta das 7h10, em Jaguaruna. Os socorristas foram acionados via Central de Opera\u00e7\u00f5es de Bombeiros &hellip; Em uma hora dois acidentes de tr\u00e2nsito s\u00e3o registrados na regi\u00e3o Read More &raquo;\" \/>\n<meta property=\"og:url\" content=\"https:\/\/sulsc.com\/index.php\/2025\/11\/19\/em-uma-hora-dois-acidentes-de-transito-sao-registrados-na-regiao\/\" \/>\n<meta property=\"article:author\" content=\"https:\/\/www.facebook.com\/profile.php?id=61559278119680\" \/>\n<meta property=\"article:published_time\" content=\"2025-11-19T10:00:39+00:00\" \/>\n<meta property=\"article:modified_time\" content=\"2025-11-19T09:42:04+00:00\" \/>\n<meta property=\"og:image\" content=\"https:\/\/sulsc.com\/wp-content\/uploads\/2025\/11\/585316005_1306517051507333_7840649306068902887_n-e1763545201557.jpg\" \/>\n\t<meta property=\"og:image:width\" content=\"1080\" \/>\n\t<meta property=\"og:image:height\" content=\"965\" \/>\n\t<meta property=\"og:image:type\" content=\"image\/jpeg\" \/>\n<meta name=\"author\" content=\"Reda\u00e7\u00e3o Sul SC\" \/>\n<meta name=\"twitter:card\" content=\"summary_large_image\" \/>\n<meta name=\"twitter:creator\" content=\"@https:\/\/twitter.com\/PortalSulSC\" \/>\n<meta name=\"twitter:label1\" content=\"Written by\" \/>\n\t<meta name=\"twitter:data1\" content=\"Reda\u00e7\u00e3o Sul SC\" \/>\n\t<meta name=\"twitter:label2\" content=\"Est. reading time\" \/>\n\t<meta name=\"twitter:data2\" content=\"2 minutes\" \/>\n<script type=\"application\/ld+json\" class=\"yoast-schema-graph\">{\"@context\":\"https:\/\/schema.org\",\"@graph\":[{\"@type\":\"WebPage\",\"@id\":\"https:\/\/sulsc.com\/index.php\/2025\/11\/19\/em-uma-hora-dois-acidentes-de-transito-sao-registrados-na-regiao\/\",\"url\":\"https:\/\/sulsc.com\/index.php\/2025\/11\/19\/em-uma-hora-dois-acidentes-de-transito-sao-registrados-na-regiao\/\",\"name\":\"Em uma hora dois acidentes de tr\u00e2nsito s\u00e3o registrados na regi\u00e3o -\",\"isPartOf\":{\"@id\":\"https:\/\/sulsc.com\/#website\"},\"datePublished\":\"2025-11-19T10:00:39+00:00\",\"dateModified\":\"2025-11-19T09:42:04+00:00\",\"author\":{\"@id\":\"https:\/\/sulsc.com\/#\/schema\/person\/84d2fc571684f6248ba83092f07750a3\"},\"breadcrumb\":{\"@id\":\"https:\/\/sulsc.com\/index.php\/2025\/11\/19\/em-uma-hora-dois-acidentes-de-transito-sao-registrados-na-regiao\/#breadcrumb\"},\"inLanguage\":\"en-US\",\"potentialAction\":[{\"@type\":\"ReadAction\",\"target\":[\"https:\/\/sulsc.com\/index.php\/2025\/11\/19\/em-uma-hora-dois-acidentes-de-transito-sao-registrados-na-regiao\/\"]}]},{\"@type\":\"BreadcrumbList\",\"@id\":\"https:\/\/sulsc.com\/index.php\/2025\/11\/19\/em-uma-hora-dois-acidentes-de-transito-sao-registrados-na-regiao\/#breadcrumb\",\"itemListElement\":[{\"@type\":\"ListItem\",\"position\":1,\"name\":\"In\u00edcio\",\"item\":\"https:\/\/sulsc.com\/\"},{\"@type\":\"ListItem\",\"position\":2,\"name\":\"Em uma hora dois acidentes de tr\u00e2nsito s\u00e3o registrados na regi\u00e3o\"}]},{\"@type\":\"WebSite\",\"@id\":\"https:\/\/sulsc.com\/#website\",\"url\":\"https:\/\/sulsc.com\/\",\"name\":\"\",\"description\":\"\",\"potentialAction\":[{\"@type\":\"SearchAction\",\"target\":{\"@type\":\"EntryPoint\",\"urlTemplate\":\"https:\/\/sulsc.com\/?s={search_term_string}\"},\"query-input\":\"required name=search_term_string\"}],\"inLanguage\":\"en-US\"},{\"@type\":\"Person\",\"@id\":\"https:\/\/sulsc.com\/#\/schema\/person\/84d2fc571684f6248ba83092f07750a3\",\"name\":\"Reda\u00e7\u00e3o Sul SC\",\"image\":{\"@type\":\"ImageObject\",\"inLanguage\":\"en-US\",\"@id\":\"https:\/\/sulsc.com\/#\/schema\/person\/image\/e08d7fe2cc4ed596372063bbe852b8d0\",\"url\":\"https:\/\/sulsc.com\/wp-content\/uploads\/2023\/09\/redacao.png\",\"contentUrl\":\"https:\/\/sulsc.com\/wp-content\/uploads\/2023\/09\/redacao.png\",\"caption\":\"Reda\u00e7\u00e3o Sul SC\"},\"description\":\"Foco em um jornalismo imparcial, voltado \u00e0 qualidade dos seus conte\u00fados e, assim, levar informa\u00e7\u00e3o de valor que agregue \u00e0 vida dos leitores. Esta \u00e9 grande miss\u00e3o do Portal de Not\u00edcias Sul SC. N\u00e3o \u00e9 quantidade que muda o mundo, sempre foi e seguir\u00e1 sendo qualidade!\",\"sameAs\":[\"https:\/\/sulsc.com\/\",\"https:\/\/www.facebook.com\/profile.php?id=61559278119680\",\"https:\/\/www.instagram.com\/sulscportal\/?hl=pt-br\",\"https:\/\/twitter.com\/https:\/\/twitter.com\/PortalSulSC\",\"https:\/\/www.youtube.com\/channel\/UCv_BE8GeySluDov2n8qhVmw\"],\"url\":\"https:\/\/sulsc.com\/index.php\/author\/redacao\/\"}]}<\/script>\n<!-- \/ Yoast SEO plugin. -->","yoast_head_json":{"title":"Em uma hora dois acidentes de tr\u00e2nsito s\u00e3o registrados na regi\u00e3o -","robots":{"index":"index","follow":"follow","max-snippet":"max-snippet:-1","max-image-preview":"max-image-preview:large","max-video-preview":"max-video-preview:-1"},"canonical":"https:\/\/sulsc.com\/index.php\/2025\/11\/19\/em-uma-hora-dois-acidentes-de-transito-sao-registrados-na-regiao\/","og_locale":"en_US","og_type":"article","og_title":"Em uma hora dois acidentes de tr\u00e2nsito s\u00e3o registrados na regi\u00e3o -","og_description":"Dois acidentes de tr\u00e2nsito foram registrados nessa ter\u00e7a-feira (18), com intervalo de uma hora. Um em Jaguaruna e o outro em Sang\u00e3o. Ambos ocorreram no per\u00edodo da manh\u00e3 e foram atendidos pelos Bombeiros Volunt\u00e1rios de Jaguaruna. O primeiro ocorreu por volta das 7h10, em Jaguaruna. Os socorristas foram acionados via Central de Opera\u00e7\u00f5es de Bombeiros &hellip; Em uma hora dois acidentes de tr\u00e2nsito s\u00e3o registrados na regi\u00e3o Read More &raquo;","og_url":"https:\/\/sulsc.com\/index.php\/2025\/11\/19\/em-uma-hora-dois-acidentes-de-transito-sao-registrados-na-regiao\/","article_author":"https:\/\/www.facebook.com\/profile.php?id=61559278119680","article_published_time":"2025-11-19T10:00:39+00:00","article_modified_time":"2025-11-19T09:42:04+00:00","og_image":[{"width":1080,"height":965,"url":"https:\/\/sulsc.com\/wp-content\/uploads\/2025\/11\/585316005_1306517051507333_7840649306068902887_n-e1763545201557.jpg","type":"image\/jpeg"}],"author":"Reda\u00e7\u00e3o Sul SC","twitter_card":"summary_large_image","twitter_creator":"@https:\/\/twitter.com\/PortalSulSC","twitter_misc":{"Written by":"Reda\u00e7\u00e3o Sul SC","Est. reading time":"2 minutes"},"schema":{"@context":"https:\/\/schema.org","@graph":[{"@type":"WebPage","@id":"https:\/\/sulsc.com\/index.php\/2025\/11\/19\/em-uma-hora-dois-acidentes-de-transito-sao-registrados-na-regiao\/","url":"https:\/\/sulsc.com\/index.php\/2025\/11\/19\/em-uma-hora-dois-acidentes-de-transito-sao-registrados-na-regiao\/","name":"Em uma hora dois acidentes de tr\u00e2nsito s\u00e3o registrados na regi\u00e3o -","isPartOf":{"@id":"https:\/\/sulsc.com\/#website"},"datePublished":"2025-11-19T10:00:39+00:00","dateModified":"2025-11-19T09:42:04+00:00","author":{"@id":"https:\/\/sulsc.com\/#\/schema\/person\/84d2fc571684f6248ba83092f07750a3"},"breadcrumb":{"@id":"https:\/\/sulsc.com\/index.php\/2025\/11\/19\/em-uma-hora-dois-acidentes-de-transito-sao-registrados-na-regiao\/#breadcrumb"},"inLanguage":"en-US","potentialAction":[{"@type":"ReadAction","target":["https:\/\/sulsc.com\/index.php\/2025\/11\/19\/em-uma-hora-dois-acidentes-de-transito-sao-registrados-na-regiao\/"]}]},{"@type":"BreadcrumbList","@id":"https:\/\/sulsc.com\/index.php\/2025\/11\/19\/em-uma-hora-dois-acidentes-de-transito-sao-registrados-na-regiao\/#breadcrumb","itemListElement":[{"@type":"ListItem","position":1,"name":"In\u00edcio","item":"https:\/\/sulsc.com\/"},{"@type":"ListItem","position":2,"name":"Em uma hora dois acidentes de tr\u00e2nsito s\u00e3o registrados na regi\u00e3o"}]},{"@type":"WebSite","@id":"https:\/\/sulsc.com\/#website","url":"https:\/\/sulsc.com\/","name":"","description":"","potentialAction":[{"@type":"SearchAction","target":{"@type":"EntryPoint","urlTemplate":"https:\/\/sulsc.com\/?s={search_term_string}"},"query-input":"required name=search_term_string"}],"inLanguage":"en-US"},{"@type":"Person","@id":"https:\/\/sulsc.com\/#\/schema\/person\/84d2fc571684f6248ba83092f07750a3","name":"Reda\u00e7\u00e3o Sul SC","image":{"@type":"ImageObject","inLanguage":"en-US","@id":"https:\/\/sulsc.com\/#\/schema\/person\/image\/e08d7fe2cc4ed596372063bbe852b8d0","url":"https:\/\/sulsc.com\/wp-content\/uploads\/2023\/09\/redacao.png","contentUrl":"https:\/\/sulsc.com\/wp-content\/uploads\/2023\/09\/redacao.png","caption":"Reda\u00e7\u00e3o Sul SC"},"description":"Foco em um jornalismo imparcial, voltado \u00e0 qualidade dos seus conte\u00fados e, assim, levar informa\u00e7\u00e3o de valor que agregue \u00e0 vida dos leitores. Esta \u00e9 grande miss\u00e3o do Portal de Not\u00edcias Sul SC. N\u00e3o \u00e9 quantidade que muda o mundo, sempre foi e seguir\u00e1 sendo qualidade!","sameAs":["https:\/\/sulsc.com\/","https:\/\/www.facebook.com\/profile.php?id=61559278119680","https:\/\/www.instagram.com\/sulscportal\/?hl=pt-br","https:\/\/twitter.com\/https:\/\/twitter.com\/PortalSulSC","https:\/\/www.youtube.com\/channel\/UCv_BE8GeySluDov2n8qhVmw"],"url":"https:\/\/sulsc.com\/index.php\/author\/redacao\/"}]}},"authors":[],"_links":{"self":[{"href":"https:\/\/sulsc.com\/index.php\/wp-json\/wp\/v2\/posts\/29851"}],"collection":[{"href":"https:\/\/sulsc.com\/index.php\/wp-json\/wp\/v2\/posts"}],"about":[{"href":"https:\/\/sulsc.com\/index.php\/wp-json\/wp\/v2\/types\/post"}],"author":[{"embeddable":true,"href":"https:\/\/sulsc.com\/index.php\/wp-json\/wp\/v2\/users\/3"}],"replies":[{"embeddable":true,"href":"https:\/\/sulsc.com\/index.php\/wp-json\/wp\/v2\/comments?post=29851"}],"version-history":[{"count":1,"href":"https:\/\/sulsc.com\/index.php\/wp-json\/wp\/v2\/posts\/29851\/revisions"}],"predecessor-version":[{"id":29855,"href":"https:\/\/sulsc.com\/index.php\/wp-json\/wp\/v2\/posts\/29851\/revisions\/29855"}],"wp:featuredmedia":[{"embeddable":true,"href":"https:\/\/sulsc.com\/index.php\/wp-json\/wp\/v2\/media\/29853"}],"wp:attachment":[{"href":"https:\/\/sulsc.com\/index.php\/wp-json\/wp\/v2\/media?parent=29851"}],"wp:term":[{"taxonomy":"category","embeddable":true,"href":"https:\/\/sulsc.com\/index.php\/wp-json\/wp\/v2\/categories?post=29851"},{"taxonomy":"post_tag","embeddable":true,"href":"https:\/\/sulsc.com\/index.php\/wp-json\/wp\/v2\/tags?post=29851"}],"curies":[{"name":"wp","href":"https:\/\/api.w.org\/{rel}","templated":true}]}}