{"id":29860,"date":"2025-11-19T07:28:23","date_gmt":"2025-11-19T10:28:23","guid":{"rendered":"https:\/\/sulsc.com\/?p=29860"},"modified":"2025-11-19T07:28:23","modified_gmt":"2025-11-19T10:28:23","slug":"crianca-de-dois-anos-e-agredida-pelo-pai-com-uma-cadeira-em-braco-do-norte","status":"publish","type":"post","link":"https:\/\/sulsc.com\/index.php\/2025\/11\/19\/crianca-de-dois-anos-e-agredida-pelo-pai-com-uma-cadeira-em-braco-do-norte\/","title":{"rendered":"Crian\u00e7a de dois anos \u00e9 agredida pelo pai com uma cadeira em Bra\u00e7o do Norte"},"content":{"rendered":"<p>Na tarde de ontem ter\u00e7a-feira (18), a Pol\u00edcia Militar foi acionada por voltas das 15h37,para atender uma ocorr\u00eancia de les\u00e3o corporal e desobedi\u00eancia no CEI Sonho Encantado, localizado no bairro Pinheiral, em Bra\u00e7o do Norte. A dire\u00e7\u00e3o informou os policiais que um aluno de apenas 2 anos apresentava les\u00f5es e o autor das agress\u00f5es teria sido o pr\u00f3prio pai.<\/p>\n<p>Ao chegarem \u00e0 creche, os policiais encontraram o Conselho Tutelar j\u00e1 presente, ap\u00f3s serem acionados pela diretora da institui\u00e7\u00e3o. A diretora relatou que a crian\u00e7a chegou \u00e0 escola com dores no pesco\u00e7o, apresentando um arranh\u00e3o na parte de tr\u00e1s do pesco\u00e7o e um galo na cabe\u00e7a. Em conversa com a professora, o menino afirmou que seu pai o havia agredido com uma cadeira.<\/p>\n<div id=\"metaslider-id-25573\" style=\"width: 100%;\" class=\"ml-slider-3-99-0 metaslider metaslider-flex metaslider-25573 ml-slider has-onhover-arrows ms-theme-default-base has-dots-nav\" role=\"region\" aria-label=\"Meio\" data-width=\"1200\">\n    <div id=\"metaslider_container_25573\">\n        <div id=\"metaslider_25573\">\n            <ul class='slides'>\n                <li style=\"display: block; width: 100%;\" class=\"slide-25684 ms-image \" aria-roledescription=\"slide\" data-date=\"2025-07-24 07:55:40\"><img src=\"https:\/\/sulsc.com\/wp-content\/uploads\/2025\/07\/Marr-2-1000x166.jpg\" height=\"200\" width=\"1200\" alt=\"\" class=\"slider-25573 slide-25684 msDefaultImage\" title=\"Marr 2\" \/><\/li>\n                <li style=\"display: none; width: 100%;\" class=\"slide-32412 ms-image \" aria-roledescription=\"slide\" data-date=\"2026-02-18 13:59:46\"><img src=\"https:\/\/sulsc.com\/wp-content\/uploads\/2026\/02\/40dc1580-cad5-4867-bc58-c4243821ad38-1000x166.jpeg\" height=\"200\" width=\"1200\" alt=\"\" class=\"slider-25573 slide-32412 msDefaultImage\" title=\"40dc1580-cad5-4867-bc58-c4243821ad38\" \/><\/li>\n                <li style=\"display: none; width: 100%;\" class=\"slide-32766 ms-image \" aria-roledescription=\"slide\" data-date=\"2026-03-03 17:22:59\"><img src=\"https:\/\/sulsc.com\/wp-content\/uploads\/2026\/03\/271ce739-f268-41c5-8051-3de1a1750359-1000x166.jpeg\" height=\"200\" width=\"1200\" alt=\"\" class=\"slider-25573 slide-32766 msDefaultImage\" title=\"271ce739-f268-41c5-8051-3de1a1750359\" \/><\/li>\n            <\/ul>\n        <\/div>\n        \n    <\/div>\n<\/div>\n<p>O conselheiro Tutelar, informou que foi acionado pelo na Creche<br \/>\npara acolher o menor (02 Anos) e seus irm\u00e3os, pois a m\u00e3e, possui medida protetiva em desfavor do pai no Estado do Paran\u00e1, mas havia reatado o relacionamento, e as crian\u00e7as estavam<br \/>\nsendo agredidas pelo pai.<\/p>\n<p><img fetchpriority=\"high\" decoding=\"async\" class=\"aligncenter size-full wp-image-29861\" src=\"http:\/\/sulsc.com\/wp-content\/uploads\/2025\/11\/imagem-nao-explicita-de-abuso-de-criancas-scaled.jpg\" alt=\"\" width=\"2560\" height=\"1707\" srcset=\"https:\/\/sulsc.com\/wp-content\/uploads\/2025\/11\/imagem-nao-explicita-de-abuso-de-criancas-scaled.jpg 2560w, https:\/\/sulsc.com\/wp-content\/uploads\/2025\/11\/imagem-nao-explicita-de-abuso-de-criancas-300x200.jpg 300w, https:\/\/sulsc.com\/wp-content\/uploads\/2025\/11\/imagem-nao-explicita-de-abuso-de-criancas-1024x683.jpg 1024w, https:\/\/sulsc.com\/wp-content\/uploads\/2025\/11\/imagem-nao-explicita-de-abuso-de-criancas-768x512.jpg 768w, https:\/\/sulsc.com\/wp-content\/uploads\/2025\/11\/imagem-nao-explicita-de-abuso-de-criancas-1536x1024.jpg 1536w, https:\/\/sulsc.com\/wp-content\/uploads\/2025\/11\/imagem-nao-explicita-de-abuso-de-criancas-2048x1365.jpg 2048w\" sizes=\"(max-width: 2560px) 100vw, 2560px\" \/><\/p>\n<p>Imagem\/Freepik<\/p>\n<p>A diretora do CEI relatou aos policiais, que seu aluno chegou na escola no per\u00edodo da manh\u00e3 com dores no pesco\u00e7o, estava quietinho,<br \/>\nestava com medo, n\u00e3o quis comer e falou para professora que seu pai tinha l\u00ea batido com uma cadeira.<\/p>\n<p>Ap\u00f3s os relatos a guarni\u00e7\u00e3o se deslocou at\u00e9 a resid\u00eancia do agressor, um homem de 40 anos, que ao ser solicitado, tentou fugir para dentro da casa. A Pol\u00edcia Militar entrou no local e informou ao homem que seus filhos seriam conduzidos pelo Conselho Tutelar, conforme determina\u00e7\u00e3o judicial.<\/p>\n<p>A m\u00e3e, de 29 anos, estava trabalhando no momento da ocorr\u00eancia. Diante dos fatos, foi lavrado o boletim de ocorr\u00eancia e o homem foi conduzido \u00e0 Delegacia de Pol\u00edcia para as devidas provid\u00eancias.<\/p>\n","protected":false},"excerpt":{"rendered":"<p>Na tarde de ontem ter\u00e7a-feira (18), a Pol\u00edcia Militar foi acionada por voltas das 15h37,para atender uma ocorr\u00eancia de les\u00e3o corporal e desobedi\u00eancia no CEI Sonho Encantado, localizado no bairro Pinheiral, em Bra\u00e7o do Norte. A dire\u00e7\u00e3o informou os policiais que um aluno de apenas 2 anos apresentava les\u00f5es e o autor das agress\u00f5es teria &hellip;<\/p>\n<p class=\"read-more\"> <a class=\"\" href=\"https:\/\/sulsc.com\/index.php\/2025\/11\/19\/crianca-de-dois-anos-e-agredida-pelo-pai-com-uma-cadeira-em-braco-do-norte\/\"> <span class=\"screen-reader-text\">Crian\u00e7a de dois anos \u00e9 agredida pelo pai com uma cadeira em Bra\u00e7o do Norte<\/span> Read More &raquo;<\/a><\/p>\n","protected":false},"author":3,"featured_media":29861,"comment_status":"open","ping_status":"open","sticky":false,"template":"","format":"standard","meta":{"site-sidebar-layout":"default","site-content-layout":"","ast-site-content-layout":"default","site-content-style":"default","site-sidebar-style":"default","ast-global-header-display":"","ast-banner-title-visibility":"","ast-main-header-display":"","ast-hfb-above-header-display":"","ast-hfb-below-header-display":"","ast-hfb-mobile-header-display":"","site-post-title":"","ast-breadcrumbs-content":"","ast-featured-img":"","footer-sml-layout":"","theme-transparent-header-meta":"default","adv-header-id-meta":"","stick-header-meta":"","header-above-stick-meta":"","header-main-stick-meta":"","header-below-stick-meta":"","astra-migrate-meta-layouts":"set","footnotes":""},"categories":[2354,2282,1,8,12],"tags":[91,521],"yoast_head":"<!-- This site is optimized with the Yoast SEO plugin v21.4 - https:\/\/yoast.com\/wordpress\/plugins\/seo\/ -->\n<title>Crian\u00e7a de dois anos \u00e9 agredida pelo pai com uma cadeira em Bra\u00e7o do Norte -<\/title>\n<meta name=\"robots\" content=\"index, follow, max-snippet:-1, max-image-preview:large, max-video-preview:-1\" \/>\n<link rel=\"canonical\" href=\"https:\/\/sulsc.com\/index.php\/2025\/11\/19\/crianca-de-dois-anos-e-agredida-pelo-pai-com-uma-cadeira-em-braco-do-norte\/\" \/>\n<meta property=\"og:locale\" content=\"en_US\" \/>\n<meta property=\"og:type\" content=\"article\" \/>\n<meta property=\"og:title\" content=\"Crian\u00e7a de dois anos \u00e9 agredida pelo pai com uma cadeira em Bra\u00e7o do Norte -\" \/>\n<meta property=\"og:description\" content=\"Na tarde de ontem ter\u00e7a-feira (18), a Pol\u00edcia Militar foi acionada por voltas das 15h37,para atender uma ocorr\u00eancia de les\u00e3o corporal e desobedi\u00eancia no CEI Sonho Encantado, localizado no bairro Pinheiral, em Bra\u00e7o do Norte. A dire\u00e7\u00e3o informou os policiais que um aluno de apenas 2 anos apresentava les\u00f5es e o autor das agress\u00f5es teria &hellip; Crian\u00e7a de dois anos \u00e9 agredida pelo pai com uma cadeira em Bra\u00e7o do Norte Read More &raquo;\" \/>\n<meta property=\"og:url\" content=\"https:\/\/sulsc.com\/index.php\/2025\/11\/19\/crianca-de-dois-anos-e-agredida-pelo-pai-com-uma-cadeira-em-braco-do-norte\/\" \/>\n<meta property=\"article:author\" content=\"https:\/\/www.facebook.com\/profile.php?id=61559278119680\" \/>\n<meta property=\"article:published_time\" content=\"2025-11-19T10:28:23+00:00\" \/>\n<meta property=\"og:image\" content=\"http:\/\/sulsc.com\/wp-content\/uploads\/2025\/11\/imagem-nao-explicita-de-abuso-de-criancas-scaled.jpg\" \/>\n\t<meta property=\"og:image:width\" content=\"2560\" \/>\n\t<meta property=\"og:image:height\" content=\"1707\" \/>\n\t<meta property=\"og:image:type\" content=\"image\/jpeg\" \/>\n<meta name=\"author\" content=\"Reda\u00e7\u00e3o Sul SC\" \/>\n<meta name=\"twitter:card\" content=\"summary_large_image\" \/>\n<meta name=\"twitter:creator\" content=\"@https:\/\/twitter.com\/PortalSulSC\" \/>\n<meta name=\"twitter:label1\" content=\"Written by\" \/>\n\t<meta name=\"twitter:data1\" content=\"Reda\u00e7\u00e3o Sul SC\" \/>\n\t<meta name=\"twitter:label2\" content=\"Est. reading time\" \/>\n\t<meta name=\"twitter:data2\" content=\"2 minutes\" \/>\n<script type=\"application\/ld+json\" class=\"yoast-schema-graph\">{\"@context\":\"https:\/\/schema.org\",\"@graph\":[{\"@type\":\"WebPage\",\"@id\":\"https:\/\/sulsc.com\/index.php\/2025\/11\/19\/crianca-de-dois-anos-e-agredida-pelo-pai-com-uma-cadeira-em-braco-do-norte\/\",\"url\":\"https:\/\/sulsc.com\/index.php\/2025\/11\/19\/crianca-de-dois-anos-e-agredida-pelo-pai-com-uma-cadeira-em-braco-do-norte\/\",\"name\":\"Crian\u00e7a de dois anos \u00e9 agredida pelo pai com uma cadeira em Bra\u00e7o do Norte -\",\"isPartOf\":{\"@id\":\"https:\/\/sulsc.com\/#website\"},\"datePublished\":\"2025-11-19T10:28:23+00:00\",\"dateModified\":\"2025-11-19T10:28:23+00:00\",\"author\":{\"@id\":\"https:\/\/sulsc.com\/#\/schema\/person\/84d2fc571684f6248ba83092f07750a3\"},\"breadcrumb\":{\"@id\":\"https:\/\/sulsc.com\/index.php\/2025\/11\/19\/crianca-de-dois-anos-e-agredida-pelo-pai-com-uma-cadeira-em-braco-do-norte\/#breadcrumb\"},\"inLanguage\":\"en-US\",\"potentialAction\":[{\"@type\":\"ReadAction\",\"target\":[\"https:\/\/sulsc.com\/index.php\/2025\/11\/19\/crianca-de-dois-anos-e-agredida-pelo-pai-com-uma-cadeira-em-braco-do-norte\/\"]}]},{\"@type\":\"BreadcrumbList\",\"@id\":\"https:\/\/sulsc.com\/index.php\/2025\/11\/19\/crianca-de-dois-anos-e-agredida-pelo-pai-com-uma-cadeira-em-braco-do-norte\/#breadcrumb\",\"itemListElement\":[{\"@type\":\"ListItem\",\"position\":1,\"name\":\"In\u00edcio\",\"item\":\"https:\/\/sulsc.com\/\"},{\"@type\":\"ListItem\",\"position\":2,\"name\":\"Crian\u00e7a de dois anos \u00e9 agredida pelo pai com uma cadeira em Bra\u00e7o do Norte\"}]},{\"@type\":\"WebSite\",\"@id\":\"https:\/\/sulsc.com\/#website\",\"url\":\"https:\/\/sulsc.com\/\",\"name\":\"\",\"description\":\"\",\"potentialAction\":[{\"@type\":\"SearchAction\",\"target\":{\"@type\":\"EntryPoint\",\"urlTemplate\":\"https:\/\/sulsc.com\/?s={search_term_string}\"},\"query-input\":\"required name=search_term_string\"}],\"inLanguage\":\"en-US\"},{\"@type\":\"Person\",\"@id\":\"https:\/\/sulsc.com\/#\/schema\/person\/84d2fc571684f6248ba83092f07750a3\",\"name\":\"Reda\u00e7\u00e3o Sul SC\",\"image\":{\"@type\":\"ImageObject\",\"inLanguage\":\"en-US\",\"@id\":\"https:\/\/sulsc.com\/#\/schema\/person\/image\/e08d7fe2cc4ed596372063bbe852b8d0\",\"url\":\"https:\/\/sulsc.com\/wp-content\/uploads\/2023\/09\/redacao.png\",\"contentUrl\":\"https:\/\/sulsc.com\/wp-content\/uploads\/2023\/09\/redacao.png\",\"caption\":\"Reda\u00e7\u00e3o Sul SC\"},\"description\":\"Foco em um jornalismo imparcial, voltado \u00e0 qualidade dos seus conte\u00fados e, assim, levar informa\u00e7\u00e3o de valor que agregue \u00e0 vida dos leitores. Esta \u00e9 grande miss\u00e3o do Portal de Not\u00edcias Sul SC. N\u00e3o \u00e9 quantidade que muda o mundo, sempre foi e seguir\u00e1 sendo qualidade!\",\"sameAs\":[\"https:\/\/sulsc.com\/\",\"https:\/\/www.facebook.com\/profile.php?id=61559278119680\",\"https:\/\/www.instagram.com\/sulscportal\/?hl=pt-br\",\"https:\/\/twitter.com\/https:\/\/twitter.com\/PortalSulSC\",\"https:\/\/www.youtube.com\/channel\/UCv_BE8GeySluDov2n8qhVmw\"],\"url\":\"https:\/\/sulsc.com\/index.php\/author\/redacao\/\"}]}<\/script>\n<!-- \/ Yoast SEO plugin. -->","yoast_head_json":{"title":"Crian\u00e7a de dois anos \u00e9 agredida pelo pai com uma cadeira em Bra\u00e7o do Norte -","robots":{"index":"index","follow":"follow","max-snippet":"max-snippet:-1","max-image-preview":"max-image-preview:large","max-video-preview":"max-video-preview:-1"},"canonical":"https:\/\/sulsc.com\/index.php\/2025\/11\/19\/crianca-de-dois-anos-e-agredida-pelo-pai-com-uma-cadeira-em-braco-do-norte\/","og_locale":"en_US","og_type":"article","og_title":"Crian\u00e7a de dois anos \u00e9 agredida pelo pai com uma cadeira em Bra\u00e7o do Norte -","og_description":"Na tarde de ontem ter\u00e7a-feira (18), a Pol\u00edcia Militar foi acionada por voltas das 15h37,para atender uma ocorr\u00eancia de les\u00e3o corporal e desobedi\u00eancia no CEI Sonho Encantado, localizado no bairro Pinheiral, em Bra\u00e7o do Norte. A dire\u00e7\u00e3o informou os policiais que um aluno de apenas 2 anos apresentava les\u00f5es e o autor das agress\u00f5es teria &hellip; Crian\u00e7a de dois anos \u00e9 agredida pelo pai com uma cadeira em Bra\u00e7o do Norte Read More &raquo;","og_url":"https:\/\/sulsc.com\/index.php\/2025\/11\/19\/crianca-de-dois-anos-e-agredida-pelo-pai-com-uma-cadeira-em-braco-do-norte\/","article_author":"https:\/\/www.facebook.com\/profile.php?id=61559278119680","article_published_time":"2025-11-19T10:28:23+00:00","og_image":[{"width":2560,"height":1707,"url":"http:\/\/sulsc.com\/wp-content\/uploads\/2025\/11\/imagem-nao-explicita-de-abuso-de-criancas-scaled.jpg","type":"image\/jpeg"}],"author":"Reda\u00e7\u00e3o Sul SC","twitter_card":"summary_large_image","twitter_creator":"@https:\/\/twitter.com\/PortalSulSC","twitter_misc":{"Written by":"Reda\u00e7\u00e3o Sul SC","Est. reading time":"2 minutes"},"schema":{"@context":"https:\/\/schema.org","@graph":[{"@type":"WebPage","@id":"https:\/\/sulsc.com\/index.php\/2025\/11\/19\/crianca-de-dois-anos-e-agredida-pelo-pai-com-uma-cadeira-em-braco-do-norte\/","url":"https:\/\/sulsc.com\/index.php\/2025\/11\/19\/crianca-de-dois-anos-e-agredida-pelo-pai-com-uma-cadeira-em-braco-do-norte\/","name":"Crian\u00e7a de dois anos \u00e9 agredida pelo pai com uma cadeira em Bra\u00e7o do Norte -","isPartOf":{"@id":"https:\/\/sulsc.com\/#website"},"datePublished":"2025-11-19T10:28:23+00:00","dateModified":"2025-11-19T10:28:23+00:00","author":{"@id":"https:\/\/sulsc.com\/#\/schema\/person\/84d2fc571684f6248ba83092f07750a3"},"breadcrumb":{"@id":"https:\/\/sulsc.com\/index.php\/2025\/11\/19\/crianca-de-dois-anos-e-agredida-pelo-pai-com-uma-cadeira-em-braco-do-norte\/#breadcrumb"},"inLanguage":"en-US","potentialAction":[{"@type":"ReadAction","target":["https:\/\/sulsc.com\/index.php\/2025\/11\/19\/crianca-de-dois-anos-e-agredida-pelo-pai-com-uma-cadeira-em-braco-do-norte\/"]}]},{"@type":"BreadcrumbList","@id":"https:\/\/sulsc.com\/index.php\/2025\/11\/19\/crianca-de-dois-anos-e-agredida-pelo-pai-com-uma-cadeira-em-braco-do-norte\/#breadcrumb","itemListElement":[{"@type":"ListItem","position":1,"name":"In\u00edcio","item":"https:\/\/sulsc.com\/"},{"@type":"ListItem","position":2,"name":"Crian\u00e7a de dois anos \u00e9 agredida pelo pai com uma cadeira em Bra\u00e7o do Norte"}]},{"@type":"WebSite","@id":"https:\/\/sulsc.com\/#website","url":"https:\/\/sulsc.com\/","name":"","description":"","potentialAction":[{"@type":"SearchAction","target":{"@type":"EntryPoint","urlTemplate":"https:\/\/sulsc.com\/?s={search_term_string}"},"query-input":"required name=search_term_string"}],"inLanguage":"en-US"},{"@type":"Person","@id":"https:\/\/sulsc.com\/#\/schema\/person\/84d2fc571684f6248ba83092f07750a3","name":"Reda\u00e7\u00e3o Sul SC","image":{"@type":"ImageObject","inLanguage":"en-US","@id":"https:\/\/sulsc.com\/#\/schema\/person\/image\/e08d7fe2cc4ed596372063bbe852b8d0","url":"https:\/\/sulsc.com\/wp-content\/uploads\/2023\/09\/redacao.png","contentUrl":"https:\/\/sulsc.com\/wp-content\/uploads\/2023\/09\/redacao.png","caption":"Reda\u00e7\u00e3o Sul SC"},"description":"Foco em um jornalismo imparcial, voltado \u00e0 qualidade dos seus conte\u00fados e, assim, levar informa\u00e7\u00e3o de valor que agregue \u00e0 vida dos leitores. Esta \u00e9 grande miss\u00e3o do Portal de Not\u00edcias Sul SC. N\u00e3o \u00e9 quantidade que muda o mundo, sempre foi e seguir\u00e1 sendo qualidade!","sameAs":["https:\/\/sulsc.com\/","https:\/\/www.facebook.com\/profile.php?id=61559278119680","https:\/\/www.instagram.com\/sulscportal\/?hl=pt-br","https:\/\/twitter.com\/https:\/\/twitter.com\/PortalSulSC","https:\/\/www.youtube.com\/channel\/UCv_BE8GeySluDov2n8qhVmw"],"url":"https:\/\/sulsc.com\/index.php\/author\/redacao\/"}]}},"authors":[],"_links":{"self":[{"href":"https:\/\/sulsc.com\/index.php\/wp-json\/wp\/v2\/posts\/29860"}],"collection":[{"href":"https:\/\/sulsc.com\/index.php\/wp-json\/wp\/v2\/posts"}],"about":[{"href":"https:\/\/sulsc.com\/index.php\/wp-json\/wp\/v2\/types\/post"}],"author":[{"embeddable":true,"href":"https:\/\/sulsc.com\/index.php\/wp-json\/wp\/v2\/users\/3"}],"replies":[{"embeddable":true,"href":"https:\/\/sulsc.com\/index.php\/wp-json\/wp\/v2\/comments?post=29860"}],"version-history":[{"count":1,"href":"https:\/\/sulsc.com\/index.php\/wp-json\/wp\/v2\/posts\/29860\/revisions"}],"predecessor-version":[{"id":29862,"href":"https:\/\/sulsc.com\/index.php\/wp-json\/wp\/v2\/posts\/29860\/revisions\/29862"}],"wp:featuredmedia":[{"embeddable":true,"href":"https:\/\/sulsc.com\/index.php\/wp-json\/wp\/v2\/media\/29861"}],"wp:attachment":[{"href":"https:\/\/sulsc.com\/index.php\/wp-json\/wp\/v2\/media?parent=29860"}],"wp:term":[{"taxonomy":"category","embeddable":true,"href":"https:\/\/sulsc.com\/index.php\/wp-json\/wp\/v2\/categories?post=29860"},{"taxonomy":"post_tag","embeddable":true,"href":"https:\/\/sulsc.com\/index.php\/wp-json\/wp\/v2\/tags?post=29860"}],"curies":[{"name":"wp","href":"https:\/\/api.w.org\/{rel}","templated":true}]}}