{"id":29871,"date":"2025-11-19T08:14:50","date_gmt":"2025-11-19T11:14:50","guid":{"rendered":"https:\/\/sulsc.com\/?p=29871"},"modified":"2025-11-19T08:14:50","modified_gmt":"2025-11-19T11:14:50","slug":"reus-que-mataram-dois-irmaos-em-criciuma-recebem-aumento-de-pena","status":"publish","type":"post","link":"https:\/\/sulsc.com\/index.php\/2025\/11\/19\/reus-que-mataram-dois-irmaos-em-criciuma-recebem-aumento-de-pena\/","title":{"rendered":"R\u00e9us que mataram dois irm\u00e3os em Crici\u00fama recebem aumento de pena"},"content":{"rendered":"<p>Os autores de um duplo homic\u00eddio ocorrido em Crici\u00fama, em 2016, tiveram suas penas readequadas ap\u00f3s um recurso de apela\u00e7\u00e3o apresentado pelo <strong>Minist\u00e9rio P\u00fablico de Santa Catarina (MPSC)<\/strong>. Os dois r\u00e9us, que foram julgados e condenados em mar\u00e7o deste ano, tiveram as penas majoradas em raz\u00e3o da reincid\u00eancia.<\/p>\n<p>O recurso, interposto pela <strong>1\u00aa Promotoria de Justi\u00e7a de Crici\u00fama,<\/strong> buscou o aumento das penas impostas aos dois r\u00e9us. O pedido foi parcialmente acolhido pelo Poder Judici\u00e1rio, que corrigiu um erro material na senten\u00e7a ao reconhecer que um dos homic\u00eddios foi qualificado por motivo f\u00fatil e n\u00e3o por motivo torpe, como constou equivocadamente.<\/p>\n<div id=\"metaslider-id-25573\" style=\"width: 100%;\" class=\"ml-slider-3-99-0 metaslider metaslider-flex metaslider-25573 ml-slider has-onhover-arrows ms-theme-default-base has-dots-nav\" role=\"region\" aria-label=\"Meio\" data-width=\"1200\">\n    <div id=\"metaslider_container_25573\">\n        <div id=\"metaslider_25573\">\n            <ul class='slides'>\n                <li style=\"display: block; width: 100%;\" class=\"slide-25684 ms-image \" aria-roledescription=\"slide\" data-date=\"2025-07-24 07:55:40\"><img src=\"https:\/\/sulsc.com\/wp-content\/uploads\/2025\/07\/Marr-2-1000x166.jpg\" height=\"200\" width=\"1200\" alt=\"\" class=\"slider-25573 slide-25684 msDefaultImage\" title=\"Marr 2\" \/><\/li>\n                <li style=\"display: none; width: 100%;\" class=\"slide-32412 ms-image \" aria-roledescription=\"slide\" data-date=\"2026-02-18 13:59:46\"><img src=\"https:\/\/sulsc.com\/wp-content\/uploads\/2026\/02\/40dc1580-cad5-4867-bc58-c4243821ad38-1000x166.jpeg\" height=\"200\" width=\"1200\" alt=\"\" class=\"slider-25573 slide-32412 msDefaultImage\" title=\"40dc1580-cad5-4867-bc58-c4243821ad38\" \/><\/li>\n                <li style=\"display: none; width: 100%;\" class=\"slide-32766 ms-image \" aria-roledescription=\"slide\" data-date=\"2026-03-03 17:22:59\"><img src=\"https:\/\/sulsc.com\/wp-content\/uploads\/2026\/03\/271ce739-f268-41c5-8051-3de1a1750359-1000x166.jpeg\" height=\"200\" width=\"1200\" alt=\"\" class=\"slider-25573 slide-32766 msDefaultImage\" title=\"271ce739-f268-41c5-8051-3de1a1750359\" \/><\/li>\n            <\/ul>\n        <\/div>\n        \n    <\/div>\n<\/div>\n<p>Al\u00e9m disso, a Justi\u00e7a readequou a dosimetria da pena de um dos r\u00e9us, reconhecendo a multirreincid\u00eancia e ajustando as fra\u00e7\u00f5es de aumento conforme a jurisprud\u00eancia, o que resultou na eleva\u00e7\u00e3o da pena de 36 anos, 3 meses e 26 dias de reclus\u00e3o para 42 anos e 7 meses de reclus\u00e3o.<\/p>\n<p>No caso do segundo r\u00e9u, foi reconhecida a autoria intelectual do crime e a reincid\u00eancia, com a aplica\u00e7\u00e3o das fra\u00e7\u00f5es corretas, resultando no aumento da pena de 18 anos e 8 meses de reclus\u00e3o para 24 anos, 1 um m\u00eas e 15 dias de reclus\u00e3o.<\/p>\n<p><img fetchpriority=\"high\" decoding=\"async\" class=\"size-full wp-image-29872\" src=\"http:\/\/sulsc.com\/wp-content\/uploads\/2025\/11\/foto-aproximada-de-uma-pessoa-com-um-martelo-na-mao-e-papeis-sobre-mesa-scaled.jpg\" alt=\"\" width=\"2560\" height=\"1707\" srcset=\"https:\/\/sulsc.com\/wp-content\/uploads\/2025\/11\/foto-aproximada-de-uma-pessoa-com-um-martelo-na-mao-e-papeis-sobre-mesa-scaled.jpg 2560w, https:\/\/sulsc.com\/wp-content\/uploads\/2025\/11\/foto-aproximada-de-uma-pessoa-com-um-martelo-na-mao-e-papeis-sobre-mesa-300x200.jpg 300w, https:\/\/sulsc.com\/wp-content\/uploads\/2025\/11\/foto-aproximada-de-uma-pessoa-com-um-martelo-na-mao-e-papeis-sobre-mesa-1024x683.jpg 1024w, https:\/\/sulsc.com\/wp-content\/uploads\/2025\/11\/foto-aproximada-de-uma-pessoa-com-um-martelo-na-mao-e-papeis-sobre-mesa-768x512.jpg 768w, https:\/\/sulsc.com\/wp-content\/uploads\/2025\/11\/foto-aproximada-de-uma-pessoa-com-um-martelo-na-mao-e-papeis-sobre-mesa-1536x1024.jpg 1536w, https:\/\/sulsc.com\/wp-content\/uploads\/2025\/11\/foto-aproximada-de-uma-pessoa-com-um-martelo-na-mao-e-papeis-sobre-mesa-2048x1365.jpg 2048w\" sizes=\"(max-width: 2560px) 100vw, 2560px\" \/><\/p>\n<p>Imagem\/Freepik<\/p>\n<p><strong>Relembre o caso<\/strong><\/p>\n<p>Os dois homens foram condenados pelo Tribunal do J\u00fari, em 11 de mar\u00e7o deste ano, pelo homic\u00eddio de dois irm\u00e3os ocorrido em 2016. Uma das v\u00edtimas foi morta por dever dinheiro a uma fac\u00e7\u00e3o criminosa da qual os r\u00e9us faziam parte. O segundo homem, irm\u00e3o da primeira v\u00edtima, foi morto apenas por estar acompanhando o familiar.<\/p>\n<p>Ap\u00f3s den\u00fancia do MPSC, o mandante e o executor do crime foram condenados por homic\u00eddio duplamente qualificado e corrup\u00e7\u00e3o de menores, j\u00e1 que os homic\u00eddios contaram com a participa\u00e7\u00e3o de dois adolescentes.<\/p>\n<p>Conforme a a\u00e7\u00e3o penal, no dia 26 de setembro daquele ano, por volta das 19h30, no bairro Cristo Redentor, o executor, acompanhado dos adolescentes, atraiu a v\u00edtima sob o pretexto de uma reuni\u00e3o. Sem desconfiar da emboscada, ele levou o irm\u00e3o consigo.<\/p>\n<p>Ao chegarem ao local, ambos foram atingidos com mais de 20 tiros, em cumprimento \u00e0 ordem do mandante. Ap\u00f3s os homic\u00eddios, os corpos foram incendiados dentro de um ve\u00edculo.<\/p>\n<p><strong>Qualificadoras<\/strong><\/p>\n<p>O homic\u00eddio do homem que possu\u00eda d\u00edvida com a fac\u00e7\u00e3o foi qualificado por motivo f\u00fatil, agora corretamente reconhecido na senten\u00e7a, j\u00e1 que a execu\u00e7\u00e3o ocorreu em raz\u00e3o do n\u00e3o pagamento da quantia devida ao grupo criminoso.<\/p>\n<p>A morte do irm\u00e3o tamb\u00e9m foi considerada de motivo f\u00fatil, pois ele foi assassinado apenas por estar no local com o familiar. Al\u00e9m disso, ambos os crimes foram qualificados pelo uso de meio que dificultou a defesa das v\u00edtimas, uma vez que elas foram atra\u00eddas ao local sob um falso pretexto, sem possibilidade de rea\u00e7\u00e3o.<\/p>\n","protected":false},"excerpt":{"rendered":"<p>Os autores de um duplo homic\u00eddio ocorrido em Crici\u00fama, em 2016, tiveram suas penas readequadas ap\u00f3s um recurso de apela\u00e7\u00e3o apresentado pelo Minist\u00e9rio P\u00fablico de Santa Catarina (MPSC). Os dois r\u00e9us, que foram julgados e condenados em mar\u00e7o deste ano, tiveram as penas majoradas em raz\u00e3o da reincid\u00eancia. O recurso, interposto pela 1\u00aa Promotoria de &hellip;<\/p>\n<p class=\"read-more\"> <a class=\"\" href=\"https:\/\/sulsc.com\/index.php\/2025\/11\/19\/reus-que-mataram-dois-irmaos-em-criciuma-recebem-aumento-de-pena\/\"> <span class=\"screen-reader-text\">R\u00e9us que mataram dois irm\u00e3os em Crici\u00fama recebem aumento de pena<\/span> Read More &raquo;<\/a><\/p>\n","protected":false},"author":3,"featured_media":29872,"comment_status":"open","ping_status":"open","sticky":false,"template":"","format":"standard","meta":{"site-sidebar-layout":"default","site-content-layout":"","ast-site-content-layout":"default","site-content-style":"default","site-sidebar-style":"default","ast-global-header-display":"","ast-banner-title-visibility":"","ast-main-header-display":"","ast-hfb-above-header-display":"","ast-hfb-below-header-display":"","ast-hfb-mobile-header-display":"","site-post-title":"","ast-breadcrumbs-content":"","ast-featured-img":"","footer-sml-layout":"","theme-transparent-header-meta":"default","adv-header-id-meta":"","stick-header-meta":"","header-above-stick-meta":"","header-main-stick-meta":"","header-below-stick-meta":"","astra-migrate-meta-layouts":"set","footnotes":""},"categories":[2354,23,1,2313,14,8,12],"tags":[2305,100],"yoast_head":"<!-- This site is optimized with the Yoast SEO plugin v21.4 - https:\/\/yoast.com\/wordpress\/plugins\/seo\/ -->\n<title>R\u00e9us que mataram dois irm\u00e3os em Crici\u00fama recebem aumento de pena -<\/title>\n<meta name=\"robots\" content=\"index, follow, max-snippet:-1, max-image-preview:large, max-video-preview:-1\" \/>\n<link rel=\"canonical\" href=\"https:\/\/sulsc.com\/index.php\/2025\/11\/19\/reus-que-mataram-dois-irmaos-em-criciuma-recebem-aumento-de-pena\/\" \/>\n<meta property=\"og:locale\" content=\"en_US\" \/>\n<meta property=\"og:type\" content=\"article\" \/>\n<meta property=\"og:title\" content=\"R\u00e9us que mataram dois irm\u00e3os em Crici\u00fama recebem aumento de pena -\" \/>\n<meta property=\"og:description\" content=\"Os autores de um duplo homic\u00eddio ocorrido em Crici\u00fama, em 2016, tiveram suas penas readequadas ap\u00f3s um recurso de apela\u00e7\u00e3o apresentado pelo Minist\u00e9rio P\u00fablico de Santa Catarina (MPSC). Os dois r\u00e9us, que foram julgados e condenados em mar\u00e7o deste ano, tiveram as penas majoradas em raz\u00e3o da reincid\u00eancia. O recurso, interposto pela 1\u00aa Promotoria de &hellip; R\u00e9us que mataram dois irm\u00e3os em Crici\u00fama recebem aumento de pena Read More &raquo;\" \/>\n<meta property=\"og:url\" content=\"https:\/\/sulsc.com\/index.php\/2025\/11\/19\/reus-que-mataram-dois-irmaos-em-criciuma-recebem-aumento-de-pena\/\" \/>\n<meta property=\"article:author\" content=\"https:\/\/www.facebook.com\/profile.php?id=61559278119680\" \/>\n<meta property=\"article:published_time\" content=\"2025-11-19T11:14:50+00:00\" \/>\n<meta property=\"og:image\" content=\"http:\/\/sulsc.com\/wp-content\/uploads\/2025\/11\/foto-aproximada-de-uma-pessoa-com-um-martelo-na-mao-e-papeis-sobre-mesa-scaled.jpg\" \/>\n\t<meta property=\"og:image:width\" content=\"2560\" \/>\n\t<meta property=\"og:image:height\" content=\"1707\" \/>\n\t<meta property=\"og:image:type\" content=\"image\/jpeg\" \/>\n<meta name=\"author\" content=\"Reda\u00e7\u00e3o Sul SC\" \/>\n<meta name=\"twitter:card\" content=\"summary_large_image\" \/>\n<meta name=\"twitter:creator\" content=\"@https:\/\/twitter.com\/PortalSulSC\" \/>\n<meta name=\"twitter:label1\" content=\"Written by\" \/>\n\t<meta name=\"twitter:data1\" content=\"Reda\u00e7\u00e3o Sul SC\" \/>\n\t<meta name=\"twitter:label2\" content=\"Est. reading time\" \/>\n\t<meta name=\"twitter:data2\" content=\"3 minutes\" \/>\n<script type=\"application\/ld+json\" class=\"yoast-schema-graph\">{\"@context\":\"https:\/\/schema.org\",\"@graph\":[{\"@type\":\"WebPage\",\"@id\":\"https:\/\/sulsc.com\/index.php\/2025\/11\/19\/reus-que-mataram-dois-irmaos-em-criciuma-recebem-aumento-de-pena\/\",\"url\":\"https:\/\/sulsc.com\/index.php\/2025\/11\/19\/reus-que-mataram-dois-irmaos-em-criciuma-recebem-aumento-de-pena\/\",\"name\":\"R\u00e9us que mataram dois irm\u00e3os em Crici\u00fama recebem aumento de pena -\",\"isPartOf\":{\"@id\":\"https:\/\/sulsc.com\/#website\"},\"datePublished\":\"2025-11-19T11:14:50+00:00\",\"dateModified\":\"2025-11-19T11:14:50+00:00\",\"author\":{\"@id\":\"https:\/\/sulsc.com\/#\/schema\/person\/84d2fc571684f6248ba83092f07750a3\"},\"breadcrumb\":{\"@id\":\"https:\/\/sulsc.com\/index.php\/2025\/11\/19\/reus-que-mataram-dois-irmaos-em-criciuma-recebem-aumento-de-pena\/#breadcrumb\"},\"inLanguage\":\"en-US\",\"potentialAction\":[{\"@type\":\"ReadAction\",\"target\":[\"https:\/\/sulsc.com\/index.php\/2025\/11\/19\/reus-que-mataram-dois-irmaos-em-criciuma-recebem-aumento-de-pena\/\"]}]},{\"@type\":\"BreadcrumbList\",\"@id\":\"https:\/\/sulsc.com\/index.php\/2025\/11\/19\/reus-que-mataram-dois-irmaos-em-criciuma-recebem-aumento-de-pena\/#breadcrumb\",\"itemListElement\":[{\"@type\":\"ListItem\",\"position\":1,\"name\":\"In\u00edcio\",\"item\":\"https:\/\/sulsc.com\/\"},{\"@type\":\"ListItem\",\"position\":2,\"name\":\"R\u00e9us que mataram dois irm\u00e3os em Crici\u00fama recebem aumento de pena\"}]},{\"@type\":\"WebSite\",\"@id\":\"https:\/\/sulsc.com\/#website\",\"url\":\"https:\/\/sulsc.com\/\",\"name\":\"\",\"description\":\"\",\"potentialAction\":[{\"@type\":\"SearchAction\",\"target\":{\"@type\":\"EntryPoint\",\"urlTemplate\":\"https:\/\/sulsc.com\/?s={search_term_string}\"},\"query-input\":\"required name=search_term_string\"}],\"inLanguage\":\"en-US\"},{\"@type\":\"Person\",\"@id\":\"https:\/\/sulsc.com\/#\/schema\/person\/84d2fc571684f6248ba83092f07750a3\",\"name\":\"Reda\u00e7\u00e3o Sul SC\",\"image\":{\"@type\":\"ImageObject\",\"inLanguage\":\"en-US\",\"@id\":\"https:\/\/sulsc.com\/#\/schema\/person\/image\/e08d7fe2cc4ed596372063bbe852b8d0\",\"url\":\"https:\/\/sulsc.com\/wp-content\/uploads\/2023\/09\/redacao.png\",\"contentUrl\":\"https:\/\/sulsc.com\/wp-content\/uploads\/2023\/09\/redacao.png\",\"caption\":\"Reda\u00e7\u00e3o Sul SC\"},\"description\":\"Foco em um jornalismo imparcial, voltado \u00e0 qualidade dos seus conte\u00fados e, assim, levar informa\u00e7\u00e3o de valor que agregue \u00e0 vida dos leitores. Esta \u00e9 grande miss\u00e3o do Portal de Not\u00edcias Sul SC. N\u00e3o \u00e9 quantidade que muda o mundo, sempre foi e seguir\u00e1 sendo qualidade!\",\"sameAs\":[\"https:\/\/sulsc.com\/\",\"https:\/\/www.facebook.com\/profile.php?id=61559278119680\",\"https:\/\/www.instagram.com\/sulscportal\/?hl=pt-br\",\"https:\/\/twitter.com\/https:\/\/twitter.com\/PortalSulSC\",\"https:\/\/www.youtube.com\/channel\/UCv_BE8GeySluDov2n8qhVmw\"],\"url\":\"https:\/\/sulsc.com\/index.php\/author\/redacao\/\"}]}<\/script>\n<!-- \/ Yoast SEO plugin. -->","yoast_head_json":{"title":"R\u00e9us que mataram dois irm\u00e3os em Crici\u00fama recebem aumento de pena -","robots":{"index":"index","follow":"follow","max-snippet":"max-snippet:-1","max-image-preview":"max-image-preview:large","max-video-preview":"max-video-preview:-1"},"canonical":"https:\/\/sulsc.com\/index.php\/2025\/11\/19\/reus-que-mataram-dois-irmaos-em-criciuma-recebem-aumento-de-pena\/","og_locale":"en_US","og_type":"article","og_title":"R\u00e9us que mataram dois irm\u00e3os em Crici\u00fama recebem aumento de pena -","og_description":"Os autores de um duplo homic\u00eddio ocorrido em Crici\u00fama, em 2016, tiveram suas penas readequadas ap\u00f3s um recurso de apela\u00e7\u00e3o apresentado pelo Minist\u00e9rio P\u00fablico de Santa Catarina (MPSC). Os dois r\u00e9us, que foram julgados e condenados em mar\u00e7o deste ano, tiveram as penas majoradas em raz\u00e3o da reincid\u00eancia. O recurso, interposto pela 1\u00aa Promotoria de &hellip; R\u00e9us que mataram dois irm\u00e3os em Crici\u00fama recebem aumento de pena Read More &raquo;","og_url":"https:\/\/sulsc.com\/index.php\/2025\/11\/19\/reus-que-mataram-dois-irmaos-em-criciuma-recebem-aumento-de-pena\/","article_author":"https:\/\/www.facebook.com\/profile.php?id=61559278119680","article_published_time":"2025-11-19T11:14:50+00:00","og_image":[{"width":2560,"height":1707,"url":"http:\/\/sulsc.com\/wp-content\/uploads\/2025\/11\/foto-aproximada-de-uma-pessoa-com-um-martelo-na-mao-e-papeis-sobre-mesa-scaled.jpg","type":"image\/jpeg"}],"author":"Reda\u00e7\u00e3o Sul SC","twitter_card":"summary_large_image","twitter_creator":"@https:\/\/twitter.com\/PortalSulSC","twitter_misc":{"Written by":"Reda\u00e7\u00e3o Sul SC","Est. reading time":"3 minutes"},"schema":{"@context":"https:\/\/schema.org","@graph":[{"@type":"WebPage","@id":"https:\/\/sulsc.com\/index.php\/2025\/11\/19\/reus-que-mataram-dois-irmaos-em-criciuma-recebem-aumento-de-pena\/","url":"https:\/\/sulsc.com\/index.php\/2025\/11\/19\/reus-que-mataram-dois-irmaos-em-criciuma-recebem-aumento-de-pena\/","name":"R\u00e9us que mataram dois irm\u00e3os em Crici\u00fama recebem aumento de pena -","isPartOf":{"@id":"https:\/\/sulsc.com\/#website"},"datePublished":"2025-11-19T11:14:50+00:00","dateModified":"2025-11-19T11:14:50+00:00","author":{"@id":"https:\/\/sulsc.com\/#\/schema\/person\/84d2fc571684f6248ba83092f07750a3"},"breadcrumb":{"@id":"https:\/\/sulsc.com\/index.php\/2025\/11\/19\/reus-que-mataram-dois-irmaos-em-criciuma-recebem-aumento-de-pena\/#breadcrumb"},"inLanguage":"en-US","potentialAction":[{"@type":"ReadAction","target":["https:\/\/sulsc.com\/index.php\/2025\/11\/19\/reus-que-mataram-dois-irmaos-em-criciuma-recebem-aumento-de-pena\/"]}]},{"@type":"BreadcrumbList","@id":"https:\/\/sulsc.com\/index.php\/2025\/11\/19\/reus-que-mataram-dois-irmaos-em-criciuma-recebem-aumento-de-pena\/#breadcrumb","itemListElement":[{"@type":"ListItem","position":1,"name":"In\u00edcio","item":"https:\/\/sulsc.com\/"},{"@type":"ListItem","position":2,"name":"R\u00e9us que mataram dois irm\u00e3os em Crici\u00fama recebem aumento de pena"}]},{"@type":"WebSite","@id":"https:\/\/sulsc.com\/#website","url":"https:\/\/sulsc.com\/","name":"","description":"","potentialAction":[{"@type":"SearchAction","target":{"@type":"EntryPoint","urlTemplate":"https:\/\/sulsc.com\/?s={search_term_string}"},"query-input":"required name=search_term_string"}],"inLanguage":"en-US"},{"@type":"Person","@id":"https:\/\/sulsc.com\/#\/schema\/person\/84d2fc571684f6248ba83092f07750a3","name":"Reda\u00e7\u00e3o Sul SC","image":{"@type":"ImageObject","inLanguage":"en-US","@id":"https:\/\/sulsc.com\/#\/schema\/person\/image\/e08d7fe2cc4ed596372063bbe852b8d0","url":"https:\/\/sulsc.com\/wp-content\/uploads\/2023\/09\/redacao.png","contentUrl":"https:\/\/sulsc.com\/wp-content\/uploads\/2023\/09\/redacao.png","caption":"Reda\u00e7\u00e3o Sul SC"},"description":"Foco em um jornalismo imparcial, voltado \u00e0 qualidade dos seus conte\u00fados e, assim, levar informa\u00e7\u00e3o de valor que agregue \u00e0 vida dos leitores. Esta \u00e9 grande miss\u00e3o do Portal de Not\u00edcias Sul SC. N\u00e3o \u00e9 quantidade que muda o mundo, sempre foi e seguir\u00e1 sendo qualidade!","sameAs":["https:\/\/sulsc.com\/","https:\/\/www.facebook.com\/profile.php?id=61559278119680","https:\/\/www.instagram.com\/sulscportal\/?hl=pt-br","https:\/\/twitter.com\/https:\/\/twitter.com\/PortalSulSC","https:\/\/www.youtube.com\/channel\/UCv_BE8GeySluDov2n8qhVmw"],"url":"https:\/\/sulsc.com\/index.php\/author\/redacao\/"}]}},"authors":[],"_links":{"self":[{"href":"https:\/\/sulsc.com\/index.php\/wp-json\/wp\/v2\/posts\/29871"}],"collection":[{"href":"https:\/\/sulsc.com\/index.php\/wp-json\/wp\/v2\/posts"}],"about":[{"href":"https:\/\/sulsc.com\/index.php\/wp-json\/wp\/v2\/types\/post"}],"author":[{"embeddable":true,"href":"https:\/\/sulsc.com\/index.php\/wp-json\/wp\/v2\/users\/3"}],"replies":[{"embeddable":true,"href":"https:\/\/sulsc.com\/index.php\/wp-json\/wp\/v2\/comments?post=29871"}],"version-history":[{"count":2,"href":"https:\/\/sulsc.com\/index.php\/wp-json\/wp\/v2\/posts\/29871\/revisions"}],"predecessor-version":[{"id":29875,"href":"https:\/\/sulsc.com\/index.php\/wp-json\/wp\/v2\/posts\/29871\/revisions\/29875"}],"wp:featuredmedia":[{"embeddable":true,"href":"https:\/\/sulsc.com\/index.php\/wp-json\/wp\/v2\/media\/29872"}],"wp:attachment":[{"href":"https:\/\/sulsc.com\/index.php\/wp-json\/wp\/v2\/media?parent=29871"}],"wp:term":[{"taxonomy":"category","embeddable":true,"href":"https:\/\/sulsc.com\/index.php\/wp-json\/wp\/v2\/categories?post=29871"},{"taxonomy":"post_tag","embeddable":true,"href":"https:\/\/sulsc.com\/index.php\/wp-json\/wp\/v2\/tags?post=29871"}],"curies":[{"name":"wp","href":"https:\/\/api.w.org\/{rel}","templated":true}]}}