{"id":29905,"date":"2025-11-19T17:23:47","date_gmt":"2025-11-19T20:23:47","guid":{"rendered":"https:\/\/sulsc.com\/?p=29905"},"modified":"2025-11-19T17:23:47","modified_gmt":"2025-11-19T20:23:47","slug":"suspeito-de-roubo-e-preso-e-provas-sao-apreendidas-em-operacao-em-tubarao","status":"publish","type":"post","link":"https:\/\/sulsc.com\/index.php\/2025\/11\/19\/suspeito-de-roubo-e-preso-e-provas-sao-apreendidas-em-operacao-em-tubarao\/","title":{"rendered":"Suspeito de roubo \u00e9 preso e provas s\u00e3o apreendidas em opera\u00e7\u00e3o em Tubar\u00e3o"},"content":{"rendered":"<p>Tr\u00eas mandados de busca e apreens\u00e3o e um mandado de pris\u00e3o tempor\u00e1ria contra o principal suspeito de um roubo ocorrido em Tubar\u00e3o, foram cumpridos na manh\u00e3 desta quarta-feira (19). A a\u00e7\u00e3o foi efetuada pela Delegacia de Investiga\u00e7\u00e3o Criminal (DIC) do munic\u00edpio.<\/p>\n<p>As investiga\u00e7\u00f5es, conduzidas h\u00e1 meses pela equipe da DIC, j\u00e1 haviam resultado no cumprimento de um primeiro mandado de busca e apreens\u00e3o na resid\u00eancia do investigado, quando foram coletados importantes elementos probat\u00f3rios. O aprofundamento das dilig\u00eancias refor\u00e7ou os ind\u00edcios contra o suspeito \u2013 um homem de 26 anos, natural de Novo Hamburgo &#8211; RS \u2013 levando \u00e0 representa\u00e7\u00e3o pela pris\u00e3o tempor\u00e1ria, deferida pelo Ju\u00edzo das Garantias da Comarca de Tubar\u00e3o.<\/p>\n<p>&nbsp;<\/p>\n<p><strong>Sobre o crime<\/strong><\/p>\n<p>O roubo ocorreu em 16 de abril de 2025, no bairro Campestre. A v\u00edtima, um homem de 57 anos, combinara por aplicativo de mensagens a compra de motores el\u00e9tricos com um indiv\u00edduo que se apresentou como prestador de servi\u00e7os de limpeza e sucata.\u00a0Ao chegar ao local indicado \u2013 a Rua Tenente Jo\u00e3o Luiz Maus \u2013, a v\u00edtima foi abordada por dois criminosos em uma motocicleta preta.<\/p>\n<div id=\"metaslider-id-25573\" style=\"width: 100%;\" class=\"ml-slider-3-99-0 metaslider metaslider-flex metaslider-25573 ml-slider has-onhover-arrows ms-theme-default-base has-dots-nav\" role=\"region\" aria-label=\"Meio\" data-width=\"1200\">\n    <div id=\"metaslider_container_25573\">\n        <div id=\"metaslider_25573\">\n            <ul class='slides'>\n                <li style=\"display: block; width: 100%;\" class=\"slide-25684 ms-image \" aria-roledescription=\"slide\" data-date=\"2025-07-24 07:55:40\"><img src=\"https:\/\/sulsc.com\/wp-content\/uploads\/2025\/07\/Marr-2-1000x166.jpg\" height=\"200\" width=\"1200\" alt=\"\" class=\"slider-25573 slide-25684 msDefaultImage\" title=\"Marr 2\" \/><\/li>\n                <li style=\"display: none; width: 100%;\" class=\"slide-32412 ms-image \" aria-roledescription=\"slide\" data-date=\"2026-02-18 13:59:46\"><img src=\"https:\/\/sulsc.com\/wp-content\/uploads\/2026\/02\/40dc1580-cad5-4867-bc58-c4243821ad38-1000x166.jpeg\" height=\"200\" width=\"1200\" alt=\"\" class=\"slider-25573 slide-32412 msDefaultImage\" title=\"40dc1580-cad5-4867-bc58-c4243821ad38\" \/><\/li>\n                <li style=\"display: none; width: 100%;\" class=\"slide-32766 ms-image \" aria-roledescription=\"slide\" data-date=\"2026-03-03 17:22:59\"><img src=\"https:\/\/sulsc.com\/wp-content\/uploads\/2026\/03\/271ce739-f268-41c5-8051-3de1a1750359-1000x166.jpeg\" height=\"200\" width=\"1200\" alt=\"\" class=\"slider-25573 slide-32766 msDefaultImage\" title=\"271ce739-f268-41c5-8051-3de1a1750359\" \/><\/li>\n            <\/ul>\n        <\/div>\n        \n    <\/div>\n<\/div>\n<p>O garupa, armado com o que aparentava ser um rev\u00f3lver, anunciou o assalto e subtraiu cerca de R$ 5 mil em esp\u00e9cie, al\u00e9m da chave do ve\u00edculo da v\u00edtima. A dupla fugiu em dire\u00e7\u00e3o ao bairro Andrino. Logo ap\u00f3s o crime, todas as mensagens trocadas com o suposto vendedor foram apagadas.<\/p>\n<p>&nbsp;<\/p>\n<p><strong>Resultado da opera\u00e7\u00e3o<\/strong><\/p>\n<p>A opera\u00e7\u00e3o desta manh\u00e3, coordenada pela DIC de Tubar\u00e3o, resultou na pris\u00e3o do investigado e na apreens\u00e3o de novos elementos que contribuem significativamente para a elucida\u00e7\u00e3o do caso.<\/p>\n<p>A Pol\u00edcia Civil destaca ainda a redu\u00e7\u00e3o expressiva nos \u00edndices de criminalidade em Tubar\u00e3o: no per\u00edodo de 1\u00ba de janeiro a 19 de novembro de 2022, foram registrados 188 roubos na cidade, enquanto no mesmo intervalo de 2025 foram contabilizados apenas 74 casos \u2013 uma queda de mais de 60%.<\/p>\n<p><img fetchpriority=\"high\" decoding=\"async\" class=\"alignnone size-full wp-image-15886\" src=\"http:\/\/sulsc.com\/wp-content\/uploads\/2024\/08\/DIC-DE-TUBARAO.jpeg\" alt=\"\" width=\"602\" height=\"510\" srcset=\"https:\/\/sulsc.com\/wp-content\/uploads\/2024\/08\/DIC-DE-TUBARAO.jpeg 602w, https:\/\/sulsc.com\/wp-content\/uploads\/2024\/08\/DIC-DE-TUBARAO-300x254.jpeg 300w\" sizes=\"(max-width: 602px) 100vw, 602px\" \/><\/p>\n","protected":false},"excerpt":{"rendered":"<p>Tr\u00eas mandados de busca e apreens\u00e3o e um mandado de pris\u00e3o tempor\u00e1ria contra o principal suspeito de um roubo ocorrido em Tubar\u00e3o, foram cumpridos na manh\u00e3 desta quarta-feira (19). A a\u00e7\u00e3o foi efetuada pela Delegacia de Investiga\u00e7\u00e3o Criminal (DIC) do munic\u00edpio. As investiga\u00e7\u00f5es, conduzidas h\u00e1 meses pela equipe da DIC, j\u00e1 haviam resultado no cumprimento &hellip;<\/p>\n<p class=\"read-more\"> <a class=\"\" href=\"https:\/\/sulsc.com\/index.php\/2025\/11\/19\/suspeito-de-roubo-e-preso-e-provas-sao-apreendidas-em-operacao-em-tubarao\/\"> <span class=\"screen-reader-text\">Suspeito de roubo \u00e9 preso e provas s\u00e3o apreendidas em opera\u00e7\u00e3o em Tubar\u00e3o<\/span> Read More &raquo;<\/a><\/p>\n","protected":false},"author":3,"featured_media":18001,"comment_status":"open","ping_status":"open","sticky":false,"template":"","format":"standard","meta":{"site-sidebar-layout":"default","site-content-layout":"","ast-site-content-layout":"default","site-content-style":"default","site-sidebar-style":"default","ast-global-header-display":"","ast-banner-title-visibility":"","ast-main-header-display":"","ast-hfb-above-header-display":"","ast-hfb-below-header-display":"","ast-hfb-mobile-header-display":"","site-post-title":"","ast-breadcrumbs-content":"","ast-featured-img":"","footer-sml-layout":"","theme-transparent-header-meta":"default","adv-header-id-meta":"","stick-header-meta":"","header-above-stick-meta":"","header-main-stick-meta":"","header-below-stick-meta":"","astra-migrate-meta-layouts":"set","footnotes":""},"categories":[8,21,12],"tags":[],"yoast_head":"<!-- This site is optimized with the Yoast SEO plugin v21.4 - https:\/\/yoast.com\/wordpress\/plugins\/seo\/ -->\n<title>Suspeito de roubo \u00e9 preso e provas s\u00e3o apreendidas em opera\u00e7\u00e3o em Tubar\u00e3o -<\/title>\n<meta name=\"robots\" content=\"index, follow, max-snippet:-1, max-image-preview:large, max-video-preview:-1\" \/>\n<link rel=\"canonical\" href=\"https:\/\/sulsc.com\/index.php\/2025\/11\/19\/suspeito-de-roubo-e-preso-e-provas-sao-apreendidas-em-operacao-em-tubarao\/\" \/>\n<meta property=\"og:locale\" content=\"en_US\" \/>\n<meta property=\"og:type\" content=\"article\" \/>\n<meta property=\"og:title\" content=\"Suspeito de roubo \u00e9 preso e provas s\u00e3o apreendidas em opera\u00e7\u00e3o em Tubar\u00e3o -\" \/>\n<meta property=\"og:description\" content=\"Tr\u00eas mandados de busca e apreens\u00e3o e um mandado de pris\u00e3o tempor\u00e1ria contra o principal suspeito de um roubo ocorrido em Tubar\u00e3o, foram cumpridos na manh\u00e3 desta quarta-feira (19). A a\u00e7\u00e3o foi efetuada pela Delegacia de Investiga\u00e7\u00e3o Criminal (DIC) do munic\u00edpio. As investiga\u00e7\u00f5es, conduzidas h\u00e1 meses pela equipe da DIC, j\u00e1 haviam resultado no cumprimento &hellip; Suspeito de roubo \u00e9 preso e provas s\u00e3o apreendidas em opera\u00e7\u00e3o em Tubar\u00e3o Read More &raquo;\" \/>\n<meta property=\"og:url\" content=\"https:\/\/sulsc.com\/index.php\/2025\/11\/19\/suspeito-de-roubo-e-preso-e-provas-sao-apreendidas-em-operacao-em-tubarao\/\" \/>\n<meta property=\"article:author\" content=\"https:\/\/www.facebook.com\/profile.php?id=61559278119680\" \/>\n<meta property=\"article:published_time\" content=\"2025-11-19T20:23:47+00:00\" \/>\n<meta property=\"og:image\" content=\"http:\/\/sulsc.com\/wp-content\/uploads\/2024\/12\/DIC.jpg\" \/>\n\t<meta property=\"og:image:width\" content=\"700\" \/>\n\t<meta property=\"og:image:height\" content=\"376\" \/>\n\t<meta property=\"og:image:type\" content=\"image\/jpeg\" \/>\n<meta name=\"author\" content=\"Reda\u00e7\u00e3o Sul SC\" \/>\n<meta name=\"twitter:card\" content=\"summary_large_image\" \/>\n<meta name=\"twitter:creator\" content=\"@https:\/\/twitter.com\/PortalSulSC\" \/>\n<meta name=\"twitter:label1\" content=\"Written by\" \/>\n\t<meta name=\"twitter:data1\" content=\"Reda\u00e7\u00e3o Sul SC\" \/>\n\t<meta name=\"twitter:label2\" content=\"Est. reading time\" \/>\n\t<meta name=\"twitter:data2\" content=\"2 minutes\" \/>\n<script type=\"application\/ld+json\" class=\"yoast-schema-graph\">{\"@context\":\"https:\/\/schema.org\",\"@graph\":[{\"@type\":\"WebPage\",\"@id\":\"https:\/\/sulsc.com\/index.php\/2025\/11\/19\/suspeito-de-roubo-e-preso-e-provas-sao-apreendidas-em-operacao-em-tubarao\/\",\"url\":\"https:\/\/sulsc.com\/index.php\/2025\/11\/19\/suspeito-de-roubo-e-preso-e-provas-sao-apreendidas-em-operacao-em-tubarao\/\",\"name\":\"Suspeito de roubo \u00e9 preso e provas s\u00e3o apreendidas em opera\u00e7\u00e3o em Tubar\u00e3o -\",\"isPartOf\":{\"@id\":\"https:\/\/sulsc.com\/#website\"},\"datePublished\":\"2025-11-19T20:23:47+00:00\",\"dateModified\":\"2025-11-19T20:23:47+00:00\",\"author\":{\"@id\":\"https:\/\/sulsc.com\/#\/schema\/person\/84d2fc571684f6248ba83092f07750a3\"},\"breadcrumb\":{\"@id\":\"https:\/\/sulsc.com\/index.php\/2025\/11\/19\/suspeito-de-roubo-e-preso-e-provas-sao-apreendidas-em-operacao-em-tubarao\/#breadcrumb\"},\"inLanguage\":\"en-US\",\"potentialAction\":[{\"@type\":\"ReadAction\",\"target\":[\"https:\/\/sulsc.com\/index.php\/2025\/11\/19\/suspeito-de-roubo-e-preso-e-provas-sao-apreendidas-em-operacao-em-tubarao\/\"]}]},{\"@type\":\"BreadcrumbList\",\"@id\":\"https:\/\/sulsc.com\/index.php\/2025\/11\/19\/suspeito-de-roubo-e-preso-e-provas-sao-apreendidas-em-operacao-em-tubarao\/#breadcrumb\",\"itemListElement\":[{\"@type\":\"ListItem\",\"position\":1,\"name\":\"In\u00edcio\",\"item\":\"https:\/\/sulsc.com\/\"},{\"@type\":\"ListItem\",\"position\":2,\"name\":\"Suspeito de roubo \u00e9 preso e provas s\u00e3o apreendidas em opera\u00e7\u00e3o em Tubar\u00e3o\"}]},{\"@type\":\"WebSite\",\"@id\":\"https:\/\/sulsc.com\/#website\",\"url\":\"https:\/\/sulsc.com\/\",\"name\":\"\",\"description\":\"\",\"potentialAction\":[{\"@type\":\"SearchAction\",\"target\":{\"@type\":\"EntryPoint\",\"urlTemplate\":\"https:\/\/sulsc.com\/?s={search_term_string}\"},\"query-input\":\"required name=search_term_string\"}],\"inLanguage\":\"en-US\"},{\"@type\":\"Person\",\"@id\":\"https:\/\/sulsc.com\/#\/schema\/person\/84d2fc571684f6248ba83092f07750a3\",\"name\":\"Reda\u00e7\u00e3o Sul SC\",\"image\":{\"@type\":\"ImageObject\",\"inLanguage\":\"en-US\",\"@id\":\"https:\/\/sulsc.com\/#\/schema\/person\/image\/e08d7fe2cc4ed596372063bbe852b8d0\",\"url\":\"https:\/\/sulsc.com\/wp-content\/uploads\/2023\/09\/redacao.png\",\"contentUrl\":\"https:\/\/sulsc.com\/wp-content\/uploads\/2023\/09\/redacao.png\",\"caption\":\"Reda\u00e7\u00e3o Sul SC\"},\"description\":\"Foco em um jornalismo imparcial, voltado \u00e0 qualidade dos seus conte\u00fados e, assim, levar informa\u00e7\u00e3o de valor que agregue \u00e0 vida dos leitores. Esta \u00e9 grande miss\u00e3o do Portal de Not\u00edcias Sul SC. N\u00e3o \u00e9 quantidade que muda o mundo, sempre foi e seguir\u00e1 sendo qualidade!\",\"sameAs\":[\"https:\/\/sulsc.com\/\",\"https:\/\/www.facebook.com\/profile.php?id=61559278119680\",\"https:\/\/www.instagram.com\/sulscportal\/?hl=pt-br\",\"https:\/\/twitter.com\/https:\/\/twitter.com\/PortalSulSC\",\"https:\/\/www.youtube.com\/channel\/UCv_BE8GeySluDov2n8qhVmw\"],\"url\":\"https:\/\/sulsc.com\/index.php\/author\/redacao\/\"}]}<\/script>\n<!-- \/ Yoast SEO plugin. -->","yoast_head_json":{"title":"Suspeito de roubo \u00e9 preso e provas s\u00e3o apreendidas em opera\u00e7\u00e3o em Tubar\u00e3o -","robots":{"index":"index","follow":"follow","max-snippet":"max-snippet:-1","max-image-preview":"max-image-preview:large","max-video-preview":"max-video-preview:-1"},"canonical":"https:\/\/sulsc.com\/index.php\/2025\/11\/19\/suspeito-de-roubo-e-preso-e-provas-sao-apreendidas-em-operacao-em-tubarao\/","og_locale":"en_US","og_type":"article","og_title":"Suspeito de roubo \u00e9 preso e provas s\u00e3o apreendidas em opera\u00e7\u00e3o em Tubar\u00e3o -","og_description":"Tr\u00eas mandados de busca e apreens\u00e3o e um mandado de pris\u00e3o tempor\u00e1ria contra o principal suspeito de um roubo ocorrido em Tubar\u00e3o, foram cumpridos na manh\u00e3 desta quarta-feira (19). A a\u00e7\u00e3o foi efetuada pela Delegacia de Investiga\u00e7\u00e3o Criminal (DIC) do munic\u00edpio. As investiga\u00e7\u00f5es, conduzidas h\u00e1 meses pela equipe da DIC, j\u00e1 haviam resultado no cumprimento &hellip; Suspeito de roubo \u00e9 preso e provas s\u00e3o apreendidas em opera\u00e7\u00e3o em Tubar\u00e3o Read More &raquo;","og_url":"https:\/\/sulsc.com\/index.php\/2025\/11\/19\/suspeito-de-roubo-e-preso-e-provas-sao-apreendidas-em-operacao-em-tubarao\/","article_author":"https:\/\/www.facebook.com\/profile.php?id=61559278119680","article_published_time":"2025-11-19T20:23:47+00:00","og_image":[{"width":700,"height":376,"url":"http:\/\/sulsc.com\/wp-content\/uploads\/2024\/12\/DIC.jpg","type":"image\/jpeg"}],"author":"Reda\u00e7\u00e3o Sul SC","twitter_card":"summary_large_image","twitter_creator":"@https:\/\/twitter.com\/PortalSulSC","twitter_misc":{"Written by":"Reda\u00e7\u00e3o Sul SC","Est. reading time":"2 minutes"},"schema":{"@context":"https:\/\/schema.org","@graph":[{"@type":"WebPage","@id":"https:\/\/sulsc.com\/index.php\/2025\/11\/19\/suspeito-de-roubo-e-preso-e-provas-sao-apreendidas-em-operacao-em-tubarao\/","url":"https:\/\/sulsc.com\/index.php\/2025\/11\/19\/suspeito-de-roubo-e-preso-e-provas-sao-apreendidas-em-operacao-em-tubarao\/","name":"Suspeito de roubo \u00e9 preso e provas s\u00e3o apreendidas em opera\u00e7\u00e3o em Tubar\u00e3o -","isPartOf":{"@id":"https:\/\/sulsc.com\/#website"},"datePublished":"2025-11-19T20:23:47+00:00","dateModified":"2025-11-19T20:23:47+00:00","author":{"@id":"https:\/\/sulsc.com\/#\/schema\/person\/84d2fc571684f6248ba83092f07750a3"},"breadcrumb":{"@id":"https:\/\/sulsc.com\/index.php\/2025\/11\/19\/suspeito-de-roubo-e-preso-e-provas-sao-apreendidas-em-operacao-em-tubarao\/#breadcrumb"},"inLanguage":"en-US","potentialAction":[{"@type":"ReadAction","target":["https:\/\/sulsc.com\/index.php\/2025\/11\/19\/suspeito-de-roubo-e-preso-e-provas-sao-apreendidas-em-operacao-em-tubarao\/"]}]},{"@type":"BreadcrumbList","@id":"https:\/\/sulsc.com\/index.php\/2025\/11\/19\/suspeito-de-roubo-e-preso-e-provas-sao-apreendidas-em-operacao-em-tubarao\/#breadcrumb","itemListElement":[{"@type":"ListItem","position":1,"name":"In\u00edcio","item":"https:\/\/sulsc.com\/"},{"@type":"ListItem","position":2,"name":"Suspeito de roubo \u00e9 preso e provas s\u00e3o apreendidas em opera\u00e7\u00e3o em Tubar\u00e3o"}]},{"@type":"WebSite","@id":"https:\/\/sulsc.com\/#website","url":"https:\/\/sulsc.com\/","name":"","description":"","potentialAction":[{"@type":"SearchAction","target":{"@type":"EntryPoint","urlTemplate":"https:\/\/sulsc.com\/?s={search_term_string}"},"query-input":"required name=search_term_string"}],"inLanguage":"en-US"},{"@type":"Person","@id":"https:\/\/sulsc.com\/#\/schema\/person\/84d2fc571684f6248ba83092f07750a3","name":"Reda\u00e7\u00e3o Sul SC","image":{"@type":"ImageObject","inLanguage":"en-US","@id":"https:\/\/sulsc.com\/#\/schema\/person\/image\/e08d7fe2cc4ed596372063bbe852b8d0","url":"https:\/\/sulsc.com\/wp-content\/uploads\/2023\/09\/redacao.png","contentUrl":"https:\/\/sulsc.com\/wp-content\/uploads\/2023\/09\/redacao.png","caption":"Reda\u00e7\u00e3o Sul SC"},"description":"Foco em um jornalismo imparcial, voltado \u00e0 qualidade dos seus conte\u00fados e, assim, levar informa\u00e7\u00e3o de valor que agregue \u00e0 vida dos leitores. Esta \u00e9 grande miss\u00e3o do Portal de Not\u00edcias Sul SC. N\u00e3o \u00e9 quantidade que muda o mundo, sempre foi e seguir\u00e1 sendo qualidade!","sameAs":["https:\/\/sulsc.com\/","https:\/\/www.facebook.com\/profile.php?id=61559278119680","https:\/\/www.instagram.com\/sulscportal\/?hl=pt-br","https:\/\/twitter.com\/https:\/\/twitter.com\/PortalSulSC","https:\/\/www.youtube.com\/channel\/UCv_BE8GeySluDov2n8qhVmw"],"url":"https:\/\/sulsc.com\/index.php\/author\/redacao\/"}]}},"authors":[],"_links":{"self":[{"href":"https:\/\/sulsc.com\/index.php\/wp-json\/wp\/v2\/posts\/29905"}],"collection":[{"href":"https:\/\/sulsc.com\/index.php\/wp-json\/wp\/v2\/posts"}],"about":[{"href":"https:\/\/sulsc.com\/index.php\/wp-json\/wp\/v2\/types\/post"}],"author":[{"embeddable":true,"href":"https:\/\/sulsc.com\/index.php\/wp-json\/wp\/v2\/users\/3"}],"replies":[{"embeddable":true,"href":"https:\/\/sulsc.com\/index.php\/wp-json\/wp\/v2\/comments?post=29905"}],"version-history":[{"count":1,"href":"https:\/\/sulsc.com\/index.php\/wp-json\/wp\/v2\/posts\/29905\/revisions"}],"predecessor-version":[{"id":29906,"href":"https:\/\/sulsc.com\/index.php\/wp-json\/wp\/v2\/posts\/29905\/revisions\/29906"}],"wp:featuredmedia":[{"embeddable":true,"href":"https:\/\/sulsc.com\/index.php\/wp-json\/wp\/v2\/media\/18001"}],"wp:attachment":[{"href":"https:\/\/sulsc.com\/index.php\/wp-json\/wp\/v2\/media?parent=29905"}],"wp:term":[{"taxonomy":"category","embeddable":true,"href":"https:\/\/sulsc.com\/index.php\/wp-json\/wp\/v2\/categories?post=29905"},{"taxonomy":"post_tag","embeddable":true,"href":"https:\/\/sulsc.com\/index.php\/wp-json\/wp\/v2\/tags?post=29905"}],"curies":[{"name":"wp","href":"https:\/\/api.w.org\/{rel}","templated":true}]}}