{"id":29911,"date":"2025-11-20T09:24:18","date_gmt":"2025-11-20T12:24:18","guid":{"rendered":"https:\/\/sulsc.com\/?p=29911"},"modified":"2025-11-20T09:25:38","modified_gmt":"2025-11-20T12:25:38","slug":"quinta-feira-dia-ensolarado-e-temperaturas-chegando-aos-30oc","status":"publish","type":"post","link":"https:\/\/sulsc.com\/index.php\/2025\/11\/20\/quinta-feira-dia-ensolarado-e-temperaturas-chegando-aos-30oc\/","title":{"rendered":"Quinta-feira dia ensolarado e temperaturas chegando aos 30\u00baC"},"content":{"rendered":"<p>Neste feriado de 20 de novembro, o tempo segue firme em todo o estado de Santa Catarina. O c\u00e9u amanhece pontualmente com poucas nuvens, evoluindo para uma condi\u00e7\u00e3o de predom\u00ednio de sol ao longo do dia. N\u00e3o h\u00e1 risco para ocorr\u00eancias associadas \u00e0s condi\u00e7\u00f5es de tempo.<\/p>\n<p><strong>Temperaturas<\/strong><\/p>\n<p>As m\u00e1ximas no Litoral e Vale do Itaja\u00ed variam entre 25\/27\u00b0C se aproximam dos 30\u00b0C no Oeste. Nas demais \u00e1reas, os term\u00f4metros ficam entre 19\u00b0C e 23\u00b0C.<\/p>\n<p><img fetchpriority=\"high\" decoding=\"async\" class=\"aligncenter size-full wp-image-29912\" src=\"http:\/\/sulsc.com\/wp-content\/uploads\/2025\/11\/image-270-1024x699-1.png\" alt=\"\" width=\"1024\" height=\"699\" srcset=\"https:\/\/sulsc.com\/wp-content\/uploads\/2025\/11\/image-270-1024x699-1.png 1024w, https:\/\/sulsc.com\/wp-content\/uploads\/2025\/11\/image-270-1024x699-1-300x205.png 300w, https:\/\/sulsc.com\/wp-content\/uploads\/2025\/11\/image-270-1024x699-1-768x524.png 768w\" sizes=\"(max-width: 1024px) 100vw, 1024px\" \/><\/p>\n<p><img decoding=\"async\" class=\"aligncenter size-full wp-image-22254\" src=\"http:\/\/sulsc.com\/wp-content\/uploads\/2025\/04\/Tempo.png\" alt=\"\" width=\"1024\" height=\"189\" srcset=\"https:\/\/sulsc.com\/wp-content\/uploads\/2025\/04\/Tempo.png 1024w, https:\/\/sulsc.com\/wp-content\/uploads\/2025\/04\/Tempo-300x55.png 300w, https:\/\/sulsc.com\/wp-content\/uploads\/2025\/04\/Tempo-768x142.png 768w\" sizes=\"(max-width: 1024px) 100vw, 1024px\" \/><\/p>\n<p><strong>Ventos:<\/strong> nordeste a noroeste, fraco a moderado, com rajadas.<\/p>\n<p><strong>Condi\u00e7\u00f5es mar\u00edtimas:<\/strong> com a agita\u00e7\u00e3o mar\u00edtima, com ondas entre 2 e 2,5 m e risco moderado para ocorr\u00eancias.<\/p>\n<p><strong>Sistema predominante:<\/strong> massa de ar seco e quente em SC.<\/p>\n<p><strong>Amanh\u00e3 sexta-feira (21),<\/strong> teremos sol e algumas nuvens em SC, com nevoeiros isolados no in\u00edcio do dia. Temperaturas seguem em eleva\u00e7\u00e3o, calor \u00e0 tarde, com m\u00e1ximas pr\u00f3ximas e acima de 30\u00b0C no estado, condi\u00e7\u00e3o pr\u00e9-frontal (que antecede a chegada de uma frente fria).<\/p>\n<p><strong>Ventos:<\/strong> nordeste a noroeste, fraco a moderado, com rajadas.<\/p>\n<p><strong>Sistema predominante:<\/strong> massa de ar seco e quente em SC.<\/p>\n<p>Fonte: Defesa Civil &#8211; SC\/Epagri-Ciram<\/p>\n","protected":false},"excerpt":{"rendered":"<p>Neste feriado de 20 de novembro, o tempo segue firme em todo o estado de Santa Catarina. O c\u00e9u amanhece pontualmente com poucas nuvens, evoluindo para uma condi\u00e7\u00e3o de predom\u00ednio de sol ao longo do dia. N\u00e3o h\u00e1 risco para ocorr\u00eancias associadas \u00e0s condi\u00e7\u00f5es de tempo. Temperaturas As m\u00e1ximas no Litoral e Vale do Itaja\u00ed &hellip;<\/p>\n<p class=\"read-more\"> <a class=\"\" href=\"https:\/\/sulsc.com\/index.php\/2025\/11\/20\/quinta-feira-dia-ensolarado-e-temperaturas-chegando-aos-30oc\/\"> <span class=\"screen-reader-text\">Quinta-feira dia ensolarado e temperaturas chegando aos 30\u00baC<\/span> Read More &raquo;<\/a><\/p>\n","protected":false},"author":3,"featured_media":20036,"comment_status":"open","ping_status":"open","sticky":false,"template":"","format":"standard","meta":{"site-sidebar-layout":"default","site-content-layout":"","ast-site-content-layout":"default","site-content-style":"default","site-sidebar-style":"default","ast-global-header-display":"","ast-banner-title-visibility":"","ast-main-header-display":"","ast-hfb-above-header-display":"","ast-hfb-below-header-display":"","ast-hfb-mobile-header-display":"","site-post-title":"","ast-breadcrumbs-content":"","ast-featured-img":"","footer-sml-layout":"","theme-transparent-header-meta":"default","adv-header-id-meta":"","stick-header-meta":"","header-above-stick-meta":"","header-main-stick-meta":"","header-below-stick-meta":"","astra-migrate-meta-layouts":"set","footnotes":""},"categories":[2354,2231,1,38,12],"tags":[89],"yoast_head":"<!-- This site is optimized with the Yoast SEO plugin v21.4 - https:\/\/yoast.com\/wordpress\/plugins\/seo\/ -->\n<title>Quinta-feira dia ensolarado e temperaturas chegando aos 30\u00baC -<\/title>\n<meta name=\"robots\" content=\"index, follow, max-snippet:-1, max-image-preview:large, max-video-preview:-1\" \/>\n<link rel=\"canonical\" href=\"https:\/\/sulsc.com\/index.php\/2025\/11\/20\/quinta-feira-dia-ensolarado-e-temperaturas-chegando-aos-30oc\/\" \/>\n<meta property=\"og:locale\" content=\"en_US\" \/>\n<meta property=\"og:type\" content=\"article\" \/>\n<meta property=\"og:title\" content=\"Quinta-feira dia ensolarado e temperaturas chegando aos 30\u00baC -\" \/>\n<meta property=\"og:description\" content=\"Neste feriado de 20 de novembro, o tempo segue firme em todo o estado de Santa Catarina. O c\u00e9u amanhece pontualmente com poucas nuvens, evoluindo para uma condi\u00e7\u00e3o de predom\u00ednio de sol ao longo do dia. N\u00e3o h\u00e1 risco para ocorr\u00eancias associadas \u00e0s condi\u00e7\u00f5es de tempo. Temperaturas As m\u00e1ximas no Litoral e Vale do Itaja\u00ed &hellip; Quinta-feira dia ensolarado e temperaturas chegando aos 30\u00baC Read More &raquo;\" \/>\n<meta property=\"og:url\" content=\"https:\/\/sulsc.com\/index.php\/2025\/11\/20\/quinta-feira-dia-ensolarado-e-temperaturas-chegando-aos-30oc\/\" \/>\n<meta property=\"article:author\" content=\"https:\/\/www.facebook.com\/profile.php?id=61559278119680\" \/>\n<meta property=\"article:published_time\" content=\"2025-11-20T12:24:18+00:00\" \/>\n<meta property=\"article:modified_time\" content=\"2025-11-20T12:25:38+00:00\" \/>\n<meta property=\"og:image\" content=\"https:\/\/sulsc.com\/wp-content\/uploads\/2025\/02\/Tempo-5.jpg\" \/>\n\t<meta property=\"og:image:width\" content=\"1600\" \/>\n\t<meta property=\"og:image:height\" content=\"719\" \/>\n\t<meta property=\"og:image:type\" content=\"image\/jpeg\" \/>\n<meta name=\"author\" content=\"Reda\u00e7\u00e3o Sul SC\" \/>\n<meta name=\"twitter:card\" content=\"summary_large_image\" \/>\n<meta name=\"twitter:creator\" content=\"@https:\/\/twitter.com\/PortalSulSC\" \/>\n<meta name=\"twitter:label1\" content=\"Written by\" \/>\n\t<meta name=\"twitter:data1\" content=\"Reda\u00e7\u00e3o Sul SC\" \/>\n\t<meta name=\"twitter:label2\" content=\"Est. reading time\" \/>\n\t<meta name=\"twitter:data2\" content=\"2 minutes\" \/>\n<script type=\"application\/ld+json\" class=\"yoast-schema-graph\">{\"@context\":\"https:\/\/schema.org\",\"@graph\":[{\"@type\":\"WebPage\",\"@id\":\"https:\/\/sulsc.com\/index.php\/2025\/11\/20\/quinta-feira-dia-ensolarado-e-temperaturas-chegando-aos-30oc\/\",\"url\":\"https:\/\/sulsc.com\/index.php\/2025\/11\/20\/quinta-feira-dia-ensolarado-e-temperaturas-chegando-aos-30oc\/\",\"name\":\"Quinta-feira dia ensolarado e temperaturas chegando aos 30\u00baC -\",\"isPartOf\":{\"@id\":\"https:\/\/sulsc.com\/#website\"},\"datePublished\":\"2025-11-20T12:24:18+00:00\",\"dateModified\":\"2025-11-20T12:25:38+00:00\",\"author\":{\"@id\":\"https:\/\/sulsc.com\/#\/schema\/person\/84d2fc571684f6248ba83092f07750a3\"},\"breadcrumb\":{\"@id\":\"https:\/\/sulsc.com\/index.php\/2025\/11\/20\/quinta-feira-dia-ensolarado-e-temperaturas-chegando-aos-30oc\/#breadcrumb\"},\"inLanguage\":\"en-US\",\"potentialAction\":[{\"@type\":\"ReadAction\",\"target\":[\"https:\/\/sulsc.com\/index.php\/2025\/11\/20\/quinta-feira-dia-ensolarado-e-temperaturas-chegando-aos-30oc\/\"]}]},{\"@type\":\"BreadcrumbList\",\"@id\":\"https:\/\/sulsc.com\/index.php\/2025\/11\/20\/quinta-feira-dia-ensolarado-e-temperaturas-chegando-aos-30oc\/#breadcrumb\",\"itemListElement\":[{\"@type\":\"ListItem\",\"position\":1,\"name\":\"In\u00edcio\",\"item\":\"https:\/\/sulsc.com\/\"},{\"@type\":\"ListItem\",\"position\":2,\"name\":\"Quinta-feira dia ensolarado e temperaturas chegando aos 30\u00baC\"}]},{\"@type\":\"WebSite\",\"@id\":\"https:\/\/sulsc.com\/#website\",\"url\":\"https:\/\/sulsc.com\/\",\"name\":\"\",\"description\":\"\",\"potentialAction\":[{\"@type\":\"SearchAction\",\"target\":{\"@type\":\"EntryPoint\",\"urlTemplate\":\"https:\/\/sulsc.com\/?s={search_term_string}\"},\"query-input\":\"required name=search_term_string\"}],\"inLanguage\":\"en-US\"},{\"@type\":\"Person\",\"@id\":\"https:\/\/sulsc.com\/#\/schema\/person\/84d2fc571684f6248ba83092f07750a3\",\"name\":\"Reda\u00e7\u00e3o Sul SC\",\"image\":{\"@type\":\"ImageObject\",\"inLanguage\":\"en-US\",\"@id\":\"https:\/\/sulsc.com\/#\/schema\/person\/image\/e08d7fe2cc4ed596372063bbe852b8d0\",\"url\":\"https:\/\/sulsc.com\/wp-content\/uploads\/2023\/09\/redacao.png\",\"contentUrl\":\"https:\/\/sulsc.com\/wp-content\/uploads\/2023\/09\/redacao.png\",\"caption\":\"Reda\u00e7\u00e3o Sul SC\"},\"description\":\"Foco em um jornalismo imparcial, voltado \u00e0 qualidade dos seus conte\u00fados e, assim, levar informa\u00e7\u00e3o de valor que agregue \u00e0 vida dos leitores. Esta \u00e9 grande miss\u00e3o do Portal de Not\u00edcias Sul SC. N\u00e3o \u00e9 quantidade que muda o mundo, sempre foi e seguir\u00e1 sendo qualidade!\",\"sameAs\":[\"https:\/\/sulsc.com\/\",\"https:\/\/www.facebook.com\/profile.php?id=61559278119680\",\"https:\/\/www.instagram.com\/sulscportal\/?hl=pt-br\",\"https:\/\/twitter.com\/https:\/\/twitter.com\/PortalSulSC\",\"https:\/\/www.youtube.com\/channel\/UCv_BE8GeySluDov2n8qhVmw\"],\"url\":\"https:\/\/sulsc.com\/index.php\/author\/redacao\/\"}]}<\/script>\n<!-- \/ Yoast SEO plugin. -->","yoast_head_json":{"title":"Quinta-feira dia ensolarado e temperaturas chegando aos 30\u00baC -","robots":{"index":"index","follow":"follow","max-snippet":"max-snippet:-1","max-image-preview":"max-image-preview:large","max-video-preview":"max-video-preview:-1"},"canonical":"https:\/\/sulsc.com\/index.php\/2025\/11\/20\/quinta-feira-dia-ensolarado-e-temperaturas-chegando-aos-30oc\/","og_locale":"en_US","og_type":"article","og_title":"Quinta-feira dia ensolarado e temperaturas chegando aos 30\u00baC -","og_description":"Neste feriado de 20 de novembro, o tempo segue firme em todo o estado de Santa Catarina. O c\u00e9u amanhece pontualmente com poucas nuvens, evoluindo para uma condi\u00e7\u00e3o de predom\u00ednio de sol ao longo do dia. N\u00e3o h\u00e1 risco para ocorr\u00eancias associadas \u00e0s condi\u00e7\u00f5es de tempo. Temperaturas As m\u00e1ximas no Litoral e Vale do Itaja\u00ed &hellip; Quinta-feira dia ensolarado e temperaturas chegando aos 30\u00baC Read More &raquo;","og_url":"https:\/\/sulsc.com\/index.php\/2025\/11\/20\/quinta-feira-dia-ensolarado-e-temperaturas-chegando-aos-30oc\/","article_author":"https:\/\/www.facebook.com\/profile.php?id=61559278119680","article_published_time":"2025-11-20T12:24:18+00:00","article_modified_time":"2025-11-20T12:25:38+00:00","og_image":[{"width":1600,"height":719,"url":"https:\/\/sulsc.com\/wp-content\/uploads\/2025\/02\/Tempo-5.jpg","type":"image\/jpeg"}],"author":"Reda\u00e7\u00e3o Sul SC","twitter_card":"summary_large_image","twitter_creator":"@https:\/\/twitter.com\/PortalSulSC","twitter_misc":{"Written by":"Reda\u00e7\u00e3o Sul SC","Est. reading time":"2 minutes"},"schema":{"@context":"https:\/\/schema.org","@graph":[{"@type":"WebPage","@id":"https:\/\/sulsc.com\/index.php\/2025\/11\/20\/quinta-feira-dia-ensolarado-e-temperaturas-chegando-aos-30oc\/","url":"https:\/\/sulsc.com\/index.php\/2025\/11\/20\/quinta-feira-dia-ensolarado-e-temperaturas-chegando-aos-30oc\/","name":"Quinta-feira dia ensolarado e temperaturas chegando aos 30\u00baC -","isPartOf":{"@id":"https:\/\/sulsc.com\/#website"},"datePublished":"2025-11-20T12:24:18+00:00","dateModified":"2025-11-20T12:25:38+00:00","author":{"@id":"https:\/\/sulsc.com\/#\/schema\/person\/84d2fc571684f6248ba83092f07750a3"},"breadcrumb":{"@id":"https:\/\/sulsc.com\/index.php\/2025\/11\/20\/quinta-feira-dia-ensolarado-e-temperaturas-chegando-aos-30oc\/#breadcrumb"},"inLanguage":"en-US","potentialAction":[{"@type":"ReadAction","target":["https:\/\/sulsc.com\/index.php\/2025\/11\/20\/quinta-feira-dia-ensolarado-e-temperaturas-chegando-aos-30oc\/"]}]},{"@type":"BreadcrumbList","@id":"https:\/\/sulsc.com\/index.php\/2025\/11\/20\/quinta-feira-dia-ensolarado-e-temperaturas-chegando-aos-30oc\/#breadcrumb","itemListElement":[{"@type":"ListItem","position":1,"name":"In\u00edcio","item":"https:\/\/sulsc.com\/"},{"@type":"ListItem","position":2,"name":"Quinta-feira dia ensolarado e temperaturas chegando aos 30\u00baC"}]},{"@type":"WebSite","@id":"https:\/\/sulsc.com\/#website","url":"https:\/\/sulsc.com\/","name":"","description":"","potentialAction":[{"@type":"SearchAction","target":{"@type":"EntryPoint","urlTemplate":"https:\/\/sulsc.com\/?s={search_term_string}"},"query-input":"required name=search_term_string"}],"inLanguage":"en-US"},{"@type":"Person","@id":"https:\/\/sulsc.com\/#\/schema\/person\/84d2fc571684f6248ba83092f07750a3","name":"Reda\u00e7\u00e3o Sul SC","image":{"@type":"ImageObject","inLanguage":"en-US","@id":"https:\/\/sulsc.com\/#\/schema\/person\/image\/e08d7fe2cc4ed596372063bbe852b8d0","url":"https:\/\/sulsc.com\/wp-content\/uploads\/2023\/09\/redacao.png","contentUrl":"https:\/\/sulsc.com\/wp-content\/uploads\/2023\/09\/redacao.png","caption":"Reda\u00e7\u00e3o Sul SC"},"description":"Foco em um jornalismo imparcial, voltado \u00e0 qualidade dos seus conte\u00fados e, assim, levar informa\u00e7\u00e3o de valor que agregue \u00e0 vida dos leitores. Esta \u00e9 grande miss\u00e3o do Portal de Not\u00edcias Sul SC. N\u00e3o \u00e9 quantidade que muda o mundo, sempre foi e seguir\u00e1 sendo qualidade!","sameAs":["https:\/\/sulsc.com\/","https:\/\/www.facebook.com\/profile.php?id=61559278119680","https:\/\/www.instagram.com\/sulscportal\/?hl=pt-br","https:\/\/twitter.com\/https:\/\/twitter.com\/PortalSulSC","https:\/\/www.youtube.com\/channel\/UCv_BE8GeySluDov2n8qhVmw"],"url":"https:\/\/sulsc.com\/index.php\/author\/redacao\/"}]}},"authors":[],"_links":{"self":[{"href":"https:\/\/sulsc.com\/index.php\/wp-json\/wp\/v2\/posts\/29911"}],"collection":[{"href":"https:\/\/sulsc.com\/index.php\/wp-json\/wp\/v2\/posts"}],"about":[{"href":"https:\/\/sulsc.com\/index.php\/wp-json\/wp\/v2\/types\/post"}],"author":[{"embeddable":true,"href":"https:\/\/sulsc.com\/index.php\/wp-json\/wp\/v2\/users\/3"}],"replies":[{"embeddable":true,"href":"https:\/\/sulsc.com\/index.php\/wp-json\/wp\/v2\/comments?post=29911"}],"version-history":[{"count":2,"href":"https:\/\/sulsc.com\/index.php\/wp-json\/wp\/v2\/posts\/29911\/revisions"}],"predecessor-version":[{"id":29914,"href":"https:\/\/sulsc.com\/index.php\/wp-json\/wp\/v2\/posts\/29911\/revisions\/29914"}],"wp:featuredmedia":[{"embeddable":true,"href":"https:\/\/sulsc.com\/index.php\/wp-json\/wp\/v2\/media\/20036"}],"wp:attachment":[{"href":"https:\/\/sulsc.com\/index.php\/wp-json\/wp\/v2\/media?parent=29911"}],"wp:term":[{"taxonomy":"category","embeddable":true,"href":"https:\/\/sulsc.com\/index.php\/wp-json\/wp\/v2\/categories?post=29911"},{"taxonomy":"post_tag","embeddable":true,"href":"https:\/\/sulsc.com\/index.php\/wp-json\/wp\/v2\/tags?post=29911"}],"curies":[{"name":"wp","href":"https:\/\/api.w.org\/{rel}","templated":true}]}}