{"id":29915,"date":"2025-11-20T09:42:54","date_gmt":"2025-11-20T12:42:54","guid":{"rendered":"https:\/\/sulsc.com\/?p=29915"},"modified":"2025-11-20T09:42:54","modified_gmt":"2025-11-20T12:42:54","slug":"o-dia-nacional-de-zumbi-e-da-consciencia-negra","status":"publish","type":"post","link":"https:\/\/sulsc.com\/index.php\/2025\/11\/20\/o-dia-nacional-de-zumbi-e-da-consciencia-negra\/","title":{"rendered":"O Dia Nacional de Zumbi e da Consci\u00eancia Negra"},"content":{"rendered":"<p>O Dia da Consci\u00eancia Negra \u00e9 celebrado em 20 de novembro em todo o Brasil.\u00a0A partir de 2024, a data foi oficialmente institu\u00edda como feriado nacional, por meio de lei sancionada em dezembro de 2023 pelo presidente Luiz In\u00e1cio Lula da Silva.<\/p>\n<p>A escolha da data \u00e9 uma homenagem a Zumbi dos Palmares, o l\u00edder do Quilombo dos Palmares, que foi assassinado em 20 de novembro de 1695. Zumbi nasceu livre no estado de Pernambuco, mas foi escravizado ainda na inf\u00e2ncia, aos seis anos.<\/p>\n<div id=\"metaslider-id-25573\" style=\"width: 100%;\" class=\"ml-slider-3-99-0 metaslider metaslider-flex metaslider-25573 ml-slider has-onhover-arrows ms-theme-default-base has-dots-nav\" role=\"region\" aria-label=\"Meio\" data-width=\"1200\">\n    <div id=\"metaslider_container_25573\">\n        <div id=\"metaslider_25573\">\n            <ul class='slides'>\n                <li style=\"display: block; width: 100%;\" class=\"slide-25684 ms-image \" aria-roledescription=\"slide\" data-date=\"2025-07-24 07:55:40\"><img src=\"https:\/\/sulsc.com\/wp-content\/uploads\/2025\/07\/Marr-2-1000x166.jpg\" height=\"200\" width=\"1200\" alt=\"\" class=\"slider-25573 slide-25684 msDefaultImage\" title=\"Marr 2\" \/><\/li>\n                <li style=\"display: none; width: 100%;\" class=\"slide-32412 ms-image \" aria-roledescription=\"slide\" data-date=\"2026-02-18 13:59:46\"><img src=\"https:\/\/sulsc.com\/wp-content\/uploads\/2026\/02\/40dc1580-cad5-4867-bc58-c4243821ad38-1000x166.jpeg\" height=\"200\" width=\"1200\" alt=\"\" class=\"slider-25573 slide-32412 msDefaultImage\" title=\"40dc1580-cad5-4867-bc58-c4243821ad38\" \/><\/li>\n                <li style=\"display: none; width: 100%;\" class=\"slide-32766 ms-image \" aria-roledescription=\"slide\" data-date=\"2026-03-03 17:22:59\"><img src=\"https:\/\/sulsc.com\/wp-content\/uploads\/2026\/03\/271ce739-f268-41c5-8051-3de1a1750359-1000x166.jpeg\" height=\"200\" width=\"1200\" alt=\"\" class=\"slider-25573 slide-32766 msDefaultImage\" title=\"271ce739-f268-41c5-8051-3de1a1750359\" \/><\/li>\n            <\/ul>\n        <\/div>\n        \n    <\/div>\n<\/div>\n<p>Ele se tornou o s\u00edmbolo m\u00e1ximo da resist\u00eancia negra no per\u00edodo colonial brasileiro, liderando o Quilombo dos Palmares, localizado no atual estado de Alagoas.\u00a0Zumbi morreu em combate, defendendo sua comunidade e lutando contra o sistema escravocrata que s\u00f3 seria oficialmente abolido cerca de 193 anos depois, em 13 de maio de 1888.\u00a0Seu legado o transformou em um mito de luta entre os africanos escravizados.<\/p>\n<p>O Dia da Consci\u00eancia Negra tem como principal objetivo promover uma reflex\u00e3o sobre a import\u00e2ncia da popula\u00e7\u00e3o negra no desenvolvimento social, econ\u00f4mico e, principalmente, da identidade cultural brasileira.\u00a0O conceito de Consci\u00eancia Negra refere-se ao reconhecimento e ao sentimento que a popula\u00e7\u00e3o negra tem de sua hist\u00f3ria, heran\u00e7a cultural e do seu papel na sociedade, servindo como base para a luta cont\u00ednua contra a discrimina\u00e7\u00e3o e o racismo.<\/p>\n<p><img fetchpriority=\"high\" decoding=\"async\" class=\"aligncenter size-full wp-image-29916\" src=\"http:\/\/sulsc.com\/wp-content\/uploads\/2025\/11\/4405630.jpg\" alt=\"\" width=\"2000\" height=\"2000\" srcset=\"https:\/\/sulsc.com\/wp-content\/uploads\/2025\/11\/4405630.jpg 2000w, https:\/\/sulsc.com\/wp-content\/uploads\/2025\/11\/4405630-300x300.jpg 300w, https:\/\/sulsc.com\/wp-content\/uploads\/2025\/11\/4405630-1024x1024.jpg 1024w, https:\/\/sulsc.com\/wp-content\/uploads\/2025\/11\/4405630-150x150.jpg 150w, https:\/\/sulsc.com\/wp-content\/uploads\/2025\/11\/4405630-768x768.jpg 768w, https:\/\/sulsc.com\/wp-content\/uploads\/2025\/11\/4405630-1536x1536.jpg 1536w\" sizes=\"(max-width: 2000px) 100vw, 2000px\" \/><\/p>\n<p><strong>Quilombo dos Palmares<\/strong>: Sob a lideran\u00e7a de Zumbi, este quilombo formou uma resist\u00eancia ao sistema escravocrata, oferecendo um local onde negros escravizados recuperavam sua liberdade, praticavam a agricultura, o com\u00e9rcio com vilas pr\u00f3ximas e preservavam a cultura africana.<\/p>\n<p><strong>Oficializa\u00e7\u00e3o da Data<\/strong><br \/>\nO Dia Nacional de Zumbi e da Consci\u00eancia Negra foi estabelecido pela Lei n\u00ba 10.639 em 9 de janeiro de 2003. No entanto, foi apenas em 2011, com a san\u00e7\u00e3o da Lei 12.519\/2011 pela ent\u00e3o presidente Dilma Rousseff, que a data foi institu\u00edda e passou a ser feriado em diversos estados e munic\u00edpios.<\/p>\n<p><strong>Sancionado Feriado Nacional<\/strong><br \/>\nEm dezembro de 2023, o presidente Luiz In\u00e1cio Lula da Silva sancionou a lei que o tornou feriado nacional obrigat\u00f3rio, a ser celebrado anualmente em 20 de novembro.<\/p>\n","protected":false},"excerpt":{"rendered":"<p>O Dia da Consci\u00eancia Negra \u00e9 celebrado em 20 de novembro em todo o Brasil.\u00a0A partir de 2024, a data foi oficialmente institu\u00edda como feriado nacional, por meio de lei sancionada em dezembro de 2023 pelo presidente Luiz In\u00e1cio Lula da Silva. A escolha da data \u00e9 uma homenagem a Zumbi dos Palmares, o l\u00edder &hellip;<\/p>\n<p class=\"read-more\"> <a class=\"\" href=\"https:\/\/sulsc.com\/index.php\/2025\/11\/20\/o-dia-nacional-de-zumbi-e-da-consciencia-negra\/\"> <span class=\"screen-reader-text\">O Dia Nacional de Zumbi e da Consci\u00eancia Negra<\/span> Read More &raquo;<\/a><\/p>\n","protected":false},"author":3,"featured_media":29916,"comment_status":"open","ping_status":"open","sticky":false,"template":"","format":"standard","meta":{"site-sidebar-layout":"default","site-content-layout":"","ast-site-content-layout":"default","site-content-style":"default","site-sidebar-style":"default","ast-global-header-display":"","ast-banner-title-visibility":"","ast-main-header-display":"","ast-hfb-above-header-display":"","ast-hfb-below-header-display":"","ast-hfb-mobile-header-display":"","site-post-title":"","ast-breadcrumbs-content":"","ast-featured-img":"","footer-sml-layout":"","theme-transparent-header-meta":"default","adv-header-id-meta":"","stick-header-meta":"","header-above-stick-meta":"","header-main-stick-meta":"","header-below-stick-meta":"","astra-migrate-meta-layouts":"set","footnotes":""},"categories":[2354,2231,18,1,15,12],"tags":[2745],"yoast_head":"<!-- This site is optimized with the Yoast SEO plugin v21.4 - https:\/\/yoast.com\/wordpress\/plugins\/seo\/ -->\n<title>O Dia Nacional de Zumbi e da Consci\u00eancia Negra -<\/title>\n<meta name=\"robots\" content=\"index, follow, max-snippet:-1, max-image-preview:large, max-video-preview:-1\" \/>\n<link rel=\"canonical\" href=\"https:\/\/sulsc.com\/index.php\/2025\/11\/20\/o-dia-nacional-de-zumbi-e-da-consciencia-negra\/\" \/>\n<meta property=\"og:locale\" content=\"en_US\" \/>\n<meta property=\"og:type\" content=\"article\" \/>\n<meta property=\"og:title\" content=\"O Dia Nacional de Zumbi e da Consci\u00eancia Negra -\" \/>\n<meta property=\"og:description\" content=\"O Dia da Consci\u00eancia Negra \u00e9 celebrado em 20 de novembro em todo o Brasil.\u00a0A partir de 2024, a data foi oficialmente institu\u00edda como feriado nacional, por meio de lei sancionada em dezembro de 2023 pelo presidente Luiz In\u00e1cio Lula da Silva. A escolha da data \u00e9 uma homenagem a Zumbi dos Palmares, o l\u00edder &hellip; O Dia Nacional de Zumbi e da Consci\u00eancia Negra Read More &raquo;\" \/>\n<meta property=\"og:url\" content=\"https:\/\/sulsc.com\/index.php\/2025\/11\/20\/o-dia-nacional-de-zumbi-e-da-consciencia-negra\/\" \/>\n<meta property=\"article:author\" content=\"https:\/\/www.facebook.com\/profile.php?id=61559278119680\" \/>\n<meta property=\"article:published_time\" content=\"2025-11-20T12:42:54+00:00\" \/>\n<meta property=\"og:image\" content=\"http:\/\/sulsc.com\/wp-content\/uploads\/2025\/11\/4405630.jpg\" \/>\n\t<meta property=\"og:image:width\" content=\"2000\" \/>\n\t<meta property=\"og:image:height\" content=\"2000\" \/>\n\t<meta property=\"og:image:type\" content=\"image\/jpeg\" \/>\n<meta name=\"author\" content=\"Reda\u00e7\u00e3o Sul SC\" \/>\n<meta name=\"twitter:card\" content=\"summary_large_image\" \/>\n<meta name=\"twitter:creator\" content=\"@https:\/\/twitter.com\/PortalSulSC\" \/>\n<meta name=\"twitter:label1\" content=\"Written by\" \/>\n\t<meta name=\"twitter:data1\" content=\"Reda\u00e7\u00e3o Sul SC\" \/>\n\t<meta name=\"twitter:label2\" content=\"Est. reading time\" \/>\n\t<meta name=\"twitter:data2\" content=\"2 minutes\" \/>\n<script type=\"application\/ld+json\" class=\"yoast-schema-graph\">{\"@context\":\"https:\/\/schema.org\",\"@graph\":[{\"@type\":\"WebPage\",\"@id\":\"https:\/\/sulsc.com\/index.php\/2025\/11\/20\/o-dia-nacional-de-zumbi-e-da-consciencia-negra\/\",\"url\":\"https:\/\/sulsc.com\/index.php\/2025\/11\/20\/o-dia-nacional-de-zumbi-e-da-consciencia-negra\/\",\"name\":\"O Dia Nacional de Zumbi e da Consci\u00eancia Negra -\",\"isPartOf\":{\"@id\":\"https:\/\/sulsc.com\/#website\"},\"datePublished\":\"2025-11-20T12:42:54+00:00\",\"dateModified\":\"2025-11-20T12:42:54+00:00\",\"author\":{\"@id\":\"https:\/\/sulsc.com\/#\/schema\/person\/84d2fc571684f6248ba83092f07750a3\"},\"breadcrumb\":{\"@id\":\"https:\/\/sulsc.com\/index.php\/2025\/11\/20\/o-dia-nacional-de-zumbi-e-da-consciencia-negra\/#breadcrumb\"},\"inLanguage\":\"en-US\",\"potentialAction\":[{\"@type\":\"ReadAction\",\"target\":[\"https:\/\/sulsc.com\/index.php\/2025\/11\/20\/o-dia-nacional-de-zumbi-e-da-consciencia-negra\/\"]}]},{\"@type\":\"BreadcrumbList\",\"@id\":\"https:\/\/sulsc.com\/index.php\/2025\/11\/20\/o-dia-nacional-de-zumbi-e-da-consciencia-negra\/#breadcrumb\",\"itemListElement\":[{\"@type\":\"ListItem\",\"position\":1,\"name\":\"In\u00edcio\",\"item\":\"https:\/\/sulsc.com\/\"},{\"@type\":\"ListItem\",\"position\":2,\"name\":\"O Dia Nacional de Zumbi e da Consci\u00eancia Negra\"}]},{\"@type\":\"WebSite\",\"@id\":\"https:\/\/sulsc.com\/#website\",\"url\":\"https:\/\/sulsc.com\/\",\"name\":\"\",\"description\":\"\",\"potentialAction\":[{\"@type\":\"SearchAction\",\"target\":{\"@type\":\"EntryPoint\",\"urlTemplate\":\"https:\/\/sulsc.com\/?s={search_term_string}\"},\"query-input\":\"required name=search_term_string\"}],\"inLanguage\":\"en-US\"},{\"@type\":\"Person\",\"@id\":\"https:\/\/sulsc.com\/#\/schema\/person\/84d2fc571684f6248ba83092f07750a3\",\"name\":\"Reda\u00e7\u00e3o Sul SC\",\"image\":{\"@type\":\"ImageObject\",\"inLanguage\":\"en-US\",\"@id\":\"https:\/\/sulsc.com\/#\/schema\/person\/image\/e08d7fe2cc4ed596372063bbe852b8d0\",\"url\":\"https:\/\/sulsc.com\/wp-content\/uploads\/2023\/09\/redacao.png\",\"contentUrl\":\"https:\/\/sulsc.com\/wp-content\/uploads\/2023\/09\/redacao.png\",\"caption\":\"Reda\u00e7\u00e3o Sul SC\"},\"description\":\"Foco em um jornalismo imparcial, voltado \u00e0 qualidade dos seus conte\u00fados e, assim, levar informa\u00e7\u00e3o de valor que agregue \u00e0 vida dos leitores. Esta \u00e9 grande miss\u00e3o do Portal de Not\u00edcias Sul SC. N\u00e3o \u00e9 quantidade que muda o mundo, sempre foi e seguir\u00e1 sendo qualidade!\",\"sameAs\":[\"https:\/\/sulsc.com\/\",\"https:\/\/www.facebook.com\/profile.php?id=61559278119680\",\"https:\/\/www.instagram.com\/sulscportal\/?hl=pt-br\",\"https:\/\/twitter.com\/https:\/\/twitter.com\/PortalSulSC\",\"https:\/\/www.youtube.com\/channel\/UCv_BE8GeySluDov2n8qhVmw\"],\"url\":\"https:\/\/sulsc.com\/index.php\/author\/redacao\/\"}]}<\/script>\n<!-- \/ Yoast SEO plugin. -->","yoast_head_json":{"title":"O Dia Nacional de Zumbi e da Consci\u00eancia Negra -","robots":{"index":"index","follow":"follow","max-snippet":"max-snippet:-1","max-image-preview":"max-image-preview:large","max-video-preview":"max-video-preview:-1"},"canonical":"https:\/\/sulsc.com\/index.php\/2025\/11\/20\/o-dia-nacional-de-zumbi-e-da-consciencia-negra\/","og_locale":"en_US","og_type":"article","og_title":"O Dia Nacional de Zumbi e da Consci\u00eancia Negra -","og_description":"O Dia da Consci\u00eancia Negra \u00e9 celebrado em 20 de novembro em todo o Brasil.\u00a0A partir de 2024, a data foi oficialmente institu\u00edda como feriado nacional, por meio de lei sancionada em dezembro de 2023 pelo presidente Luiz In\u00e1cio Lula da Silva. A escolha da data \u00e9 uma homenagem a Zumbi dos Palmares, o l\u00edder &hellip; O Dia Nacional de Zumbi e da Consci\u00eancia Negra Read More &raquo;","og_url":"https:\/\/sulsc.com\/index.php\/2025\/11\/20\/o-dia-nacional-de-zumbi-e-da-consciencia-negra\/","article_author":"https:\/\/www.facebook.com\/profile.php?id=61559278119680","article_published_time":"2025-11-20T12:42:54+00:00","og_image":[{"width":2000,"height":2000,"url":"http:\/\/sulsc.com\/wp-content\/uploads\/2025\/11\/4405630.jpg","type":"image\/jpeg"}],"author":"Reda\u00e7\u00e3o Sul SC","twitter_card":"summary_large_image","twitter_creator":"@https:\/\/twitter.com\/PortalSulSC","twitter_misc":{"Written by":"Reda\u00e7\u00e3o Sul SC","Est. reading time":"2 minutes"},"schema":{"@context":"https:\/\/schema.org","@graph":[{"@type":"WebPage","@id":"https:\/\/sulsc.com\/index.php\/2025\/11\/20\/o-dia-nacional-de-zumbi-e-da-consciencia-negra\/","url":"https:\/\/sulsc.com\/index.php\/2025\/11\/20\/o-dia-nacional-de-zumbi-e-da-consciencia-negra\/","name":"O Dia Nacional de Zumbi e da Consci\u00eancia Negra -","isPartOf":{"@id":"https:\/\/sulsc.com\/#website"},"datePublished":"2025-11-20T12:42:54+00:00","dateModified":"2025-11-20T12:42:54+00:00","author":{"@id":"https:\/\/sulsc.com\/#\/schema\/person\/84d2fc571684f6248ba83092f07750a3"},"breadcrumb":{"@id":"https:\/\/sulsc.com\/index.php\/2025\/11\/20\/o-dia-nacional-de-zumbi-e-da-consciencia-negra\/#breadcrumb"},"inLanguage":"en-US","potentialAction":[{"@type":"ReadAction","target":["https:\/\/sulsc.com\/index.php\/2025\/11\/20\/o-dia-nacional-de-zumbi-e-da-consciencia-negra\/"]}]},{"@type":"BreadcrumbList","@id":"https:\/\/sulsc.com\/index.php\/2025\/11\/20\/o-dia-nacional-de-zumbi-e-da-consciencia-negra\/#breadcrumb","itemListElement":[{"@type":"ListItem","position":1,"name":"In\u00edcio","item":"https:\/\/sulsc.com\/"},{"@type":"ListItem","position":2,"name":"O Dia Nacional de Zumbi e da Consci\u00eancia Negra"}]},{"@type":"WebSite","@id":"https:\/\/sulsc.com\/#website","url":"https:\/\/sulsc.com\/","name":"","description":"","potentialAction":[{"@type":"SearchAction","target":{"@type":"EntryPoint","urlTemplate":"https:\/\/sulsc.com\/?s={search_term_string}"},"query-input":"required name=search_term_string"}],"inLanguage":"en-US"},{"@type":"Person","@id":"https:\/\/sulsc.com\/#\/schema\/person\/84d2fc571684f6248ba83092f07750a3","name":"Reda\u00e7\u00e3o Sul SC","image":{"@type":"ImageObject","inLanguage":"en-US","@id":"https:\/\/sulsc.com\/#\/schema\/person\/image\/e08d7fe2cc4ed596372063bbe852b8d0","url":"https:\/\/sulsc.com\/wp-content\/uploads\/2023\/09\/redacao.png","contentUrl":"https:\/\/sulsc.com\/wp-content\/uploads\/2023\/09\/redacao.png","caption":"Reda\u00e7\u00e3o Sul SC"},"description":"Foco em um jornalismo imparcial, voltado \u00e0 qualidade dos seus conte\u00fados e, assim, levar informa\u00e7\u00e3o de valor que agregue \u00e0 vida dos leitores. Esta \u00e9 grande miss\u00e3o do Portal de Not\u00edcias Sul SC. N\u00e3o \u00e9 quantidade que muda o mundo, sempre foi e seguir\u00e1 sendo qualidade!","sameAs":["https:\/\/sulsc.com\/","https:\/\/www.facebook.com\/profile.php?id=61559278119680","https:\/\/www.instagram.com\/sulscportal\/?hl=pt-br","https:\/\/twitter.com\/https:\/\/twitter.com\/PortalSulSC","https:\/\/www.youtube.com\/channel\/UCv_BE8GeySluDov2n8qhVmw"],"url":"https:\/\/sulsc.com\/index.php\/author\/redacao\/"}]}},"authors":[],"_links":{"self":[{"href":"https:\/\/sulsc.com\/index.php\/wp-json\/wp\/v2\/posts\/29915"}],"collection":[{"href":"https:\/\/sulsc.com\/index.php\/wp-json\/wp\/v2\/posts"}],"about":[{"href":"https:\/\/sulsc.com\/index.php\/wp-json\/wp\/v2\/types\/post"}],"author":[{"embeddable":true,"href":"https:\/\/sulsc.com\/index.php\/wp-json\/wp\/v2\/users\/3"}],"replies":[{"embeddable":true,"href":"https:\/\/sulsc.com\/index.php\/wp-json\/wp\/v2\/comments?post=29915"}],"version-history":[{"count":1,"href":"https:\/\/sulsc.com\/index.php\/wp-json\/wp\/v2\/posts\/29915\/revisions"}],"predecessor-version":[{"id":29917,"href":"https:\/\/sulsc.com\/index.php\/wp-json\/wp\/v2\/posts\/29915\/revisions\/29917"}],"wp:featuredmedia":[{"embeddable":true,"href":"https:\/\/sulsc.com\/index.php\/wp-json\/wp\/v2\/media\/29916"}],"wp:attachment":[{"href":"https:\/\/sulsc.com\/index.php\/wp-json\/wp\/v2\/media?parent=29915"}],"wp:term":[{"taxonomy":"category","embeddable":true,"href":"https:\/\/sulsc.com\/index.php\/wp-json\/wp\/v2\/categories?post=29915"},{"taxonomy":"post_tag","embeddable":true,"href":"https:\/\/sulsc.com\/index.php\/wp-json\/wp\/v2\/tags?post=29915"}],"curies":[{"name":"wp","href":"https:\/\/api.w.org\/{rel}","templated":true}]}}