{"id":29925,"date":"2025-11-21T07:53:22","date_gmt":"2025-11-21T10:53:22","guid":{"rendered":"https:\/\/sulsc.com\/?p=29925"},"modified":"2025-11-21T08:01:41","modified_gmt":"2025-11-21T11:01:41","slug":"sexta-feira-21-de-tempo-firme-e-maximas-passando-dos-30oc","status":"publish","type":"post","link":"https:\/\/sulsc.com\/index.php\/2025\/11\/21\/sexta-feira-21-de-tempo-firme-e-maximas-passando-dos-30oc\/","title":{"rendered":"Sexta-feira (21) de tempo firme e m\u00e1ximas passando dos 30\u00baC"},"content":{"rendered":"<p>Nesta sexta-feira (21), o tempo se mant\u00e9m firme em todo o estado de Santa Catarina. O sistema de alta press\u00e3o se afasta para o oceano, favorecendo o aumento das temperaturas em todas as regi\u00f5es.<\/p>\n<p><strong>Temperaturas<\/strong><\/p>\n<p>As m\u00e1ximas alcan\u00e7am valores entre 30\u00b0C e 32\u00b0C no Grande Oeste e no Litoral Sul, as demais regi\u00f5es registram m\u00e1ximas que oscilam entre 28\u00b0C e 30\u00b0C.<\/p>\n<p><img fetchpriority=\"high\" decoding=\"async\" class=\"aligncenter size-full wp-image-29926\" src=\"http:\/\/sulsc.com\/wp-content\/uploads\/2025\/11\/image-271-1024x697-1.png\" alt=\"\" width=\"1024\" height=\"697\" srcset=\"https:\/\/sulsc.com\/wp-content\/uploads\/2025\/11\/image-271-1024x697-1.png 1024w, https:\/\/sulsc.com\/wp-content\/uploads\/2025\/11\/image-271-1024x697-1-300x204.png 300w, https:\/\/sulsc.com\/wp-content\/uploads\/2025\/11\/image-271-1024x697-1-768x523.png 768w\" sizes=\"(max-width: 1024px) 100vw, 1024px\" \/><\/p>\n<p><img decoding=\"async\" class=\"aligncenter size-full wp-image-22836\" src=\"http:\/\/sulsc.com\/wp-content\/uploads\/2025\/04\/Tempo-2.png\" alt=\"\" width=\"1024\" height=\"189\" srcset=\"https:\/\/sulsc.com\/wp-content\/uploads\/2025\/04\/Tempo-2.png 1024w, https:\/\/sulsc.com\/wp-content\/uploads\/2025\/04\/Tempo-2-300x55.png 300w, https:\/\/sulsc.com\/wp-content\/uploads\/2025\/04\/Tempo-2-768x142.png 768w\" sizes=\"(max-width: 1024px) 100vw, 1024px\" \/><\/p>\n<p><strong>Condi\u00e7\u00f5es mar\u00edtimas<\/strong><\/p>\n<p>O dia inicia com ondas entre 2 e 2,5 m no Litoral Sul, com mar pouco agitado, diminuindo ao longo do dia. Nas demais \u00e1reas do litoral, mar calmo, com ondas n\u00e3o passando de 1,5 m.<\/p>\n<p><strong>Ventos:<\/strong> nordeste a noroeste, fraco a moderado, com rajadas.<\/p>\n<p><strong>Sistema predominante:<\/strong> massa de ar seco e quente em SC.<\/p>\n<p><strong>Amanh\u00e3 S\u00e1bado (22),<\/strong> o tempo ser\u00e1 de sol ainda aparece e faz calor em SC. No decorrer do dia, as nuvens aumentam com condi\u00e7\u00f5es de chuva isolada no oeste e sul do estado, atingindo as demais regi\u00f5es na tarde e noite com a chegada de uma frente fria. Risco de temporais isolados no estado a partir da tarde. Temperaturas n\u00e3o sobem muito por causa da cobertura de nuvens, mas a sensa\u00e7\u00e3o ser\u00e1 de ar abafado, diminuindo mais no fim do dia. Ventos, nordeste a sudeste, fraco a moderado, com rajadas associadas a temporais.<\/p>\n<p>Fonte: Defesa Civil-SC\/Epagri-Ciram<\/p>\n","protected":false},"excerpt":{"rendered":"<p>Nesta sexta-feira (21), o tempo se mant\u00e9m firme em todo o estado de Santa Catarina. O sistema de alta press\u00e3o se afasta para o oceano, favorecendo o aumento das temperaturas em todas as regi\u00f5es. Temperaturas As m\u00e1ximas alcan\u00e7am valores entre 30\u00b0C e 32\u00b0C no Grande Oeste e no Litoral Sul, as demais regi\u00f5es registram m\u00e1ximas &hellip;<\/p>\n<p class=\"read-more\"> <a class=\"\" href=\"https:\/\/sulsc.com\/index.php\/2025\/11\/21\/sexta-feira-21-de-tempo-firme-e-maximas-passando-dos-30oc\/\"> <span class=\"screen-reader-text\">Sexta-feira (21) de tempo firme e m\u00e1ximas passando dos 30\u00baC<\/span> Read More &raquo;<\/a><\/p>\n","protected":false},"author":3,"featured_media":16995,"comment_status":"open","ping_status":"open","sticky":false,"template":"","format":"standard","meta":{"site-sidebar-layout":"default","site-content-layout":"","ast-site-content-layout":"default","site-content-style":"default","site-sidebar-style":"default","ast-global-header-display":"","ast-banner-title-visibility":"","ast-main-header-display":"","ast-hfb-above-header-display":"","ast-hfb-below-header-display":"","ast-hfb-mobile-header-display":"","site-post-title":"","ast-breadcrumbs-content":"","ast-featured-img":"","footer-sml-layout":"","theme-transparent-header-meta":"default","adv-header-id-meta":"","stick-header-meta":"","header-above-stick-meta":"","header-main-stick-meta":"","header-below-stick-meta":"","astra-migrate-meta-layouts":"set","footnotes":""},"categories":[2354,2231,1,38,12],"tags":[89],"yoast_head":"<!-- This site is optimized with the Yoast SEO plugin v21.4 - https:\/\/yoast.com\/wordpress\/plugins\/seo\/ -->\n<title>Sexta-feira (21) de tempo firme e m\u00e1ximas passando dos 30\u00baC -<\/title>\n<meta name=\"robots\" content=\"index, follow, max-snippet:-1, max-image-preview:large, max-video-preview:-1\" \/>\n<link rel=\"canonical\" href=\"https:\/\/sulsc.com\/index.php\/2025\/11\/21\/sexta-feira-21-de-tempo-firme-e-maximas-passando-dos-30oc\/\" \/>\n<meta property=\"og:locale\" content=\"en_US\" \/>\n<meta property=\"og:type\" content=\"article\" \/>\n<meta property=\"og:title\" content=\"Sexta-feira (21) de tempo firme e m\u00e1ximas passando dos 30\u00baC -\" \/>\n<meta property=\"og:description\" content=\"Nesta sexta-feira (21), o tempo se mant\u00e9m firme em todo o estado de Santa Catarina. O sistema de alta press\u00e3o se afasta para o oceano, favorecendo o aumento das temperaturas em todas as regi\u00f5es. Temperaturas As m\u00e1ximas alcan\u00e7am valores entre 30\u00b0C e 32\u00b0C no Grande Oeste e no Litoral Sul, as demais regi\u00f5es registram m\u00e1ximas &hellip; Sexta-feira (21) de tempo firme e m\u00e1ximas passando dos 30\u00baC Read More &raquo;\" \/>\n<meta property=\"og:url\" content=\"https:\/\/sulsc.com\/index.php\/2025\/11\/21\/sexta-feira-21-de-tempo-firme-e-maximas-passando-dos-30oc\/\" \/>\n<meta property=\"article:author\" content=\"https:\/\/www.facebook.com\/profile.php?id=61559278119680\" \/>\n<meta property=\"article:published_time\" content=\"2025-11-21T10:53:22+00:00\" \/>\n<meta property=\"article:modified_time\" content=\"2025-11-21T11:01:41+00:00\" \/>\n<meta property=\"og:image\" content=\"https:\/\/sulsc.com\/wp-content\/uploads\/2024\/11\/Tempo-1-e1754044562783.jpg\" \/>\n\t<meta property=\"og:image:width\" content=\"893\" \/>\n\t<meta property=\"og:image:height\" content=\"754\" \/>\n\t<meta property=\"og:image:type\" content=\"image\/jpeg\" \/>\n<meta name=\"author\" content=\"Reda\u00e7\u00e3o Sul SC\" \/>\n<meta name=\"twitter:card\" content=\"summary_large_image\" \/>\n<meta name=\"twitter:creator\" content=\"@https:\/\/twitter.com\/PortalSulSC\" \/>\n<meta name=\"twitter:label1\" content=\"Written by\" \/>\n\t<meta name=\"twitter:data1\" content=\"Reda\u00e7\u00e3o Sul SC\" \/>\n\t<meta name=\"twitter:label2\" content=\"Est. reading time\" \/>\n\t<meta name=\"twitter:data2\" content=\"2 minutes\" \/>\n<script type=\"application\/ld+json\" class=\"yoast-schema-graph\">{\"@context\":\"https:\/\/schema.org\",\"@graph\":[{\"@type\":\"WebPage\",\"@id\":\"https:\/\/sulsc.com\/index.php\/2025\/11\/21\/sexta-feira-21-de-tempo-firme-e-maximas-passando-dos-30oc\/\",\"url\":\"https:\/\/sulsc.com\/index.php\/2025\/11\/21\/sexta-feira-21-de-tempo-firme-e-maximas-passando-dos-30oc\/\",\"name\":\"Sexta-feira (21) de tempo firme e m\u00e1ximas passando dos 30\u00baC -\",\"isPartOf\":{\"@id\":\"https:\/\/sulsc.com\/#website\"},\"datePublished\":\"2025-11-21T10:53:22+00:00\",\"dateModified\":\"2025-11-21T11:01:41+00:00\",\"author\":{\"@id\":\"https:\/\/sulsc.com\/#\/schema\/person\/84d2fc571684f6248ba83092f07750a3\"},\"breadcrumb\":{\"@id\":\"https:\/\/sulsc.com\/index.php\/2025\/11\/21\/sexta-feira-21-de-tempo-firme-e-maximas-passando-dos-30oc\/#breadcrumb\"},\"inLanguage\":\"en-US\",\"potentialAction\":[{\"@type\":\"ReadAction\",\"target\":[\"https:\/\/sulsc.com\/index.php\/2025\/11\/21\/sexta-feira-21-de-tempo-firme-e-maximas-passando-dos-30oc\/\"]}]},{\"@type\":\"BreadcrumbList\",\"@id\":\"https:\/\/sulsc.com\/index.php\/2025\/11\/21\/sexta-feira-21-de-tempo-firme-e-maximas-passando-dos-30oc\/#breadcrumb\",\"itemListElement\":[{\"@type\":\"ListItem\",\"position\":1,\"name\":\"In\u00edcio\",\"item\":\"https:\/\/sulsc.com\/\"},{\"@type\":\"ListItem\",\"position\":2,\"name\":\"Sexta-feira (21) de tempo firme e m\u00e1ximas passando dos 30\u00baC\"}]},{\"@type\":\"WebSite\",\"@id\":\"https:\/\/sulsc.com\/#website\",\"url\":\"https:\/\/sulsc.com\/\",\"name\":\"\",\"description\":\"\",\"potentialAction\":[{\"@type\":\"SearchAction\",\"target\":{\"@type\":\"EntryPoint\",\"urlTemplate\":\"https:\/\/sulsc.com\/?s={search_term_string}\"},\"query-input\":\"required name=search_term_string\"}],\"inLanguage\":\"en-US\"},{\"@type\":\"Person\",\"@id\":\"https:\/\/sulsc.com\/#\/schema\/person\/84d2fc571684f6248ba83092f07750a3\",\"name\":\"Reda\u00e7\u00e3o Sul SC\",\"image\":{\"@type\":\"ImageObject\",\"inLanguage\":\"en-US\",\"@id\":\"https:\/\/sulsc.com\/#\/schema\/person\/image\/e08d7fe2cc4ed596372063bbe852b8d0\",\"url\":\"https:\/\/sulsc.com\/wp-content\/uploads\/2023\/09\/redacao.png\",\"contentUrl\":\"https:\/\/sulsc.com\/wp-content\/uploads\/2023\/09\/redacao.png\",\"caption\":\"Reda\u00e7\u00e3o Sul SC\"},\"description\":\"Foco em um jornalismo imparcial, voltado \u00e0 qualidade dos seus conte\u00fados e, assim, levar informa\u00e7\u00e3o de valor que agregue \u00e0 vida dos leitores. Esta \u00e9 grande miss\u00e3o do Portal de Not\u00edcias Sul SC. N\u00e3o \u00e9 quantidade que muda o mundo, sempre foi e seguir\u00e1 sendo qualidade!\",\"sameAs\":[\"https:\/\/sulsc.com\/\",\"https:\/\/www.facebook.com\/profile.php?id=61559278119680\",\"https:\/\/www.instagram.com\/sulscportal\/?hl=pt-br\",\"https:\/\/twitter.com\/https:\/\/twitter.com\/PortalSulSC\",\"https:\/\/www.youtube.com\/channel\/UCv_BE8GeySluDov2n8qhVmw\"],\"url\":\"https:\/\/sulsc.com\/index.php\/author\/redacao\/\"}]}<\/script>\n<!-- \/ Yoast SEO plugin. -->","yoast_head_json":{"title":"Sexta-feira (21) de tempo firme e m\u00e1ximas passando dos 30\u00baC -","robots":{"index":"index","follow":"follow","max-snippet":"max-snippet:-1","max-image-preview":"max-image-preview:large","max-video-preview":"max-video-preview:-1"},"canonical":"https:\/\/sulsc.com\/index.php\/2025\/11\/21\/sexta-feira-21-de-tempo-firme-e-maximas-passando-dos-30oc\/","og_locale":"en_US","og_type":"article","og_title":"Sexta-feira (21) de tempo firme e m\u00e1ximas passando dos 30\u00baC -","og_description":"Nesta sexta-feira (21), o tempo se mant\u00e9m firme em todo o estado de Santa Catarina. O sistema de alta press\u00e3o se afasta para o oceano, favorecendo o aumento das temperaturas em todas as regi\u00f5es. Temperaturas As m\u00e1ximas alcan\u00e7am valores entre 30\u00b0C e 32\u00b0C no Grande Oeste e no Litoral Sul, as demais regi\u00f5es registram m\u00e1ximas &hellip; Sexta-feira (21) de tempo firme e m\u00e1ximas passando dos 30\u00baC Read More &raquo;","og_url":"https:\/\/sulsc.com\/index.php\/2025\/11\/21\/sexta-feira-21-de-tempo-firme-e-maximas-passando-dos-30oc\/","article_author":"https:\/\/www.facebook.com\/profile.php?id=61559278119680","article_published_time":"2025-11-21T10:53:22+00:00","article_modified_time":"2025-11-21T11:01:41+00:00","og_image":[{"width":893,"height":754,"url":"https:\/\/sulsc.com\/wp-content\/uploads\/2024\/11\/Tempo-1-e1754044562783.jpg","type":"image\/jpeg"}],"author":"Reda\u00e7\u00e3o Sul SC","twitter_card":"summary_large_image","twitter_creator":"@https:\/\/twitter.com\/PortalSulSC","twitter_misc":{"Written by":"Reda\u00e7\u00e3o Sul SC","Est. reading time":"2 minutes"},"schema":{"@context":"https:\/\/schema.org","@graph":[{"@type":"WebPage","@id":"https:\/\/sulsc.com\/index.php\/2025\/11\/21\/sexta-feira-21-de-tempo-firme-e-maximas-passando-dos-30oc\/","url":"https:\/\/sulsc.com\/index.php\/2025\/11\/21\/sexta-feira-21-de-tempo-firme-e-maximas-passando-dos-30oc\/","name":"Sexta-feira (21) de tempo firme e m\u00e1ximas passando dos 30\u00baC -","isPartOf":{"@id":"https:\/\/sulsc.com\/#website"},"datePublished":"2025-11-21T10:53:22+00:00","dateModified":"2025-11-21T11:01:41+00:00","author":{"@id":"https:\/\/sulsc.com\/#\/schema\/person\/84d2fc571684f6248ba83092f07750a3"},"breadcrumb":{"@id":"https:\/\/sulsc.com\/index.php\/2025\/11\/21\/sexta-feira-21-de-tempo-firme-e-maximas-passando-dos-30oc\/#breadcrumb"},"inLanguage":"en-US","potentialAction":[{"@type":"ReadAction","target":["https:\/\/sulsc.com\/index.php\/2025\/11\/21\/sexta-feira-21-de-tempo-firme-e-maximas-passando-dos-30oc\/"]}]},{"@type":"BreadcrumbList","@id":"https:\/\/sulsc.com\/index.php\/2025\/11\/21\/sexta-feira-21-de-tempo-firme-e-maximas-passando-dos-30oc\/#breadcrumb","itemListElement":[{"@type":"ListItem","position":1,"name":"In\u00edcio","item":"https:\/\/sulsc.com\/"},{"@type":"ListItem","position":2,"name":"Sexta-feira (21) de tempo firme e m\u00e1ximas passando dos 30\u00baC"}]},{"@type":"WebSite","@id":"https:\/\/sulsc.com\/#website","url":"https:\/\/sulsc.com\/","name":"","description":"","potentialAction":[{"@type":"SearchAction","target":{"@type":"EntryPoint","urlTemplate":"https:\/\/sulsc.com\/?s={search_term_string}"},"query-input":"required name=search_term_string"}],"inLanguage":"en-US"},{"@type":"Person","@id":"https:\/\/sulsc.com\/#\/schema\/person\/84d2fc571684f6248ba83092f07750a3","name":"Reda\u00e7\u00e3o Sul SC","image":{"@type":"ImageObject","inLanguage":"en-US","@id":"https:\/\/sulsc.com\/#\/schema\/person\/image\/e08d7fe2cc4ed596372063bbe852b8d0","url":"https:\/\/sulsc.com\/wp-content\/uploads\/2023\/09\/redacao.png","contentUrl":"https:\/\/sulsc.com\/wp-content\/uploads\/2023\/09\/redacao.png","caption":"Reda\u00e7\u00e3o Sul SC"},"description":"Foco em um jornalismo imparcial, voltado \u00e0 qualidade dos seus conte\u00fados e, assim, levar informa\u00e7\u00e3o de valor que agregue \u00e0 vida dos leitores. Esta \u00e9 grande miss\u00e3o do Portal de Not\u00edcias Sul SC. N\u00e3o \u00e9 quantidade que muda o mundo, sempre foi e seguir\u00e1 sendo qualidade!","sameAs":["https:\/\/sulsc.com\/","https:\/\/www.facebook.com\/profile.php?id=61559278119680","https:\/\/www.instagram.com\/sulscportal\/?hl=pt-br","https:\/\/twitter.com\/https:\/\/twitter.com\/PortalSulSC","https:\/\/www.youtube.com\/channel\/UCv_BE8GeySluDov2n8qhVmw"],"url":"https:\/\/sulsc.com\/index.php\/author\/redacao\/"}]}},"authors":[],"_links":{"self":[{"href":"https:\/\/sulsc.com\/index.php\/wp-json\/wp\/v2\/posts\/29925"}],"collection":[{"href":"https:\/\/sulsc.com\/index.php\/wp-json\/wp\/v2\/posts"}],"about":[{"href":"https:\/\/sulsc.com\/index.php\/wp-json\/wp\/v2\/types\/post"}],"author":[{"embeddable":true,"href":"https:\/\/sulsc.com\/index.php\/wp-json\/wp\/v2\/users\/3"}],"replies":[{"embeddable":true,"href":"https:\/\/sulsc.com\/index.php\/wp-json\/wp\/v2\/comments?post=29925"}],"version-history":[{"count":2,"href":"https:\/\/sulsc.com\/index.php\/wp-json\/wp\/v2\/posts\/29925\/revisions"}],"predecessor-version":[{"id":29929,"href":"https:\/\/sulsc.com\/index.php\/wp-json\/wp\/v2\/posts\/29925\/revisions\/29929"}],"wp:featuredmedia":[{"embeddable":true,"href":"https:\/\/sulsc.com\/index.php\/wp-json\/wp\/v2\/media\/16995"}],"wp:attachment":[{"href":"https:\/\/sulsc.com\/index.php\/wp-json\/wp\/v2\/media?parent=29925"}],"wp:term":[{"taxonomy":"category","embeddable":true,"href":"https:\/\/sulsc.com\/index.php\/wp-json\/wp\/v2\/categories?post=29925"},{"taxonomy":"post_tag","embeddable":true,"href":"https:\/\/sulsc.com\/index.php\/wp-json\/wp\/v2\/tags?post=29925"}],"curies":[{"name":"wp","href":"https:\/\/api.w.org\/{rel}","templated":true}]}}