{"id":29928,"date":"2025-11-21T08:05:19","date_gmt":"2025-11-21T11:05:19","guid":{"rendered":"https:\/\/sulsc.com\/?p=29928"},"modified":"2025-11-21T08:05:19","modified_gmt":"2025-11-21T11:05:19","slug":"veiculo-roubado-na-capital-e-recuperado-no-mesmo-dia-em-pescaria-brava","status":"publish","type":"post","link":"https:\/\/sulsc.com\/index.php\/2025\/11\/21\/veiculo-roubado-na-capital-e-recuperado-no-mesmo-dia-em-pescaria-brava\/","title":{"rendered":"Ve\u00edculo roubado na capital \u00e9 recuperado no mesmo dia em Pescaria Brava"},"content":{"rendered":"<p>Na tarde desta quinta-feira (20), \u00e0s 17h20, a Pol\u00edcia Militar foi acionada para investigar a presen\u00e7a de um ve\u00edculo suspeito que havia sido tomado de assalto em Florian\u00f3polis. O carro, monitorado enquanto seguia em alta velocidade pela BR-101 em dire\u00e7\u00e3o ao sul, onde foi localizado nas proximidades de um posto de combust\u00edveis em Pescaria Brava.<\/p>\n<div id=\"metaslider-id-25573\" style=\"width: 100%;\" class=\"ml-slider-3-99-0 metaslider metaslider-flex metaslider-25573 ml-slider has-onhover-arrows ms-theme-default-base has-dots-nav\" role=\"region\" aria-label=\"Meio\" data-width=\"1200\">\n    <div id=\"metaslider_container_25573\">\n        <div id=\"metaslider_25573\">\n            <ul class='slides'>\n                <li style=\"display: block; width: 100%;\" class=\"slide-25684 ms-image \" aria-roledescription=\"slide\" data-date=\"2025-07-24 07:55:40\"><img src=\"https:\/\/sulsc.com\/wp-content\/uploads\/2025\/07\/Marr-2-1000x166.jpg\" height=\"200\" width=\"1200\" alt=\"\" class=\"slider-25573 slide-25684 msDefaultImage\" title=\"Marr 2\" \/><\/li>\n                <li style=\"display: none; width: 100%;\" class=\"slide-32412 ms-image \" aria-roledescription=\"slide\" data-date=\"2026-02-18 13:59:46\"><img src=\"https:\/\/sulsc.com\/wp-content\/uploads\/2026\/02\/40dc1580-cad5-4867-bc58-c4243821ad38-1000x166.jpeg\" height=\"200\" width=\"1200\" alt=\"\" class=\"slider-25573 slide-32412 msDefaultImage\" title=\"40dc1580-cad5-4867-bc58-c4243821ad38\" \/><\/li>\n                <li style=\"display: none; width: 100%;\" class=\"slide-32766 ms-image \" aria-roledescription=\"slide\" data-date=\"2026-03-03 17:22:59\"><img src=\"https:\/\/sulsc.com\/wp-content\/uploads\/2026\/03\/271ce739-f268-41c5-8051-3de1a1750359-1000x166.jpeg\" height=\"200\" width=\"1200\" alt=\"\" class=\"slider-25573 slide-32766 msDefaultImage\" title=\"271ce739-f268-41c5-8051-3de1a1750359\" \/><\/li>\n            <\/ul>\n        <\/div>\n        \n    <\/div>\n<\/div>\n<p>Com o apoio da Pol\u00edcia Rodovi\u00e1ria Federal e guarni\u00e7\u00f5es de intelig\u00eancia, a PM abordou o ve\u00edculo e tamb\u00e9m uma motocicleta com dois homens. Um deles, de 26 anos, apresentava caracter\u00edsticas do autor do roubo. Durante a revista, foram encontrados tr\u00eas celulares, entre eles um que estava sendo rastreado e pertencia \u00e0 v\u00edtima do assalto.\u00a0O suspeito admitiu ter cometido o crime.<\/p>\n<p>O segundo homem, de 45 anos, alegou que apenas estava ajudando o jovem, que se apresentou como estando sem combust\u00edvel. Ambos foram levados \u00e0 Delegacia de Pol\u00edcia para os procedimentos legais. A v\u00edtima, uma mulher de 38 anos, compareceu \u00e0 delegacia e reconheceu o ve\u00edculo recuperado.<\/p>\n<p><img fetchpriority=\"high\" decoding=\"async\" class=\"aligncenter size-full wp-image-23378\" src=\"http:\/\/sulsc.com\/wp-content\/uploads\/2025\/05\/PM-3.jpg\" alt=\"\" width=\"1080\" height=\"680\" srcset=\"https:\/\/sulsc.com\/wp-content\/uploads\/2025\/05\/PM-3.jpg 1080w, https:\/\/sulsc.com\/wp-content\/uploads\/2025\/05\/PM-3-300x189.jpg 300w, https:\/\/sulsc.com\/wp-content\/uploads\/2025\/05\/PM-3-1024x645.jpg 1024w, https:\/\/sulsc.com\/wp-content\/uploads\/2025\/05\/PM-3-768x484.jpg 768w\" sizes=\"(max-width: 1080px) 100vw, 1080px\" \/><\/p>\n","protected":false},"excerpt":{"rendered":"<p>Na tarde desta quinta-feira (20), \u00e0s 17h20, a Pol\u00edcia Militar foi acionada para investigar a presen\u00e7a de um ve\u00edculo suspeito que havia sido tomado de assalto em Florian\u00f3polis. O carro, monitorado enquanto seguia em alta velocidade pela BR-101 em dire\u00e7\u00e3o ao sul, onde foi localizado nas proximidades de um posto de combust\u00edveis em Pescaria Brava. &hellip;<\/p>\n<p class=\"read-more\"> <a class=\"\" href=\"https:\/\/sulsc.com\/index.php\/2025\/11\/21\/veiculo-roubado-na-capital-e-recuperado-no-mesmo-dia-em-pescaria-brava\/\"> <span class=\"screen-reader-text\">Ve\u00edculo roubado na capital \u00e9 recuperado no mesmo dia em Pescaria Brava<\/span> Read More &raquo;<\/a><\/p>\n","protected":false},"author":3,"featured_media":24838,"comment_status":"open","ping_status":"open","sticky":false,"template":"","format":"standard","meta":{"site-sidebar-layout":"default","site-content-layout":"","ast-site-content-layout":"default","site-content-style":"default","site-sidebar-style":"default","ast-global-header-display":"","ast-banner-title-visibility":"","ast-main-header-display":"","ast-hfb-above-header-display":"","ast-hfb-below-header-display":"","ast-hfb-mobile-header-display":"","site-post-title":"","ast-breadcrumbs-content":"","ast-featured-img":"","footer-sml-layout":"","theme-transparent-header-meta":"default","adv-header-id-meta":"","stick-header-meta":"","header-above-stick-meta":"","header-main-stick-meta":"","header-below-stick-meta":"","astra-migrate-meta-layouts":"set","footnotes":""},"categories":[2231,42,1,14,8,12],"tags":[521],"yoast_head":"<!-- This site is optimized with the Yoast SEO plugin v21.4 - https:\/\/yoast.com\/wordpress\/plugins\/seo\/ -->\n<title>Ve\u00edculo roubado na capital \u00e9 recuperado no mesmo dia em Pescaria Brava -<\/title>\n<meta name=\"robots\" content=\"index, follow, max-snippet:-1, max-image-preview:large, max-video-preview:-1\" \/>\n<link rel=\"canonical\" href=\"https:\/\/sulsc.com\/index.php\/2025\/11\/21\/veiculo-roubado-na-capital-e-recuperado-no-mesmo-dia-em-pescaria-brava\/\" \/>\n<meta property=\"og:locale\" content=\"en_US\" \/>\n<meta property=\"og:type\" content=\"article\" \/>\n<meta property=\"og:title\" content=\"Ve\u00edculo roubado na capital \u00e9 recuperado no mesmo dia em Pescaria Brava -\" \/>\n<meta property=\"og:description\" content=\"Na tarde desta quinta-feira (20), \u00e0s 17h20, a Pol\u00edcia Militar foi acionada para investigar a presen\u00e7a de um ve\u00edculo suspeito que havia sido tomado de assalto em Florian\u00f3polis. O carro, monitorado enquanto seguia em alta velocidade pela BR-101 em dire\u00e7\u00e3o ao sul, onde foi localizado nas proximidades de um posto de combust\u00edveis em Pescaria Brava. &hellip; Ve\u00edculo roubado na capital \u00e9 recuperado no mesmo dia em Pescaria Brava Read More &raquo;\" \/>\n<meta property=\"og:url\" content=\"https:\/\/sulsc.com\/index.php\/2025\/11\/21\/veiculo-roubado-na-capital-e-recuperado-no-mesmo-dia-em-pescaria-brava\/\" \/>\n<meta property=\"article:author\" content=\"https:\/\/www.facebook.com\/profile.php?id=61559278119680\" \/>\n<meta property=\"article:published_time\" content=\"2025-11-21T11:05:19+00:00\" \/>\n<meta property=\"og:image\" content=\"http:\/\/sulsc.com\/wp-content\/uploads\/2025\/06\/PM-3.jpg\" \/>\n\t<meta property=\"og:image:width\" content=\"1080\" \/>\n\t<meta property=\"og:image:height\" content=\"680\" \/>\n\t<meta property=\"og:image:type\" content=\"image\/jpeg\" \/>\n<meta name=\"author\" content=\"Reda\u00e7\u00e3o Sul SC\" \/>\n<meta name=\"twitter:card\" content=\"summary_large_image\" \/>\n<meta name=\"twitter:creator\" content=\"@https:\/\/twitter.com\/PortalSulSC\" \/>\n<meta name=\"twitter:label1\" content=\"Written by\" \/>\n\t<meta name=\"twitter:data1\" content=\"Reda\u00e7\u00e3o Sul SC\" \/>\n\t<meta name=\"twitter:label2\" content=\"Est. reading time\" \/>\n\t<meta name=\"twitter:data2\" content=\"1 minute\" \/>\n<script type=\"application\/ld+json\" class=\"yoast-schema-graph\">{\"@context\":\"https:\/\/schema.org\",\"@graph\":[{\"@type\":\"WebPage\",\"@id\":\"https:\/\/sulsc.com\/index.php\/2025\/11\/21\/veiculo-roubado-na-capital-e-recuperado-no-mesmo-dia-em-pescaria-brava\/\",\"url\":\"https:\/\/sulsc.com\/index.php\/2025\/11\/21\/veiculo-roubado-na-capital-e-recuperado-no-mesmo-dia-em-pescaria-brava\/\",\"name\":\"Ve\u00edculo roubado na capital \u00e9 recuperado no mesmo dia em Pescaria Brava -\",\"isPartOf\":{\"@id\":\"https:\/\/sulsc.com\/#website\"},\"datePublished\":\"2025-11-21T11:05:19+00:00\",\"dateModified\":\"2025-11-21T11:05:19+00:00\",\"author\":{\"@id\":\"https:\/\/sulsc.com\/#\/schema\/person\/84d2fc571684f6248ba83092f07750a3\"},\"breadcrumb\":{\"@id\":\"https:\/\/sulsc.com\/index.php\/2025\/11\/21\/veiculo-roubado-na-capital-e-recuperado-no-mesmo-dia-em-pescaria-brava\/#breadcrumb\"},\"inLanguage\":\"en-US\",\"potentialAction\":[{\"@type\":\"ReadAction\",\"target\":[\"https:\/\/sulsc.com\/index.php\/2025\/11\/21\/veiculo-roubado-na-capital-e-recuperado-no-mesmo-dia-em-pescaria-brava\/\"]}]},{\"@type\":\"BreadcrumbList\",\"@id\":\"https:\/\/sulsc.com\/index.php\/2025\/11\/21\/veiculo-roubado-na-capital-e-recuperado-no-mesmo-dia-em-pescaria-brava\/#breadcrumb\",\"itemListElement\":[{\"@type\":\"ListItem\",\"position\":1,\"name\":\"In\u00edcio\",\"item\":\"https:\/\/sulsc.com\/\"},{\"@type\":\"ListItem\",\"position\":2,\"name\":\"Ve\u00edculo roubado na capital \u00e9 recuperado no mesmo dia em Pescaria Brava\"}]},{\"@type\":\"WebSite\",\"@id\":\"https:\/\/sulsc.com\/#website\",\"url\":\"https:\/\/sulsc.com\/\",\"name\":\"\",\"description\":\"\",\"potentialAction\":[{\"@type\":\"SearchAction\",\"target\":{\"@type\":\"EntryPoint\",\"urlTemplate\":\"https:\/\/sulsc.com\/?s={search_term_string}\"},\"query-input\":\"required name=search_term_string\"}],\"inLanguage\":\"en-US\"},{\"@type\":\"Person\",\"@id\":\"https:\/\/sulsc.com\/#\/schema\/person\/84d2fc571684f6248ba83092f07750a3\",\"name\":\"Reda\u00e7\u00e3o Sul SC\",\"image\":{\"@type\":\"ImageObject\",\"inLanguage\":\"en-US\",\"@id\":\"https:\/\/sulsc.com\/#\/schema\/person\/image\/e08d7fe2cc4ed596372063bbe852b8d0\",\"url\":\"https:\/\/sulsc.com\/wp-content\/uploads\/2023\/09\/redacao.png\",\"contentUrl\":\"https:\/\/sulsc.com\/wp-content\/uploads\/2023\/09\/redacao.png\",\"caption\":\"Reda\u00e7\u00e3o Sul SC\"},\"description\":\"Foco em um jornalismo imparcial, voltado \u00e0 qualidade dos seus conte\u00fados e, assim, levar informa\u00e7\u00e3o de valor que agregue \u00e0 vida dos leitores. Esta \u00e9 grande miss\u00e3o do Portal de Not\u00edcias Sul SC. N\u00e3o \u00e9 quantidade que muda o mundo, sempre foi e seguir\u00e1 sendo qualidade!\",\"sameAs\":[\"https:\/\/sulsc.com\/\",\"https:\/\/www.facebook.com\/profile.php?id=61559278119680\",\"https:\/\/www.instagram.com\/sulscportal\/?hl=pt-br\",\"https:\/\/twitter.com\/https:\/\/twitter.com\/PortalSulSC\",\"https:\/\/www.youtube.com\/channel\/UCv_BE8GeySluDov2n8qhVmw\"],\"url\":\"https:\/\/sulsc.com\/index.php\/author\/redacao\/\"}]}<\/script>\n<!-- \/ Yoast SEO plugin. -->","yoast_head_json":{"title":"Ve\u00edculo roubado na capital \u00e9 recuperado no mesmo dia em Pescaria Brava -","robots":{"index":"index","follow":"follow","max-snippet":"max-snippet:-1","max-image-preview":"max-image-preview:large","max-video-preview":"max-video-preview:-1"},"canonical":"https:\/\/sulsc.com\/index.php\/2025\/11\/21\/veiculo-roubado-na-capital-e-recuperado-no-mesmo-dia-em-pescaria-brava\/","og_locale":"en_US","og_type":"article","og_title":"Ve\u00edculo roubado na capital \u00e9 recuperado no mesmo dia em Pescaria Brava -","og_description":"Na tarde desta quinta-feira (20), \u00e0s 17h20, a Pol\u00edcia Militar foi acionada para investigar a presen\u00e7a de um ve\u00edculo suspeito que havia sido tomado de assalto em Florian\u00f3polis. O carro, monitorado enquanto seguia em alta velocidade pela BR-101 em dire\u00e7\u00e3o ao sul, onde foi localizado nas proximidades de um posto de combust\u00edveis em Pescaria Brava. &hellip; Ve\u00edculo roubado na capital \u00e9 recuperado no mesmo dia em Pescaria Brava Read More &raquo;","og_url":"https:\/\/sulsc.com\/index.php\/2025\/11\/21\/veiculo-roubado-na-capital-e-recuperado-no-mesmo-dia-em-pescaria-brava\/","article_author":"https:\/\/www.facebook.com\/profile.php?id=61559278119680","article_published_time":"2025-11-21T11:05:19+00:00","og_image":[{"width":1080,"height":680,"url":"http:\/\/sulsc.com\/wp-content\/uploads\/2025\/06\/PM-3.jpg","type":"image\/jpeg"}],"author":"Reda\u00e7\u00e3o Sul SC","twitter_card":"summary_large_image","twitter_creator":"@https:\/\/twitter.com\/PortalSulSC","twitter_misc":{"Written by":"Reda\u00e7\u00e3o Sul SC","Est. reading time":"1 minute"},"schema":{"@context":"https:\/\/schema.org","@graph":[{"@type":"WebPage","@id":"https:\/\/sulsc.com\/index.php\/2025\/11\/21\/veiculo-roubado-na-capital-e-recuperado-no-mesmo-dia-em-pescaria-brava\/","url":"https:\/\/sulsc.com\/index.php\/2025\/11\/21\/veiculo-roubado-na-capital-e-recuperado-no-mesmo-dia-em-pescaria-brava\/","name":"Ve\u00edculo roubado na capital \u00e9 recuperado no mesmo dia em Pescaria Brava -","isPartOf":{"@id":"https:\/\/sulsc.com\/#website"},"datePublished":"2025-11-21T11:05:19+00:00","dateModified":"2025-11-21T11:05:19+00:00","author":{"@id":"https:\/\/sulsc.com\/#\/schema\/person\/84d2fc571684f6248ba83092f07750a3"},"breadcrumb":{"@id":"https:\/\/sulsc.com\/index.php\/2025\/11\/21\/veiculo-roubado-na-capital-e-recuperado-no-mesmo-dia-em-pescaria-brava\/#breadcrumb"},"inLanguage":"en-US","potentialAction":[{"@type":"ReadAction","target":["https:\/\/sulsc.com\/index.php\/2025\/11\/21\/veiculo-roubado-na-capital-e-recuperado-no-mesmo-dia-em-pescaria-brava\/"]}]},{"@type":"BreadcrumbList","@id":"https:\/\/sulsc.com\/index.php\/2025\/11\/21\/veiculo-roubado-na-capital-e-recuperado-no-mesmo-dia-em-pescaria-brava\/#breadcrumb","itemListElement":[{"@type":"ListItem","position":1,"name":"In\u00edcio","item":"https:\/\/sulsc.com\/"},{"@type":"ListItem","position":2,"name":"Ve\u00edculo roubado na capital \u00e9 recuperado no mesmo dia em Pescaria Brava"}]},{"@type":"WebSite","@id":"https:\/\/sulsc.com\/#website","url":"https:\/\/sulsc.com\/","name":"","description":"","potentialAction":[{"@type":"SearchAction","target":{"@type":"EntryPoint","urlTemplate":"https:\/\/sulsc.com\/?s={search_term_string}"},"query-input":"required name=search_term_string"}],"inLanguage":"en-US"},{"@type":"Person","@id":"https:\/\/sulsc.com\/#\/schema\/person\/84d2fc571684f6248ba83092f07750a3","name":"Reda\u00e7\u00e3o Sul SC","image":{"@type":"ImageObject","inLanguage":"en-US","@id":"https:\/\/sulsc.com\/#\/schema\/person\/image\/e08d7fe2cc4ed596372063bbe852b8d0","url":"https:\/\/sulsc.com\/wp-content\/uploads\/2023\/09\/redacao.png","contentUrl":"https:\/\/sulsc.com\/wp-content\/uploads\/2023\/09\/redacao.png","caption":"Reda\u00e7\u00e3o Sul SC"},"description":"Foco em um jornalismo imparcial, voltado \u00e0 qualidade dos seus conte\u00fados e, assim, levar informa\u00e7\u00e3o de valor que agregue \u00e0 vida dos leitores. Esta \u00e9 grande miss\u00e3o do Portal de Not\u00edcias Sul SC. N\u00e3o \u00e9 quantidade que muda o mundo, sempre foi e seguir\u00e1 sendo qualidade!","sameAs":["https:\/\/sulsc.com\/","https:\/\/www.facebook.com\/profile.php?id=61559278119680","https:\/\/www.instagram.com\/sulscportal\/?hl=pt-br","https:\/\/twitter.com\/https:\/\/twitter.com\/PortalSulSC","https:\/\/www.youtube.com\/channel\/UCv_BE8GeySluDov2n8qhVmw"],"url":"https:\/\/sulsc.com\/index.php\/author\/redacao\/"}]}},"authors":[],"_links":{"self":[{"href":"https:\/\/sulsc.com\/index.php\/wp-json\/wp\/v2\/posts\/29928"}],"collection":[{"href":"https:\/\/sulsc.com\/index.php\/wp-json\/wp\/v2\/posts"}],"about":[{"href":"https:\/\/sulsc.com\/index.php\/wp-json\/wp\/v2\/types\/post"}],"author":[{"embeddable":true,"href":"https:\/\/sulsc.com\/index.php\/wp-json\/wp\/v2\/users\/3"}],"replies":[{"embeddable":true,"href":"https:\/\/sulsc.com\/index.php\/wp-json\/wp\/v2\/comments?post=29928"}],"version-history":[{"count":1,"href":"https:\/\/sulsc.com\/index.php\/wp-json\/wp\/v2\/posts\/29928\/revisions"}],"predecessor-version":[{"id":29930,"href":"https:\/\/sulsc.com\/index.php\/wp-json\/wp\/v2\/posts\/29928\/revisions\/29930"}],"wp:featuredmedia":[{"embeddable":true,"href":"https:\/\/sulsc.com\/index.php\/wp-json\/wp\/v2\/media\/24838"}],"wp:attachment":[{"href":"https:\/\/sulsc.com\/index.php\/wp-json\/wp\/v2\/media?parent=29928"}],"wp:term":[{"taxonomy":"category","embeddable":true,"href":"https:\/\/sulsc.com\/index.php\/wp-json\/wp\/v2\/categories?post=29928"},{"taxonomy":"post_tag","embeddable":true,"href":"https:\/\/sulsc.com\/index.php\/wp-json\/wp\/v2\/tags?post=29928"}],"curies":[{"name":"wp","href":"https:\/\/api.w.org\/{rel}","templated":true}]}}