{"id":29944,"date":"2025-11-21T12:40:33","date_gmt":"2025-11-21T15:40:33","guid":{"rendered":"https:\/\/sulsc.com\/?p=29944"},"modified":"2025-11-21T13:06:52","modified_gmt":"2025-11-21T16:06:52","slug":"mae-e-filha-mortas-a-facadas-sao-veladas-em-criciuma","status":"publish","type":"post","link":"https:\/\/sulsc.com\/index.php\/2025\/11\/21\/mae-e-filha-mortas-a-facadas-sao-veladas-em-criciuma\/","title":{"rendered":"M\u00e3e e filha mortas a facadas s\u00e3o veladas em Crici\u00fama"},"content":{"rendered":"<p>As v\u00edtimas, mortas a facadas no bairro S\u00e3o Jos\u00e9, identificadas como Rita de C\u00e1ssia da Silva Silveira e Talia da Silva Silveira, m\u00e3e e filha, respectivamente, s\u00e3o veladas nesta sexta-feira (21), em Crici\u00fama. No mesmo local, tamb\u00e9m \u00e9 velado o autor do crime, filho e irm\u00e3o das v\u00edtimas.<\/p>\n<p>As despedidas ocorrem desde \u00e0s 4h na Igreja Evang\u00e9lica Assembleia de Deus, na localidade de Laranjinha. J\u00e1 o culto est\u00e1 marcado para \u00e0s 13h. Em seguida, ser\u00e1 realizado o cortejo, que seguir\u00e1 para o cemit\u00e9rio do bairro S\u00e3o Marcos, em Crici\u00fama.\u00a0O fato foi registrado na manh\u00e3 dessa quinta-feira (20), na rua Oclenes Manoel da Concei\u00e7\u00e3o, no bairro S\u00e3o Jos\u00e9, por volta das 11h.<\/p>\n<p>A informa\u00e7\u00e3o repassada pela Pol\u00edcia Militar (PM) \u00e9 de que um homem havia matado a pr\u00f3pria m\u00e3e e irm\u00e3 a facadas. <span style=\"font-size: 16px;\">Quando a guarni\u00e7\u00e3o chegou para prestar atendimento na ocorr\u00eancia, encontrou o homem com uma espingarda e uma mulher ca\u00edda no p\u00e1tio de uma resid\u00eancia com ferimentos no pesco\u00e7o.<\/span><\/p>\n<div id=\"metaslider-id-25573\" style=\"width: 100%;\" class=\"ml-slider-3-99-0 metaslider metaslider-flex metaslider-25573 ml-slider has-onhover-arrows ms-theme-default-base has-dots-nav\" role=\"region\" aria-label=\"Meio\" data-width=\"1200\">\n    <div id=\"metaslider_container_25573\">\n        <div id=\"metaslider_25573\">\n            <ul class='slides'>\n                <li style=\"display: block; width: 100%;\" class=\"slide-25684 ms-image \" aria-roledescription=\"slide\" data-date=\"2025-07-24 07:55:40\"><img src=\"https:\/\/sulsc.com\/wp-content\/uploads\/2025\/07\/Marr-2-1000x166.jpg\" height=\"200\" width=\"1200\" alt=\"\" class=\"slider-25573 slide-25684 msDefaultImage\" title=\"Marr 2\" \/><\/li>\n                <li style=\"display: none; width: 100%;\" class=\"slide-32412 ms-image \" aria-roledescription=\"slide\" data-date=\"2026-02-18 13:59:46\"><img src=\"https:\/\/sulsc.com\/wp-content\/uploads\/2026\/02\/40dc1580-cad5-4867-bc58-c4243821ad38-1000x166.jpeg\" height=\"200\" width=\"1200\" alt=\"\" class=\"slider-25573 slide-32412 msDefaultImage\" title=\"40dc1580-cad5-4867-bc58-c4243821ad38\" \/><\/li>\n                <li style=\"display: none; width: 100%;\" class=\"slide-32766 ms-image \" aria-roledescription=\"slide\" data-date=\"2026-03-03 17:22:59\"><img src=\"https:\/\/sulsc.com\/wp-content\/uploads\/2026\/03\/271ce739-f268-41c5-8051-3de1a1750359-1000x166.jpeg\" height=\"200\" width=\"1200\" alt=\"\" class=\"slider-25573 slide-32766 msDefaultImage\" title=\"271ce739-f268-41c5-8051-3de1a1750359\" \/><\/li>\n            <\/ul>\n        <\/div>\n        \n    <\/div>\n<\/div>\n<p><span style=\"font-size: 16px;\">Ainda conforme a PM, os policias solicitaram que o homem largasse a arma. Por\u00e9m, ele n\u00e3o obedeceu \u00e0s ordens e apontou a arma em dire\u00e7\u00e3o aos militares e tamb\u00e9m para vizinhos.\u00a0<\/span>Os policiais avan\u00e7aram em dire\u00e7\u00e3o ao homem, que novamente apontou a arma para os policiais. Com isso, um policial efetuou um disparo no t\u00f3rax do criminoso.<\/p>\n<p>Ap\u00f3s ser alvejado, o homem foi para os fundos da casa e caiu logo em seguida. O Servi\u00e7o de Atendimento M\u00f3vel de Urg\u00eancia (Samu) foi acionado, mas o homem tamb\u00e9m morreu no local.\u00a0Os policiais encontraram a casa bagun\u00e7ada e com diversos c\u00f4modos sujos de sangue, indicando que houve luta corporal.<\/p>\n<p>A mulher ca\u00edda no p\u00e1tio estava morta e era a irm\u00e3 do criminoso. J\u00e1 dentro do im\u00f3vel, os policiais encontraram a m\u00e3e, tamb\u00e9m sem vida. No por\u00e3o da resid\u00eancia, de acordo com a PM, um buraco foi iniciado para possivelmente oculta\u00e7\u00e3o dos corpos. As Pol\u00edcias Civil e Cient\u00edfica tamb\u00e9m foram acionadas para investiga\u00e7\u00e3o do caso e per\u00edcia do local.<\/p>\n<p><img fetchpriority=\"high\" decoding=\"async\" class=\"alignnone size-full wp-image-29946\" src=\"http:\/\/sulsc.com\/wp-content\/uploads\/2025\/11\/WhatsApp-Image-2025-11-21-at-11.21.36.jpeg\" alt=\"\" width=\"720\" height=\"480\" srcset=\"https:\/\/sulsc.com\/wp-content\/uploads\/2025\/11\/WhatsApp-Image-2025-11-21-at-11.21.36.jpeg 720w, https:\/\/sulsc.com\/wp-content\/uploads\/2025\/11\/WhatsApp-Image-2025-11-21-at-11.21.36-300x200.jpeg 300w\" sizes=\"(max-width: 720px) 100vw, 720px\" \/><\/p>\n<p><em>Fonte: Engeplus<\/em><\/p>\n","protected":false},"excerpt":{"rendered":"<p>As v\u00edtimas, mortas a facadas no bairro S\u00e3o Jos\u00e9, identificadas como Rita de C\u00e1ssia da Silva Silveira e Talia da Silva Silveira, m\u00e3e e filha, respectivamente, s\u00e3o veladas nesta sexta-feira (21), em Crici\u00fama. No mesmo local, tamb\u00e9m \u00e9 velado o autor do crime, filho e irm\u00e3o das v\u00edtimas. As despedidas ocorrem desde \u00e0s 4h na &hellip;<\/p>\n<p class=\"read-more\"> <a class=\"\" href=\"https:\/\/sulsc.com\/index.php\/2025\/11\/21\/mae-e-filha-mortas-a-facadas-sao-veladas-em-criciuma\/\"> <span class=\"screen-reader-text\">M\u00e3e e filha mortas a facadas s\u00e3o veladas em Crici\u00fama<\/span> Read More &raquo;<\/a><\/p>\n","protected":false},"author":3,"featured_media":29945,"comment_status":"open","ping_status":"open","sticky":false,"template":"","format":"standard","meta":{"site-sidebar-layout":"default","site-content-layout":"","ast-site-content-layout":"default","site-content-style":"default","site-sidebar-style":"default","ast-global-header-display":"","ast-banner-title-visibility":"","ast-main-header-display":"","ast-hfb-above-header-display":"","ast-hfb-below-header-display":"","ast-hfb-mobile-header-display":"","site-post-title":"","ast-breadcrumbs-content":"","ast-featured-img":"","footer-sml-layout":"","theme-transparent-header-meta":"default","adv-header-id-meta":"","stick-header-meta":"","header-above-stick-meta":"","header-main-stick-meta":"","header-below-stick-meta":"","astra-migrate-meta-layouts":"set","footnotes":""},"categories":[23,8,12],"tags":[351,2749,2748],"yoast_head":"<!-- This site is optimized with the Yoast SEO plugin v21.4 - https:\/\/yoast.com\/wordpress\/plugins\/seo\/ -->\n<title>M\u00e3e e filha mortas a facadas s\u00e3o veladas em Crici\u00fama -<\/title>\n<meta name=\"robots\" content=\"index, follow, max-snippet:-1, max-image-preview:large, max-video-preview:-1\" \/>\n<link rel=\"canonical\" href=\"https:\/\/sulsc.com\/index.php\/2025\/11\/21\/mae-e-filha-mortas-a-facadas-sao-veladas-em-criciuma\/\" \/>\n<meta property=\"og:locale\" content=\"en_US\" \/>\n<meta property=\"og:type\" content=\"article\" \/>\n<meta property=\"og:title\" content=\"M\u00e3e e filha mortas a facadas s\u00e3o veladas em Crici\u00fama -\" \/>\n<meta property=\"og:description\" content=\"As v\u00edtimas, mortas a facadas no bairro S\u00e3o Jos\u00e9, identificadas como Rita de C\u00e1ssia da Silva Silveira e Talia da Silva Silveira, m\u00e3e e filha, respectivamente, s\u00e3o veladas nesta sexta-feira (21), em Crici\u00fama. No mesmo local, tamb\u00e9m \u00e9 velado o autor do crime, filho e irm\u00e3o das v\u00edtimas. As despedidas ocorrem desde \u00e0s 4h na &hellip; M\u00e3e e filha mortas a facadas s\u00e3o veladas em Crici\u00fama Read More &raquo;\" \/>\n<meta property=\"og:url\" content=\"https:\/\/sulsc.com\/index.php\/2025\/11\/21\/mae-e-filha-mortas-a-facadas-sao-veladas-em-criciuma\/\" \/>\n<meta property=\"article:author\" content=\"https:\/\/www.facebook.com\/profile.php?id=61559278119680\" \/>\n<meta property=\"article:published_time\" content=\"2025-11-21T15:40:33+00:00\" \/>\n<meta property=\"article:modified_time\" content=\"2025-11-21T16:06:52+00:00\" \/>\n<meta property=\"og:image\" content=\"http:\/\/sulsc.com\/wp-content\/uploads\/2025\/11\/WhatsApp-Image-2025-11-21-at-11.22.01.jpeg\" \/>\n\t<meta property=\"og:image:width\" content=\"1600\" \/>\n\t<meta property=\"og:image:height\" content=\"1066\" \/>\n\t<meta property=\"og:image:type\" content=\"image\/jpeg\" \/>\n<meta name=\"author\" content=\"Reda\u00e7\u00e3o Sul SC\" \/>\n<meta name=\"twitter:card\" content=\"summary_large_image\" \/>\n<meta name=\"twitter:creator\" content=\"@https:\/\/twitter.com\/PortalSulSC\" \/>\n<meta name=\"twitter:label1\" content=\"Written by\" \/>\n\t<meta name=\"twitter:data1\" content=\"Reda\u00e7\u00e3o Sul SC\" \/>\n\t<meta name=\"twitter:label2\" content=\"Est. reading time\" \/>\n\t<meta name=\"twitter:data2\" content=\"2 minutes\" \/>\n<script type=\"application\/ld+json\" class=\"yoast-schema-graph\">{\"@context\":\"https:\/\/schema.org\",\"@graph\":[{\"@type\":\"WebPage\",\"@id\":\"https:\/\/sulsc.com\/index.php\/2025\/11\/21\/mae-e-filha-mortas-a-facadas-sao-veladas-em-criciuma\/\",\"url\":\"https:\/\/sulsc.com\/index.php\/2025\/11\/21\/mae-e-filha-mortas-a-facadas-sao-veladas-em-criciuma\/\",\"name\":\"M\u00e3e e filha mortas a facadas s\u00e3o veladas em Crici\u00fama -\",\"isPartOf\":{\"@id\":\"https:\/\/sulsc.com\/#website\"},\"datePublished\":\"2025-11-21T15:40:33+00:00\",\"dateModified\":\"2025-11-21T16:06:52+00:00\",\"author\":{\"@id\":\"https:\/\/sulsc.com\/#\/schema\/person\/84d2fc571684f6248ba83092f07750a3\"},\"breadcrumb\":{\"@id\":\"https:\/\/sulsc.com\/index.php\/2025\/11\/21\/mae-e-filha-mortas-a-facadas-sao-veladas-em-criciuma\/#breadcrumb\"},\"inLanguage\":\"en-US\",\"potentialAction\":[{\"@type\":\"ReadAction\",\"target\":[\"https:\/\/sulsc.com\/index.php\/2025\/11\/21\/mae-e-filha-mortas-a-facadas-sao-veladas-em-criciuma\/\"]}]},{\"@type\":\"BreadcrumbList\",\"@id\":\"https:\/\/sulsc.com\/index.php\/2025\/11\/21\/mae-e-filha-mortas-a-facadas-sao-veladas-em-criciuma\/#breadcrumb\",\"itemListElement\":[{\"@type\":\"ListItem\",\"position\":1,\"name\":\"In\u00edcio\",\"item\":\"https:\/\/sulsc.com\/\"},{\"@type\":\"ListItem\",\"position\":2,\"name\":\"M\u00e3e e filha mortas a facadas s\u00e3o veladas em Crici\u00fama\"}]},{\"@type\":\"WebSite\",\"@id\":\"https:\/\/sulsc.com\/#website\",\"url\":\"https:\/\/sulsc.com\/\",\"name\":\"\",\"description\":\"\",\"potentialAction\":[{\"@type\":\"SearchAction\",\"target\":{\"@type\":\"EntryPoint\",\"urlTemplate\":\"https:\/\/sulsc.com\/?s={search_term_string}\"},\"query-input\":\"required name=search_term_string\"}],\"inLanguage\":\"en-US\"},{\"@type\":\"Person\",\"@id\":\"https:\/\/sulsc.com\/#\/schema\/person\/84d2fc571684f6248ba83092f07750a3\",\"name\":\"Reda\u00e7\u00e3o Sul SC\",\"image\":{\"@type\":\"ImageObject\",\"inLanguage\":\"en-US\",\"@id\":\"https:\/\/sulsc.com\/#\/schema\/person\/image\/e08d7fe2cc4ed596372063bbe852b8d0\",\"url\":\"https:\/\/sulsc.com\/wp-content\/uploads\/2023\/09\/redacao.png\",\"contentUrl\":\"https:\/\/sulsc.com\/wp-content\/uploads\/2023\/09\/redacao.png\",\"caption\":\"Reda\u00e7\u00e3o Sul SC\"},\"description\":\"Foco em um jornalismo imparcial, voltado \u00e0 qualidade dos seus conte\u00fados e, assim, levar informa\u00e7\u00e3o de valor que agregue \u00e0 vida dos leitores. Esta \u00e9 grande miss\u00e3o do Portal de Not\u00edcias Sul SC. N\u00e3o \u00e9 quantidade que muda o mundo, sempre foi e seguir\u00e1 sendo qualidade!\",\"sameAs\":[\"https:\/\/sulsc.com\/\",\"https:\/\/www.facebook.com\/profile.php?id=61559278119680\",\"https:\/\/www.instagram.com\/sulscportal\/?hl=pt-br\",\"https:\/\/twitter.com\/https:\/\/twitter.com\/PortalSulSC\",\"https:\/\/www.youtube.com\/channel\/UCv_BE8GeySluDov2n8qhVmw\"],\"url\":\"https:\/\/sulsc.com\/index.php\/author\/redacao\/\"}]}<\/script>\n<!-- \/ Yoast SEO plugin. -->","yoast_head_json":{"title":"M\u00e3e e filha mortas a facadas s\u00e3o veladas em Crici\u00fama -","robots":{"index":"index","follow":"follow","max-snippet":"max-snippet:-1","max-image-preview":"max-image-preview:large","max-video-preview":"max-video-preview:-1"},"canonical":"https:\/\/sulsc.com\/index.php\/2025\/11\/21\/mae-e-filha-mortas-a-facadas-sao-veladas-em-criciuma\/","og_locale":"en_US","og_type":"article","og_title":"M\u00e3e e filha mortas a facadas s\u00e3o veladas em Crici\u00fama -","og_description":"As v\u00edtimas, mortas a facadas no bairro S\u00e3o Jos\u00e9, identificadas como Rita de C\u00e1ssia da Silva Silveira e Talia da Silva Silveira, m\u00e3e e filha, respectivamente, s\u00e3o veladas nesta sexta-feira (21), em Crici\u00fama. No mesmo local, tamb\u00e9m \u00e9 velado o autor do crime, filho e irm\u00e3o das v\u00edtimas. As despedidas ocorrem desde \u00e0s 4h na &hellip; M\u00e3e e filha mortas a facadas s\u00e3o veladas em Crici\u00fama Read More &raquo;","og_url":"https:\/\/sulsc.com\/index.php\/2025\/11\/21\/mae-e-filha-mortas-a-facadas-sao-veladas-em-criciuma\/","article_author":"https:\/\/www.facebook.com\/profile.php?id=61559278119680","article_published_time":"2025-11-21T15:40:33+00:00","article_modified_time":"2025-11-21T16:06:52+00:00","og_image":[{"width":1600,"height":1066,"url":"http:\/\/sulsc.com\/wp-content\/uploads\/2025\/11\/WhatsApp-Image-2025-11-21-at-11.22.01.jpeg","type":"image\/jpeg"}],"author":"Reda\u00e7\u00e3o Sul SC","twitter_card":"summary_large_image","twitter_creator":"@https:\/\/twitter.com\/PortalSulSC","twitter_misc":{"Written by":"Reda\u00e7\u00e3o Sul SC","Est. reading time":"2 minutes"},"schema":{"@context":"https:\/\/schema.org","@graph":[{"@type":"WebPage","@id":"https:\/\/sulsc.com\/index.php\/2025\/11\/21\/mae-e-filha-mortas-a-facadas-sao-veladas-em-criciuma\/","url":"https:\/\/sulsc.com\/index.php\/2025\/11\/21\/mae-e-filha-mortas-a-facadas-sao-veladas-em-criciuma\/","name":"M\u00e3e e filha mortas a facadas s\u00e3o veladas em Crici\u00fama -","isPartOf":{"@id":"https:\/\/sulsc.com\/#website"},"datePublished":"2025-11-21T15:40:33+00:00","dateModified":"2025-11-21T16:06:52+00:00","author":{"@id":"https:\/\/sulsc.com\/#\/schema\/person\/84d2fc571684f6248ba83092f07750a3"},"breadcrumb":{"@id":"https:\/\/sulsc.com\/index.php\/2025\/11\/21\/mae-e-filha-mortas-a-facadas-sao-veladas-em-criciuma\/#breadcrumb"},"inLanguage":"en-US","potentialAction":[{"@type":"ReadAction","target":["https:\/\/sulsc.com\/index.php\/2025\/11\/21\/mae-e-filha-mortas-a-facadas-sao-veladas-em-criciuma\/"]}]},{"@type":"BreadcrumbList","@id":"https:\/\/sulsc.com\/index.php\/2025\/11\/21\/mae-e-filha-mortas-a-facadas-sao-veladas-em-criciuma\/#breadcrumb","itemListElement":[{"@type":"ListItem","position":1,"name":"In\u00edcio","item":"https:\/\/sulsc.com\/"},{"@type":"ListItem","position":2,"name":"M\u00e3e e filha mortas a facadas s\u00e3o veladas em Crici\u00fama"}]},{"@type":"WebSite","@id":"https:\/\/sulsc.com\/#website","url":"https:\/\/sulsc.com\/","name":"","description":"","potentialAction":[{"@type":"SearchAction","target":{"@type":"EntryPoint","urlTemplate":"https:\/\/sulsc.com\/?s={search_term_string}"},"query-input":"required name=search_term_string"}],"inLanguage":"en-US"},{"@type":"Person","@id":"https:\/\/sulsc.com\/#\/schema\/person\/84d2fc571684f6248ba83092f07750a3","name":"Reda\u00e7\u00e3o Sul SC","image":{"@type":"ImageObject","inLanguage":"en-US","@id":"https:\/\/sulsc.com\/#\/schema\/person\/image\/e08d7fe2cc4ed596372063bbe852b8d0","url":"https:\/\/sulsc.com\/wp-content\/uploads\/2023\/09\/redacao.png","contentUrl":"https:\/\/sulsc.com\/wp-content\/uploads\/2023\/09\/redacao.png","caption":"Reda\u00e7\u00e3o Sul SC"},"description":"Foco em um jornalismo imparcial, voltado \u00e0 qualidade dos seus conte\u00fados e, assim, levar informa\u00e7\u00e3o de valor que agregue \u00e0 vida dos leitores. Esta \u00e9 grande miss\u00e3o do Portal de Not\u00edcias Sul SC. N\u00e3o \u00e9 quantidade que muda o mundo, sempre foi e seguir\u00e1 sendo qualidade!","sameAs":["https:\/\/sulsc.com\/","https:\/\/www.facebook.com\/profile.php?id=61559278119680","https:\/\/www.instagram.com\/sulscportal\/?hl=pt-br","https:\/\/twitter.com\/https:\/\/twitter.com\/PortalSulSC","https:\/\/www.youtube.com\/channel\/UCv_BE8GeySluDov2n8qhVmw"],"url":"https:\/\/sulsc.com\/index.php\/author\/redacao\/"}]}},"authors":[],"_links":{"self":[{"href":"https:\/\/sulsc.com\/index.php\/wp-json\/wp\/v2\/posts\/29944"}],"collection":[{"href":"https:\/\/sulsc.com\/index.php\/wp-json\/wp\/v2\/posts"}],"about":[{"href":"https:\/\/sulsc.com\/index.php\/wp-json\/wp\/v2\/types\/post"}],"author":[{"embeddable":true,"href":"https:\/\/sulsc.com\/index.php\/wp-json\/wp\/v2\/users\/3"}],"replies":[{"embeddable":true,"href":"https:\/\/sulsc.com\/index.php\/wp-json\/wp\/v2\/comments?post=29944"}],"version-history":[{"count":1,"href":"https:\/\/sulsc.com\/index.php\/wp-json\/wp\/v2\/posts\/29944\/revisions"}],"predecessor-version":[{"id":29947,"href":"https:\/\/sulsc.com\/index.php\/wp-json\/wp\/v2\/posts\/29944\/revisions\/29947"}],"wp:featuredmedia":[{"embeddable":true,"href":"https:\/\/sulsc.com\/index.php\/wp-json\/wp\/v2\/media\/29945"}],"wp:attachment":[{"href":"https:\/\/sulsc.com\/index.php\/wp-json\/wp\/v2\/media?parent=29944"}],"wp:term":[{"taxonomy":"category","embeddable":true,"href":"https:\/\/sulsc.com\/index.php\/wp-json\/wp\/v2\/categories?post=29944"},{"taxonomy":"post_tag","embeddable":true,"href":"https:\/\/sulsc.com\/index.php\/wp-json\/wp\/v2\/tags?post=29944"}],"curies":[{"name":"wp","href":"https:\/\/api.w.org\/{rel}","templated":true}]}}