{"id":29948,"date":"2025-11-21T14:00:27","date_gmt":"2025-11-21T17:00:27","guid":{"rendered":"https:\/\/sulsc.com\/?p=29948"},"modified":"2025-11-21T13:06:08","modified_gmt":"2025-11-21T16:06:08","slug":"mais-de-600-veiculos-serao-leiloados-pela-prf","status":"publish","type":"post","link":"https:\/\/sulsc.com\/index.php\/2025\/11\/21\/mais-de-600-veiculos-serao-leiloados-pela-prf\/","title":{"rendered":"Mais de 600 ve\u00edculos ser\u00e3o leiloados pela PRF"},"content":{"rendered":"<p>Entre segunda e quinta-feira (24 e 27), a Pol\u00edcia Rodovi\u00e1ria Federal em SC promover\u00e1 o terceiro leil\u00e3o de ve\u00edculos retidos ou abandonados de 2025. Ser\u00e3o 651 lotes colocados para arremata\u00e7\u00e3o, todos localizados em p\u00e1tios nas cidades de Bigua\u00e7u, Palho\u00e7a e Rancho Queimado (grande Florian\u00f3polis), e Ararangu\u00e1 (sul do estado).<\/p>\n<p>Os ve\u00edculos est\u00e3o classificados em quatro categorias: \u201ccircula\u00e7\u00e3o\u201d (que podem voltar a rodar), &#8220;sucata aproveit\u00e1vel com motor aproveit\u00e1vel&#8221;, &#8220;sucata aproveit\u00e1vel com motor inserv\u00edvel&#8221; ou &#8220;sucata inserv\u00edvel&#8221;. O edital est\u00e1 dispon\u00edvel no <a href=\"https:\/\/www.gov.br\/prf\/pt-br\/assuntos\/leiloes-prf\/santa-catarina ou no portal do leiloeiro: http:\/\/www.kronbergleiloes.com.br\/\">Portal da PRF por meio deste link<\/a>.<\/p>\n<p>Os interessados podem poder\u00e3o visitar os p\u00e1tios em dias \u00fateis e hor\u00e1rio comercial para avaliar visualmente os lotes. Dentre os ve\u00edculos que podem voltar a circular, o com menor valor de lance inicial \u00e9 uma motocicleta Yamaha\/YBR ano 2005, oferecida por R$ 600,00.<\/p>\n<div id=\"metaslider-id-25573\" style=\"width: 100%;\" class=\"ml-slider-3-99-0 metaslider metaslider-flex metaslider-25573 ml-slider has-onhover-arrows ms-theme-default-base has-dots-nav\" role=\"region\" aria-label=\"Meio\" data-width=\"1200\">\n    <div id=\"metaslider_container_25573\">\n        <div id=\"metaslider_25573\">\n            <ul class='slides'>\n                <li style=\"display: block; width: 100%;\" class=\"slide-25684 ms-image \" aria-roledescription=\"slide\" data-date=\"2025-07-24 07:55:40\"><img src=\"https:\/\/sulsc.com\/wp-content\/uploads\/2025\/07\/Marr-2-1000x166.jpg\" height=\"200\" width=\"1200\" alt=\"\" class=\"slider-25573 slide-25684 msDefaultImage\" title=\"Marr 2\" \/><\/li>\n                <li style=\"display: none; width: 100%;\" class=\"slide-32412 ms-image \" aria-roledescription=\"slide\" data-date=\"2026-02-18 13:59:46\"><img src=\"https:\/\/sulsc.com\/wp-content\/uploads\/2026\/02\/40dc1580-cad5-4867-bc58-c4243821ad38-1000x166.jpeg\" height=\"200\" width=\"1200\" alt=\"\" class=\"slider-25573 slide-32412 msDefaultImage\" title=\"40dc1580-cad5-4867-bc58-c4243821ad38\" \/><\/li>\n                <li style=\"display: none; width: 100%;\" class=\"slide-32766 ms-image \" aria-roledescription=\"slide\" data-date=\"2026-03-03 17:22:59\"><img src=\"https:\/\/sulsc.com\/wp-content\/uploads\/2026\/03\/271ce739-f268-41c5-8051-3de1a1750359-1000x166.jpeg\" height=\"200\" width=\"1200\" alt=\"\" class=\"slider-25573 slide-32766 msDefaultImage\" title=\"271ce739-f268-41c5-8051-3de1a1750359\" \/><\/li>\n            <\/ul>\n        <\/div>\n        \n    <\/div>\n<\/div>\n<p>A licita\u00e7\u00e3o ser\u00e1 exclusivamente eletr\u00f4nica. As sess\u00f5es sempre ter\u00e3o in\u00edcio \u00e0s 9h00h, atrav\u00e9s do site do leiloeiro. Os interessados devem efetuar o cadastro no portal do leiloeiro, onde ter\u00e3o acesso aos dados e fotos dos ve\u00edculos e onde poder\u00e3o j\u00e1 registrar lances, nos dias anteriores \u00e0 sess\u00e3o.<\/p>\n<p>O valor arrecadado pelo leil\u00e3o ser\u00e1 utilizado inicialmente para pagamento das despesas do certame. Em seguida, vai custear as despesas de remo\u00e7\u00e3o e estadia dos ve\u00edculos, depois vai pagar os tributos vencidos, d\u00e9bitos trabalhistas e de multas, respectivamente. Em caso de haver saldo remanescente, o valor ficar\u00e1 \u00e0 disposi\u00e7\u00e3o do antigo propriet\u00e1rio.<\/p>\n<p><img fetchpriority=\"high\" decoding=\"async\" class=\"alignnone size-full wp-image-29949\" src=\"http:\/\/sulsc.com\/wp-content\/uploads\/2025\/11\/leilao-PRF-02.jpeg\" alt=\"\" width=\"768\" height=\"636\" srcset=\"https:\/\/sulsc.com\/wp-content\/uploads\/2025\/11\/leilao-PRF-02.jpeg 768w, https:\/\/sulsc.com\/wp-content\/uploads\/2025\/11\/leilao-PRF-02-300x248.jpeg 300w\" sizes=\"(max-width: 768px) 100vw, 768px\" \/><\/p>\n","protected":false},"excerpt":{"rendered":"<p>Entre segunda e quinta-feira (24 e 27), a Pol\u00edcia Rodovi\u00e1ria Federal em SC promover\u00e1 o terceiro leil\u00e3o de ve\u00edculos retidos ou abandonados de 2025. Ser\u00e3o 651 lotes colocados para arremata\u00e7\u00e3o, todos localizados em p\u00e1tios nas cidades de Bigua\u00e7u, Palho\u00e7a e Rancho Queimado (grande Florian\u00f3polis), e Ararangu\u00e1 (sul do estado). Os ve\u00edculos est\u00e3o classificados em quatro &hellip;<\/p>\n<p class=\"read-more\"> <a class=\"\" href=\"https:\/\/sulsc.com\/index.php\/2025\/11\/21\/mais-de-600-veiculos-serao-leiloados-pela-prf\/\"> <span class=\"screen-reader-text\">Mais de 600 ve\u00edculos ser\u00e3o leiloados pela PRF<\/span> Read More &raquo;<\/a><\/p>\n","protected":false},"author":3,"featured_media":29950,"comment_status":"open","ping_status":"open","sticky":false,"template":"","format":"standard","meta":{"site-sidebar-layout":"default","site-content-layout":"","ast-site-content-layout":"default","site-content-style":"default","site-sidebar-style":"default","ast-global-header-display":"","ast-banner-title-visibility":"","ast-main-header-display":"","ast-hfb-above-header-display":"","ast-hfb-below-header-display":"","ast-hfb-mobile-header-display":"","site-post-title":"","ast-breadcrumbs-content":"","ast-featured-img":"","footer-sml-layout":"","theme-transparent-header-meta":"default","adv-header-id-meta":"","stick-header-meta":"","header-above-stick-meta":"","header-main-stick-meta":"","header-below-stick-meta":"","astra-migrate-meta-layouts":"set","footnotes":""},"categories":[14,8,12],"tags":[1933,2316],"yoast_head":"<!-- This site is optimized with the Yoast SEO plugin v21.4 - https:\/\/yoast.com\/wordpress\/plugins\/seo\/ -->\n<title>Mais de 600 ve\u00edculos ser\u00e3o leiloados pela PRF -<\/title>\n<meta name=\"robots\" content=\"index, follow, max-snippet:-1, max-image-preview:large, max-video-preview:-1\" \/>\n<link rel=\"canonical\" href=\"https:\/\/sulsc.com\/index.php\/2025\/11\/21\/mais-de-600-veiculos-serao-leiloados-pela-prf\/\" \/>\n<meta property=\"og:locale\" content=\"en_US\" \/>\n<meta property=\"og:type\" content=\"article\" \/>\n<meta property=\"og:title\" content=\"Mais de 600 ve\u00edculos ser\u00e3o leiloados pela PRF -\" \/>\n<meta property=\"og:description\" content=\"Entre segunda e quinta-feira (24 e 27), a Pol\u00edcia Rodovi\u00e1ria Federal em SC promover\u00e1 o terceiro leil\u00e3o de ve\u00edculos retidos ou abandonados de 2025. Ser\u00e3o 651 lotes colocados para arremata\u00e7\u00e3o, todos localizados em p\u00e1tios nas cidades de Bigua\u00e7u, Palho\u00e7a e Rancho Queimado (grande Florian\u00f3polis), e Ararangu\u00e1 (sul do estado). Os ve\u00edculos est\u00e3o classificados em quatro &hellip; Mais de 600 ve\u00edculos ser\u00e3o leiloados pela PRF Read More &raquo;\" \/>\n<meta property=\"og:url\" content=\"https:\/\/sulsc.com\/index.php\/2025\/11\/21\/mais-de-600-veiculos-serao-leiloados-pela-prf\/\" \/>\n<meta property=\"article:author\" content=\"https:\/\/www.facebook.com\/profile.php?id=61559278119680\" \/>\n<meta property=\"article:published_time\" content=\"2025-11-21T17:00:27+00:00\" \/>\n<meta property=\"article:modified_time\" content=\"2025-11-21T16:06:08+00:00\" \/>\n<meta property=\"og:image\" content=\"https:\/\/sulsc.com\/wp-content\/uploads\/2025\/11\/leilao-PRF.jpeg\" \/>\n\t<meta property=\"og:image:width\" content=\"768\" \/>\n\t<meta property=\"og:image:height\" content=\"576\" \/>\n\t<meta property=\"og:image:type\" content=\"image\/jpeg\" \/>\n<meta name=\"author\" content=\"Reda\u00e7\u00e3o Sul SC\" \/>\n<meta name=\"twitter:card\" content=\"summary_large_image\" \/>\n<meta name=\"twitter:creator\" content=\"@https:\/\/twitter.com\/PortalSulSC\" \/>\n<meta name=\"twitter:label1\" content=\"Written by\" \/>\n\t<meta name=\"twitter:data1\" content=\"Reda\u00e7\u00e3o Sul SC\" \/>\n\t<meta name=\"twitter:label2\" content=\"Est. reading time\" \/>\n\t<meta name=\"twitter:data2\" content=\"2 minutes\" \/>\n<script type=\"application\/ld+json\" class=\"yoast-schema-graph\">{\"@context\":\"https:\/\/schema.org\",\"@graph\":[{\"@type\":\"WebPage\",\"@id\":\"https:\/\/sulsc.com\/index.php\/2025\/11\/21\/mais-de-600-veiculos-serao-leiloados-pela-prf\/\",\"url\":\"https:\/\/sulsc.com\/index.php\/2025\/11\/21\/mais-de-600-veiculos-serao-leiloados-pela-prf\/\",\"name\":\"Mais de 600 ve\u00edculos ser\u00e3o leiloados pela PRF -\",\"isPartOf\":{\"@id\":\"https:\/\/sulsc.com\/#website\"},\"datePublished\":\"2025-11-21T17:00:27+00:00\",\"dateModified\":\"2025-11-21T16:06:08+00:00\",\"author\":{\"@id\":\"https:\/\/sulsc.com\/#\/schema\/person\/84d2fc571684f6248ba83092f07750a3\"},\"breadcrumb\":{\"@id\":\"https:\/\/sulsc.com\/index.php\/2025\/11\/21\/mais-de-600-veiculos-serao-leiloados-pela-prf\/#breadcrumb\"},\"inLanguage\":\"en-US\",\"potentialAction\":[{\"@type\":\"ReadAction\",\"target\":[\"https:\/\/sulsc.com\/index.php\/2025\/11\/21\/mais-de-600-veiculos-serao-leiloados-pela-prf\/\"]}]},{\"@type\":\"BreadcrumbList\",\"@id\":\"https:\/\/sulsc.com\/index.php\/2025\/11\/21\/mais-de-600-veiculos-serao-leiloados-pela-prf\/#breadcrumb\",\"itemListElement\":[{\"@type\":\"ListItem\",\"position\":1,\"name\":\"In\u00edcio\",\"item\":\"https:\/\/sulsc.com\/\"},{\"@type\":\"ListItem\",\"position\":2,\"name\":\"Mais de 600 ve\u00edculos ser\u00e3o leiloados pela PRF\"}]},{\"@type\":\"WebSite\",\"@id\":\"https:\/\/sulsc.com\/#website\",\"url\":\"https:\/\/sulsc.com\/\",\"name\":\"\",\"description\":\"\",\"potentialAction\":[{\"@type\":\"SearchAction\",\"target\":{\"@type\":\"EntryPoint\",\"urlTemplate\":\"https:\/\/sulsc.com\/?s={search_term_string}\"},\"query-input\":\"required name=search_term_string\"}],\"inLanguage\":\"en-US\"},{\"@type\":\"Person\",\"@id\":\"https:\/\/sulsc.com\/#\/schema\/person\/84d2fc571684f6248ba83092f07750a3\",\"name\":\"Reda\u00e7\u00e3o Sul SC\",\"image\":{\"@type\":\"ImageObject\",\"inLanguage\":\"en-US\",\"@id\":\"https:\/\/sulsc.com\/#\/schema\/person\/image\/e08d7fe2cc4ed596372063bbe852b8d0\",\"url\":\"https:\/\/sulsc.com\/wp-content\/uploads\/2023\/09\/redacao.png\",\"contentUrl\":\"https:\/\/sulsc.com\/wp-content\/uploads\/2023\/09\/redacao.png\",\"caption\":\"Reda\u00e7\u00e3o Sul SC\"},\"description\":\"Foco em um jornalismo imparcial, voltado \u00e0 qualidade dos seus conte\u00fados e, assim, levar informa\u00e7\u00e3o de valor que agregue \u00e0 vida dos leitores. Esta \u00e9 grande miss\u00e3o do Portal de Not\u00edcias Sul SC. N\u00e3o \u00e9 quantidade que muda o mundo, sempre foi e seguir\u00e1 sendo qualidade!\",\"sameAs\":[\"https:\/\/sulsc.com\/\",\"https:\/\/www.facebook.com\/profile.php?id=61559278119680\",\"https:\/\/www.instagram.com\/sulscportal\/?hl=pt-br\",\"https:\/\/twitter.com\/https:\/\/twitter.com\/PortalSulSC\",\"https:\/\/www.youtube.com\/channel\/UCv_BE8GeySluDov2n8qhVmw\"],\"url\":\"https:\/\/sulsc.com\/index.php\/author\/redacao\/\"}]}<\/script>\n<!-- \/ Yoast SEO plugin. -->","yoast_head_json":{"title":"Mais de 600 ve\u00edculos ser\u00e3o leiloados pela PRF -","robots":{"index":"index","follow":"follow","max-snippet":"max-snippet:-1","max-image-preview":"max-image-preview:large","max-video-preview":"max-video-preview:-1"},"canonical":"https:\/\/sulsc.com\/index.php\/2025\/11\/21\/mais-de-600-veiculos-serao-leiloados-pela-prf\/","og_locale":"en_US","og_type":"article","og_title":"Mais de 600 ve\u00edculos ser\u00e3o leiloados pela PRF -","og_description":"Entre segunda e quinta-feira (24 e 27), a Pol\u00edcia Rodovi\u00e1ria Federal em SC promover\u00e1 o terceiro leil\u00e3o de ve\u00edculos retidos ou abandonados de 2025. Ser\u00e3o 651 lotes colocados para arremata\u00e7\u00e3o, todos localizados em p\u00e1tios nas cidades de Bigua\u00e7u, Palho\u00e7a e Rancho Queimado (grande Florian\u00f3polis), e Ararangu\u00e1 (sul do estado). Os ve\u00edculos est\u00e3o classificados em quatro &hellip; Mais de 600 ve\u00edculos ser\u00e3o leiloados pela PRF Read More &raquo;","og_url":"https:\/\/sulsc.com\/index.php\/2025\/11\/21\/mais-de-600-veiculos-serao-leiloados-pela-prf\/","article_author":"https:\/\/www.facebook.com\/profile.php?id=61559278119680","article_published_time":"2025-11-21T17:00:27+00:00","article_modified_time":"2025-11-21T16:06:08+00:00","og_image":[{"width":768,"height":576,"url":"https:\/\/sulsc.com\/wp-content\/uploads\/2025\/11\/leilao-PRF.jpeg","type":"image\/jpeg"}],"author":"Reda\u00e7\u00e3o Sul SC","twitter_card":"summary_large_image","twitter_creator":"@https:\/\/twitter.com\/PortalSulSC","twitter_misc":{"Written by":"Reda\u00e7\u00e3o Sul SC","Est. reading time":"2 minutes"},"schema":{"@context":"https:\/\/schema.org","@graph":[{"@type":"WebPage","@id":"https:\/\/sulsc.com\/index.php\/2025\/11\/21\/mais-de-600-veiculos-serao-leiloados-pela-prf\/","url":"https:\/\/sulsc.com\/index.php\/2025\/11\/21\/mais-de-600-veiculos-serao-leiloados-pela-prf\/","name":"Mais de 600 ve\u00edculos ser\u00e3o leiloados pela PRF -","isPartOf":{"@id":"https:\/\/sulsc.com\/#website"},"datePublished":"2025-11-21T17:00:27+00:00","dateModified":"2025-11-21T16:06:08+00:00","author":{"@id":"https:\/\/sulsc.com\/#\/schema\/person\/84d2fc571684f6248ba83092f07750a3"},"breadcrumb":{"@id":"https:\/\/sulsc.com\/index.php\/2025\/11\/21\/mais-de-600-veiculos-serao-leiloados-pela-prf\/#breadcrumb"},"inLanguage":"en-US","potentialAction":[{"@type":"ReadAction","target":["https:\/\/sulsc.com\/index.php\/2025\/11\/21\/mais-de-600-veiculos-serao-leiloados-pela-prf\/"]}]},{"@type":"BreadcrumbList","@id":"https:\/\/sulsc.com\/index.php\/2025\/11\/21\/mais-de-600-veiculos-serao-leiloados-pela-prf\/#breadcrumb","itemListElement":[{"@type":"ListItem","position":1,"name":"In\u00edcio","item":"https:\/\/sulsc.com\/"},{"@type":"ListItem","position":2,"name":"Mais de 600 ve\u00edculos ser\u00e3o leiloados pela PRF"}]},{"@type":"WebSite","@id":"https:\/\/sulsc.com\/#website","url":"https:\/\/sulsc.com\/","name":"","description":"","potentialAction":[{"@type":"SearchAction","target":{"@type":"EntryPoint","urlTemplate":"https:\/\/sulsc.com\/?s={search_term_string}"},"query-input":"required name=search_term_string"}],"inLanguage":"en-US"},{"@type":"Person","@id":"https:\/\/sulsc.com\/#\/schema\/person\/84d2fc571684f6248ba83092f07750a3","name":"Reda\u00e7\u00e3o Sul SC","image":{"@type":"ImageObject","inLanguage":"en-US","@id":"https:\/\/sulsc.com\/#\/schema\/person\/image\/e08d7fe2cc4ed596372063bbe852b8d0","url":"https:\/\/sulsc.com\/wp-content\/uploads\/2023\/09\/redacao.png","contentUrl":"https:\/\/sulsc.com\/wp-content\/uploads\/2023\/09\/redacao.png","caption":"Reda\u00e7\u00e3o Sul SC"},"description":"Foco em um jornalismo imparcial, voltado \u00e0 qualidade dos seus conte\u00fados e, assim, levar informa\u00e7\u00e3o de valor que agregue \u00e0 vida dos leitores. Esta \u00e9 grande miss\u00e3o do Portal de Not\u00edcias Sul SC. N\u00e3o \u00e9 quantidade que muda o mundo, sempre foi e seguir\u00e1 sendo qualidade!","sameAs":["https:\/\/sulsc.com\/","https:\/\/www.facebook.com\/profile.php?id=61559278119680","https:\/\/www.instagram.com\/sulscportal\/?hl=pt-br","https:\/\/twitter.com\/https:\/\/twitter.com\/PortalSulSC","https:\/\/www.youtube.com\/channel\/UCv_BE8GeySluDov2n8qhVmw"],"url":"https:\/\/sulsc.com\/index.php\/author\/redacao\/"}]}},"authors":[],"_links":{"self":[{"href":"https:\/\/sulsc.com\/index.php\/wp-json\/wp\/v2\/posts\/29948"}],"collection":[{"href":"https:\/\/sulsc.com\/index.php\/wp-json\/wp\/v2\/posts"}],"about":[{"href":"https:\/\/sulsc.com\/index.php\/wp-json\/wp\/v2\/types\/post"}],"author":[{"embeddable":true,"href":"https:\/\/sulsc.com\/index.php\/wp-json\/wp\/v2\/users\/3"}],"replies":[{"embeddable":true,"href":"https:\/\/sulsc.com\/index.php\/wp-json\/wp\/v2\/comments?post=29948"}],"version-history":[{"count":1,"href":"https:\/\/sulsc.com\/index.php\/wp-json\/wp\/v2\/posts\/29948\/revisions"}],"predecessor-version":[{"id":29951,"href":"https:\/\/sulsc.com\/index.php\/wp-json\/wp\/v2\/posts\/29948\/revisions\/29951"}],"wp:featuredmedia":[{"embeddable":true,"href":"https:\/\/sulsc.com\/index.php\/wp-json\/wp\/v2\/media\/29950"}],"wp:attachment":[{"href":"https:\/\/sulsc.com\/index.php\/wp-json\/wp\/v2\/media?parent=29948"}],"wp:term":[{"taxonomy":"category","embeddable":true,"href":"https:\/\/sulsc.com\/index.php\/wp-json\/wp\/v2\/categories?post=29948"},{"taxonomy":"post_tag","embeddable":true,"href":"https:\/\/sulsc.com\/index.php\/wp-json\/wp\/v2\/tags?post=29948"}],"curies":[{"name":"wp","href":"https:\/\/api.w.org\/{rel}","templated":true}]}}