{"id":29953,"date":"2025-11-21T16:52:36","date_gmt":"2025-11-21T19:52:36","guid":{"rendered":"https:\/\/sulsc.com\/?p=29953"},"modified":"2025-11-21T16:52:36","modified_gmt":"2025-11-21T19:52:36","slug":"serra-do-rio-do-rastro-sera-fechada-neste-fim-de-semana","status":"publish","type":"post","link":"https:\/\/sulsc.com\/index.php\/2025\/11\/21\/serra-do-rio-do-rastro-sera-fechada-neste-fim-de-semana\/","title":{"rendered":"Serra do Rio do Rastro ser\u00e1 fechada neste fim de semana"},"content":{"rendered":"<p>A Serra do Rio do Rastro ter\u00e1 interdi\u00e7\u00f5es tempor\u00e1rias neste fim de semana. A a\u00e7\u00e3o \u00e9 por conta da realiza\u00e7\u00e3o de um evento esportivo, conforme informa\u00e7\u00e3o da Pol\u00edcia Militar Rodovi\u00e1ria (PMRv).<\/p>\n<p>O tr\u00e1fego dever\u00e1 ser interrompido por algumas horas no s\u00e1bado (22) e no domingo (23).\u00a0As restri\u00e7\u00f5es ocorrer\u00e3o na SC-390, em dois pontos espec\u00edficos, devido ao Friends Trackday \u2013 HillClimb, que ser\u00e1 realizado na regi\u00e3o.<\/p>\n<p>A via ficar\u00e1 totalmente fechada das 6h \u00e0s 11h nos dois dias. Os trechos bloqueados ser\u00e3o: o acesso ao Mirante 12, no km 416 da SC-390, em Lauro M\u00fcller; e o \u00a0Posto da Pol\u00edcia Militar Rodovi\u00e1ria, no km 402 da SC-390, em Bom Jardim da Serra.<\/p>\n<p>A recomenda\u00e7\u00e3o da PMRv \u00e9 para que os motoristas programem rotas alternativas durante o per\u00edodo de interdi\u00e7\u00e3o.<\/p>\n<p><img fetchpriority=\"high\" decoding=\"async\" class=\"alignnone size-full wp-image-29954\" src=\"http:\/\/sulsc.com\/wp-content\/uploads\/2025\/11\/Serra-do-Rio-do-Rastro-02.jpg\" alt=\"\" width=\"800\" height=\"503\" srcset=\"https:\/\/sulsc.com\/wp-content\/uploads\/2025\/11\/Serra-do-Rio-do-Rastro-02.jpg 800w, https:\/\/sulsc.com\/wp-content\/uploads\/2025\/11\/Serra-do-Rio-do-Rastro-02-300x189.jpg 300w, https:\/\/sulsc.com\/wp-content\/uploads\/2025\/11\/Serra-do-Rio-do-Rastro-02-768x483.jpg 768w\" sizes=\"(max-width: 800px) 100vw, 800px\" \/><\/p>\n","protected":false},"excerpt":{"rendered":"<p>A Serra do Rio do Rastro ter\u00e1 interdi\u00e7\u00f5es tempor\u00e1rias neste fim de semana. A a\u00e7\u00e3o \u00e9 por conta da realiza\u00e7\u00e3o de um evento esportivo, conforme informa\u00e7\u00e3o da Pol\u00edcia Militar Rodovi\u00e1ria (PMRv). O tr\u00e1fego dever\u00e1 ser interrompido por algumas horas no s\u00e1bado (22) e no domingo (23).\u00a0As restri\u00e7\u00f5es ocorrer\u00e3o na SC-390, em dois pontos espec\u00edficos, devido &hellip;<\/p>\n<p class=\"read-more\"> <a class=\"\" href=\"https:\/\/sulsc.com\/index.php\/2025\/11\/21\/serra-do-rio-do-rastro-sera-fechada-neste-fim-de-semana\/\"> <span class=\"screen-reader-text\">Serra do Rio do Rastro ser\u00e1 fechada neste fim de semana<\/span> Read More &raquo;<\/a><\/p>\n","protected":false},"author":3,"featured_media":29954,"comment_status":"open","ping_status":"open","sticky":false,"template":"","format":"standard","meta":{"site-sidebar-layout":"default","site-content-layout":"","ast-site-content-layout":"default","site-content-style":"default","site-sidebar-style":"default","ast-global-header-display":"","ast-banner-title-visibility":"","ast-main-header-display":"","ast-hfb-above-header-display":"","ast-hfb-below-header-display":"","ast-hfb-mobile-header-display":"","site-post-title":"","ast-breadcrumbs-content":"","ast-featured-img":"","footer-sml-layout":"","theme-transparent-header-meta":"default","adv-header-id-meta":"","stick-header-meta":"","header-above-stick-meta":"","header-main-stick-meta":"","header-below-stick-meta":"","astra-migrate-meta-layouts":"set","footnotes":""},"categories":[1,2308,12],"tags":[723,2480,734],"yoast_head":"<!-- This site is optimized with the Yoast SEO plugin v21.4 - https:\/\/yoast.com\/wordpress\/plugins\/seo\/ -->\n<title>Serra do Rio do Rastro ser\u00e1 fechada neste fim de semana -<\/title>\n<meta name=\"robots\" content=\"index, follow, max-snippet:-1, max-image-preview:large, max-video-preview:-1\" \/>\n<link rel=\"canonical\" href=\"https:\/\/sulsc.com\/index.php\/2025\/11\/21\/serra-do-rio-do-rastro-sera-fechada-neste-fim-de-semana\/\" \/>\n<meta property=\"og:locale\" content=\"en_US\" \/>\n<meta property=\"og:type\" content=\"article\" \/>\n<meta property=\"og:title\" content=\"Serra do Rio do Rastro ser\u00e1 fechada neste fim de semana -\" \/>\n<meta property=\"og:description\" content=\"A Serra do Rio do Rastro ter\u00e1 interdi\u00e7\u00f5es tempor\u00e1rias neste fim de semana. A a\u00e7\u00e3o \u00e9 por conta da realiza\u00e7\u00e3o de um evento esportivo, conforme informa\u00e7\u00e3o da Pol\u00edcia Militar Rodovi\u00e1ria (PMRv). O tr\u00e1fego dever\u00e1 ser interrompido por algumas horas no s\u00e1bado (22) e no domingo (23).\u00a0As restri\u00e7\u00f5es ocorrer\u00e3o na SC-390, em dois pontos espec\u00edficos, devido &hellip; Serra do Rio do Rastro ser\u00e1 fechada neste fim de semana Read More &raquo;\" \/>\n<meta property=\"og:url\" content=\"https:\/\/sulsc.com\/index.php\/2025\/11\/21\/serra-do-rio-do-rastro-sera-fechada-neste-fim-de-semana\/\" \/>\n<meta property=\"article:author\" content=\"https:\/\/www.facebook.com\/profile.php?id=61559278119680\" \/>\n<meta property=\"article:published_time\" content=\"2025-11-21T19:52:36+00:00\" \/>\n<meta property=\"og:image\" content=\"http:\/\/sulsc.com\/wp-content\/uploads\/2025\/11\/Serra-do-Rio-do-Rastro-02.jpg\" \/>\n\t<meta property=\"og:image:width\" content=\"800\" \/>\n\t<meta property=\"og:image:height\" content=\"503\" \/>\n\t<meta property=\"og:image:type\" content=\"image\/jpeg\" \/>\n<meta name=\"author\" content=\"Reda\u00e7\u00e3o Sul SC\" \/>\n<meta name=\"twitter:card\" content=\"summary_large_image\" \/>\n<meta name=\"twitter:creator\" content=\"@https:\/\/twitter.com\/PortalSulSC\" \/>\n<meta name=\"twitter:label1\" content=\"Written by\" \/>\n\t<meta name=\"twitter:data1\" content=\"Reda\u00e7\u00e3o Sul SC\" \/>\n\t<meta name=\"twitter:label2\" content=\"Est. reading time\" \/>\n\t<meta name=\"twitter:data2\" content=\"1 minute\" \/>\n<script type=\"application\/ld+json\" class=\"yoast-schema-graph\">{\"@context\":\"https:\/\/schema.org\",\"@graph\":[{\"@type\":\"WebPage\",\"@id\":\"https:\/\/sulsc.com\/index.php\/2025\/11\/21\/serra-do-rio-do-rastro-sera-fechada-neste-fim-de-semana\/\",\"url\":\"https:\/\/sulsc.com\/index.php\/2025\/11\/21\/serra-do-rio-do-rastro-sera-fechada-neste-fim-de-semana\/\",\"name\":\"Serra do Rio do Rastro ser\u00e1 fechada neste fim de semana -\",\"isPartOf\":{\"@id\":\"https:\/\/sulsc.com\/#website\"},\"datePublished\":\"2025-11-21T19:52:36+00:00\",\"dateModified\":\"2025-11-21T19:52:36+00:00\",\"author\":{\"@id\":\"https:\/\/sulsc.com\/#\/schema\/person\/84d2fc571684f6248ba83092f07750a3\"},\"breadcrumb\":{\"@id\":\"https:\/\/sulsc.com\/index.php\/2025\/11\/21\/serra-do-rio-do-rastro-sera-fechada-neste-fim-de-semana\/#breadcrumb\"},\"inLanguage\":\"en-US\",\"potentialAction\":[{\"@type\":\"ReadAction\",\"target\":[\"https:\/\/sulsc.com\/index.php\/2025\/11\/21\/serra-do-rio-do-rastro-sera-fechada-neste-fim-de-semana\/\"]}]},{\"@type\":\"BreadcrumbList\",\"@id\":\"https:\/\/sulsc.com\/index.php\/2025\/11\/21\/serra-do-rio-do-rastro-sera-fechada-neste-fim-de-semana\/#breadcrumb\",\"itemListElement\":[{\"@type\":\"ListItem\",\"position\":1,\"name\":\"In\u00edcio\",\"item\":\"https:\/\/sulsc.com\/\"},{\"@type\":\"ListItem\",\"position\":2,\"name\":\"Serra do Rio do Rastro ser\u00e1 fechada neste fim de semana\"}]},{\"@type\":\"WebSite\",\"@id\":\"https:\/\/sulsc.com\/#website\",\"url\":\"https:\/\/sulsc.com\/\",\"name\":\"\",\"description\":\"\",\"potentialAction\":[{\"@type\":\"SearchAction\",\"target\":{\"@type\":\"EntryPoint\",\"urlTemplate\":\"https:\/\/sulsc.com\/?s={search_term_string}\"},\"query-input\":\"required name=search_term_string\"}],\"inLanguage\":\"en-US\"},{\"@type\":\"Person\",\"@id\":\"https:\/\/sulsc.com\/#\/schema\/person\/84d2fc571684f6248ba83092f07750a3\",\"name\":\"Reda\u00e7\u00e3o Sul SC\",\"image\":{\"@type\":\"ImageObject\",\"inLanguage\":\"en-US\",\"@id\":\"https:\/\/sulsc.com\/#\/schema\/person\/image\/e08d7fe2cc4ed596372063bbe852b8d0\",\"url\":\"https:\/\/sulsc.com\/wp-content\/uploads\/2023\/09\/redacao.png\",\"contentUrl\":\"https:\/\/sulsc.com\/wp-content\/uploads\/2023\/09\/redacao.png\",\"caption\":\"Reda\u00e7\u00e3o Sul SC\"},\"description\":\"Foco em um jornalismo imparcial, voltado \u00e0 qualidade dos seus conte\u00fados e, assim, levar informa\u00e7\u00e3o de valor que agregue \u00e0 vida dos leitores. Esta \u00e9 grande miss\u00e3o do Portal de Not\u00edcias Sul SC. N\u00e3o \u00e9 quantidade que muda o mundo, sempre foi e seguir\u00e1 sendo qualidade!\",\"sameAs\":[\"https:\/\/sulsc.com\/\",\"https:\/\/www.facebook.com\/profile.php?id=61559278119680\",\"https:\/\/www.instagram.com\/sulscportal\/?hl=pt-br\",\"https:\/\/twitter.com\/https:\/\/twitter.com\/PortalSulSC\",\"https:\/\/www.youtube.com\/channel\/UCv_BE8GeySluDov2n8qhVmw\"],\"url\":\"https:\/\/sulsc.com\/index.php\/author\/redacao\/\"}]}<\/script>\n<!-- \/ Yoast SEO plugin. -->","yoast_head_json":{"title":"Serra do Rio do Rastro ser\u00e1 fechada neste fim de semana -","robots":{"index":"index","follow":"follow","max-snippet":"max-snippet:-1","max-image-preview":"max-image-preview:large","max-video-preview":"max-video-preview:-1"},"canonical":"https:\/\/sulsc.com\/index.php\/2025\/11\/21\/serra-do-rio-do-rastro-sera-fechada-neste-fim-de-semana\/","og_locale":"en_US","og_type":"article","og_title":"Serra do Rio do Rastro ser\u00e1 fechada neste fim de semana -","og_description":"A Serra do Rio do Rastro ter\u00e1 interdi\u00e7\u00f5es tempor\u00e1rias neste fim de semana. A a\u00e7\u00e3o \u00e9 por conta da realiza\u00e7\u00e3o de um evento esportivo, conforme informa\u00e7\u00e3o da Pol\u00edcia Militar Rodovi\u00e1ria (PMRv). O tr\u00e1fego dever\u00e1 ser interrompido por algumas horas no s\u00e1bado (22) e no domingo (23).\u00a0As restri\u00e7\u00f5es ocorrer\u00e3o na SC-390, em dois pontos espec\u00edficos, devido &hellip; Serra do Rio do Rastro ser\u00e1 fechada neste fim de semana Read More &raquo;","og_url":"https:\/\/sulsc.com\/index.php\/2025\/11\/21\/serra-do-rio-do-rastro-sera-fechada-neste-fim-de-semana\/","article_author":"https:\/\/www.facebook.com\/profile.php?id=61559278119680","article_published_time":"2025-11-21T19:52:36+00:00","og_image":[{"width":800,"height":503,"url":"http:\/\/sulsc.com\/wp-content\/uploads\/2025\/11\/Serra-do-Rio-do-Rastro-02.jpg","type":"image\/jpeg"}],"author":"Reda\u00e7\u00e3o Sul SC","twitter_card":"summary_large_image","twitter_creator":"@https:\/\/twitter.com\/PortalSulSC","twitter_misc":{"Written by":"Reda\u00e7\u00e3o Sul SC","Est. reading time":"1 minute"},"schema":{"@context":"https:\/\/schema.org","@graph":[{"@type":"WebPage","@id":"https:\/\/sulsc.com\/index.php\/2025\/11\/21\/serra-do-rio-do-rastro-sera-fechada-neste-fim-de-semana\/","url":"https:\/\/sulsc.com\/index.php\/2025\/11\/21\/serra-do-rio-do-rastro-sera-fechada-neste-fim-de-semana\/","name":"Serra do Rio do Rastro ser\u00e1 fechada neste fim de semana -","isPartOf":{"@id":"https:\/\/sulsc.com\/#website"},"datePublished":"2025-11-21T19:52:36+00:00","dateModified":"2025-11-21T19:52:36+00:00","author":{"@id":"https:\/\/sulsc.com\/#\/schema\/person\/84d2fc571684f6248ba83092f07750a3"},"breadcrumb":{"@id":"https:\/\/sulsc.com\/index.php\/2025\/11\/21\/serra-do-rio-do-rastro-sera-fechada-neste-fim-de-semana\/#breadcrumb"},"inLanguage":"en-US","potentialAction":[{"@type":"ReadAction","target":["https:\/\/sulsc.com\/index.php\/2025\/11\/21\/serra-do-rio-do-rastro-sera-fechada-neste-fim-de-semana\/"]}]},{"@type":"BreadcrumbList","@id":"https:\/\/sulsc.com\/index.php\/2025\/11\/21\/serra-do-rio-do-rastro-sera-fechada-neste-fim-de-semana\/#breadcrumb","itemListElement":[{"@type":"ListItem","position":1,"name":"In\u00edcio","item":"https:\/\/sulsc.com\/"},{"@type":"ListItem","position":2,"name":"Serra do Rio do Rastro ser\u00e1 fechada neste fim de semana"}]},{"@type":"WebSite","@id":"https:\/\/sulsc.com\/#website","url":"https:\/\/sulsc.com\/","name":"","description":"","potentialAction":[{"@type":"SearchAction","target":{"@type":"EntryPoint","urlTemplate":"https:\/\/sulsc.com\/?s={search_term_string}"},"query-input":"required name=search_term_string"}],"inLanguage":"en-US"},{"@type":"Person","@id":"https:\/\/sulsc.com\/#\/schema\/person\/84d2fc571684f6248ba83092f07750a3","name":"Reda\u00e7\u00e3o Sul SC","image":{"@type":"ImageObject","inLanguage":"en-US","@id":"https:\/\/sulsc.com\/#\/schema\/person\/image\/e08d7fe2cc4ed596372063bbe852b8d0","url":"https:\/\/sulsc.com\/wp-content\/uploads\/2023\/09\/redacao.png","contentUrl":"https:\/\/sulsc.com\/wp-content\/uploads\/2023\/09\/redacao.png","caption":"Reda\u00e7\u00e3o Sul SC"},"description":"Foco em um jornalismo imparcial, voltado \u00e0 qualidade dos seus conte\u00fados e, assim, levar informa\u00e7\u00e3o de valor que agregue \u00e0 vida dos leitores. Esta \u00e9 grande miss\u00e3o do Portal de Not\u00edcias Sul SC. N\u00e3o \u00e9 quantidade que muda o mundo, sempre foi e seguir\u00e1 sendo qualidade!","sameAs":["https:\/\/sulsc.com\/","https:\/\/www.facebook.com\/profile.php?id=61559278119680","https:\/\/www.instagram.com\/sulscportal\/?hl=pt-br","https:\/\/twitter.com\/https:\/\/twitter.com\/PortalSulSC","https:\/\/www.youtube.com\/channel\/UCv_BE8GeySluDov2n8qhVmw"],"url":"https:\/\/sulsc.com\/index.php\/author\/redacao\/"}]}},"authors":[],"_links":{"self":[{"href":"https:\/\/sulsc.com\/index.php\/wp-json\/wp\/v2\/posts\/29953"}],"collection":[{"href":"https:\/\/sulsc.com\/index.php\/wp-json\/wp\/v2\/posts"}],"about":[{"href":"https:\/\/sulsc.com\/index.php\/wp-json\/wp\/v2\/types\/post"}],"author":[{"embeddable":true,"href":"https:\/\/sulsc.com\/index.php\/wp-json\/wp\/v2\/users\/3"}],"replies":[{"embeddable":true,"href":"https:\/\/sulsc.com\/index.php\/wp-json\/wp\/v2\/comments?post=29953"}],"version-history":[{"count":1,"href":"https:\/\/sulsc.com\/index.php\/wp-json\/wp\/v2\/posts\/29953\/revisions"}],"predecessor-version":[{"id":29955,"href":"https:\/\/sulsc.com\/index.php\/wp-json\/wp\/v2\/posts\/29953\/revisions\/29955"}],"wp:featuredmedia":[{"embeddable":true,"href":"https:\/\/sulsc.com\/index.php\/wp-json\/wp\/v2\/media\/29954"}],"wp:attachment":[{"href":"https:\/\/sulsc.com\/index.php\/wp-json\/wp\/v2\/media?parent=29953"}],"wp:term":[{"taxonomy":"category","embeddable":true,"href":"https:\/\/sulsc.com\/index.php\/wp-json\/wp\/v2\/categories?post=29953"},{"taxonomy":"post_tag","embeddable":true,"href":"https:\/\/sulsc.com\/index.php\/wp-json\/wp\/v2\/tags?post=29953"}],"curies":[{"name":"wp","href":"https:\/\/api.w.org\/{rel}","templated":true}]}}