{"id":29966,"date":"2025-11-22T10:24:02","date_gmt":"2025-11-22T13:24:02","guid":{"rendered":"https:\/\/sulsc.com\/?p=29966"},"modified":"2025-11-22T10:24:02","modified_gmt":"2025-11-22T13:24:02","slug":"homem-e-condenado-a-mais-de-65-anos-de-prisao-por-esfaquear-companheira","status":"publish","type":"post","link":"https:\/\/sulsc.com\/index.php\/2025\/11\/22\/homem-e-condenado-a-mais-de-65-anos-de-prisao-por-esfaquear-companheira\/","title":{"rendered":"Homem \u00e9 condenado a mais de 65 anos de pris\u00e3o por esfaquear companheira"},"content":{"rendered":"<p>O Tribunal do J\u00fari acolheu a tese do Minist\u00e9rio P\u00fablico de Santa Catarina (MPSC) e condenou o r\u00e9u a 65 anos, 5 meses e 14 dias de pris\u00e3o, em regime inicialmente fechado, por feminic\u00eddio majorado. De acordo com a senten\u00e7a, ele foi condenado por feminic\u00eddio com as causas de aumento em raz\u00e3o de o crime ter sido pratico com meio cruel e recurso que dificultou a defesa da v\u00edtima. Al\u00e9m disso, foi determinado que ele deve indenizar a filha e m\u00e3e da v\u00edtima com R$ 100 mil para cada uma.<\/p>\n<div id=\"metaslider-id-25573\" style=\"width: 100%;\" class=\"ml-slider-3-99-0 metaslider metaslider-flex metaslider-25573 ml-slider has-onhover-arrows ms-theme-default-base has-dots-nav\" role=\"region\" aria-label=\"Meio\" data-width=\"1200\">\n    <div id=\"metaslider_container_25573\">\n        <div id=\"metaslider_25573\">\n            <ul class='slides'>\n                <li style=\"display: block; width: 100%;\" class=\"slide-25684 ms-image \" aria-roledescription=\"slide\" data-date=\"2025-07-24 07:55:40\"><img src=\"https:\/\/sulsc.com\/wp-content\/uploads\/2025\/07\/Marr-2-1000x166.jpg\" height=\"200\" width=\"1200\" alt=\"\" class=\"slider-25573 slide-25684 msDefaultImage\" title=\"Marr 2\" \/><\/li>\n                <li style=\"display: none; width: 100%;\" class=\"slide-32412 ms-image \" aria-roledescription=\"slide\" data-date=\"2026-02-18 13:59:46\"><img src=\"https:\/\/sulsc.com\/wp-content\/uploads\/2026\/02\/40dc1580-cad5-4867-bc58-c4243821ad38-1000x166.jpeg\" height=\"200\" width=\"1200\" alt=\"\" class=\"slider-25573 slide-32412 msDefaultImage\" title=\"40dc1580-cad5-4867-bc58-c4243821ad38\" \/><\/li>\n                <li style=\"display: none; width: 100%;\" class=\"slide-32766 ms-image \" aria-roledescription=\"slide\" data-date=\"2026-03-03 17:22:59\"><img src=\"https:\/\/sulsc.com\/wp-content\/uploads\/2026\/03\/271ce739-f268-41c5-8051-3de1a1750359-1000x166.jpeg\" height=\"200\" width=\"1200\" alt=\"\" class=\"slider-25573 slide-32766 msDefaultImage\" title=\"271ce739-f268-41c5-8051-3de1a1750359\" \/><\/li>\n            <\/ul>\n        <\/div>\n        \n    <\/div>\n<\/div>\n<p>O crime aconteceu no primeiro dia de 2025, na Barra do Ariri\u00fa, em Palho\u00e7a, quando a mulher \u2013 de 19 anos \u2013 saiu da resid\u00eancia do casal e voltou no fim do dia para buscar seus pertences e a filha do casal. O homem n\u00e3o aceitou a decis\u00e3o dela, pegou uma faca e correu atr\u00e1s da companheira, a qual buscou abrigo na casa vizinha. Ele a seguiu, derrubou-a no ch\u00e3o e a esfaqueou em v\u00e1rias partes do corpo, causando sua morte.<\/p>\n<p>Este foi o primeiro j\u00fari em Palho\u00e7a realizado com a Lei n. 14.994\/24. Sancionada em outubro de 2024, a legisla\u00e7\u00e3o trata o feminic\u00eddio como crime aut\u00f4nomo, com pena de 20 a 40 anos de pris\u00e3o. Tamb\u00e9m aumenta as puni\u00e7\u00f5es para outros crimes contra mulheres, como amea\u00e7a e les\u00e3o corporal, e prev\u00ea medidas contra o agressor, como perda do poder familiar e uso de tornozeleira eletr\u00f4nica em sa\u00eddas tempor\u00e1rias.<\/p>\n<p>O r\u00e9u deve iniciar imediatamente o cumprimento da pena e n\u00e3o poder\u00e1 recorrer em liberdade, diante do fato de que o Supremo Tribunal Federal, no julgamento do Tema 1.068, consolidou que as decis\u00f5es do Tribunal do J\u00fari t\u00eam for\u00e7a execut\u00f3ria imediata.<\/p>\n<p><img fetchpriority=\"high\" decoding=\"async\" class=\"aligncenter size-full wp-image-5754\" src=\"http:\/\/sulsc.com\/wp-content\/uploads\/2023\/12\/prisao.jpeg\" alt=\"\" width=\"1170\" height=\"766\" srcset=\"https:\/\/sulsc.com\/wp-content\/uploads\/2023\/12\/prisao.jpeg 1170w, https:\/\/sulsc.com\/wp-content\/uploads\/2023\/12\/prisao-300x196.jpeg 300w, https:\/\/sulsc.com\/wp-content\/uploads\/2023\/12\/prisao-1024x670.jpeg 1024w, https:\/\/sulsc.com\/wp-content\/uploads\/2023\/12\/prisao-768x503.jpeg 768w\" sizes=\"(max-width: 1170px) 100vw, 1170px\" \/><\/p>\n","protected":false},"excerpt":{"rendered":"<p>O Tribunal do J\u00fari acolheu a tese do Minist\u00e9rio P\u00fablico de Santa Catarina (MPSC) e condenou o r\u00e9u a 65 anos, 5 meses e 14 dias de pris\u00e3o, em regime inicialmente fechado, por feminic\u00eddio majorado. De acordo com a senten\u00e7a, ele foi condenado por feminic\u00eddio com as causas de aumento em raz\u00e3o de o crime &hellip;<\/p>\n<p class=\"read-more\"> <a class=\"\" href=\"https:\/\/sulsc.com\/index.php\/2025\/11\/22\/homem-e-condenado-a-mais-de-65-anos-de-prisao-por-esfaquear-companheira\/\"> <span class=\"screen-reader-text\">Homem \u00e9 condenado a mais de 65 anos de pris\u00e3o por esfaquear companheira<\/span> Read More &raquo;<\/a><\/p>\n","protected":false},"author":3,"featured_media":0,"comment_status":"open","ping_status":"open","sticky":false,"template":"","format":"standard","meta":{"site-sidebar-layout":"default","site-content-layout":"","ast-site-content-layout":"default","site-content-style":"default","site-sidebar-style":"default","ast-global-header-display":"","ast-banner-title-visibility":"","ast-main-header-display":"","ast-hfb-above-header-display":"","ast-hfb-below-header-display":"","ast-hfb-mobile-header-display":"","site-post-title":"","ast-breadcrumbs-content":"","ast-featured-img":"","footer-sml-layout":"","theme-transparent-header-meta":"default","adv-header-id-meta":"","stick-header-meta":"","header-above-stick-meta":"","header-main-stick-meta":"","header-below-stick-meta":"","astra-migrate-meta-layouts":"set","footnotes":""},"categories":[1,14,8,12],"tags":[100],"yoast_head":"<!-- This site is optimized with the Yoast SEO plugin v21.4 - https:\/\/yoast.com\/wordpress\/plugins\/seo\/ -->\n<title>Homem \u00e9 condenado a mais de 65 anos de pris\u00e3o por esfaquear companheira -<\/title>\n<meta name=\"robots\" content=\"index, follow, max-snippet:-1, max-image-preview:large, max-video-preview:-1\" \/>\n<link rel=\"canonical\" href=\"https:\/\/sulsc.com\/index.php\/2025\/11\/22\/homem-e-condenado-a-mais-de-65-anos-de-prisao-por-esfaquear-companheira\/\" \/>\n<meta property=\"og:locale\" content=\"en_US\" \/>\n<meta property=\"og:type\" content=\"article\" \/>\n<meta property=\"og:title\" content=\"Homem \u00e9 condenado a mais de 65 anos de pris\u00e3o por esfaquear companheira -\" \/>\n<meta property=\"og:description\" content=\"O Tribunal do J\u00fari acolheu a tese do Minist\u00e9rio P\u00fablico de Santa Catarina (MPSC) e condenou o r\u00e9u a 65 anos, 5 meses e 14 dias de pris\u00e3o, em regime inicialmente fechado, por feminic\u00eddio majorado. De acordo com a senten\u00e7a, ele foi condenado por feminic\u00eddio com as causas de aumento em raz\u00e3o de o crime &hellip; Homem \u00e9 condenado a mais de 65 anos de pris\u00e3o por esfaquear companheira Read More &raquo;\" \/>\n<meta property=\"og:url\" content=\"https:\/\/sulsc.com\/index.php\/2025\/11\/22\/homem-e-condenado-a-mais-de-65-anos-de-prisao-por-esfaquear-companheira\/\" \/>\n<meta property=\"article:author\" content=\"https:\/\/www.facebook.com\/profile.php?id=61559278119680\" \/>\n<meta property=\"article:published_time\" content=\"2025-11-22T13:24:02+00:00\" \/>\n<meta property=\"og:image\" content=\"http:\/\/sulsc.com\/wp-content\/uploads\/2025\/11\/close-up-disponivel-usando-algemas-na-prisao-scaled.jpg\" \/>\n\t<meta property=\"og:image:width\" content=\"1707\" \/>\n\t<meta property=\"og:image:height\" content=\"2560\" \/>\n\t<meta property=\"og:image:type\" content=\"image\/jpeg\" \/>\n<meta name=\"author\" content=\"Reda\u00e7\u00e3o Sul SC\" \/>\n<meta name=\"twitter:card\" content=\"summary_large_image\" \/>\n<meta name=\"twitter:creator\" content=\"@https:\/\/twitter.com\/PortalSulSC\" \/>\n<meta name=\"twitter:label1\" content=\"Written by\" \/>\n\t<meta name=\"twitter:data1\" content=\"Reda\u00e7\u00e3o Sul SC\" \/>\n\t<meta name=\"twitter:label2\" content=\"Est. reading time\" \/>\n\t<meta name=\"twitter:data2\" content=\"2 minutes\" \/>\n<script type=\"application\/ld+json\" class=\"yoast-schema-graph\">{\"@context\":\"https:\/\/schema.org\",\"@graph\":[{\"@type\":\"WebPage\",\"@id\":\"https:\/\/sulsc.com\/index.php\/2025\/11\/22\/homem-e-condenado-a-mais-de-65-anos-de-prisao-por-esfaquear-companheira\/\",\"url\":\"https:\/\/sulsc.com\/index.php\/2025\/11\/22\/homem-e-condenado-a-mais-de-65-anos-de-prisao-por-esfaquear-companheira\/\",\"name\":\"Homem \u00e9 condenado a mais de 65 anos de pris\u00e3o por esfaquear companheira -\",\"isPartOf\":{\"@id\":\"https:\/\/sulsc.com\/#website\"},\"datePublished\":\"2025-11-22T13:24:02+00:00\",\"dateModified\":\"2025-11-22T13:24:02+00:00\",\"author\":{\"@id\":\"https:\/\/sulsc.com\/#\/schema\/person\/84d2fc571684f6248ba83092f07750a3\"},\"breadcrumb\":{\"@id\":\"https:\/\/sulsc.com\/index.php\/2025\/11\/22\/homem-e-condenado-a-mais-de-65-anos-de-prisao-por-esfaquear-companheira\/#breadcrumb\"},\"inLanguage\":\"en-US\",\"potentialAction\":[{\"@type\":\"ReadAction\",\"target\":[\"https:\/\/sulsc.com\/index.php\/2025\/11\/22\/homem-e-condenado-a-mais-de-65-anos-de-prisao-por-esfaquear-companheira\/\"]}]},{\"@type\":\"BreadcrumbList\",\"@id\":\"https:\/\/sulsc.com\/index.php\/2025\/11\/22\/homem-e-condenado-a-mais-de-65-anos-de-prisao-por-esfaquear-companheira\/#breadcrumb\",\"itemListElement\":[{\"@type\":\"ListItem\",\"position\":1,\"name\":\"In\u00edcio\",\"item\":\"https:\/\/sulsc.com\/\"},{\"@type\":\"ListItem\",\"position\":2,\"name\":\"Homem \u00e9 condenado a mais de 65 anos de pris\u00e3o por esfaquear companheira\"}]},{\"@type\":\"WebSite\",\"@id\":\"https:\/\/sulsc.com\/#website\",\"url\":\"https:\/\/sulsc.com\/\",\"name\":\"\",\"description\":\"\",\"potentialAction\":[{\"@type\":\"SearchAction\",\"target\":{\"@type\":\"EntryPoint\",\"urlTemplate\":\"https:\/\/sulsc.com\/?s={search_term_string}\"},\"query-input\":\"required name=search_term_string\"}],\"inLanguage\":\"en-US\"},{\"@type\":\"Person\",\"@id\":\"https:\/\/sulsc.com\/#\/schema\/person\/84d2fc571684f6248ba83092f07750a3\",\"name\":\"Reda\u00e7\u00e3o Sul SC\",\"image\":{\"@type\":\"ImageObject\",\"inLanguage\":\"en-US\",\"@id\":\"https:\/\/sulsc.com\/#\/schema\/person\/image\/e08d7fe2cc4ed596372063bbe852b8d0\",\"url\":\"https:\/\/sulsc.com\/wp-content\/uploads\/2023\/09\/redacao.png\",\"contentUrl\":\"https:\/\/sulsc.com\/wp-content\/uploads\/2023\/09\/redacao.png\",\"caption\":\"Reda\u00e7\u00e3o Sul SC\"},\"description\":\"Foco em um jornalismo imparcial, voltado \u00e0 qualidade dos seus conte\u00fados e, assim, levar informa\u00e7\u00e3o de valor que agregue \u00e0 vida dos leitores. Esta \u00e9 grande miss\u00e3o do Portal de Not\u00edcias Sul SC. N\u00e3o \u00e9 quantidade que muda o mundo, sempre foi e seguir\u00e1 sendo qualidade!\",\"sameAs\":[\"https:\/\/sulsc.com\/\",\"https:\/\/www.facebook.com\/profile.php?id=61559278119680\",\"https:\/\/www.instagram.com\/sulscportal\/?hl=pt-br\",\"https:\/\/twitter.com\/https:\/\/twitter.com\/PortalSulSC\",\"https:\/\/www.youtube.com\/channel\/UCv_BE8GeySluDov2n8qhVmw\"],\"url\":\"https:\/\/sulsc.com\/index.php\/author\/redacao\/\"}]}<\/script>\n<!-- \/ Yoast SEO plugin. -->","yoast_head_json":{"title":"Homem \u00e9 condenado a mais de 65 anos de pris\u00e3o por esfaquear companheira -","robots":{"index":"index","follow":"follow","max-snippet":"max-snippet:-1","max-image-preview":"max-image-preview:large","max-video-preview":"max-video-preview:-1"},"canonical":"https:\/\/sulsc.com\/index.php\/2025\/11\/22\/homem-e-condenado-a-mais-de-65-anos-de-prisao-por-esfaquear-companheira\/","og_locale":"en_US","og_type":"article","og_title":"Homem \u00e9 condenado a mais de 65 anos de pris\u00e3o por esfaquear companheira -","og_description":"O Tribunal do J\u00fari acolheu a tese do Minist\u00e9rio P\u00fablico de Santa Catarina (MPSC) e condenou o r\u00e9u a 65 anos, 5 meses e 14 dias de pris\u00e3o, em regime inicialmente fechado, por feminic\u00eddio majorado. De acordo com a senten\u00e7a, ele foi condenado por feminic\u00eddio com as causas de aumento em raz\u00e3o de o crime &hellip; Homem \u00e9 condenado a mais de 65 anos de pris\u00e3o por esfaquear companheira Read More &raquo;","og_url":"https:\/\/sulsc.com\/index.php\/2025\/11\/22\/homem-e-condenado-a-mais-de-65-anos-de-prisao-por-esfaquear-companheira\/","article_author":"https:\/\/www.facebook.com\/profile.php?id=61559278119680","article_published_time":"2025-11-22T13:24:02+00:00","og_image":[{"width":1707,"height":2560,"url":"http:\/\/sulsc.com\/wp-content\/uploads\/2025\/11\/close-up-disponivel-usando-algemas-na-prisao-scaled.jpg","type":"image\/jpeg"}],"author":"Reda\u00e7\u00e3o Sul SC","twitter_card":"summary_large_image","twitter_creator":"@https:\/\/twitter.com\/PortalSulSC","twitter_misc":{"Written by":"Reda\u00e7\u00e3o Sul SC","Est. reading time":"2 minutes"},"schema":{"@context":"https:\/\/schema.org","@graph":[{"@type":"WebPage","@id":"https:\/\/sulsc.com\/index.php\/2025\/11\/22\/homem-e-condenado-a-mais-de-65-anos-de-prisao-por-esfaquear-companheira\/","url":"https:\/\/sulsc.com\/index.php\/2025\/11\/22\/homem-e-condenado-a-mais-de-65-anos-de-prisao-por-esfaquear-companheira\/","name":"Homem \u00e9 condenado a mais de 65 anos de pris\u00e3o por esfaquear companheira -","isPartOf":{"@id":"https:\/\/sulsc.com\/#website"},"datePublished":"2025-11-22T13:24:02+00:00","dateModified":"2025-11-22T13:24:02+00:00","author":{"@id":"https:\/\/sulsc.com\/#\/schema\/person\/84d2fc571684f6248ba83092f07750a3"},"breadcrumb":{"@id":"https:\/\/sulsc.com\/index.php\/2025\/11\/22\/homem-e-condenado-a-mais-de-65-anos-de-prisao-por-esfaquear-companheira\/#breadcrumb"},"inLanguage":"en-US","potentialAction":[{"@type":"ReadAction","target":["https:\/\/sulsc.com\/index.php\/2025\/11\/22\/homem-e-condenado-a-mais-de-65-anos-de-prisao-por-esfaquear-companheira\/"]}]},{"@type":"BreadcrumbList","@id":"https:\/\/sulsc.com\/index.php\/2025\/11\/22\/homem-e-condenado-a-mais-de-65-anos-de-prisao-por-esfaquear-companheira\/#breadcrumb","itemListElement":[{"@type":"ListItem","position":1,"name":"In\u00edcio","item":"https:\/\/sulsc.com\/"},{"@type":"ListItem","position":2,"name":"Homem \u00e9 condenado a mais de 65 anos de pris\u00e3o por esfaquear companheira"}]},{"@type":"WebSite","@id":"https:\/\/sulsc.com\/#website","url":"https:\/\/sulsc.com\/","name":"","description":"","potentialAction":[{"@type":"SearchAction","target":{"@type":"EntryPoint","urlTemplate":"https:\/\/sulsc.com\/?s={search_term_string}"},"query-input":"required name=search_term_string"}],"inLanguage":"en-US"},{"@type":"Person","@id":"https:\/\/sulsc.com\/#\/schema\/person\/84d2fc571684f6248ba83092f07750a3","name":"Reda\u00e7\u00e3o Sul SC","image":{"@type":"ImageObject","inLanguage":"en-US","@id":"https:\/\/sulsc.com\/#\/schema\/person\/image\/e08d7fe2cc4ed596372063bbe852b8d0","url":"https:\/\/sulsc.com\/wp-content\/uploads\/2023\/09\/redacao.png","contentUrl":"https:\/\/sulsc.com\/wp-content\/uploads\/2023\/09\/redacao.png","caption":"Reda\u00e7\u00e3o Sul SC"},"description":"Foco em um jornalismo imparcial, voltado \u00e0 qualidade dos seus conte\u00fados e, assim, levar informa\u00e7\u00e3o de valor que agregue \u00e0 vida dos leitores. Esta \u00e9 grande miss\u00e3o do Portal de Not\u00edcias Sul SC. N\u00e3o \u00e9 quantidade que muda o mundo, sempre foi e seguir\u00e1 sendo qualidade!","sameAs":["https:\/\/sulsc.com\/","https:\/\/www.facebook.com\/profile.php?id=61559278119680","https:\/\/www.instagram.com\/sulscportal\/?hl=pt-br","https:\/\/twitter.com\/https:\/\/twitter.com\/PortalSulSC","https:\/\/www.youtube.com\/channel\/UCv_BE8GeySluDov2n8qhVmw"],"url":"https:\/\/sulsc.com\/index.php\/author\/redacao\/"}]}},"authors":[],"_links":{"self":[{"href":"https:\/\/sulsc.com\/index.php\/wp-json\/wp\/v2\/posts\/29966"}],"collection":[{"href":"https:\/\/sulsc.com\/index.php\/wp-json\/wp\/v2\/posts"}],"about":[{"href":"https:\/\/sulsc.com\/index.php\/wp-json\/wp\/v2\/types\/post"}],"author":[{"embeddable":true,"href":"https:\/\/sulsc.com\/index.php\/wp-json\/wp\/v2\/users\/3"}],"replies":[{"embeddable":true,"href":"https:\/\/sulsc.com\/index.php\/wp-json\/wp\/v2\/comments?post=29966"}],"version-history":[{"count":1,"href":"https:\/\/sulsc.com\/index.php\/wp-json\/wp\/v2\/posts\/29966\/revisions"}],"predecessor-version":[{"id":29968,"href":"https:\/\/sulsc.com\/index.php\/wp-json\/wp\/v2\/posts\/29966\/revisions\/29968"}],"wp:attachment":[{"href":"https:\/\/sulsc.com\/index.php\/wp-json\/wp\/v2\/media?parent=29966"}],"wp:term":[{"taxonomy":"category","embeddable":true,"href":"https:\/\/sulsc.com\/index.php\/wp-json\/wp\/v2\/categories?post=29966"},{"taxonomy":"post_tag","embeddable":true,"href":"https:\/\/sulsc.com\/index.php\/wp-json\/wp\/v2\/tags?post=29966"}],"curies":[{"name":"wp","href":"https:\/\/api.w.org\/{rel}","templated":true}]}}