{"id":30004,"date":"2025-11-24T08:06:29","date_gmt":"2025-11-24T11:06:29","guid":{"rendered":"https:\/\/sulsc.com\/?p=30004"},"modified":"2025-11-24T08:06:29","modified_gmt":"2025-11-24T11:06:29","slug":"vitima-de-ataque-com-facao-e-sorrida-em-estado-grave-no-bairro-caputera-em-laguna","status":"publish","type":"post","link":"https:\/\/sulsc.com\/index.php\/2025\/11\/24\/vitima-de-ataque-com-facao-e-sorrida-em-estado-grave-no-bairro-caputera-em-laguna\/","title":{"rendered":"V\u00edtima de ataque com fac\u00e3o \u00e9 sorrida em estado grave no bairro Caputera em Laguna"},"content":{"rendered":"<p>Na noite deste domingo (23), \u00e0s 21h35, a Pol\u00edcia Militar foi acionada via COPOM para atender uma ocorr\u00eancia de tentativa de homic\u00eddio no bairro Caputera, em Laguna. Ao chegarem ao local, os policiais encontraram um homem de 37 anos ca\u00eddo em frente a uma lanchonete, ensanguentado e com cortes profundos na cabe\u00e7a e na perna esquerda.<\/p>\n<div id=\"metaslider-id-25573\" style=\"width: 100%;\" class=\"ml-slider-3-99-0 metaslider metaslider-flex metaslider-25573 ml-slider has-onhover-arrows ms-theme-default-base has-dots-nav\" role=\"region\" aria-label=\"Meio\" data-width=\"1200\">\n    <div id=\"metaslider_container_25573\">\n        <div id=\"metaslider_25573\">\n            <ul class='slides'>\n                <li style=\"display: block; width: 100%;\" class=\"slide-25684 ms-image \" aria-roledescription=\"slide\" data-date=\"2025-07-24 07:55:40\"><img src=\"https:\/\/sulsc.com\/wp-content\/uploads\/2025\/07\/Marr-2-1000x166.jpg\" height=\"200\" width=\"1200\" alt=\"\" class=\"slider-25573 slide-25684 msDefaultImage\" title=\"Marr 2\" \/><\/li>\n                <li style=\"display: none; width: 100%;\" class=\"slide-32412 ms-image \" aria-roledescription=\"slide\" data-date=\"2026-02-18 13:59:46\"><img src=\"https:\/\/sulsc.com\/wp-content\/uploads\/2026\/02\/40dc1580-cad5-4867-bc58-c4243821ad38-1000x166.jpeg\" height=\"200\" width=\"1200\" alt=\"\" class=\"slider-25573 slide-32412 msDefaultImage\" title=\"40dc1580-cad5-4867-bc58-c4243821ad38\" \/><\/li>\n                <li style=\"display: none; width: 100%;\" class=\"slide-32766 ms-image \" aria-roledescription=\"slide\" data-date=\"2026-03-03 17:22:59\"><img src=\"https:\/\/sulsc.com\/wp-content\/uploads\/2026\/03\/271ce739-f268-41c5-8051-3de1a1750359-1000x166.jpeg\" height=\"200\" width=\"1200\" alt=\"\" class=\"slider-25573 slide-32766 msDefaultImage\" title=\"271ce739-f268-41c5-8051-3de1a1750359\" \/><\/li>\n            <\/ul>\n        <\/div>\n        \n    <\/div>\n<\/div>\n<p>A guarni\u00e7\u00e3o prestou os primeiros socorros at\u00e9 a chegada do Servi\u00e7o de Atendimento M\u00f3vel de Urg\u00eancia (Samu), que conduziu a v\u00edtima ao Hospital de Laguna. Embora estivesse consciente, a v\u00edtima n\u00e3o conseguia falar devido \u00e0 fraqueza. No hospital, ela informou que dois homens foram os respons\u00e1veis pelo ataque, mas n\u00e3o conseguiu fornecer mais detalhes sobre os agressores.<\/p>\n<p>Testemunhas relataram que a v\u00edtima foi atacada com golpes de fac\u00e3o no meio da rua, mas n\u00e3o conheciam os autores da agress\u00e3o. A Pol\u00edcia Militar realizou rondas nas proximidades, mas n\u00e3o conseguiu localizar os suspeitos.<\/p>\n<p><img fetchpriority=\"high\" decoding=\"async\" class=\"aligncenter size-full wp-image-30005\" src=\"http:\/\/sulsc.com\/wp-content\/uploads\/2025\/11\/584a08dc-3e9b-4c41-b4f7-1bf1c8d0558b.jpeg\" alt=\"\" width=\"1080\" height=\"614\" srcset=\"https:\/\/sulsc.com\/wp-content\/uploads\/2025\/11\/584a08dc-3e9b-4c41-b4f7-1bf1c8d0558b.jpeg 1080w, https:\/\/sulsc.com\/wp-content\/uploads\/2025\/11\/584a08dc-3e9b-4c41-b4f7-1bf1c8d0558b-300x171.jpeg 300w, https:\/\/sulsc.com\/wp-content\/uploads\/2025\/11\/584a08dc-3e9b-4c41-b4f7-1bf1c8d0558b-1024x582.jpeg 1024w, https:\/\/sulsc.com\/wp-content\/uploads\/2025\/11\/584a08dc-3e9b-4c41-b4f7-1bf1c8d0558b-768x437.jpeg 768w\" sizes=\"(max-width: 1080px) 100vw, 1080px\" \/><\/p>\n<p>PMSC\/Divulga\u00e7\u00e3o\/SulSC<\/p>\n","protected":false},"excerpt":{"rendered":"<p>Na noite deste domingo (23), \u00e0s 21h35, a Pol\u00edcia Militar foi acionada via COPOM para atender uma ocorr\u00eancia de tentativa de homic\u00eddio no bairro Caputera, em Laguna. Ao chegarem ao local, os policiais encontraram um homem de 37 anos ca\u00eddo em frente a uma lanchonete, ensanguentado e com cortes profundos na cabe\u00e7a e na perna &hellip;<\/p>\n<p class=\"read-more\"> <a class=\"\" href=\"https:\/\/sulsc.com\/index.php\/2025\/11\/24\/vitima-de-ataque-com-facao-e-sorrida-em-estado-grave-no-bairro-caputera-em-laguna\/\"> <span class=\"screen-reader-text\">V\u00edtima de ataque com fac\u00e3o \u00e9 sorrida em estado grave no bairro Caputera em Laguna<\/span> Read More &raquo;<\/a><\/p>\n","protected":false},"author":3,"featured_media":30005,"comment_status":"open","ping_status":"open","sticky":false,"template":"","format":"standard","meta":{"site-sidebar-layout":"default","site-content-layout":"","ast-site-content-layout":"default","site-content-style":"default","site-sidebar-style":"default","ast-global-header-display":"","ast-banner-title-visibility":"","ast-main-header-display":"","ast-hfb-above-header-display":"","ast-hfb-below-header-display":"","ast-hfb-mobile-header-display":"","site-post-title":"","ast-breadcrumbs-content":"","ast-featured-img":"","footer-sml-layout":"","theme-transparent-header-meta":"default","adv-header-id-meta":"","stick-header-meta":"","header-above-stick-meta":"","header-main-stick-meta":"","header-below-stick-meta":"","astra-migrate-meta-layouts":"set","footnotes":""},"categories":[2231,1,22,8,12],"tags":[2755],"yoast_head":"<!-- This site is optimized with the Yoast SEO plugin v21.4 - https:\/\/yoast.com\/wordpress\/plugins\/seo\/ -->\n<title>V\u00edtima de ataque com fac\u00e3o \u00e9 sorrida em estado grave no bairro Caputera em Laguna -<\/title>\n<meta name=\"robots\" content=\"index, follow, max-snippet:-1, max-image-preview:large, max-video-preview:-1\" \/>\n<link rel=\"canonical\" href=\"https:\/\/sulsc.com\/index.php\/2025\/11\/24\/vitima-de-ataque-com-facao-e-sorrida-em-estado-grave-no-bairro-caputera-em-laguna\/\" \/>\n<meta property=\"og:locale\" content=\"en_US\" \/>\n<meta property=\"og:type\" content=\"article\" \/>\n<meta property=\"og:title\" content=\"V\u00edtima de ataque com fac\u00e3o \u00e9 sorrida em estado grave no bairro Caputera em Laguna -\" \/>\n<meta property=\"og:description\" content=\"Na noite deste domingo (23), \u00e0s 21h35, a Pol\u00edcia Militar foi acionada via COPOM para atender uma ocorr\u00eancia de tentativa de homic\u00eddio no bairro Caputera, em Laguna. Ao chegarem ao local, os policiais encontraram um homem de 37 anos ca\u00eddo em frente a uma lanchonete, ensanguentado e com cortes profundos na cabe\u00e7a e na perna &hellip; V\u00edtima de ataque com fac\u00e3o \u00e9 sorrida em estado grave no bairro Caputera em Laguna Read More &raquo;\" \/>\n<meta property=\"og:url\" content=\"https:\/\/sulsc.com\/index.php\/2025\/11\/24\/vitima-de-ataque-com-facao-e-sorrida-em-estado-grave-no-bairro-caputera-em-laguna\/\" \/>\n<meta property=\"article:author\" content=\"https:\/\/www.facebook.com\/profile.php?id=61559278119680\" \/>\n<meta property=\"article:published_time\" content=\"2025-11-24T11:06:29+00:00\" \/>\n<meta property=\"og:image\" content=\"http:\/\/sulsc.com\/wp-content\/uploads\/2025\/11\/584a08dc-3e9b-4c41-b4f7-1bf1c8d0558b.jpeg\" \/>\n\t<meta property=\"og:image:width\" content=\"1080\" \/>\n\t<meta property=\"og:image:height\" content=\"614\" \/>\n\t<meta property=\"og:image:type\" content=\"image\/jpeg\" \/>\n<meta name=\"author\" content=\"Reda\u00e7\u00e3o Sul SC\" \/>\n<meta name=\"twitter:card\" content=\"summary_large_image\" \/>\n<meta name=\"twitter:creator\" content=\"@https:\/\/twitter.com\/PortalSulSC\" \/>\n<meta name=\"twitter:label1\" content=\"Written by\" \/>\n\t<meta name=\"twitter:data1\" content=\"Reda\u00e7\u00e3o Sul SC\" \/>\n\t<meta name=\"twitter:label2\" content=\"Est. reading time\" \/>\n\t<meta name=\"twitter:data2\" content=\"1 minute\" \/>\n<script type=\"application\/ld+json\" class=\"yoast-schema-graph\">{\"@context\":\"https:\/\/schema.org\",\"@graph\":[{\"@type\":\"WebPage\",\"@id\":\"https:\/\/sulsc.com\/index.php\/2025\/11\/24\/vitima-de-ataque-com-facao-e-sorrida-em-estado-grave-no-bairro-caputera-em-laguna\/\",\"url\":\"https:\/\/sulsc.com\/index.php\/2025\/11\/24\/vitima-de-ataque-com-facao-e-sorrida-em-estado-grave-no-bairro-caputera-em-laguna\/\",\"name\":\"V\u00edtima de ataque com fac\u00e3o \u00e9 sorrida em estado grave no bairro Caputera em Laguna -\",\"isPartOf\":{\"@id\":\"https:\/\/sulsc.com\/#website\"},\"datePublished\":\"2025-11-24T11:06:29+00:00\",\"dateModified\":\"2025-11-24T11:06:29+00:00\",\"author\":{\"@id\":\"https:\/\/sulsc.com\/#\/schema\/person\/84d2fc571684f6248ba83092f07750a3\"},\"breadcrumb\":{\"@id\":\"https:\/\/sulsc.com\/index.php\/2025\/11\/24\/vitima-de-ataque-com-facao-e-sorrida-em-estado-grave-no-bairro-caputera-em-laguna\/#breadcrumb\"},\"inLanguage\":\"en-US\",\"potentialAction\":[{\"@type\":\"ReadAction\",\"target\":[\"https:\/\/sulsc.com\/index.php\/2025\/11\/24\/vitima-de-ataque-com-facao-e-sorrida-em-estado-grave-no-bairro-caputera-em-laguna\/\"]}]},{\"@type\":\"BreadcrumbList\",\"@id\":\"https:\/\/sulsc.com\/index.php\/2025\/11\/24\/vitima-de-ataque-com-facao-e-sorrida-em-estado-grave-no-bairro-caputera-em-laguna\/#breadcrumb\",\"itemListElement\":[{\"@type\":\"ListItem\",\"position\":1,\"name\":\"In\u00edcio\",\"item\":\"https:\/\/sulsc.com\/\"},{\"@type\":\"ListItem\",\"position\":2,\"name\":\"V\u00edtima de ataque com fac\u00e3o \u00e9 sorrida em estado grave no bairro Caputera em Laguna\"}]},{\"@type\":\"WebSite\",\"@id\":\"https:\/\/sulsc.com\/#website\",\"url\":\"https:\/\/sulsc.com\/\",\"name\":\"\",\"description\":\"\",\"potentialAction\":[{\"@type\":\"SearchAction\",\"target\":{\"@type\":\"EntryPoint\",\"urlTemplate\":\"https:\/\/sulsc.com\/?s={search_term_string}\"},\"query-input\":\"required name=search_term_string\"}],\"inLanguage\":\"en-US\"},{\"@type\":\"Person\",\"@id\":\"https:\/\/sulsc.com\/#\/schema\/person\/84d2fc571684f6248ba83092f07750a3\",\"name\":\"Reda\u00e7\u00e3o Sul SC\",\"image\":{\"@type\":\"ImageObject\",\"inLanguage\":\"en-US\",\"@id\":\"https:\/\/sulsc.com\/#\/schema\/person\/image\/e08d7fe2cc4ed596372063bbe852b8d0\",\"url\":\"https:\/\/sulsc.com\/wp-content\/uploads\/2023\/09\/redacao.png\",\"contentUrl\":\"https:\/\/sulsc.com\/wp-content\/uploads\/2023\/09\/redacao.png\",\"caption\":\"Reda\u00e7\u00e3o Sul SC\"},\"description\":\"Foco em um jornalismo imparcial, voltado \u00e0 qualidade dos seus conte\u00fados e, assim, levar informa\u00e7\u00e3o de valor que agregue \u00e0 vida dos leitores. Esta \u00e9 grande miss\u00e3o do Portal de Not\u00edcias Sul SC. N\u00e3o \u00e9 quantidade que muda o mundo, sempre foi e seguir\u00e1 sendo qualidade!\",\"sameAs\":[\"https:\/\/sulsc.com\/\",\"https:\/\/www.facebook.com\/profile.php?id=61559278119680\",\"https:\/\/www.instagram.com\/sulscportal\/?hl=pt-br\",\"https:\/\/twitter.com\/https:\/\/twitter.com\/PortalSulSC\",\"https:\/\/www.youtube.com\/channel\/UCv_BE8GeySluDov2n8qhVmw\"],\"url\":\"https:\/\/sulsc.com\/index.php\/author\/redacao\/\"}]}<\/script>\n<!-- \/ Yoast SEO plugin. -->","yoast_head_json":{"title":"V\u00edtima de ataque com fac\u00e3o \u00e9 sorrida em estado grave no bairro Caputera em Laguna -","robots":{"index":"index","follow":"follow","max-snippet":"max-snippet:-1","max-image-preview":"max-image-preview:large","max-video-preview":"max-video-preview:-1"},"canonical":"https:\/\/sulsc.com\/index.php\/2025\/11\/24\/vitima-de-ataque-com-facao-e-sorrida-em-estado-grave-no-bairro-caputera-em-laguna\/","og_locale":"en_US","og_type":"article","og_title":"V\u00edtima de ataque com fac\u00e3o \u00e9 sorrida em estado grave no bairro Caputera em Laguna -","og_description":"Na noite deste domingo (23), \u00e0s 21h35, a Pol\u00edcia Militar foi acionada via COPOM para atender uma ocorr\u00eancia de tentativa de homic\u00eddio no bairro Caputera, em Laguna. Ao chegarem ao local, os policiais encontraram um homem de 37 anos ca\u00eddo em frente a uma lanchonete, ensanguentado e com cortes profundos na cabe\u00e7a e na perna &hellip; V\u00edtima de ataque com fac\u00e3o \u00e9 sorrida em estado grave no bairro Caputera em Laguna Read More &raquo;","og_url":"https:\/\/sulsc.com\/index.php\/2025\/11\/24\/vitima-de-ataque-com-facao-e-sorrida-em-estado-grave-no-bairro-caputera-em-laguna\/","article_author":"https:\/\/www.facebook.com\/profile.php?id=61559278119680","article_published_time":"2025-11-24T11:06:29+00:00","og_image":[{"width":1080,"height":614,"url":"http:\/\/sulsc.com\/wp-content\/uploads\/2025\/11\/584a08dc-3e9b-4c41-b4f7-1bf1c8d0558b.jpeg","type":"image\/jpeg"}],"author":"Reda\u00e7\u00e3o Sul SC","twitter_card":"summary_large_image","twitter_creator":"@https:\/\/twitter.com\/PortalSulSC","twitter_misc":{"Written by":"Reda\u00e7\u00e3o Sul SC","Est. reading time":"1 minute"},"schema":{"@context":"https:\/\/schema.org","@graph":[{"@type":"WebPage","@id":"https:\/\/sulsc.com\/index.php\/2025\/11\/24\/vitima-de-ataque-com-facao-e-sorrida-em-estado-grave-no-bairro-caputera-em-laguna\/","url":"https:\/\/sulsc.com\/index.php\/2025\/11\/24\/vitima-de-ataque-com-facao-e-sorrida-em-estado-grave-no-bairro-caputera-em-laguna\/","name":"V\u00edtima de ataque com fac\u00e3o \u00e9 sorrida em estado grave no bairro Caputera em Laguna -","isPartOf":{"@id":"https:\/\/sulsc.com\/#website"},"datePublished":"2025-11-24T11:06:29+00:00","dateModified":"2025-11-24T11:06:29+00:00","author":{"@id":"https:\/\/sulsc.com\/#\/schema\/person\/84d2fc571684f6248ba83092f07750a3"},"breadcrumb":{"@id":"https:\/\/sulsc.com\/index.php\/2025\/11\/24\/vitima-de-ataque-com-facao-e-sorrida-em-estado-grave-no-bairro-caputera-em-laguna\/#breadcrumb"},"inLanguage":"en-US","potentialAction":[{"@type":"ReadAction","target":["https:\/\/sulsc.com\/index.php\/2025\/11\/24\/vitima-de-ataque-com-facao-e-sorrida-em-estado-grave-no-bairro-caputera-em-laguna\/"]}]},{"@type":"BreadcrumbList","@id":"https:\/\/sulsc.com\/index.php\/2025\/11\/24\/vitima-de-ataque-com-facao-e-sorrida-em-estado-grave-no-bairro-caputera-em-laguna\/#breadcrumb","itemListElement":[{"@type":"ListItem","position":1,"name":"In\u00edcio","item":"https:\/\/sulsc.com\/"},{"@type":"ListItem","position":2,"name":"V\u00edtima de ataque com fac\u00e3o \u00e9 sorrida em estado grave no bairro Caputera em Laguna"}]},{"@type":"WebSite","@id":"https:\/\/sulsc.com\/#website","url":"https:\/\/sulsc.com\/","name":"","description":"","potentialAction":[{"@type":"SearchAction","target":{"@type":"EntryPoint","urlTemplate":"https:\/\/sulsc.com\/?s={search_term_string}"},"query-input":"required name=search_term_string"}],"inLanguage":"en-US"},{"@type":"Person","@id":"https:\/\/sulsc.com\/#\/schema\/person\/84d2fc571684f6248ba83092f07750a3","name":"Reda\u00e7\u00e3o Sul SC","image":{"@type":"ImageObject","inLanguage":"en-US","@id":"https:\/\/sulsc.com\/#\/schema\/person\/image\/e08d7fe2cc4ed596372063bbe852b8d0","url":"https:\/\/sulsc.com\/wp-content\/uploads\/2023\/09\/redacao.png","contentUrl":"https:\/\/sulsc.com\/wp-content\/uploads\/2023\/09\/redacao.png","caption":"Reda\u00e7\u00e3o Sul SC"},"description":"Foco em um jornalismo imparcial, voltado \u00e0 qualidade dos seus conte\u00fados e, assim, levar informa\u00e7\u00e3o de valor que agregue \u00e0 vida dos leitores. Esta \u00e9 grande miss\u00e3o do Portal de Not\u00edcias Sul SC. N\u00e3o \u00e9 quantidade que muda o mundo, sempre foi e seguir\u00e1 sendo qualidade!","sameAs":["https:\/\/sulsc.com\/","https:\/\/www.facebook.com\/profile.php?id=61559278119680","https:\/\/www.instagram.com\/sulscportal\/?hl=pt-br","https:\/\/twitter.com\/https:\/\/twitter.com\/PortalSulSC","https:\/\/www.youtube.com\/channel\/UCv_BE8GeySluDov2n8qhVmw"],"url":"https:\/\/sulsc.com\/index.php\/author\/redacao\/"}]}},"authors":[],"_links":{"self":[{"href":"https:\/\/sulsc.com\/index.php\/wp-json\/wp\/v2\/posts\/30004"}],"collection":[{"href":"https:\/\/sulsc.com\/index.php\/wp-json\/wp\/v2\/posts"}],"about":[{"href":"https:\/\/sulsc.com\/index.php\/wp-json\/wp\/v2\/types\/post"}],"author":[{"embeddable":true,"href":"https:\/\/sulsc.com\/index.php\/wp-json\/wp\/v2\/users\/3"}],"replies":[{"embeddable":true,"href":"https:\/\/sulsc.com\/index.php\/wp-json\/wp\/v2\/comments?post=30004"}],"version-history":[{"count":1,"href":"https:\/\/sulsc.com\/index.php\/wp-json\/wp\/v2\/posts\/30004\/revisions"}],"predecessor-version":[{"id":30006,"href":"https:\/\/sulsc.com\/index.php\/wp-json\/wp\/v2\/posts\/30004\/revisions\/30006"}],"wp:featuredmedia":[{"embeddable":true,"href":"https:\/\/sulsc.com\/index.php\/wp-json\/wp\/v2\/media\/30005"}],"wp:attachment":[{"href":"https:\/\/sulsc.com\/index.php\/wp-json\/wp\/v2\/media?parent=30004"}],"wp:term":[{"taxonomy":"category","embeddable":true,"href":"https:\/\/sulsc.com\/index.php\/wp-json\/wp\/v2\/categories?post=30004"},{"taxonomy":"post_tag","embeddable":true,"href":"https:\/\/sulsc.com\/index.php\/wp-json\/wp\/v2\/tags?post=30004"}],"curies":[{"name":"wp","href":"https:\/\/api.w.org\/{rel}","templated":true}]}}