{"id":30012,"date":"2025-11-24T08:59:23","date_gmt":"2025-11-24T11:59:23","guid":{"rendered":"https:\/\/sulsc.com\/?p=30012"},"modified":"2025-11-24T08:59:23","modified_gmt":"2025-11-24T11:59:23","slug":"pagamento-da-9a-parcela-do-programa-pe-de-meia-comeca-nesta-segunda-24","status":"publish","type":"post","link":"https:\/\/sulsc.com\/index.php\/2025\/11\/24\/pagamento-da-9a-parcela-do-programa-pe-de-meia-comeca-nesta-segunda-24\/","title":{"rendered":"Pagamento\u202fda 9\u00aa parcela do programa P\u00e9-de-Meia come\u00e7a nesta segunda (24)"},"content":{"rendered":"<p>Inicia, nesta segunda-feira (27), atrav\u00e9s do Minist\u00e9rio da Educa\u00e7\u00e3o (MEC),o pagamento da\u202fnova parcela\u202faos participantes do programa P\u00e9-de-Meia de 2025.<\/p>\n<p>Os beneficiados pelo programa federal s\u00e3o os estudantes do ensino m\u00e9dio matriculados na rede p\u00fablica regular, entre 14 e 24 anos de idade, e, tamb\u00e9m, na modalidade Educa\u00e7\u00e3o de Jovens e Adultos (EJA), 19 e 24 anos de idade, inscritos no Cadastro Nacional de Programas Sociais do governo federal (Cad\u00danico) at\u00e9 7 de fevereiro de 2025.<\/p>\n<p>Para ter direito ao benef\u00edcio, os estudantes devem ter presen\u00e7a m\u00ednima de 80% nas aulas e possuir Cadastro de Pessoa F\u00edsica (CPF) regular.<\/p>\n<div id=\"metaslider-id-25573\" style=\"width: 100%;\" class=\"ml-slider-3-99-0 metaslider metaslider-flex metaslider-25573 ml-slider has-onhover-arrows ms-theme-default-base has-dots-nav\" role=\"region\" aria-label=\"Meio\" data-width=\"1200\">\n    <div id=\"metaslider_container_25573\">\n        <div id=\"metaslider_25573\">\n            <ul class='slides'>\n                <li style=\"display: block; width: 100%;\" class=\"slide-25684 ms-image \" aria-roledescription=\"slide\" data-date=\"2025-07-24 07:55:40\"><img src=\"https:\/\/sulsc.com\/wp-content\/uploads\/2025\/07\/Marr-2-1000x166.jpg\" height=\"200\" width=\"1200\" alt=\"\" class=\"slider-25573 slide-25684 msDefaultImage\" title=\"Marr 2\" \/><\/li>\n                <li style=\"display: none; width: 100%;\" class=\"slide-32412 ms-image \" aria-roledescription=\"slide\" data-date=\"2026-02-18 13:59:46\"><img src=\"https:\/\/sulsc.com\/wp-content\/uploads\/2026\/02\/40dc1580-cad5-4867-bc58-c4243821ad38-1000x166.jpeg\" height=\"200\" width=\"1200\" alt=\"\" class=\"slider-25573 slide-32412 msDefaultImage\" title=\"40dc1580-cad5-4867-bc58-c4243821ad38\" \/><\/li>\n                <li style=\"display: none; width: 100%;\" class=\"slide-32766 ms-image \" aria-roledescription=\"slide\" data-date=\"2026-03-03 17:22:59\"><img src=\"https:\/\/sulsc.com\/wp-content\/uploads\/2026\/03\/271ce739-f268-41c5-8051-3de1a1750359-1000x166.jpeg\" height=\"200\" width=\"1200\" alt=\"\" class=\"slider-25573 slide-32766 msDefaultImage\" title=\"271ce739-f268-41c5-8051-3de1a1750359\" \/><\/li>\n            <\/ul>\n        <\/div>\n        \n    <\/div>\n<\/div>\n<p>Nesta nova etapa, a Caixa Econ\u00f4mica Federal \u2013 respons\u00e1vel pela gest\u00e3o dos recursos repassados pelo MEC \u2013 aponta que, ao todo, cerca de 3,2 milh\u00f5es de estudantes de escolas p\u00fablicas receber\u00e3o o benef\u00edcio at\u00e9 a pr\u00f3xima segunda-feira, 2 de dezembro.<\/p>\n<p>Os nascidos nos meses de janeiro e fevereiro s\u00e3o os primeiros a receber o valor de R$ 200 correspondente ao incentivo-frequ\u00eancia \u00e0s aulas.<\/p>\n<p>Pagamento escalonado<br \/>\nOs pagamentos do incentivo-frequ\u00eancia ocorrem at\u00e9 o dia 3 de novembro, conforme o m\u00eas de nascimento dos alunos que est\u00e3o matriculados em uma das tr\u00eas s\u00e9ries do ensino m\u00e9dio na rede p\u00fablica de ensino.<\/p>\n<p><strong>Confira o calend\u00e1rio:<\/strong><br \/>\n&#8211; nascidos em janeiro e fevereiro recebem em 24 de novembro;<\/p>\n<p>&#8211; nascidos em mar\u00e7o e abril, em 25 de novembro;<\/p>\n<p>&#8211; nascidos em maio e junho, em de 26 de novembro;<\/p>\n<p>&#8211; nascidos em julho e agosto, em 27 de novembro;<\/p>\n<p>&#8211; nascidos em setembro e outubro recebem em de 28 de novembro;<\/p>\n<p>&#8211; nascidos em novembro e dezembro, em 2 de dezembro.<\/p>\n<p>As parcelas da chamada poupan\u00e7a do ensino m\u00e9dio de 2025 s\u00e3o depositadas em uma conta poupan\u00e7a da Caixa Econ\u00f4mica Federal, aberta automaticamente em nome dos estudantes.<\/p>\n<p>Se o estudante tiver 18 anos ou mais, a conta j\u00e1 estar\u00e1 desbloqueada para movimenta\u00e7\u00e3o imediata do valor recebido pelo incentivo frequ\u00eancia. O banco p\u00fablico avisa que \u00e9 poss\u00edvel <strong><a href=\"https:\/\/play.google.com\/store\/apps\/details?id=br.gov.caixa.tem&amp;hl=pt_BR\" target=\"_blank\" rel=\"noopener\">solicitar de forma gratuita o cart\u00e3o P\u00e9-de-Meia no aplicativo Caixa Tem<\/a>,<\/strong> o que permite o uso dos recursos financeiros em compras e pagamentos.<\/p>\n<p>Se o participante desejar, o valor tamb\u00e9m pode ser sacado nos terminais de autoatendimento, mesmo sem o cart\u00e3o, apenas com o uso da identifica\u00e7\u00e3o biom\u00e9trica previamente cadastrada.<\/p>\n<p>No caso de menor de idade,\u202fser\u00e1\u202fnecess\u00e1rio que o respons\u00e1vel legal autorize\u202fa\u202fmovimenta\u00e7\u00e3o\u202fda\u202fconta. O consentimento poder\u00e1 ser\u202ffeito no pr\u00f3prio aplicativo ou em uma ag\u00eancia da Caixa.<\/p>\n<p>O participante poder\u00e1 consultar no <strong><a href=\"https:\/\/www.gov.br\/mec\/pt-br\/jornadadoestudant\" target=\"_blank\" rel=\"noopener\">aplicativo Jornada do Estudante<\/a>\u00a0<\/strong> do MEC informa\u00e7\u00f5es escolares, regras do programa e status de pagamentos (rejeitados ou aprovados).<\/p>\n<p>As informa\u00e7\u00f5es relativas ao pagamento tamb\u00e9m podem ser consultadas no <strong><a href=\"https:\/\/play.google.com\/store\/apps\/details?id=br.gov.caixa.tem&amp;hl=pt_BR\" target=\"_blank\" rel=\"noopener\">aplicativo Caixa Tem<\/a><\/strong> ou no aplicativo Benef\u00edcios Sociais.<\/p>\n<p><img fetchpriority=\"high\" decoding=\"async\" class=\"aligncenter size-full wp-image-30013\" src=\"http:\/\/sulsc.com\/wp-content\/uploads\/2025\/11\/pe-de-meia_mcamgo_abr_25032024-23.webp\" alt=\"\" width=\"1170\" height=\"700\" srcset=\"https:\/\/sulsc.com\/wp-content\/uploads\/2025\/11\/pe-de-meia_mcamgo_abr_25032024-23.webp 1170w, https:\/\/sulsc.com\/wp-content\/uploads\/2025\/11\/pe-de-meia_mcamgo_abr_25032024-23-300x179.webp 300w, https:\/\/sulsc.com\/wp-content\/uploads\/2025\/11\/pe-de-meia_mcamgo_abr_25032024-23-1024x613.webp 1024w, https:\/\/sulsc.com\/wp-content\/uploads\/2025\/11\/pe-de-meia_mcamgo_abr_25032024-23-768x459.webp 768w\" sizes=\"(max-width: 1170px) 100vw, 1170px\" \/><\/p>\n<p>Foto: Marcelo Camargo\/Divulaga\u00e7\u00e3o\/SulSC<\/p>\n<p><strong>Quem tem direito<\/strong><br \/>\nO P\u00e9-de-Meia \u00e9 voltado a estudantes do ensino m\u00e9dio da rede p\u00fablica de baixa renda. O MEC esclarece que n\u00e3o h\u00e1 necessidade de inscri\u00e7\u00e3o dos estudantes no programa de incentivo educacional. Todo estudante que se encaixa nos crit\u00e9rios do programa \u00e9 inclu\u00eddo automaticamente.<\/p>\n<p><strong>Os requisitos do programa s\u00e3o:<\/strong><\/p>\n<p>ser estudante matriculado no ensino m\u00e9dio regular das redes p\u00fablicas e ter entre 14 a 24 anos;<br \/>\nser estudante da Educa\u00e7\u00e3o de Jovens e Adultos (EJA) das redes p\u00fablicas e ter entre 19 e 24 anos;<br \/>\nser parte de fam\u00edlia inscrita no Cadastro \u00danico para Programas Sociais do governo federal (Cad\u00danico) desde janeiro de 2024 e que tenha renda, por pessoa, de at\u00e9 meio sal\u00e1rio m\u00ednimo;<br \/>\nter inscri\u00e7\u00e3o regular no Cadastro de Pessoas F\u00edsicas (CPF) para entrar na conta Gov.br;<br \/>\nter o m\u00ednimo de 80% de frequ\u00eancia escolar no m\u00eas.<br \/>\nOs sistemas\u202fde\u202fensino estaduais, distrital e municipais e as institui\u00e7\u00f5es federais que ofertam o ensino m\u00e9dio transmitem ao governo federal as informa\u00e7\u00f5es\u202fde\u202fmatr\u00edcula escolar. O governo federal confere se o estudante pode ou n\u00e3o receber o incentivo, ao cruzar os dados com o Cad\u00danico.<\/p>\n","protected":false},"excerpt":{"rendered":"<p>Inicia, nesta segunda-feira (27), atrav\u00e9s do Minist\u00e9rio da Educa\u00e7\u00e3o (MEC),o pagamento da\u202fnova parcela\u202faos participantes do programa P\u00e9-de-Meia de 2025. Os beneficiados pelo programa federal s\u00e3o os estudantes do ensino m\u00e9dio matriculados na rede p\u00fablica regular, entre 14 e 24 anos de idade, e, tamb\u00e9m, na modalidade Educa\u00e7\u00e3o de Jovens e Adultos (EJA), 19 e 24 &hellip;<\/p>\n<p class=\"read-more\"> <a class=\"\" href=\"https:\/\/sulsc.com\/index.php\/2025\/11\/24\/pagamento-da-9a-parcela-do-programa-pe-de-meia-comeca-nesta-segunda-24\/\"> <span class=\"screen-reader-text\">Pagamento\u202fda 9\u00aa parcela do programa P\u00e9-de-Meia come\u00e7a nesta segunda (24)<\/span> Read More &raquo;<\/a><\/p>\n","protected":false},"author":3,"featured_media":30013,"comment_status":"open","ping_status":"open","sticky":false,"template":"","format":"standard","meta":{"site-sidebar-layout":"default","site-content-layout":"","ast-site-content-layout":"default","site-content-style":"default","site-sidebar-style":"default","ast-global-header-display":"","ast-banner-title-visibility":"","ast-main-header-display":"","ast-hfb-above-header-display":"","ast-hfb-below-header-display":"","ast-hfb-mobile-header-display":"","site-post-title":"","ast-breadcrumbs-content":"","ast-featured-img":"","footer-sml-layout":"","theme-transparent-header-meta":"default","adv-header-id-meta":"","stick-header-meta":"","header-above-stick-meta":"","header-main-stick-meta":"","header-below-stick-meta":"","astra-migrate-meta-layouts":"set","footnotes":""},"categories":[2354,2231,11,2321,1,12],"tags":[2304],"yoast_head":"<!-- This site is optimized with the Yoast SEO plugin v21.4 - https:\/\/yoast.com\/wordpress\/plugins\/seo\/ -->\n<title>Pagamento\u202fda 9\u00aa parcela do programa P\u00e9-de-Meia come\u00e7a nesta segunda (24) -<\/title>\n<meta name=\"robots\" content=\"index, follow, max-snippet:-1, max-image-preview:large, max-video-preview:-1\" \/>\n<link rel=\"canonical\" href=\"https:\/\/sulsc.com\/index.php\/2025\/11\/24\/pagamento-da-9a-parcela-do-programa-pe-de-meia-comeca-nesta-segunda-24\/\" \/>\n<meta property=\"og:locale\" content=\"en_US\" \/>\n<meta property=\"og:type\" content=\"article\" \/>\n<meta property=\"og:title\" content=\"Pagamento\u202fda 9\u00aa parcela do programa P\u00e9-de-Meia come\u00e7a nesta segunda (24) -\" \/>\n<meta property=\"og:description\" content=\"Inicia, nesta segunda-feira (27), atrav\u00e9s do Minist\u00e9rio da Educa\u00e7\u00e3o (MEC),o pagamento da\u202fnova parcela\u202faos participantes do programa P\u00e9-de-Meia de 2025. Os beneficiados pelo programa federal s\u00e3o os estudantes do ensino m\u00e9dio matriculados na rede p\u00fablica regular, entre 14 e 24 anos de idade, e, tamb\u00e9m, na modalidade Educa\u00e7\u00e3o de Jovens e Adultos (EJA), 19 e 24 &hellip; Pagamento\u202fda 9\u00aa parcela do programa P\u00e9-de-Meia come\u00e7a nesta segunda (24) Read More &raquo;\" \/>\n<meta property=\"og:url\" content=\"https:\/\/sulsc.com\/index.php\/2025\/11\/24\/pagamento-da-9a-parcela-do-programa-pe-de-meia-comeca-nesta-segunda-24\/\" \/>\n<meta property=\"article:author\" content=\"https:\/\/www.facebook.com\/profile.php?id=61559278119680\" \/>\n<meta property=\"article:published_time\" content=\"2025-11-24T11:59:23+00:00\" \/>\n<meta property=\"og:image\" content=\"http:\/\/sulsc.com\/wp-content\/uploads\/2025\/11\/pe-de-meia_mcamgo_abr_25032024-23.webp\" \/>\n\t<meta property=\"og:image:width\" content=\"1170\" \/>\n\t<meta property=\"og:image:height\" content=\"700\" \/>\n\t<meta property=\"og:image:type\" content=\"image\/webp\" \/>\n<meta name=\"author\" content=\"Reda\u00e7\u00e3o Sul SC\" \/>\n<meta name=\"twitter:card\" content=\"summary_large_image\" \/>\n<meta name=\"twitter:creator\" content=\"@https:\/\/twitter.com\/PortalSulSC\" \/>\n<meta name=\"twitter:label1\" content=\"Written by\" \/>\n\t<meta name=\"twitter:data1\" content=\"Reda\u00e7\u00e3o Sul SC\" \/>\n\t<meta name=\"twitter:label2\" content=\"Est. reading time\" \/>\n\t<meta name=\"twitter:data2\" content=\"3 minutes\" \/>\n<script type=\"application\/ld+json\" class=\"yoast-schema-graph\">{\"@context\":\"https:\/\/schema.org\",\"@graph\":[{\"@type\":\"WebPage\",\"@id\":\"https:\/\/sulsc.com\/index.php\/2025\/11\/24\/pagamento-da-9a-parcela-do-programa-pe-de-meia-comeca-nesta-segunda-24\/\",\"url\":\"https:\/\/sulsc.com\/index.php\/2025\/11\/24\/pagamento-da-9a-parcela-do-programa-pe-de-meia-comeca-nesta-segunda-24\/\",\"name\":\"Pagamento\u202fda 9\u00aa parcela do programa P\u00e9-de-Meia come\u00e7a nesta segunda (24) -\",\"isPartOf\":{\"@id\":\"https:\/\/sulsc.com\/#website\"},\"datePublished\":\"2025-11-24T11:59:23+00:00\",\"dateModified\":\"2025-11-24T11:59:23+00:00\",\"author\":{\"@id\":\"https:\/\/sulsc.com\/#\/schema\/person\/84d2fc571684f6248ba83092f07750a3\"},\"breadcrumb\":{\"@id\":\"https:\/\/sulsc.com\/index.php\/2025\/11\/24\/pagamento-da-9a-parcela-do-programa-pe-de-meia-comeca-nesta-segunda-24\/#breadcrumb\"},\"inLanguage\":\"en-US\",\"potentialAction\":[{\"@type\":\"ReadAction\",\"target\":[\"https:\/\/sulsc.com\/index.php\/2025\/11\/24\/pagamento-da-9a-parcela-do-programa-pe-de-meia-comeca-nesta-segunda-24\/\"]}]},{\"@type\":\"BreadcrumbList\",\"@id\":\"https:\/\/sulsc.com\/index.php\/2025\/11\/24\/pagamento-da-9a-parcela-do-programa-pe-de-meia-comeca-nesta-segunda-24\/#breadcrumb\",\"itemListElement\":[{\"@type\":\"ListItem\",\"position\":1,\"name\":\"In\u00edcio\",\"item\":\"https:\/\/sulsc.com\/\"},{\"@type\":\"ListItem\",\"position\":2,\"name\":\"Pagamento\u202fda 9\u00aa parcela do programa P\u00e9-de-Meia come\u00e7a nesta segunda (24)\"}]},{\"@type\":\"WebSite\",\"@id\":\"https:\/\/sulsc.com\/#website\",\"url\":\"https:\/\/sulsc.com\/\",\"name\":\"\",\"description\":\"\",\"potentialAction\":[{\"@type\":\"SearchAction\",\"target\":{\"@type\":\"EntryPoint\",\"urlTemplate\":\"https:\/\/sulsc.com\/?s={search_term_string}\"},\"query-input\":\"required name=search_term_string\"}],\"inLanguage\":\"en-US\"},{\"@type\":\"Person\",\"@id\":\"https:\/\/sulsc.com\/#\/schema\/person\/84d2fc571684f6248ba83092f07750a3\",\"name\":\"Reda\u00e7\u00e3o Sul SC\",\"image\":{\"@type\":\"ImageObject\",\"inLanguage\":\"en-US\",\"@id\":\"https:\/\/sulsc.com\/#\/schema\/person\/image\/e08d7fe2cc4ed596372063bbe852b8d0\",\"url\":\"https:\/\/sulsc.com\/wp-content\/uploads\/2023\/09\/redacao.png\",\"contentUrl\":\"https:\/\/sulsc.com\/wp-content\/uploads\/2023\/09\/redacao.png\",\"caption\":\"Reda\u00e7\u00e3o Sul SC\"},\"description\":\"Foco em um jornalismo imparcial, voltado \u00e0 qualidade dos seus conte\u00fados e, assim, levar informa\u00e7\u00e3o de valor que agregue \u00e0 vida dos leitores. Esta \u00e9 grande miss\u00e3o do Portal de Not\u00edcias Sul SC. N\u00e3o \u00e9 quantidade que muda o mundo, sempre foi e seguir\u00e1 sendo qualidade!\",\"sameAs\":[\"https:\/\/sulsc.com\/\",\"https:\/\/www.facebook.com\/profile.php?id=61559278119680\",\"https:\/\/www.instagram.com\/sulscportal\/?hl=pt-br\",\"https:\/\/twitter.com\/https:\/\/twitter.com\/PortalSulSC\",\"https:\/\/www.youtube.com\/channel\/UCv_BE8GeySluDov2n8qhVmw\"],\"url\":\"https:\/\/sulsc.com\/index.php\/author\/redacao\/\"}]}<\/script>\n<!-- \/ Yoast SEO plugin. -->","yoast_head_json":{"title":"Pagamento\u202fda 9\u00aa parcela do programa P\u00e9-de-Meia come\u00e7a nesta segunda (24) -","robots":{"index":"index","follow":"follow","max-snippet":"max-snippet:-1","max-image-preview":"max-image-preview:large","max-video-preview":"max-video-preview:-1"},"canonical":"https:\/\/sulsc.com\/index.php\/2025\/11\/24\/pagamento-da-9a-parcela-do-programa-pe-de-meia-comeca-nesta-segunda-24\/","og_locale":"en_US","og_type":"article","og_title":"Pagamento\u202fda 9\u00aa parcela do programa P\u00e9-de-Meia come\u00e7a nesta segunda (24) -","og_description":"Inicia, nesta segunda-feira (27), atrav\u00e9s do Minist\u00e9rio da Educa\u00e7\u00e3o (MEC),o pagamento da\u202fnova parcela\u202faos participantes do programa P\u00e9-de-Meia de 2025. Os beneficiados pelo programa federal s\u00e3o os estudantes do ensino m\u00e9dio matriculados na rede p\u00fablica regular, entre 14 e 24 anos de idade, e, tamb\u00e9m, na modalidade Educa\u00e7\u00e3o de Jovens e Adultos (EJA), 19 e 24 &hellip; Pagamento\u202fda 9\u00aa parcela do programa P\u00e9-de-Meia come\u00e7a nesta segunda (24) Read More &raquo;","og_url":"https:\/\/sulsc.com\/index.php\/2025\/11\/24\/pagamento-da-9a-parcela-do-programa-pe-de-meia-comeca-nesta-segunda-24\/","article_author":"https:\/\/www.facebook.com\/profile.php?id=61559278119680","article_published_time":"2025-11-24T11:59:23+00:00","og_image":[{"width":1170,"height":700,"url":"http:\/\/sulsc.com\/wp-content\/uploads\/2025\/11\/pe-de-meia_mcamgo_abr_25032024-23.webp","type":"image\/webp"}],"author":"Reda\u00e7\u00e3o Sul SC","twitter_card":"summary_large_image","twitter_creator":"@https:\/\/twitter.com\/PortalSulSC","twitter_misc":{"Written by":"Reda\u00e7\u00e3o Sul SC","Est. reading time":"3 minutes"},"schema":{"@context":"https:\/\/schema.org","@graph":[{"@type":"WebPage","@id":"https:\/\/sulsc.com\/index.php\/2025\/11\/24\/pagamento-da-9a-parcela-do-programa-pe-de-meia-comeca-nesta-segunda-24\/","url":"https:\/\/sulsc.com\/index.php\/2025\/11\/24\/pagamento-da-9a-parcela-do-programa-pe-de-meia-comeca-nesta-segunda-24\/","name":"Pagamento\u202fda 9\u00aa parcela do programa P\u00e9-de-Meia come\u00e7a nesta segunda (24) -","isPartOf":{"@id":"https:\/\/sulsc.com\/#website"},"datePublished":"2025-11-24T11:59:23+00:00","dateModified":"2025-11-24T11:59:23+00:00","author":{"@id":"https:\/\/sulsc.com\/#\/schema\/person\/84d2fc571684f6248ba83092f07750a3"},"breadcrumb":{"@id":"https:\/\/sulsc.com\/index.php\/2025\/11\/24\/pagamento-da-9a-parcela-do-programa-pe-de-meia-comeca-nesta-segunda-24\/#breadcrumb"},"inLanguage":"en-US","potentialAction":[{"@type":"ReadAction","target":["https:\/\/sulsc.com\/index.php\/2025\/11\/24\/pagamento-da-9a-parcela-do-programa-pe-de-meia-comeca-nesta-segunda-24\/"]}]},{"@type":"BreadcrumbList","@id":"https:\/\/sulsc.com\/index.php\/2025\/11\/24\/pagamento-da-9a-parcela-do-programa-pe-de-meia-comeca-nesta-segunda-24\/#breadcrumb","itemListElement":[{"@type":"ListItem","position":1,"name":"In\u00edcio","item":"https:\/\/sulsc.com\/"},{"@type":"ListItem","position":2,"name":"Pagamento\u202fda 9\u00aa parcela do programa P\u00e9-de-Meia come\u00e7a nesta segunda (24)"}]},{"@type":"WebSite","@id":"https:\/\/sulsc.com\/#website","url":"https:\/\/sulsc.com\/","name":"","description":"","potentialAction":[{"@type":"SearchAction","target":{"@type":"EntryPoint","urlTemplate":"https:\/\/sulsc.com\/?s={search_term_string}"},"query-input":"required name=search_term_string"}],"inLanguage":"en-US"},{"@type":"Person","@id":"https:\/\/sulsc.com\/#\/schema\/person\/84d2fc571684f6248ba83092f07750a3","name":"Reda\u00e7\u00e3o Sul SC","image":{"@type":"ImageObject","inLanguage":"en-US","@id":"https:\/\/sulsc.com\/#\/schema\/person\/image\/e08d7fe2cc4ed596372063bbe852b8d0","url":"https:\/\/sulsc.com\/wp-content\/uploads\/2023\/09\/redacao.png","contentUrl":"https:\/\/sulsc.com\/wp-content\/uploads\/2023\/09\/redacao.png","caption":"Reda\u00e7\u00e3o Sul SC"},"description":"Foco em um jornalismo imparcial, voltado \u00e0 qualidade dos seus conte\u00fados e, assim, levar informa\u00e7\u00e3o de valor que agregue \u00e0 vida dos leitores. Esta \u00e9 grande miss\u00e3o do Portal de Not\u00edcias Sul SC. N\u00e3o \u00e9 quantidade que muda o mundo, sempre foi e seguir\u00e1 sendo qualidade!","sameAs":["https:\/\/sulsc.com\/","https:\/\/www.facebook.com\/profile.php?id=61559278119680","https:\/\/www.instagram.com\/sulscportal\/?hl=pt-br","https:\/\/twitter.com\/https:\/\/twitter.com\/PortalSulSC","https:\/\/www.youtube.com\/channel\/UCv_BE8GeySluDov2n8qhVmw"],"url":"https:\/\/sulsc.com\/index.php\/author\/redacao\/"}]}},"authors":[],"_links":{"self":[{"href":"https:\/\/sulsc.com\/index.php\/wp-json\/wp\/v2\/posts\/30012"}],"collection":[{"href":"https:\/\/sulsc.com\/index.php\/wp-json\/wp\/v2\/posts"}],"about":[{"href":"https:\/\/sulsc.com\/index.php\/wp-json\/wp\/v2\/types\/post"}],"author":[{"embeddable":true,"href":"https:\/\/sulsc.com\/index.php\/wp-json\/wp\/v2\/users\/3"}],"replies":[{"embeddable":true,"href":"https:\/\/sulsc.com\/index.php\/wp-json\/wp\/v2\/comments?post=30012"}],"version-history":[{"count":1,"href":"https:\/\/sulsc.com\/index.php\/wp-json\/wp\/v2\/posts\/30012\/revisions"}],"predecessor-version":[{"id":30014,"href":"https:\/\/sulsc.com\/index.php\/wp-json\/wp\/v2\/posts\/30012\/revisions\/30014"}],"wp:featuredmedia":[{"embeddable":true,"href":"https:\/\/sulsc.com\/index.php\/wp-json\/wp\/v2\/media\/30013"}],"wp:attachment":[{"href":"https:\/\/sulsc.com\/index.php\/wp-json\/wp\/v2\/media?parent=30012"}],"wp:term":[{"taxonomy":"category","embeddable":true,"href":"https:\/\/sulsc.com\/index.php\/wp-json\/wp\/v2\/categories?post=30012"},{"taxonomy":"post_tag","embeddable":true,"href":"https:\/\/sulsc.com\/index.php\/wp-json\/wp\/v2\/tags?post=30012"}],"curies":[{"name":"wp","href":"https:\/\/api.w.org\/{rel}","templated":true}]}}