{"id":30026,"date":"2025-11-24T14:04:39","date_gmt":"2025-11-24T17:04:39","guid":{"rendered":"https:\/\/sulsc.com\/?p=30026"},"modified":"2025-11-24T14:04:39","modified_gmt":"2025-11-24T17:04:39","slug":"grande-apreensao-de-drogas-e-efetuada-na-regiao-do-vale-de-braco-do-norte","status":"publish","type":"post","link":"https:\/\/sulsc.com\/index.php\/2025\/11\/24\/grande-apreensao-de-drogas-e-efetuada-na-regiao-do-vale-de-braco-do-norte\/","title":{"rendered":"Grande apreens\u00e3o de drogas \u00e9 efetuada na regi\u00e3o do vale de Bra\u00e7o do Norte"},"content":{"rendered":"<p>Uma opera\u00e7\u00e3o conjunta entre as Pol\u00edcias Militar do 35\u2070 Batalh\u00e3o e Civil, resultou em grande apreens\u00e3o de drogas na manh\u00e3 desta segunda-feira (24). A a\u00e7\u00e3o deflagrada foi voltada ao combate ao tr\u00e1fico de drogas na qual os envolvidos eram respons\u00e1veis pelo abastecimento de drogas na regi\u00e3o do vale de Bra\u00e7o do Norte.<\/p>\n<div id=\"metaslider-id-25573\" style=\"width: 100%;\" class=\"ml-slider-3-99-0 metaslider metaslider-flex metaslider-25573 ml-slider has-onhover-arrows ms-theme-default-base has-dots-nav\" role=\"region\" aria-label=\"Meio\" data-width=\"1200\">\n    <div id=\"metaslider_container_25573\">\n        <div id=\"metaslider_25573\">\n            <ul class='slides'>\n                <li style=\"display: block; width: 100%;\" class=\"slide-25684 ms-image \" aria-roledescription=\"slide\" data-date=\"2025-07-24 07:55:40\"><img src=\"https:\/\/sulsc.com\/wp-content\/uploads\/2025\/07\/Marr-2-1000x166.jpg\" height=\"200\" width=\"1200\" alt=\"\" class=\"slider-25573 slide-25684 msDefaultImage\" title=\"Marr 2\" \/><\/li>\n                <li style=\"display: none; width: 100%;\" class=\"slide-32412 ms-image \" aria-roledescription=\"slide\" data-date=\"2026-02-18 13:59:46\"><img src=\"https:\/\/sulsc.com\/wp-content\/uploads\/2026\/02\/40dc1580-cad5-4867-bc58-c4243821ad38-1000x166.jpeg\" height=\"200\" width=\"1200\" alt=\"\" class=\"slider-25573 slide-32412 msDefaultImage\" title=\"40dc1580-cad5-4867-bc58-c4243821ad38\" \/><\/li>\n                <li style=\"display: none; width: 100%;\" class=\"slide-32766 ms-image \" aria-roledescription=\"slide\" data-date=\"2026-03-03 17:22:59\"><img src=\"https:\/\/sulsc.com\/wp-content\/uploads\/2026\/03\/271ce739-f268-41c5-8051-3de1a1750359-1000x166.jpeg\" height=\"200\" width=\"1200\" alt=\"\" class=\"slider-25573 slide-32766 msDefaultImage\" title=\"271ce739-f268-41c5-8051-3de1a1750359\" \/><\/li>\n            <\/ul>\n        <\/div>\n        \n    <\/div>\n<\/div>\n<p>A opera\u00e7\u00e3o \u00e9 resultado de um per\u00edodo prolongado de investiga\u00e7\u00f5es, no qual foram reunidos elementos que possibilitaram a deflagra\u00e7\u00e3o da a\u00e7\u00e3o policial. Tr\u00eas resid\u00eancias foram alvo dos cumprimentos. Cinco mandados de pris\u00e3o e na apreens\u00e3o de 984 gramas de coca\u00edna, 6.254 gramas de maconha e R$ 18.737,00 em esp\u00e9cie.<\/p>\n<p>Os suspeitos receberam voz de pris\u00e3o em flagrante e foram encaminhados \u00e0 Delegacia de Pol\u00edcia Civil de Bra\u00e7o do Norte, onde permanecem \u00e0 disposi\u00e7\u00e3o da Justi\u00e7a.<\/p>\n<p><img fetchpriority=\"high\" decoding=\"async\" class=\"alignnone size-full wp-image-30027\" src=\"http:\/\/sulsc.com\/wp-content\/uploads\/2025\/11\/WhatsApp-Image-2025-11-24-at-12.59.12-scaled.jpeg\" alt=\"\" width=\"2560\" height=\"1920\" srcset=\"https:\/\/sulsc.com\/wp-content\/uploads\/2025\/11\/WhatsApp-Image-2025-11-24-at-12.59.12-scaled.jpeg 2560w, https:\/\/sulsc.com\/wp-content\/uploads\/2025\/11\/WhatsApp-Image-2025-11-24-at-12.59.12-300x225.jpeg 300w, https:\/\/sulsc.com\/wp-content\/uploads\/2025\/11\/WhatsApp-Image-2025-11-24-at-12.59.12-1024x768.jpeg 1024w, https:\/\/sulsc.com\/wp-content\/uploads\/2025\/11\/WhatsApp-Image-2025-11-24-at-12.59.12-768x576.jpeg 768w, https:\/\/sulsc.com\/wp-content\/uploads\/2025\/11\/WhatsApp-Image-2025-11-24-at-12.59.12-1536x1152.jpeg 1536w, https:\/\/sulsc.com\/wp-content\/uploads\/2025\/11\/WhatsApp-Image-2025-11-24-at-12.59.12-2048x1536.jpeg 2048w\" sizes=\"(max-width: 2560px) 100vw, 2560px\" \/><\/p>\n","protected":false},"excerpt":{"rendered":"<p>Uma opera\u00e7\u00e3o conjunta entre as Pol\u00edcias Militar do 35\u2070 Batalh\u00e3o e Civil, resultou em grande apreens\u00e3o de drogas na manh\u00e3 desta segunda-feira (24). A a\u00e7\u00e3o deflagrada foi voltada ao combate ao tr\u00e1fico de drogas na qual os envolvidos eram respons\u00e1veis pelo abastecimento de drogas na regi\u00e3o do vale de Bra\u00e7o do Norte. A opera\u00e7\u00e3o \u00e9 &hellip;<\/p>\n<p class=\"read-more\"> <a class=\"\" href=\"https:\/\/sulsc.com\/index.php\/2025\/11\/24\/grande-apreensao-de-drogas-e-efetuada-na-regiao-do-vale-de-braco-do-norte\/\"> <span class=\"screen-reader-text\">Grande apreens\u00e3o de drogas \u00e9 efetuada na regi\u00e3o do vale de Bra\u00e7o do Norte<\/span> Read More &raquo;<\/a><\/p>\n","protected":false},"author":3,"featured_media":30027,"comment_status":"open","ping_status":"open","sticky":false,"template":"","format":"standard","meta":{"site-sidebar-layout":"default","site-content-layout":"","ast-site-content-layout":"default","site-content-style":"default","site-sidebar-style":"default","ast-global-header-display":"","ast-banner-title-visibility":"","ast-main-header-display":"","ast-hfb-above-header-display":"","ast-hfb-below-header-display":"","ast-hfb-mobile-header-display":"","site-post-title":"","ast-breadcrumbs-content":"","ast-featured-img":"","footer-sml-layout":"","theme-transparent-header-meta":"default","adv-header-id-meta":"","stick-header-meta":"","header-above-stick-meta":"","header-main-stick-meta":"","header-below-stick-meta":"","astra-migrate-meta-layouts":"set","footnotes":""},"categories":[2282,8,12],"tags":[538,1404,539,91],"yoast_head":"<!-- This site is optimized with the Yoast SEO plugin v21.4 - https:\/\/yoast.com\/wordpress\/plugins\/seo\/ -->\n<title>Grande apreens\u00e3o de drogas \u00e9 efetuada na regi\u00e3o do vale de Bra\u00e7o do Norte -<\/title>\n<meta name=\"robots\" content=\"index, follow, max-snippet:-1, max-image-preview:large, max-video-preview:-1\" \/>\n<link rel=\"canonical\" href=\"https:\/\/sulsc.com\/index.php\/2025\/11\/24\/grande-apreensao-de-drogas-e-efetuada-na-regiao-do-vale-de-braco-do-norte\/\" \/>\n<meta property=\"og:locale\" content=\"en_US\" \/>\n<meta property=\"og:type\" content=\"article\" \/>\n<meta property=\"og:title\" content=\"Grande apreens\u00e3o de drogas \u00e9 efetuada na regi\u00e3o do vale de Bra\u00e7o do Norte -\" \/>\n<meta property=\"og:description\" content=\"Uma opera\u00e7\u00e3o conjunta entre as Pol\u00edcias Militar do 35\u2070 Batalh\u00e3o e Civil, resultou em grande apreens\u00e3o de drogas na manh\u00e3 desta segunda-feira (24). A a\u00e7\u00e3o deflagrada foi voltada ao combate ao tr\u00e1fico de drogas na qual os envolvidos eram respons\u00e1veis pelo abastecimento de drogas na regi\u00e3o do vale de Bra\u00e7o do Norte. A opera\u00e7\u00e3o \u00e9 &hellip; Grande apreens\u00e3o de drogas \u00e9 efetuada na regi\u00e3o do vale de Bra\u00e7o do Norte Read More &raquo;\" \/>\n<meta property=\"og:url\" content=\"https:\/\/sulsc.com\/index.php\/2025\/11\/24\/grande-apreensao-de-drogas-e-efetuada-na-regiao-do-vale-de-braco-do-norte\/\" \/>\n<meta property=\"article:author\" content=\"https:\/\/www.facebook.com\/profile.php?id=61559278119680\" \/>\n<meta property=\"article:published_time\" content=\"2025-11-24T17:04:39+00:00\" \/>\n<meta property=\"og:image\" content=\"http:\/\/sulsc.com\/wp-content\/uploads\/2025\/11\/WhatsApp-Image-2025-11-24-at-12.59.12-scaled.jpeg\" \/>\n\t<meta property=\"og:image:width\" content=\"2560\" \/>\n\t<meta property=\"og:image:height\" content=\"1920\" \/>\n\t<meta property=\"og:image:type\" content=\"image\/jpeg\" \/>\n<meta name=\"author\" content=\"Reda\u00e7\u00e3o Sul SC\" \/>\n<meta name=\"twitter:card\" content=\"summary_large_image\" \/>\n<meta name=\"twitter:creator\" content=\"@https:\/\/twitter.com\/PortalSulSC\" \/>\n<meta name=\"twitter:label1\" content=\"Written by\" \/>\n\t<meta name=\"twitter:data1\" content=\"Reda\u00e7\u00e3o Sul SC\" \/>\n\t<meta name=\"twitter:label2\" content=\"Est. reading time\" \/>\n\t<meta name=\"twitter:data2\" content=\"1 minute\" \/>\n<script type=\"application\/ld+json\" class=\"yoast-schema-graph\">{\"@context\":\"https:\/\/schema.org\",\"@graph\":[{\"@type\":\"WebPage\",\"@id\":\"https:\/\/sulsc.com\/index.php\/2025\/11\/24\/grande-apreensao-de-drogas-e-efetuada-na-regiao-do-vale-de-braco-do-norte\/\",\"url\":\"https:\/\/sulsc.com\/index.php\/2025\/11\/24\/grande-apreensao-de-drogas-e-efetuada-na-regiao-do-vale-de-braco-do-norte\/\",\"name\":\"Grande apreens\u00e3o de drogas \u00e9 efetuada na regi\u00e3o do vale de Bra\u00e7o do Norte -\",\"isPartOf\":{\"@id\":\"https:\/\/sulsc.com\/#website\"},\"datePublished\":\"2025-11-24T17:04:39+00:00\",\"dateModified\":\"2025-11-24T17:04:39+00:00\",\"author\":{\"@id\":\"https:\/\/sulsc.com\/#\/schema\/person\/84d2fc571684f6248ba83092f07750a3\"},\"breadcrumb\":{\"@id\":\"https:\/\/sulsc.com\/index.php\/2025\/11\/24\/grande-apreensao-de-drogas-e-efetuada-na-regiao-do-vale-de-braco-do-norte\/#breadcrumb\"},\"inLanguage\":\"en-US\",\"potentialAction\":[{\"@type\":\"ReadAction\",\"target\":[\"https:\/\/sulsc.com\/index.php\/2025\/11\/24\/grande-apreensao-de-drogas-e-efetuada-na-regiao-do-vale-de-braco-do-norte\/\"]}]},{\"@type\":\"BreadcrumbList\",\"@id\":\"https:\/\/sulsc.com\/index.php\/2025\/11\/24\/grande-apreensao-de-drogas-e-efetuada-na-regiao-do-vale-de-braco-do-norte\/#breadcrumb\",\"itemListElement\":[{\"@type\":\"ListItem\",\"position\":1,\"name\":\"In\u00edcio\",\"item\":\"https:\/\/sulsc.com\/\"},{\"@type\":\"ListItem\",\"position\":2,\"name\":\"Grande apreens\u00e3o de drogas \u00e9 efetuada na regi\u00e3o do vale de Bra\u00e7o do Norte\"}]},{\"@type\":\"WebSite\",\"@id\":\"https:\/\/sulsc.com\/#website\",\"url\":\"https:\/\/sulsc.com\/\",\"name\":\"\",\"description\":\"\",\"potentialAction\":[{\"@type\":\"SearchAction\",\"target\":{\"@type\":\"EntryPoint\",\"urlTemplate\":\"https:\/\/sulsc.com\/?s={search_term_string}\"},\"query-input\":\"required name=search_term_string\"}],\"inLanguage\":\"en-US\"},{\"@type\":\"Person\",\"@id\":\"https:\/\/sulsc.com\/#\/schema\/person\/84d2fc571684f6248ba83092f07750a3\",\"name\":\"Reda\u00e7\u00e3o Sul SC\",\"image\":{\"@type\":\"ImageObject\",\"inLanguage\":\"en-US\",\"@id\":\"https:\/\/sulsc.com\/#\/schema\/person\/image\/e08d7fe2cc4ed596372063bbe852b8d0\",\"url\":\"https:\/\/sulsc.com\/wp-content\/uploads\/2023\/09\/redacao.png\",\"contentUrl\":\"https:\/\/sulsc.com\/wp-content\/uploads\/2023\/09\/redacao.png\",\"caption\":\"Reda\u00e7\u00e3o Sul SC\"},\"description\":\"Foco em um jornalismo imparcial, voltado \u00e0 qualidade dos seus conte\u00fados e, assim, levar informa\u00e7\u00e3o de valor que agregue \u00e0 vida dos leitores. Esta \u00e9 grande miss\u00e3o do Portal de Not\u00edcias Sul SC. N\u00e3o \u00e9 quantidade que muda o mundo, sempre foi e seguir\u00e1 sendo qualidade!\",\"sameAs\":[\"https:\/\/sulsc.com\/\",\"https:\/\/www.facebook.com\/profile.php?id=61559278119680\",\"https:\/\/www.instagram.com\/sulscportal\/?hl=pt-br\",\"https:\/\/twitter.com\/https:\/\/twitter.com\/PortalSulSC\",\"https:\/\/www.youtube.com\/channel\/UCv_BE8GeySluDov2n8qhVmw\"],\"url\":\"https:\/\/sulsc.com\/index.php\/author\/redacao\/\"}]}<\/script>\n<!-- \/ Yoast SEO plugin. -->","yoast_head_json":{"title":"Grande apreens\u00e3o de drogas \u00e9 efetuada na regi\u00e3o do vale de Bra\u00e7o do Norte -","robots":{"index":"index","follow":"follow","max-snippet":"max-snippet:-1","max-image-preview":"max-image-preview:large","max-video-preview":"max-video-preview:-1"},"canonical":"https:\/\/sulsc.com\/index.php\/2025\/11\/24\/grande-apreensao-de-drogas-e-efetuada-na-regiao-do-vale-de-braco-do-norte\/","og_locale":"en_US","og_type":"article","og_title":"Grande apreens\u00e3o de drogas \u00e9 efetuada na regi\u00e3o do vale de Bra\u00e7o do Norte -","og_description":"Uma opera\u00e7\u00e3o conjunta entre as Pol\u00edcias Militar do 35\u2070 Batalh\u00e3o e Civil, resultou em grande apreens\u00e3o de drogas na manh\u00e3 desta segunda-feira (24). A a\u00e7\u00e3o deflagrada foi voltada ao combate ao tr\u00e1fico de drogas na qual os envolvidos eram respons\u00e1veis pelo abastecimento de drogas na regi\u00e3o do vale de Bra\u00e7o do Norte. A opera\u00e7\u00e3o \u00e9 &hellip; Grande apreens\u00e3o de drogas \u00e9 efetuada na regi\u00e3o do vale de Bra\u00e7o do Norte Read More &raquo;","og_url":"https:\/\/sulsc.com\/index.php\/2025\/11\/24\/grande-apreensao-de-drogas-e-efetuada-na-regiao-do-vale-de-braco-do-norte\/","article_author":"https:\/\/www.facebook.com\/profile.php?id=61559278119680","article_published_time":"2025-11-24T17:04:39+00:00","og_image":[{"width":2560,"height":1920,"url":"http:\/\/sulsc.com\/wp-content\/uploads\/2025\/11\/WhatsApp-Image-2025-11-24-at-12.59.12-scaled.jpeg","type":"image\/jpeg"}],"author":"Reda\u00e7\u00e3o Sul SC","twitter_card":"summary_large_image","twitter_creator":"@https:\/\/twitter.com\/PortalSulSC","twitter_misc":{"Written by":"Reda\u00e7\u00e3o Sul SC","Est. reading time":"1 minute"},"schema":{"@context":"https:\/\/schema.org","@graph":[{"@type":"WebPage","@id":"https:\/\/sulsc.com\/index.php\/2025\/11\/24\/grande-apreensao-de-drogas-e-efetuada-na-regiao-do-vale-de-braco-do-norte\/","url":"https:\/\/sulsc.com\/index.php\/2025\/11\/24\/grande-apreensao-de-drogas-e-efetuada-na-regiao-do-vale-de-braco-do-norte\/","name":"Grande apreens\u00e3o de drogas \u00e9 efetuada na regi\u00e3o do vale de Bra\u00e7o do Norte -","isPartOf":{"@id":"https:\/\/sulsc.com\/#website"},"datePublished":"2025-11-24T17:04:39+00:00","dateModified":"2025-11-24T17:04:39+00:00","author":{"@id":"https:\/\/sulsc.com\/#\/schema\/person\/84d2fc571684f6248ba83092f07750a3"},"breadcrumb":{"@id":"https:\/\/sulsc.com\/index.php\/2025\/11\/24\/grande-apreensao-de-drogas-e-efetuada-na-regiao-do-vale-de-braco-do-norte\/#breadcrumb"},"inLanguage":"en-US","potentialAction":[{"@type":"ReadAction","target":["https:\/\/sulsc.com\/index.php\/2025\/11\/24\/grande-apreensao-de-drogas-e-efetuada-na-regiao-do-vale-de-braco-do-norte\/"]}]},{"@type":"BreadcrumbList","@id":"https:\/\/sulsc.com\/index.php\/2025\/11\/24\/grande-apreensao-de-drogas-e-efetuada-na-regiao-do-vale-de-braco-do-norte\/#breadcrumb","itemListElement":[{"@type":"ListItem","position":1,"name":"In\u00edcio","item":"https:\/\/sulsc.com\/"},{"@type":"ListItem","position":2,"name":"Grande apreens\u00e3o de drogas \u00e9 efetuada na regi\u00e3o do vale de Bra\u00e7o do Norte"}]},{"@type":"WebSite","@id":"https:\/\/sulsc.com\/#website","url":"https:\/\/sulsc.com\/","name":"","description":"","potentialAction":[{"@type":"SearchAction","target":{"@type":"EntryPoint","urlTemplate":"https:\/\/sulsc.com\/?s={search_term_string}"},"query-input":"required name=search_term_string"}],"inLanguage":"en-US"},{"@type":"Person","@id":"https:\/\/sulsc.com\/#\/schema\/person\/84d2fc571684f6248ba83092f07750a3","name":"Reda\u00e7\u00e3o Sul SC","image":{"@type":"ImageObject","inLanguage":"en-US","@id":"https:\/\/sulsc.com\/#\/schema\/person\/image\/e08d7fe2cc4ed596372063bbe852b8d0","url":"https:\/\/sulsc.com\/wp-content\/uploads\/2023\/09\/redacao.png","contentUrl":"https:\/\/sulsc.com\/wp-content\/uploads\/2023\/09\/redacao.png","caption":"Reda\u00e7\u00e3o Sul SC"},"description":"Foco em um jornalismo imparcial, voltado \u00e0 qualidade dos seus conte\u00fados e, assim, levar informa\u00e7\u00e3o de valor que agregue \u00e0 vida dos leitores. Esta \u00e9 grande miss\u00e3o do Portal de Not\u00edcias Sul SC. N\u00e3o \u00e9 quantidade que muda o mundo, sempre foi e seguir\u00e1 sendo qualidade!","sameAs":["https:\/\/sulsc.com\/","https:\/\/www.facebook.com\/profile.php?id=61559278119680","https:\/\/www.instagram.com\/sulscportal\/?hl=pt-br","https:\/\/twitter.com\/https:\/\/twitter.com\/PortalSulSC","https:\/\/www.youtube.com\/channel\/UCv_BE8GeySluDov2n8qhVmw"],"url":"https:\/\/sulsc.com\/index.php\/author\/redacao\/"}]}},"authors":[],"_links":{"self":[{"href":"https:\/\/sulsc.com\/index.php\/wp-json\/wp\/v2\/posts\/30026"}],"collection":[{"href":"https:\/\/sulsc.com\/index.php\/wp-json\/wp\/v2\/posts"}],"about":[{"href":"https:\/\/sulsc.com\/index.php\/wp-json\/wp\/v2\/types\/post"}],"author":[{"embeddable":true,"href":"https:\/\/sulsc.com\/index.php\/wp-json\/wp\/v2\/users\/3"}],"replies":[{"embeddable":true,"href":"https:\/\/sulsc.com\/index.php\/wp-json\/wp\/v2\/comments?post=30026"}],"version-history":[{"count":1,"href":"https:\/\/sulsc.com\/index.php\/wp-json\/wp\/v2\/posts\/30026\/revisions"}],"predecessor-version":[{"id":30028,"href":"https:\/\/sulsc.com\/index.php\/wp-json\/wp\/v2\/posts\/30026\/revisions\/30028"}],"wp:featuredmedia":[{"embeddable":true,"href":"https:\/\/sulsc.com\/index.php\/wp-json\/wp\/v2\/media\/30027"}],"wp:attachment":[{"href":"https:\/\/sulsc.com\/index.php\/wp-json\/wp\/v2\/media?parent=30026"}],"wp:term":[{"taxonomy":"category","embeddable":true,"href":"https:\/\/sulsc.com\/index.php\/wp-json\/wp\/v2\/categories?post=30026"},{"taxonomy":"post_tag","embeddable":true,"href":"https:\/\/sulsc.com\/index.php\/wp-json\/wp\/v2\/tags?post=30026"}],"curies":[{"name":"wp","href":"https:\/\/api.w.org\/{rel}","templated":true}]}}