{"id":30043,"date":"2025-11-25T08:13:46","date_gmt":"2025-11-25T11:13:46","guid":{"rendered":"https:\/\/sulsc.com\/?p=30043"},"modified":"2025-11-25T08:13:46","modified_gmt":"2025-11-25T11:13:46","slug":"veiculo-capota-em-ribanceira-e-motorista-de-55-anos-e-resgatado-pelos-bombeiros-em-treze-de-maio","status":"publish","type":"post","link":"https:\/\/sulsc.com\/index.php\/2025\/11\/25\/veiculo-capota-em-ribanceira-e-motorista-de-55-anos-e-resgatado-pelos-bombeiros-em-treze-de-maio\/","title":{"rendered":"Ve\u00edculo Capota em Ribanceira e Motorista de 55 anos \u00e9 resgatado pelos Bombeiros em Treze de Maio"},"content":{"rendered":"<p>No inicio da manh\u00e3 desta segunda-feira (24), por volta das 05h20, equipes de emerg\u00eancia foram acionadas para atender a um acidente na Rodovia Ismael Thomaz Preve, no bairro S\u00e3o Gabriel. Um ve\u00edculo Ford Fiesta, de placas de S\u00e3o Leopoldo, RS, saiu da pista e capotou em uma ribanceira.<\/p>\n<div id=\"metaslider-id-25573\" style=\"width: 100%;\" class=\"ml-slider-3-99-0 metaslider metaslider-flex metaslider-25573 ml-slider has-onhover-arrows ms-theme-default-base has-dots-nav\" role=\"region\" aria-label=\"Meio\" data-width=\"1200\">\n    <div id=\"metaslider_container_25573\">\n        <div id=\"metaslider_25573\">\n            <ul class='slides'>\n                <li style=\"display: block; width: 100%;\" class=\"slide-25684 ms-image \" aria-roledescription=\"slide\" data-date=\"2025-07-24 07:55:40\"><img src=\"https:\/\/sulsc.com\/wp-content\/uploads\/2025\/07\/Marr-2-1000x166.jpg\" height=\"200\" width=\"1200\" alt=\"\" class=\"slider-25573 slide-25684 msDefaultImage\" title=\"Marr 2\" \/><\/li>\n                <li style=\"display: none; width: 100%;\" class=\"slide-32412 ms-image \" aria-roledescription=\"slide\" data-date=\"2026-02-18 13:59:46\"><img src=\"https:\/\/sulsc.com\/wp-content\/uploads\/2026\/02\/40dc1580-cad5-4867-bc58-c4243821ad38-1000x166.jpeg\" height=\"200\" width=\"1200\" alt=\"\" class=\"slider-25573 slide-32412 msDefaultImage\" title=\"40dc1580-cad5-4867-bc58-c4243821ad38\" \/><\/li>\n                <li style=\"display: none; width: 100%;\" class=\"slide-32766 ms-image \" aria-roledescription=\"slide\" data-date=\"2026-03-03 17:22:59\"><img src=\"https:\/\/sulsc.com\/wp-content\/uploads\/2026\/03\/271ce739-f268-41c5-8051-3de1a1750359-1000x166.jpeg\" height=\"200\" width=\"1200\" alt=\"\" class=\"slider-25573 slide-32766 msDefaultImage\" title=\"271ce739-f268-41c5-8051-3de1a1750359\" \/><\/li>\n            <\/ul>\n        <\/div>\n        \n    <\/div>\n<\/div>\n<p>Ao chegar ao local, a equipe Delta dos Bombeiros Volunt\u00e1rio de Jaguaruna encontrou o condutor, um homem de 55 anos ainda no interior do carro, relatando dores na regi\u00e3o da coluna cervical e lombar, al\u00e9m de ferimentos nos membros superiores.<\/p>\n<p>Ap\u00f3s a estabiliza\u00e7\u00e3o do ve\u00edculo, os bombeiros realizaram o corte da porta do porta-malas para retirar a v\u00edtima com seguran\u00e7a.\u00a0O homem foi encaminhado ao Hospital HCJ em Jaguaruna para atendimento m\u00e9dico.<\/p>\n<p><img fetchpriority=\"high\" decoding=\"async\" class=\"aligncenter size-full wp-image-30045\" src=\"http:\/\/sulsc.com\/wp-content\/uploads\/2025\/11\/587115360_1311759700983068_1677097767600334864_n.jpg\" alt=\"\" width=\"443\" height=\"590\" srcset=\"https:\/\/sulsc.com\/wp-content\/uploads\/2025\/11\/587115360_1311759700983068_1677097767600334864_n.jpg 443w, https:\/\/sulsc.com\/wp-content\/uploads\/2025\/11\/587115360_1311759700983068_1677097767600334864_n-225x300.jpg 225w\" sizes=\"(max-width: 443px) 100vw, 443px\" \/><\/p>\n<p>&nbsp;<\/p>\n<p>Fotos: BV Conzatti\/Divulga\u00e7\u00e3o\/SulSC<\/p>\n","protected":false},"excerpt":{"rendered":"<p>No inicio da manh\u00e3 desta segunda-feira (24), por volta das 05h20, equipes de emerg\u00eancia foram acionadas para atender a um acidente na Rodovia Ismael Thomaz Preve, no bairro S\u00e3o Gabriel. Um ve\u00edculo Ford Fiesta, de placas de S\u00e3o Leopoldo, RS, saiu da pista e capotou em uma ribanceira. Ao chegar ao local, a equipe Delta &hellip;<\/p>\n<p class=\"read-more\"> <a class=\"\" href=\"https:\/\/sulsc.com\/index.php\/2025\/11\/25\/veiculo-capota-em-ribanceira-e-motorista-de-55-anos-e-resgatado-pelos-bombeiros-em-treze-de-maio\/\"> <span class=\"screen-reader-text\">Ve\u00edculo Capota em Ribanceira e Motorista de 55 anos \u00e9 resgatado pelos Bombeiros em Treze de Maio<\/span> Read More &raquo;<\/a><\/p>\n","protected":false},"author":3,"featured_media":30044,"comment_status":"open","ping_status":"open","sticky":false,"template":"","format":"standard","meta":{"site-sidebar-layout":"default","site-content-layout":"","ast-site-content-layout":"default","site-content-style":"default","site-sidebar-style":"default","ast-global-header-display":"","ast-banner-title-visibility":"","ast-main-header-display":"","ast-hfb-above-header-display":"","ast-hfb-below-header-display":"","ast-hfb-mobile-header-display":"","site-post-title":"","ast-breadcrumbs-content":"","ast-featured-img":"","footer-sml-layout":"","theme-transparent-header-meta":"default","adv-header-id-meta":"","stick-header-meta":"","header-above-stick-meta":"","header-main-stick-meta":"","header-below-stick-meta":"","astra-migrate-meta-layouts":"set","footnotes":""},"categories":[2231,8,2764,12],"tags":[2765,594],"yoast_head":"<!-- This site is optimized with the Yoast SEO plugin v21.4 - https:\/\/yoast.com\/wordpress\/plugins\/seo\/ -->\n<title>Ve\u00edculo Capota em Ribanceira e Motorista de 55 anos \u00e9 resgatado pelos Bombeiros em Treze de Maio -<\/title>\n<meta name=\"robots\" content=\"index, follow, max-snippet:-1, max-image-preview:large, max-video-preview:-1\" \/>\n<link rel=\"canonical\" href=\"https:\/\/sulsc.com\/index.php\/2025\/11\/25\/veiculo-capota-em-ribanceira-e-motorista-de-55-anos-e-resgatado-pelos-bombeiros-em-treze-de-maio\/\" \/>\n<meta property=\"og:locale\" content=\"en_US\" \/>\n<meta property=\"og:type\" content=\"article\" \/>\n<meta property=\"og:title\" content=\"Ve\u00edculo Capota em Ribanceira e Motorista de 55 anos \u00e9 resgatado pelos Bombeiros em Treze de Maio -\" \/>\n<meta property=\"og:description\" content=\"No inicio da manh\u00e3 desta segunda-feira (24), por volta das 05h20, equipes de emerg\u00eancia foram acionadas para atender a um acidente na Rodovia Ismael Thomaz Preve, no bairro S\u00e3o Gabriel. Um ve\u00edculo Ford Fiesta, de placas de S\u00e3o Leopoldo, RS, saiu da pista e capotou em uma ribanceira. Ao chegar ao local, a equipe Delta &hellip; Ve\u00edculo Capota em Ribanceira e Motorista de 55 anos \u00e9 resgatado pelos Bombeiros em Treze de Maio Read More &raquo;\" \/>\n<meta property=\"og:url\" content=\"https:\/\/sulsc.com\/index.php\/2025\/11\/25\/veiculo-capota-em-ribanceira-e-motorista-de-55-anos-e-resgatado-pelos-bombeiros-em-treze-de-maio\/\" \/>\n<meta property=\"article:author\" content=\"https:\/\/www.facebook.com\/profile.php?id=61559278119680\" \/>\n<meta property=\"article:published_time\" content=\"2025-11-25T11:13:46+00:00\" \/>\n<meta property=\"og:image\" content=\"http:\/\/sulsc.com\/wp-content\/uploads\/2025\/11\/588967647_1311759754316396_1938744702468549359_n.jpg\" \/>\n\t<meta property=\"og:image:width\" content=\"443\" \/>\n\t<meta property=\"og:image:height\" content=\"590\" \/>\n\t<meta property=\"og:image:type\" content=\"image\/jpeg\" \/>\n<meta name=\"author\" content=\"Reda\u00e7\u00e3o Sul SC\" \/>\n<meta name=\"twitter:card\" content=\"summary_large_image\" \/>\n<meta name=\"twitter:creator\" content=\"@https:\/\/twitter.com\/PortalSulSC\" \/>\n<meta name=\"twitter:label1\" content=\"Written by\" \/>\n\t<meta name=\"twitter:data1\" content=\"Reda\u00e7\u00e3o Sul SC\" \/>\n\t<meta name=\"twitter:label2\" content=\"Est. reading time\" \/>\n\t<meta name=\"twitter:data2\" content=\"1 minute\" \/>\n<script type=\"application\/ld+json\" class=\"yoast-schema-graph\">{\"@context\":\"https:\/\/schema.org\",\"@graph\":[{\"@type\":\"WebPage\",\"@id\":\"https:\/\/sulsc.com\/index.php\/2025\/11\/25\/veiculo-capota-em-ribanceira-e-motorista-de-55-anos-e-resgatado-pelos-bombeiros-em-treze-de-maio\/\",\"url\":\"https:\/\/sulsc.com\/index.php\/2025\/11\/25\/veiculo-capota-em-ribanceira-e-motorista-de-55-anos-e-resgatado-pelos-bombeiros-em-treze-de-maio\/\",\"name\":\"Ve\u00edculo Capota em Ribanceira e Motorista de 55 anos \u00e9 resgatado pelos Bombeiros em Treze de Maio -\",\"isPartOf\":{\"@id\":\"https:\/\/sulsc.com\/#website\"},\"datePublished\":\"2025-11-25T11:13:46+00:00\",\"dateModified\":\"2025-11-25T11:13:46+00:00\",\"author\":{\"@id\":\"https:\/\/sulsc.com\/#\/schema\/person\/84d2fc571684f6248ba83092f07750a3\"},\"breadcrumb\":{\"@id\":\"https:\/\/sulsc.com\/index.php\/2025\/11\/25\/veiculo-capota-em-ribanceira-e-motorista-de-55-anos-e-resgatado-pelos-bombeiros-em-treze-de-maio\/#breadcrumb\"},\"inLanguage\":\"en-US\",\"potentialAction\":[{\"@type\":\"ReadAction\",\"target\":[\"https:\/\/sulsc.com\/index.php\/2025\/11\/25\/veiculo-capota-em-ribanceira-e-motorista-de-55-anos-e-resgatado-pelos-bombeiros-em-treze-de-maio\/\"]}]},{\"@type\":\"BreadcrumbList\",\"@id\":\"https:\/\/sulsc.com\/index.php\/2025\/11\/25\/veiculo-capota-em-ribanceira-e-motorista-de-55-anos-e-resgatado-pelos-bombeiros-em-treze-de-maio\/#breadcrumb\",\"itemListElement\":[{\"@type\":\"ListItem\",\"position\":1,\"name\":\"In\u00edcio\",\"item\":\"https:\/\/sulsc.com\/\"},{\"@type\":\"ListItem\",\"position\":2,\"name\":\"Ve\u00edculo Capota em Ribanceira e Motorista de 55 anos \u00e9 resgatado pelos Bombeiros em Treze de Maio\"}]},{\"@type\":\"WebSite\",\"@id\":\"https:\/\/sulsc.com\/#website\",\"url\":\"https:\/\/sulsc.com\/\",\"name\":\"\",\"description\":\"\",\"potentialAction\":[{\"@type\":\"SearchAction\",\"target\":{\"@type\":\"EntryPoint\",\"urlTemplate\":\"https:\/\/sulsc.com\/?s={search_term_string}\"},\"query-input\":\"required name=search_term_string\"}],\"inLanguage\":\"en-US\"},{\"@type\":\"Person\",\"@id\":\"https:\/\/sulsc.com\/#\/schema\/person\/84d2fc571684f6248ba83092f07750a3\",\"name\":\"Reda\u00e7\u00e3o Sul SC\",\"image\":{\"@type\":\"ImageObject\",\"inLanguage\":\"en-US\",\"@id\":\"https:\/\/sulsc.com\/#\/schema\/person\/image\/e08d7fe2cc4ed596372063bbe852b8d0\",\"url\":\"https:\/\/sulsc.com\/wp-content\/uploads\/2023\/09\/redacao.png\",\"contentUrl\":\"https:\/\/sulsc.com\/wp-content\/uploads\/2023\/09\/redacao.png\",\"caption\":\"Reda\u00e7\u00e3o Sul SC\"},\"description\":\"Foco em um jornalismo imparcial, voltado \u00e0 qualidade dos seus conte\u00fados e, assim, levar informa\u00e7\u00e3o de valor que agregue \u00e0 vida dos leitores. Esta \u00e9 grande miss\u00e3o do Portal de Not\u00edcias Sul SC. N\u00e3o \u00e9 quantidade que muda o mundo, sempre foi e seguir\u00e1 sendo qualidade!\",\"sameAs\":[\"https:\/\/sulsc.com\/\",\"https:\/\/www.facebook.com\/profile.php?id=61559278119680\",\"https:\/\/www.instagram.com\/sulscportal\/?hl=pt-br\",\"https:\/\/twitter.com\/https:\/\/twitter.com\/PortalSulSC\",\"https:\/\/www.youtube.com\/channel\/UCv_BE8GeySluDov2n8qhVmw\"],\"url\":\"https:\/\/sulsc.com\/index.php\/author\/redacao\/\"}]}<\/script>\n<!-- \/ Yoast SEO plugin. -->","yoast_head_json":{"title":"Ve\u00edculo Capota em Ribanceira e Motorista de 55 anos \u00e9 resgatado pelos Bombeiros em Treze de Maio -","robots":{"index":"index","follow":"follow","max-snippet":"max-snippet:-1","max-image-preview":"max-image-preview:large","max-video-preview":"max-video-preview:-1"},"canonical":"https:\/\/sulsc.com\/index.php\/2025\/11\/25\/veiculo-capota-em-ribanceira-e-motorista-de-55-anos-e-resgatado-pelos-bombeiros-em-treze-de-maio\/","og_locale":"en_US","og_type":"article","og_title":"Ve\u00edculo Capota em Ribanceira e Motorista de 55 anos \u00e9 resgatado pelos Bombeiros em Treze de Maio -","og_description":"No inicio da manh\u00e3 desta segunda-feira (24), por volta das 05h20, equipes de emerg\u00eancia foram acionadas para atender a um acidente na Rodovia Ismael Thomaz Preve, no bairro S\u00e3o Gabriel. Um ve\u00edculo Ford Fiesta, de placas de S\u00e3o Leopoldo, RS, saiu da pista e capotou em uma ribanceira. Ao chegar ao local, a equipe Delta &hellip; Ve\u00edculo Capota em Ribanceira e Motorista de 55 anos \u00e9 resgatado pelos Bombeiros em Treze de Maio Read More &raquo;","og_url":"https:\/\/sulsc.com\/index.php\/2025\/11\/25\/veiculo-capota-em-ribanceira-e-motorista-de-55-anos-e-resgatado-pelos-bombeiros-em-treze-de-maio\/","article_author":"https:\/\/www.facebook.com\/profile.php?id=61559278119680","article_published_time":"2025-11-25T11:13:46+00:00","og_image":[{"width":443,"height":590,"url":"http:\/\/sulsc.com\/wp-content\/uploads\/2025\/11\/588967647_1311759754316396_1938744702468549359_n.jpg","type":"image\/jpeg"}],"author":"Reda\u00e7\u00e3o Sul SC","twitter_card":"summary_large_image","twitter_creator":"@https:\/\/twitter.com\/PortalSulSC","twitter_misc":{"Written by":"Reda\u00e7\u00e3o Sul SC","Est. reading time":"1 minute"},"schema":{"@context":"https:\/\/schema.org","@graph":[{"@type":"WebPage","@id":"https:\/\/sulsc.com\/index.php\/2025\/11\/25\/veiculo-capota-em-ribanceira-e-motorista-de-55-anos-e-resgatado-pelos-bombeiros-em-treze-de-maio\/","url":"https:\/\/sulsc.com\/index.php\/2025\/11\/25\/veiculo-capota-em-ribanceira-e-motorista-de-55-anos-e-resgatado-pelos-bombeiros-em-treze-de-maio\/","name":"Ve\u00edculo Capota em Ribanceira e Motorista de 55 anos \u00e9 resgatado pelos Bombeiros em Treze de Maio -","isPartOf":{"@id":"https:\/\/sulsc.com\/#website"},"datePublished":"2025-11-25T11:13:46+00:00","dateModified":"2025-11-25T11:13:46+00:00","author":{"@id":"https:\/\/sulsc.com\/#\/schema\/person\/84d2fc571684f6248ba83092f07750a3"},"breadcrumb":{"@id":"https:\/\/sulsc.com\/index.php\/2025\/11\/25\/veiculo-capota-em-ribanceira-e-motorista-de-55-anos-e-resgatado-pelos-bombeiros-em-treze-de-maio\/#breadcrumb"},"inLanguage":"en-US","potentialAction":[{"@type":"ReadAction","target":["https:\/\/sulsc.com\/index.php\/2025\/11\/25\/veiculo-capota-em-ribanceira-e-motorista-de-55-anos-e-resgatado-pelos-bombeiros-em-treze-de-maio\/"]}]},{"@type":"BreadcrumbList","@id":"https:\/\/sulsc.com\/index.php\/2025\/11\/25\/veiculo-capota-em-ribanceira-e-motorista-de-55-anos-e-resgatado-pelos-bombeiros-em-treze-de-maio\/#breadcrumb","itemListElement":[{"@type":"ListItem","position":1,"name":"In\u00edcio","item":"https:\/\/sulsc.com\/"},{"@type":"ListItem","position":2,"name":"Ve\u00edculo Capota em Ribanceira e Motorista de 55 anos \u00e9 resgatado pelos Bombeiros em Treze de Maio"}]},{"@type":"WebSite","@id":"https:\/\/sulsc.com\/#website","url":"https:\/\/sulsc.com\/","name":"","description":"","potentialAction":[{"@type":"SearchAction","target":{"@type":"EntryPoint","urlTemplate":"https:\/\/sulsc.com\/?s={search_term_string}"},"query-input":"required name=search_term_string"}],"inLanguage":"en-US"},{"@type":"Person","@id":"https:\/\/sulsc.com\/#\/schema\/person\/84d2fc571684f6248ba83092f07750a3","name":"Reda\u00e7\u00e3o Sul SC","image":{"@type":"ImageObject","inLanguage":"en-US","@id":"https:\/\/sulsc.com\/#\/schema\/person\/image\/e08d7fe2cc4ed596372063bbe852b8d0","url":"https:\/\/sulsc.com\/wp-content\/uploads\/2023\/09\/redacao.png","contentUrl":"https:\/\/sulsc.com\/wp-content\/uploads\/2023\/09\/redacao.png","caption":"Reda\u00e7\u00e3o Sul SC"},"description":"Foco em um jornalismo imparcial, voltado \u00e0 qualidade dos seus conte\u00fados e, assim, levar informa\u00e7\u00e3o de valor que agregue \u00e0 vida dos leitores. Esta \u00e9 grande miss\u00e3o do Portal de Not\u00edcias Sul SC. N\u00e3o \u00e9 quantidade que muda o mundo, sempre foi e seguir\u00e1 sendo qualidade!","sameAs":["https:\/\/sulsc.com\/","https:\/\/www.facebook.com\/profile.php?id=61559278119680","https:\/\/www.instagram.com\/sulscportal\/?hl=pt-br","https:\/\/twitter.com\/https:\/\/twitter.com\/PortalSulSC","https:\/\/www.youtube.com\/channel\/UCv_BE8GeySluDov2n8qhVmw"],"url":"https:\/\/sulsc.com\/index.php\/author\/redacao\/"}]}},"authors":[],"_links":{"self":[{"href":"https:\/\/sulsc.com\/index.php\/wp-json\/wp\/v2\/posts\/30043"}],"collection":[{"href":"https:\/\/sulsc.com\/index.php\/wp-json\/wp\/v2\/posts"}],"about":[{"href":"https:\/\/sulsc.com\/index.php\/wp-json\/wp\/v2\/types\/post"}],"author":[{"embeddable":true,"href":"https:\/\/sulsc.com\/index.php\/wp-json\/wp\/v2\/users\/3"}],"replies":[{"embeddable":true,"href":"https:\/\/sulsc.com\/index.php\/wp-json\/wp\/v2\/comments?post=30043"}],"version-history":[{"count":1,"href":"https:\/\/sulsc.com\/index.php\/wp-json\/wp\/v2\/posts\/30043\/revisions"}],"predecessor-version":[{"id":30046,"href":"https:\/\/sulsc.com\/index.php\/wp-json\/wp\/v2\/posts\/30043\/revisions\/30046"}],"wp:featuredmedia":[{"embeddable":true,"href":"https:\/\/sulsc.com\/index.php\/wp-json\/wp\/v2\/media\/30044"}],"wp:attachment":[{"href":"https:\/\/sulsc.com\/index.php\/wp-json\/wp\/v2\/media?parent=30043"}],"wp:term":[{"taxonomy":"category","embeddable":true,"href":"https:\/\/sulsc.com\/index.php\/wp-json\/wp\/v2\/categories?post=30043"},{"taxonomy":"post_tag","embeddable":true,"href":"https:\/\/sulsc.com\/index.php\/wp-json\/wp\/v2\/tags?post=30043"}],"curies":[{"name":"wp","href":"https:\/\/api.w.org\/{rel}","templated":true}]}}