{"id":30077,"date":"2025-11-25T13:40:40","date_gmt":"2025-11-25T16:40:40","guid":{"rendered":"https:\/\/sulsc.com\/?p=30077"},"modified":"2025-11-25T13:40:40","modified_gmt":"2025-11-25T16:40:40","slug":"homem-e-preso-em-imbituba-pela-policia-civil-por-violencia-domestica","status":"publish","type":"post","link":"https:\/\/sulsc.com\/index.php\/2025\/11\/25\/homem-e-preso-em-imbituba-pela-policia-civil-por-violencia-domestica\/","title":{"rendered":"Homem \u00e9 preso em Imbituba pela Policia Civil por viol\u00eancia dom\u00e9stica"},"content":{"rendered":"<p>Na tarde desta segunda-feira, 24, a Pol\u00edcia Civil realizou o cumprimento de um mandado de pris\u00e3o em Imbituba ap\u00f3s decreta\u00e7\u00e3o da pris\u00e3o preventiva pelo Poder Judici\u00e1rio.<br \/>\nCientes do mandado, a equipe policial se deslocou at\u00e9 o bairro Campestre para localizar o homem alvo da determina\u00e7\u00e3o.<\/p>\n<div id=\"metaslider-id-25573\" style=\"width: 100%;\" class=\"ml-slider-3-99-0 metaslider metaslider-flex metaslider-25573 ml-slider has-onhover-arrows ms-theme-default-base has-dots-nav\" role=\"region\" aria-label=\"Meio\" data-width=\"1200\">\n    <div id=\"metaslider_container_25573\">\n        <div id=\"metaslider_25573\">\n            <ul class='slides'>\n                <li style=\"display: block; width: 100%;\" class=\"slide-25684 ms-image \" aria-roledescription=\"slide\" data-date=\"2025-07-24 07:55:40\"><img src=\"https:\/\/sulsc.com\/wp-content\/uploads\/2025\/07\/Marr-2-1000x166.jpg\" height=\"200\" width=\"1200\" alt=\"\" class=\"slider-25573 slide-25684 msDefaultImage\" title=\"Marr 2\" \/><\/li>\n                <li style=\"display: none; width: 100%;\" class=\"slide-32412 ms-image \" aria-roledescription=\"slide\" data-date=\"2026-02-18 13:59:46\"><img src=\"https:\/\/sulsc.com\/wp-content\/uploads\/2026\/02\/40dc1580-cad5-4867-bc58-c4243821ad38-1000x166.jpeg\" height=\"200\" width=\"1200\" alt=\"\" class=\"slider-25573 slide-32412 msDefaultImage\" title=\"40dc1580-cad5-4867-bc58-c4243821ad38\" \/><\/li>\n                <li style=\"display: none; width: 100%;\" class=\"slide-32766 ms-image \" aria-roledescription=\"slide\" data-date=\"2026-03-03 17:22:59\"><img src=\"https:\/\/sulsc.com\/wp-content\/uploads\/2026\/03\/271ce739-f268-41c5-8051-3de1a1750359-1000x166.jpeg\" height=\"200\" width=\"1200\" alt=\"\" class=\"slider-25573 slide-32766 msDefaultImage\" title=\"271ce739-f268-41c5-8051-3de1a1750359\" \/><\/li>\n            <\/ul>\n        <\/div>\n        \n    <\/div>\n<\/div>\n<p>No local, os policiais encontraram o indiv\u00edduo em sua resid\u00eancia. Ele foi informado sobre o mandado vigente e recebeu voz de pris\u00e3o.<br \/>\nAp\u00f3s os procedimentos, o preso foi conduzido ao Pres\u00eddio Regional de Imbituba, onde permanece \u00e0 disposi\u00e7\u00e3o do Poder Judici\u00e1rio.<\/p>\n<p>A a\u00e7\u00e3o integra a rotina de fiscaliza\u00e7\u00e3o e cumprimento de decis\u00f5es judiciais relacionadas \u00e0 prote\u00e7\u00e3o de v\u00edtimas de viol\u00eancia dom\u00e9stica, refor\u00e7ando o compromisso das for\u00e7as de seguran\u00e7a no enfrentamento a esse tipo de crime e na garantia da efetividade das medidas protetivas previstas na legisla\u00e7\u00e3o vigente.<\/p>\n<p><img fetchpriority=\"high\" decoding=\"async\" class=\"aligncenter size-full wp-image-12885\" src=\"http:\/\/sulsc.com\/wp-content\/uploads\/2024\/06\/Policia-Civil.jpeg\" alt=\"\" width=\"696\" height=\"311\" \/><\/p>\n<p>PCSC\/Divulga\u00e7\u00e3o\/SulSC<\/p>\n","protected":false},"excerpt":{"rendered":"<p>Na tarde desta segunda-feira, 24, a Pol\u00edcia Civil realizou o cumprimento de um mandado de pris\u00e3o em Imbituba ap\u00f3s decreta\u00e7\u00e3o da pris\u00e3o preventiva pelo Poder Judici\u00e1rio. Cientes do mandado, a equipe policial se deslocou at\u00e9 o bairro Campestre para localizar o homem alvo da determina\u00e7\u00e3o. No local, os policiais encontraram o indiv\u00edduo em sua resid\u00eancia. &hellip;<\/p>\n<p class=\"read-more\"> <a class=\"\" href=\"https:\/\/sulsc.com\/index.php\/2025\/11\/25\/homem-e-preso-em-imbituba-pela-policia-civil-por-violencia-domestica\/\"> <span class=\"screen-reader-text\">Homem \u00e9 preso em Imbituba pela Policia Civil por viol\u00eancia dom\u00e9stica<\/span> Read More &raquo;<\/a><\/p>\n","protected":false},"author":3,"featured_media":0,"comment_status":"open","ping_status":"open","sticky":false,"template":"","format":"standard","meta":{"site-sidebar-layout":"default","site-content-layout":"","ast-site-content-layout":"default","site-content-style":"default","site-sidebar-style":"default","ast-global-header-display":"","ast-banner-title-visibility":"","ast-main-header-display":"","ast-hfb-above-header-display":"","ast-hfb-below-header-display":"","ast-hfb-mobile-header-display":"","site-post-title":"","ast-breadcrumbs-content":"","ast-featured-img":"","footer-sml-layout":"","theme-transparent-header-meta":"default","adv-header-id-meta":"","stick-header-meta":"","header-above-stick-meta":"","header-main-stick-meta":"","header-below-stick-meta":"","astra-migrate-meta-layouts":"set","footnotes":""},"categories":[2231,1,41,8,12],"tags":[2773],"yoast_head":"<!-- This site is optimized with the Yoast SEO plugin v21.4 - https:\/\/yoast.com\/wordpress\/plugins\/seo\/ -->\n<title>Homem \u00e9 preso em Imbituba pela Policia Civil por viol\u00eancia dom\u00e9stica -<\/title>\n<meta name=\"robots\" content=\"index, follow, max-snippet:-1, max-image-preview:large, max-video-preview:-1\" \/>\n<link rel=\"canonical\" href=\"https:\/\/sulsc.com\/index.php\/2025\/11\/25\/homem-e-preso-em-imbituba-pela-policia-civil-por-violencia-domestica\/\" \/>\n<meta property=\"og:locale\" content=\"en_US\" \/>\n<meta property=\"og:type\" content=\"article\" \/>\n<meta property=\"og:title\" content=\"Homem \u00e9 preso em Imbituba pela Policia Civil por viol\u00eancia dom\u00e9stica -\" \/>\n<meta property=\"og:description\" content=\"Na tarde desta segunda-feira, 24, a Pol\u00edcia Civil realizou o cumprimento de um mandado de pris\u00e3o em Imbituba ap\u00f3s decreta\u00e7\u00e3o da pris\u00e3o preventiva pelo Poder Judici\u00e1rio. Cientes do mandado, a equipe policial se deslocou at\u00e9 o bairro Campestre para localizar o homem alvo da determina\u00e7\u00e3o. No local, os policiais encontraram o indiv\u00edduo em sua resid\u00eancia. &hellip; Homem \u00e9 preso em Imbituba pela Policia Civil por viol\u00eancia dom\u00e9stica Read More &raquo;\" \/>\n<meta property=\"og:url\" content=\"https:\/\/sulsc.com\/index.php\/2025\/11\/25\/homem-e-preso-em-imbituba-pela-policia-civil-por-violencia-domestica\/\" \/>\n<meta property=\"article:author\" content=\"https:\/\/www.facebook.com\/profile.php?id=61559278119680\" \/>\n<meta property=\"article:published_time\" content=\"2025-11-25T16:40:40+00:00\" \/>\n<meta property=\"og:image\" content=\"http:\/\/sulsc.com\/wp-content\/uploads\/2025\/11\/close-up-disponivel-usando-algemas-na-prisao-scaled.jpg\" \/>\n\t<meta property=\"og:image:width\" content=\"1707\" \/>\n\t<meta property=\"og:image:height\" content=\"2560\" \/>\n\t<meta property=\"og:image:type\" content=\"image\/jpeg\" \/>\n<meta name=\"author\" content=\"Reda\u00e7\u00e3o Sul SC\" \/>\n<meta name=\"twitter:card\" content=\"summary_large_image\" \/>\n<meta name=\"twitter:creator\" content=\"@https:\/\/twitter.com\/PortalSulSC\" \/>\n<meta name=\"twitter:label1\" content=\"Written by\" \/>\n\t<meta name=\"twitter:data1\" content=\"Reda\u00e7\u00e3o Sul SC\" \/>\n\t<meta name=\"twitter:label2\" content=\"Est. reading time\" \/>\n\t<meta name=\"twitter:data2\" content=\"1 minute\" \/>\n<script type=\"application\/ld+json\" class=\"yoast-schema-graph\">{\"@context\":\"https:\/\/schema.org\",\"@graph\":[{\"@type\":\"WebPage\",\"@id\":\"https:\/\/sulsc.com\/index.php\/2025\/11\/25\/homem-e-preso-em-imbituba-pela-policia-civil-por-violencia-domestica\/\",\"url\":\"https:\/\/sulsc.com\/index.php\/2025\/11\/25\/homem-e-preso-em-imbituba-pela-policia-civil-por-violencia-domestica\/\",\"name\":\"Homem \u00e9 preso em Imbituba pela Policia Civil por viol\u00eancia dom\u00e9stica -\",\"isPartOf\":{\"@id\":\"https:\/\/sulsc.com\/#website\"},\"datePublished\":\"2025-11-25T16:40:40+00:00\",\"dateModified\":\"2025-11-25T16:40:40+00:00\",\"author\":{\"@id\":\"https:\/\/sulsc.com\/#\/schema\/person\/84d2fc571684f6248ba83092f07750a3\"},\"breadcrumb\":{\"@id\":\"https:\/\/sulsc.com\/index.php\/2025\/11\/25\/homem-e-preso-em-imbituba-pela-policia-civil-por-violencia-domestica\/#breadcrumb\"},\"inLanguage\":\"en-US\",\"potentialAction\":[{\"@type\":\"ReadAction\",\"target\":[\"https:\/\/sulsc.com\/index.php\/2025\/11\/25\/homem-e-preso-em-imbituba-pela-policia-civil-por-violencia-domestica\/\"]}]},{\"@type\":\"BreadcrumbList\",\"@id\":\"https:\/\/sulsc.com\/index.php\/2025\/11\/25\/homem-e-preso-em-imbituba-pela-policia-civil-por-violencia-domestica\/#breadcrumb\",\"itemListElement\":[{\"@type\":\"ListItem\",\"position\":1,\"name\":\"In\u00edcio\",\"item\":\"https:\/\/sulsc.com\/\"},{\"@type\":\"ListItem\",\"position\":2,\"name\":\"Homem \u00e9 preso em Imbituba pela Policia Civil por viol\u00eancia dom\u00e9stica\"}]},{\"@type\":\"WebSite\",\"@id\":\"https:\/\/sulsc.com\/#website\",\"url\":\"https:\/\/sulsc.com\/\",\"name\":\"\",\"description\":\"\",\"potentialAction\":[{\"@type\":\"SearchAction\",\"target\":{\"@type\":\"EntryPoint\",\"urlTemplate\":\"https:\/\/sulsc.com\/?s={search_term_string}\"},\"query-input\":\"required name=search_term_string\"}],\"inLanguage\":\"en-US\"},{\"@type\":\"Person\",\"@id\":\"https:\/\/sulsc.com\/#\/schema\/person\/84d2fc571684f6248ba83092f07750a3\",\"name\":\"Reda\u00e7\u00e3o Sul SC\",\"image\":{\"@type\":\"ImageObject\",\"inLanguage\":\"en-US\",\"@id\":\"https:\/\/sulsc.com\/#\/schema\/person\/image\/e08d7fe2cc4ed596372063bbe852b8d0\",\"url\":\"https:\/\/sulsc.com\/wp-content\/uploads\/2023\/09\/redacao.png\",\"contentUrl\":\"https:\/\/sulsc.com\/wp-content\/uploads\/2023\/09\/redacao.png\",\"caption\":\"Reda\u00e7\u00e3o Sul SC\"},\"description\":\"Foco em um jornalismo imparcial, voltado \u00e0 qualidade dos seus conte\u00fados e, assim, levar informa\u00e7\u00e3o de valor que agregue \u00e0 vida dos leitores. Esta \u00e9 grande miss\u00e3o do Portal de Not\u00edcias Sul SC. N\u00e3o \u00e9 quantidade que muda o mundo, sempre foi e seguir\u00e1 sendo qualidade!\",\"sameAs\":[\"https:\/\/sulsc.com\/\",\"https:\/\/www.facebook.com\/profile.php?id=61559278119680\",\"https:\/\/www.instagram.com\/sulscportal\/?hl=pt-br\",\"https:\/\/twitter.com\/https:\/\/twitter.com\/PortalSulSC\",\"https:\/\/www.youtube.com\/channel\/UCv_BE8GeySluDov2n8qhVmw\"],\"url\":\"https:\/\/sulsc.com\/index.php\/author\/redacao\/\"}]}<\/script>\n<!-- \/ Yoast SEO plugin. -->","yoast_head_json":{"title":"Homem \u00e9 preso em Imbituba pela Policia Civil por viol\u00eancia dom\u00e9stica -","robots":{"index":"index","follow":"follow","max-snippet":"max-snippet:-1","max-image-preview":"max-image-preview:large","max-video-preview":"max-video-preview:-1"},"canonical":"https:\/\/sulsc.com\/index.php\/2025\/11\/25\/homem-e-preso-em-imbituba-pela-policia-civil-por-violencia-domestica\/","og_locale":"en_US","og_type":"article","og_title":"Homem \u00e9 preso em Imbituba pela Policia Civil por viol\u00eancia dom\u00e9stica -","og_description":"Na tarde desta segunda-feira, 24, a Pol\u00edcia Civil realizou o cumprimento de um mandado de pris\u00e3o em Imbituba ap\u00f3s decreta\u00e7\u00e3o da pris\u00e3o preventiva pelo Poder Judici\u00e1rio. Cientes do mandado, a equipe policial se deslocou at\u00e9 o bairro Campestre para localizar o homem alvo da determina\u00e7\u00e3o. No local, os policiais encontraram o indiv\u00edduo em sua resid\u00eancia. &hellip; Homem \u00e9 preso em Imbituba pela Policia Civil por viol\u00eancia dom\u00e9stica Read More &raquo;","og_url":"https:\/\/sulsc.com\/index.php\/2025\/11\/25\/homem-e-preso-em-imbituba-pela-policia-civil-por-violencia-domestica\/","article_author":"https:\/\/www.facebook.com\/profile.php?id=61559278119680","article_published_time":"2025-11-25T16:40:40+00:00","og_image":[{"width":1707,"height":2560,"url":"http:\/\/sulsc.com\/wp-content\/uploads\/2025\/11\/close-up-disponivel-usando-algemas-na-prisao-scaled.jpg","type":"image\/jpeg"}],"author":"Reda\u00e7\u00e3o Sul SC","twitter_card":"summary_large_image","twitter_creator":"@https:\/\/twitter.com\/PortalSulSC","twitter_misc":{"Written by":"Reda\u00e7\u00e3o Sul SC","Est. reading time":"1 minute"},"schema":{"@context":"https:\/\/schema.org","@graph":[{"@type":"WebPage","@id":"https:\/\/sulsc.com\/index.php\/2025\/11\/25\/homem-e-preso-em-imbituba-pela-policia-civil-por-violencia-domestica\/","url":"https:\/\/sulsc.com\/index.php\/2025\/11\/25\/homem-e-preso-em-imbituba-pela-policia-civil-por-violencia-domestica\/","name":"Homem \u00e9 preso em Imbituba pela Policia Civil por viol\u00eancia dom\u00e9stica -","isPartOf":{"@id":"https:\/\/sulsc.com\/#website"},"datePublished":"2025-11-25T16:40:40+00:00","dateModified":"2025-11-25T16:40:40+00:00","author":{"@id":"https:\/\/sulsc.com\/#\/schema\/person\/84d2fc571684f6248ba83092f07750a3"},"breadcrumb":{"@id":"https:\/\/sulsc.com\/index.php\/2025\/11\/25\/homem-e-preso-em-imbituba-pela-policia-civil-por-violencia-domestica\/#breadcrumb"},"inLanguage":"en-US","potentialAction":[{"@type":"ReadAction","target":["https:\/\/sulsc.com\/index.php\/2025\/11\/25\/homem-e-preso-em-imbituba-pela-policia-civil-por-violencia-domestica\/"]}]},{"@type":"BreadcrumbList","@id":"https:\/\/sulsc.com\/index.php\/2025\/11\/25\/homem-e-preso-em-imbituba-pela-policia-civil-por-violencia-domestica\/#breadcrumb","itemListElement":[{"@type":"ListItem","position":1,"name":"In\u00edcio","item":"https:\/\/sulsc.com\/"},{"@type":"ListItem","position":2,"name":"Homem \u00e9 preso em Imbituba pela Policia Civil por viol\u00eancia dom\u00e9stica"}]},{"@type":"WebSite","@id":"https:\/\/sulsc.com\/#website","url":"https:\/\/sulsc.com\/","name":"","description":"","potentialAction":[{"@type":"SearchAction","target":{"@type":"EntryPoint","urlTemplate":"https:\/\/sulsc.com\/?s={search_term_string}"},"query-input":"required name=search_term_string"}],"inLanguage":"en-US"},{"@type":"Person","@id":"https:\/\/sulsc.com\/#\/schema\/person\/84d2fc571684f6248ba83092f07750a3","name":"Reda\u00e7\u00e3o Sul SC","image":{"@type":"ImageObject","inLanguage":"en-US","@id":"https:\/\/sulsc.com\/#\/schema\/person\/image\/e08d7fe2cc4ed596372063bbe852b8d0","url":"https:\/\/sulsc.com\/wp-content\/uploads\/2023\/09\/redacao.png","contentUrl":"https:\/\/sulsc.com\/wp-content\/uploads\/2023\/09\/redacao.png","caption":"Reda\u00e7\u00e3o Sul SC"},"description":"Foco em um jornalismo imparcial, voltado \u00e0 qualidade dos seus conte\u00fados e, assim, levar informa\u00e7\u00e3o de valor que agregue \u00e0 vida dos leitores. Esta \u00e9 grande miss\u00e3o do Portal de Not\u00edcias Sul SC. N\u00e3o \u00e9 quantidade que muda o mundo, sempre foi e seguir\u00e1 sendo qualidade!","sameAs":["https:\/\/sulsc.com\/","https:\/\/www.facebook.com\/profile.php?id=61559278119680","https:\/\/www.instagram.com\/sulscportal\/?hl=pt-br","https:\/\/twitter.com\/https:\/\/twitter.com\/PortalSulSC","https:\/\/www.youtube.com\/channel\/UCv_BE8GeySluDov2n8qhVmw"],"url":"https:\/\/sulsc.com\/index.php\/author\/redacao\/"}]}},"authors":[],"_links":{"self":[{"href":"https:\/\/sulsc.com\/index.php\/wp-json\/wp\/v2\/posts\/30077"}],"collection":[{"href":"https:\/\/sulsc.com\/index.php\/wp-json\/wp\/v2\/posts"}],"about":[{"href":"https:\/\/sulsc.com\/index.php\/wp-json\/wp\/v2\/types\/post"}],"author":[{"embeddable":true,"href":"https:\/\/sulsc.com\/index.php\/wp-json\/wp\/v2\/users\/3"}],"replies":[{"embeddable":true,"href":"https:\/\/sulsc.com\/index.php\/wp-json\/wp\/v2\/comments?post=30077"}],"version-history":[{"count":1,"href":"https:\/\/sulsc.com\/index.php\/wp-json\/wp\/v2\/posts\/30077\/revisions"}],"predecessor-version":[{"id":30078,"href":"https:\/\/sulsc.com\/index.php\/wp-json\/wp\/v2\/posts\/30077\/revisions\/30078"}],"wp:attachment":[{"href":"https:\/\/sulsc.com\/index.php\/wp-json\/wp\/v2\/media?parent=30077"}],"wp:term":[{"taxonomy":"category","embeddable":true,"href":"https:\/\/sulsc.com\/index.php\/wp-json\/wp\/v2\/categories?post=30077"},{"taxonomy":"post_tag","embeddable":true,"href":"https:\/\/sulsc.com\/index.php\/wp-json\/wp\/v2\/tags?post=30077"}],"curies":[{"name":"wp","href":"https:\/\/api.w.org\/{rel}","templated":true}]}}