{"id":30098,"date":"2025-11-25T19:44:39","date_gmt":"2025-11-25T22:44:39","guid":{"rendered":"https:\/\/sulsc.com\/?p=30098"},"modified":"2025-11-25T19:44:39","modified_gmt":"2025-11-25T22:44:39","slug":"racionalizando-caso-criciuma-construcoes-justica-condena-rogerio-cizeski-e-as-familias-continuam-pagando","status":"publish","type":"post","link":"https:\/\/sulsc.com\/index.php\/2025\/11\/25\/racionalizando-caso-criciuma-construcoes-justica-condena-rogerio-cizeski-e-as-familias-continuam-pagando\/","title":{"rendered":"Racionalizando &#8211; Caso Crici\u00fama Constru\u00e7\u00f5es: Justi\u00e7a condena Rog\u00e9rio Cizeski e as fam\u00edlias continuam pagando"},"content":{"rendered":"<p>A Justi\u00e7a finalmente condenou Rog\u00e9rio Cizeski e outros tr\u00eas envolvidos em fraudes milion\u00e1rias na Crici\u00fama Constru\u00e7\u00f5es. Mas ser\u00e1 que isso faz justi\u00e7a para quem perdeu dinheiro, sonhos e confian\u00e7a? A sensa\u00e7\u00e3o de impunidade continua esmagadora.<\/p>\n<div id=\"metaslider-id-25573\" style=\"width: 100%;\" class=\"ml-slider-3-99-0 metaslider metaslider-flex metaslider-25573 ml-slider has-onhover-arrows ms-theme-default-base has-dots-nav\" role=\"region\" aria-label=\"Meio\" data-width=\"1200\">\n    <div id=\"metaslider_container_25573\">\n        <div id=\"metaslider_25573\">\n            <ul class='slides'>\n                <li style=\"display: block; width: 100%;\" class=\"slide-25684 ms-image \" aria-roledescription=\"slide\" data-date=\"2025-07-24 07:55:40\"><img src=\"https:\/\/sulsc.com\/wp-content\/uploads\/2025\/07\/Marr-2-1000x166.jpg\" height=\"200\" width=\"1200\" alt=\"\" class=\"slider-25573 slide-25684 msDefaultImage\" title=\"Marr 2\" \/><\/li>\n                <li style=\"display: none; width: 100%;\" class=\"slide-32412 ms-image \" aria-roledescription=\"slide\" data-date=\"2026-02-18 13:59:46\"><img src=\"https:\/\/sulsc.com\/wp-content\/uploads\/2026\/02\/40dc1580-cad5-4867-bc58-c4243821ad38-1000x166.jpeg\" height=\"200\" width=\"1200\" alt=\"\" class=\"slider-25573 slide-32412 msDefaultImage\" title=\"40dc1580-cad5-4867-bc58-c4243821ad38\" \/><\/li>\n                <li style=\"display: none; width: 100%;\" class=\"slide-32766 ms-image \" aria-roledescription=\"slide\" data-date=\"2026-03-03 17:22:59\"><img src=\"https:\/\/sulsc.com\/wp-content\/uploads\/2026\/03\/271ce739-f268-41c5-8051-3de1a1750359-1000x166.jpeg\" height=\"200\" width=\"1200\" alt=\"\" class=\"slider-25573 slide-32766 msDefaultImage\" title=\"271ce739-f268-41c5-8051-3de1a1750359\" \/><\/li>\n            <\/ul>\n        <\/div>\n        \n    <\/div>\n<\/div>\n<p>Entre 2014 e 2015, im\u00f3veis foram transferidos para empresas de fachada, materiais vendidos a pre\u00e7o irris\u00f3rio e contratos falsificados, enquanto milhares de pessoas aguardavam suas casas. Um empreendimento avaliado em R$ 700 mil foi cedido sem que um centavo entrasse no caixa da empresa. Foram anos de promessas quebradas, obras abandonadas e fam\u00edlias endividadas por algo que nunca receberam.<\/p>\n<p>O estrago \u00e9 gigantesco. 78 pr\u00e9dios e 14 loteamentos inacabados, milhares de consumidores lesados, credores recebendo migalhas depois de quase uma d\u00e9cada de espera. Mesmo com a condena\u00e7\u00e3o de Cizeski, 17 anos e 2 meses de reclus\u00e3o em regime fechado, e penas para os outros tr\u00eas envolvidos, o preju\u00edzo real para as pessoas comuns permanece enorme.<\/p>\n<p><img fetchpriority=\"high\" decoding=\"async\" class=\"aligncenter size-full wp-image-30099\" src=\"http:\/\/sulsc.com\/wp-content\/uploads\/2025\/11\/c85f5e6a-722d-48f5-84fb-295f28fb3863.jpeg\" alt=\"\" width=\"918\" height=\"534\" srcset=\"https:\/\/sulsc.com\/wp-content\/uploads\/2025\/11\/c85f5e6a-722d-48f5-84fb-295f28fb3863.jpeg 918w, https:\/\/sulsc.com\/wp-content\/uploads\/2025\/11\/c85f5e6a-722d-48f5-84fb-295f28fb3863-300x175.jpeg 300w, https:\/\/sulsc.com\/wp-content\/uploads\/2025\/11\/c85f5e6a-722d-48f5-84fb-295f28fb3863-768x447.jpeg 768w\" sizes=\"(max-width: 918px) 100vw, 918px\" \/><\/p>\n<p>No Brasil, parece que o calote virou profiss\u00e3o. Quem cumpre contrato \u00e9 trouxa. Quem engana, muitas vezes, sai praticamente ileso. A justi\u00e7a formal existe, mas o cidad\u00e3o comum continua pagando a conta. Obras paradas, sonhos destru\u00eddos, fam\u00edlias frustradas e a sensa\u00e7\u00e3o de impunidade perfeita.<\/p>\n<p>Essa hist\u00f3ria precisa ser lembrada. N\u00e3o \u00e9 apenas sobre uma empresa ou um empres\u00e1rio, \u00e9 sobre milhares de brasileiros que confiaram e perderam tudo.<\/p>\n<p>@sabrinazminatto<\/p>\n","protected":false},"excerpt":{"rendered":"<p>A Justi\u00e7a finalmente condenou Rog\u00e9rio Cizeski e outros tr\u00eas envolvidos em fraudes milion\u00e1rias na Crici\u00fama Constru\u00e7\u00f5es. Mas ser\u00e1 que isso faz justi\u00e7a para quem perdeu dinheiro, sonhos e confian\u00e7a? A sensa\u00e7\u00e3o de impunidade continua esmagadora. Entre 2014 e 2015, im\u00f3veis foram transferidos para empresas de fachada, materiais vendidos a pre\u00e7o irris\u00f3rio e contratos falsificados, enquanto &hellip;<\/p>\n<p class=\"read-more\"> <a class=\"\" href=\"https:\/\/sulsc.com\/index.php\/2025\/11\/25\/racionalizando-caso-criciuma-construcoes-justica-condena-rogerio-cizeski-e-as-familias-continuam-pagando\/\"> <span class=\"screen-reader-text\">Racionalizando &#8211; Caso Crici\u00fama Constru\u00e7\u00f5es: Justi\u00e7a condena Rog\u00e9rio Cizeski e as fam\u00edlias continuam pagando<\/span> Read More &raquo;<\/a><\/p>\n","protected":false},"author":25,"featured_media":30099,"comment_status":"open","ping_status":"open","sticky":false,"template":"","format":"standard","meta":{"site-sidebar-layout":"default","site-content-layout":"","ast-site-content-layout":"default","site-content-style":"default","site-sidebar-style":"default","ast-global-header-display":"","ast-banner-title-visibility":"","ast-main-header-display":"","ast-hfb-above-header-display":"","ast-hfb-below-header-display":"","ast-hfb-mobile-header-display":"","site-post-title":"","ast-breadcrumbs-content":"","ast-featured-img":"","footer-sml-layout":"","theme-transparent-header-meta":"default","adv-header-id-meta":"","stick-header-meta":"","header-above-stick-meta":"","header-main-stick-meta":"","header-below-stick-meta":"","astra-migrate-meta-layouts":"set","footnotes":""},"categories":[13],"tags":[2754],"yoast_head":"<!-- This site is optimized with the Yoast SEO plugin v21.4 - https:\/\/yoast.com\/wordpress\/plugins\/seo\/ -->\n<title>Racionalizando - Caso Crici\u00fama Constru\u00e7\u00f5es: Justi\u00e7a condena Rog\u00e9rio Cizeski e as fam\u00edlias continuam pagando -<\/title>\n<meta name=\"robots\" content=\"index, follow, max-snippet:-1, max-image-preview:large, max-video-preview:-1\" \/>\n<link rel=\"canonical\" href=\"https:\/\/sulsc.com\/index.php\/2025\/11\/25\/racionalizando-caso-criciuma-construcoes-justica-condena-rogerio-cizeski-e-as-familias-continuam-pagando\/\" \/>\n<meta property=\"og:locale\" content=\"en_US\" \/>\n<meta property=\"og:type\" content=\"article\" \/>\n<meta property=\"og:title\" content=\"Racionalizando - Caso Crici\u00fama Constru\u00e7\u00f5es: Justi\u00e7a condena Rog\u00e9rio Cizeski e as fam\u00edlias continuam pagando -\" \/>\n<meta property=\"og:description\" content=\"A Justi\u00e7a finalmente condenou Rog\u00e9rio Cizeski e outros tr\u00eas envolvidos em fraudes milion\u00e1rias na Crici\u00fama Constru\u00e7\u00f5es. Mas ser\u00e1 que isso faz justi\u00e7a para quem perdeu dinheiro, sonhos e confian\u00e7a? A sensa\u00e7\u00e3o de impunidade continua esmagadora. Entre 2014 e 2015, im\u00f3veis foram transferidos para empresas de fachada, materiais vendidos a pre\u00e7o irris\u00f3rio e contratos falsificados, enquanto &hellip; Racionalizando &#8211; Caso Crici\u00fama Constru\u00e7\u00f5es: Justi\u00e7a condena Rog\u00e9rio Cizeski e as fam\u00edlias continuam pagando Read More &raquo;\" \/>\n<meta property=\"og:url\" content=\"https:\/\/sulsc.com\/index.php\/2025\/11\/25\/racionalizando-caso-criciuma-construcoes-justica-condena-rogerio-cizeski-e-as-familias-continuam-pagando\/\" \/>\n<meta property=\"article:published_time\" content=\"2025-11-25T22:44:39+00:00\" \/>\n<meta property=\"og:image\" content=\"http:\/\/sulsc.com\/wp-content\/uploads\/2025\/11\/c85f5e6a-722d-48f5-84fb-295f28fb3863.jpeg\" \/>\n\t<meta property=\"og:image:width\" content=\"918\" \/>\n\t<meta property=\"og:image:height\" content=\"534\" \/>\n\t<meta property=\"og:image:type\" content=\"image\/jpeg\" \/>\n<meta name=\"author\" content=\"Racionalizando\" \/>\n<meta name=\"twitter:card\" content=\"summary_large_image\" \/>\n<meta name=\"twitter:label1\" content=\"Written by\" \/>\n\t<meta name=\"twitter:data1\" content=\"Racionalizando\" \/>\n\t<meta name=\"twitter:label2\" content=\"Est. reading time\" \/>\n\t<meta name=\"twitter:data2\" content=\"2 minutes\" \/>\n<script type=\"application\/ld+json\" class=\"yoast-schema-graph\">{\"@context\":\"https:\/\/schema.org\",\"@graph\":[{\"@type\":\"WebPage\",\"@id\":\"https:\/\/sulsc.com\/index.php\/2025\/11\/25\/racionalizando-caso-criciuma-construcoes-justica-condena-rogerio-cizeski-e-as-familias-continuam-pagando\/\",\"url\":\"https:\/\/sulsc.com\/index.php\/2025\/11\/25\/racionalizando-caso-criciuma-construcoes-justica-condena-rogerio-cizeski-e-as-familias-continuam-pagando\/\",\"name\":\"Racionalizando - Caso Crici\u00fama Constru\u00e7\u00f5es: Justi\u00e7a condena Rog\u00e9rio Cizeski e as fam\u00edlias continuam pagando -\",\"isPartOf\":{\"@id\":\"https:\/\/sulsc.com\/#website\"},\"datePublished\":\"2025-11-25T22:44:39+00:00\",\"dateModified\":\"2025-11-25T22:44:39+00:00\",\"author\":{\"@id\":\"https:\/\/sulsc.com\/#\/schema\/person\/249eb129ff349b1e4963560f92b44990\"},\"breadcrumb\":{\"@id\":\"https:\/\/sulsc.com\/index.php\/2025\/11\/25\/racionalizando-caso-criciuma-construcoes-justica-condena-rogerio-cizeski-e-as-familias-continuam-pagando\/#breadcrumb\"},\"inLanguage\":\"en-US\",\"potentialAction\":[{\"@type\":\"ReadAction\",\"target\":[\"https:\/\/sulsc.com\/index.php\/2025\/11\/25\/racionalizando-caso-criciuma-construcoes-justica-condena-rogerio-cizeski-e-as-familias-continuam-pagando\/\"]}]},{\"@type\":\"BreadcrumbList\",\"@id\":\"https:\/\/sulsc.com\/index.php\/2025\/11\/25\/racionalizando-caso-criciuma-construcoes-justica-condena-rogerio-cizeski-e-as-familias-continuam-pagando\/#breadcrumb\",\"itemListElement\":[{\"@type\":\"ListItem\",\"position\":1,\"name\":\"In\u00edcio\",\"item\":\"https:\/\/sulsc.com\/\"},{\"@type\":\"ListItem\",\"position\":2,\"name\":\"Racionalizando &#8211; Caso Crici\u00fama Constru\u00e7\u00f5es: Justi\u00e7a condena Rog\u00e9rio Cizeski e as fam\u00edlias continuam pagando\"}]},{\"@type\":\"WebSite\",\"@id\":\"https:\/\/sulsc.com\/#website\",\"url\":\"https:\/\/sulsc.com\/\",\"name\":\"\",\"description\":\"\",\"potentialAction\":[{\"@type\":\"SearchAction\",\"target\":{\"@type\":\"EntryPoint\",\"urlTemplate\":\"https:\/\/sulsc.com\/?s={search_term_string}\"},\"query-input\":\"required name=search_term_string\"}],\"inLanguage\":\"en-US\"},{\"@type\":\"Person\",\"@id\":\"https:\/\/sulsc.com\/#\/schema\/person\/249eb129ff349b1e4963560f92b44990\",\"name\":\"Racionalizando por Sabrina Zapelini Minatto\",\"image\":{\"@type\":\"ImageObject\",\"inLanguage\":\"en-US\",\"@id\":\"https:\/\/sulsc.com\/#\/schema\/person\/image\/0e5bbf2cffc7abd460acc5a1d6cffdbe\",\"url\":\"https:\/\/sulsc.com\/wp-content\/uploads\/2025\/11\/Sabrina.png\",\"contentUrl\":\"https:\/\/sulsc.com\/wp-content\/uploads\/2025\/11\/Sabrina.png\",\"caption\":\"Racionalizando por Sabrina Zapelini Minatto\"},\"description\":\"Fundadora e presidente da Associa\u00e7\u00e3o das Mulheres Pol\u00edticas do Sul (AMPS), que tem o papel fundamental em prol das mulheres do Sul Catarinense, e contribui na constru\u00e7\u00e3o participativa de uma sociedade mais solid\u00e1ria e inclusiva. Com uma coluna semanal, \u201cRacionalizando\u201d buscar\u00e1 transmitir aos leitores: an\u00e1lise, reflex\u00e3o, pensamento cr\u00edtico \u2014 alinhado \u00e0 pol\u00edtica e aos valores. Opini\u00e3o sobre pol\u00edtica, valores e assuntos que fazem parte do dia a dia, de forma direta, sincera e pr\u00f3xima de quem l\u00ea. \u00a0\",\"url\":\"https:\/\/sulsc.com\/index.php\/author\/sabrina-zapelini-minatto\/\"}]}<\/script>\n<!-- \/ Yoast SEO plugin. -->","yoast_head_json":{"title":"Racionalizando - Caso Crici\u00fama Constru\u00e7\u00f5es: Justi\u00e7a condena Rog\u00e9rio Cizeski e as fam\u00edlias continuam pagando -","robots":{"index":"index","follow":"follow","max-snippet":"max-snippet:-1","max-image-preview":"max-image-preview:large","max-video-preview":"max-video-preview:-1"},"canonical":"https:\/\/sulsc.com\/index.php\/2025\/11\/25\/racionalizando-caso-criciuma-construcoes-justica-condena-rogerio-cizeski-e-as-familias-continuam-pagando\/","og_locale":"en_US","og_type":"article","og_title":"Racionalizando - Caso Crici\u00fama Constru\u00e7\u00f5es: Justi\u00e7a condena Rog\u00e9rio Cizeski e as fam\u00edlias continuam pagando -","og_description":"A Justi\u00e7a finalmente condenou Rog\u00e9rio Cizeski e outros tr\u00eas envolvidos em fraudes milion\u00e1rias na Crici\u00fama Constru\u00e7\u00f5es. Mas ser\u00e1 que isso faz justi\u00e7a para quem perdeu dinheiro, sonhos e confian\u00e7a? A sensa\u00e7\u00e3o de impunidade continua esmagadora. Entre 2014 e 2015, im\u00f3veis foram transferidos para empresas de fachada, materiais vendidos a pre\u00e7o irris\u00f3rio e contratos falsificados, enquanto &hellip; Racionalizando &#8211; Caso Crici\u00fama Constru\u00e7\u00f5es: Justi\u00e7a condena Rog\u00e9rio Cizeski e as fam\u00edlias continuam pagando Read More &raquo;","og_url":"https:\/\/sulsc.com\/index.php\/2025\/11\/25\/racionalizando-caso-criciuma-construcoes-justica-condena-rogerio-cizeski-e-as-familias-continuam-pagando\/","article_published_time":"2025-11-25T22:44:39+00:00","og_image":[{"width":918,"height":534,"url":"http:\/\/sulsc.com\/wp-content\/uploads\/2025\/11\/c85f5e6a-722d-48f5-84fb-295f28fb3863.jpeg","type":"image\/jpeg"}],"author":"Racionalizando","twitter_card":"summary_large_image","twitter_misc":{"Written by":"Racionalizando","Est. reading time":"2 minutes"},"schema":{"@context":"https:\/\/schema.org","@graph":[{"@type":"WebPage","@id":"https:\/\/sulsc.com\/index.php\/2025\/11\/25\/racionalizando-caso-criciuma-construcoes-justica-condena-rogerio-cizeski-e-as-familias-continuam-pagando\/","url":"https:\/\/sulsc.com\/index.php\/2025\/11\/25\/racionalizando-caso-criciuma-construcoes-justica-condena-rogerio-cizeski-e-as-familias-continuam-pagando\/","name":"Racionalizando - Caso Crici\u00fama Constru\u00e7\u00f5es: Justi\u00e7a condena Rog\u00e9rio Cizeski e as fam\u00edlias continuam pagando -","isPartOf":{"@id":"https:\/\/sulsc.com\/#website"},"datePublished":"2025-11-25T22:44:39+00:00","dateModified":"2025-11-25T22:44:39+00:00","author":{"@id":"https:\/\/sulsc.com\/#\/schema\/person\/249eb129ff349b1e4963560f92b44990"},"breadcrumb":{"@id":"https:\/\/sulsc.com\/index.php\/2025\/11\/25\/racionalizando-caso-criciuma-construcoes-justica-condena-rogerio-cizeski-e-as-familias-continuam-pagando\/#breadcrumb"},"inLanguage":"en-US","potentialAction":[{"@type":"ReadAction","target":["https:\/\/sulsc.com\/index.php\/2025\/11\/25\/racionalizando-caso-criciuma-construcoes-justica-condena-rogerio-cizeski-e-as-familias-continuam-pagando\/"]}]},{"@type":"BreadcrumbList","@id":"https:\/\/sulsc.com\/index.php\/2025\/11\/25\/racionalizando-caso-criciuma-construcoes-justica-condena-rogerio-cizeski-e-as-familias-continuam-pagando\/#breadcrumb","itemListElement":[{"@type":"ListItem","position":1,"name":"In\u00edcio","item":"https:\/\/sulsc.com\/"},{"@type":"ListItem","position":2,"name":"Racionalizando &#8211; Caso Crici\u00fama Constru\u00e7\u00f5es: Justi\u00e7a condena Rog\u00e9rio Cizeski e as fam\u00edlias continuam pagando"}]},{"@type":"WebSite","@id":"https:\/\/sulsc.com\/#website","url":"https:\/\/sulsc.com\/","name":"","description":"","potentialAction":[{"@type":"SearchAction","target":{"@type":"EntryPoint","urlTemplate":"https:\/\/sulsc.com\/?s={search_term_string}"},"query-input":"required name=search_term_string"}],"inLanguage":"en-US"},{"@type":"Person","@id":"https:\/\/sulsc.com\/#\/schema\/person\/249eb129ff349b1e4963560f92b44990","name":"Racionalizando por Sabrina Zapelini Minatto","image":{"@type":"ImageObject","inLanguage":"en-US","@id":"https:\/\/sulsc.com\/#\/schema\/person\/image\/0e5bbf2cffc7abd460acc5a1d6cffdbe","url":"https:\/\/sulsc.com\/wp-content\/uploads\/2025\/11\/Sabrina.png","contentUrl":"https:\/\/sulsc.com\/wp-content\/uploads\/2025\/11\/Sabrina.png","caption":"Racionalizando por Sabrina Zapelini Minatto"},"description":"Fundadora e presidente da Associa\u00e7\u00e3o das Mulheres Pol\u00edticas do Sul (AMPS), que tem o papel fundamental em prol das mulheres do Sul Catarinense, e contribui na constru\u00e7\u00e3o participativa de uma sociedade mais solid\u00e1ria e inclusiva. Com uma coluna semanal, \u201cRacionalizando\u201d buscar\u00e1 transmitir aos leitores: an\u00e1lise, reflex\u00e3o, pensamento cr\u00edtico \u2014 alinhado \u00e0 pol\u00edtica e aos valores. Opini\u00e3o sobre pol\u00edtica, valores e assuntos que fazem parte do dia a dia, de forma direta, sincera e pr\u00f3xima de quem l\u00ea. \u00a0","url":"https:\/\/sulsc.com\/index.php\/author\/sabrina-zapelini-minatto\/"}]}},"authors":[],"_links":{"self":[{"href":"https:\/\/sulsc.com\/index.php\/wp-json\/wp\/v2\/posts\/30098"}],"collection":[{"href":"https:\/\/sulsc.com\/index.php\/wp-json\/wp\/v2\/posts"}],"about":[{"href":"https:\/\/sulsc.com\/index.php\/wp-json\/wp\/v2\/types\/post"}],"author":[{"embeddable":true,"href":"https:\/\/sulsc.com\/index.php\/wp-json\/wp\/v2\/users\/25"}],"replies":[{"embeddable":true,"href":"https:\/\/sulsc.com\/index.php\/wp-json\/wp\/v2\/comments?post=30098"}],"version-history":[{"count":1,"href":"https:\/\/sulsc.com\/index.php\/wp-json\/wp\/v2\/posts\/30098\/revisions"}],"predecessor-version":[{"id":30100,"href":"https:\/\/sulsc.com\/index.php\/wp-json\/wp\/v2\/posts\/30098\/revisions\/30100"}],"wp:featuredmedia":[{"embeddable":true,"href":"https:\/\/sulsc.com\/index.php\/wp-json\/wp\/v2\/media\/30099"}],"wp:attachment":[{"href":"https:\/\/sulsc.com\/index.php\/wp-json\/wp\/v2\/media?parent=30098"}],"wp:term":[{"taxonomy":"category","embeddable":true,"href":"https:\/\/sulsc.com\/index.php\/wp-json\/wp\/v2\/categories?post=30098"},{"taxonomy":"post_tag","embeddable":true,"href":"https:\/\/sulsc.com\/index.php\/wp-json\/wp\/v2\/tags?post=30098"}],"curies":[{"name":"wp","href":"https:\/\/api.w.org\/{rel}","templated":true}]}}