{"id":30124,"date":"2025-11-26T09:25:56","date_gmt":"2025-11-26T12:25:56","guid":{"rendered":"https:\/\/sulsc.com\/?p=30124"},"modified":"2025-11-26T09:25:56","modified_gmt":"2025-11-26T12:25:56","slug":"projeto-de-ciclovia-em-jaguaruna-avanca-concluido-o-trecho-centro-balneario-arroio-corrente","status":"publish","type":"post","link":"https:\/\/sulsc.com\/index.php\/2025\/11\/26\/projeto-de-ciclovia-em-jaguaruna-avanca-concluido-o-trecho-centro-balneario-arroio-corrente\/","title":{"rendered":"Projeto de Ciclovia em Jaguaruna Avan\u00e7a: Conclu\u00eddo o trecho Centro-Balne\u00e1rio Arroio Corrente"},"content":{"rendered":"<p>O projeto final da ciclovia que ligar\u00e1 o Centro de Jaguaruna ao Balne\u00e1rio Arroio Corrente foi conclu\u00eddo e apresentado esta semana, um marco importante para a mobilidade e seguran\u00e7a da regi\u00e3o. A entrega do material foi realizada pela Secretaria de Estado da Infraestrutura e Mobilidade (SIE) e atende a uma demanda hist\u00f3rica da comunidade local.<\/p>\n<div id=\"metaslider-id-25573\" style=\"width: 100%;\" class=\"ml-slider-3-99-0 metaslider metaslider-flex metaslider-25573 ml-slider has-onhover-arrows ms-theme-default-base has-dots-nav\" role=\"region\" aria-label=\"Meio\" data-width=\"1200\">\n    <div id=\"metaslider_container_25573\">\n        <div id=\"metaslider_25573\">\n            <ul class='slides'>\n                <li style=\"display: block; width: 100%;\" class=\"slide-25684 ms-image \" aria-roledescription=\"slide\" data-date=\"2025-07-24 07:55:40\"><img src=\"https:\/\/sulsc.com\/wp-content\/uploads\/2025\/07\/Marr-2-1000x166.jpg\" height=\"200\" width=\"1200\" alt=\"\" class=\"slider-25573 slide-25684 msDefaultImage\" title=\"Marr 2\" \/><\/li>\n                <li style=\"display: none; width: 100%;\" class=\"slide-32412 ms-image \" aria-roledescription=\"slide\" data-date=\"2026-02-18 13:59:46\"><img src=\"https:\/\/sulsc.com\/wp-content\/uploads\/2026\/02\/40dc1580-cad5-4867-bc58-c4243821ad38-1000x166.jpeg\" height=\"200\" width=\"1200\" alt=\"\" class=\"slider-25573 slide-32412 msDefaultImage\" title=\"40dc1580-cad5-4867-bc58-c4243821ad38\" \/><\/li>\n                <li style=\"display: none; width: 100%;\" class=\"slide-32766 ms-image \" aria-roledescription=\"slide\" data-date=\"2026-03-03 17:22:59\"><img src=\"https:\/\/sulsc.com\/wp-content\/uploads\/2026\/03\/271ce739-f268-41c5-8051-3de1a1750359-1000x166.jpeg\" height=\"200\" width=\"1200\" alt=\"\" class=\"slider-25573 slide-32766 msDefaultImage\" title=\"271ce739-f268-41c5-8051-3de1a1750359\" \/><\/li>\n            <\/ul>\n        <\/div>\n        \n    <\/div>\n<\/div>\n<p>O documento foi formalmente apresentado em uma reuni\u00e3o que contou com a presen\u00e7a de representantes estaduais, municipais e lideran\u00e7as comunit\u00e1rias. O principal objetivo do encontro foi oficializar a conclus\u00e3o do projeto executivo e determinar os pr\u00f3ximos passos t\u00e9cnicos e administrativos necess\u00e1rios para o avan\u00e7o da obra.<\/p>\n<p>A nova ciclovia \u00e9 classificada como uma interven\u00e7\u00e3o crucial para otimizar o deslocamento e garantir maior seguran\u00e7a no trajeto entre o Centro e o balne\u00e1rio, uma \u00e1rea conhecida pela alta circula\u00e7\u00e3o de moradores, trabalhadores e visitantes.<br \/>\nLideran\u00e7as comunit\u00e1rias presentes enfatizaram que a finaliza\u00e7\u00e3o do projeto representa um avan\u00e7o aguardado por anos, e que a eventual execu\u00e7\u00e3o da obra ter\u00e1 um impacto positivo direto na seguran\u00e7a vi\u00e1ria e na qualidade de vida dos cidad\u00e3os.<\/p>\n<p><img fetchpriority=\"high\" decoding=\"async\" class=\"aligncenter size-full wp-image-30125\" src=\"http:\/\/sulsc.com\/wp-content\/uploads\/2025\/11\/01-G.v1764149249.jpg\" alt=\"\" width=\"854\" height=\"480\" srcset=\"https:\/\/sulsc.com\/wp-content\/uploads\/2025\/11\/01-G.v1764149249.jpg 854w, https:\/\/sulsc.com\/wp-content\/uploads\/2025\/11\/01-G.v1764149249-300x169.jpg 300w, https:\/\/sulsc.com\/wp-content\/uploads\/2025\/11\/01-G.v1764149249-768x432.jpg 768w\" sizes=\"(max-width: 854px) 100vw, 854px\" \/><\/p>\n<p>Foto: Rede Social\/Divulga\u00e7\u00e3o\/SulSC<\/p>\n<p>Com o projeto t\u00e9cnico finalizado, as pr\u00f3ximas etapas envolver\u00e3o o trabalho conjunto entre o munic\u00edpio e o Estado para definir, investimentos necess\u00e1rios e cronograma de execu\u00e7\u00e3o.<br \/>\nProcedimentos administrativos para a licita\u00e7\u00e3o e constru\u00e7\u00e3o da ciclovia.<br \/>\nA reuni\u00e3o de apresenta\u00e7\u00e3o e alinhamento contou com a participa\u00e7\u00e3o do secret\u00e1rio de Infraestrutura, Jerry Comper, do deputado estadual Volnei Weber (MDB), dos vereadores C\u00e9sar Damiani (Novo), Laudir Vargas (MDB) e Mauro Ferreira (MDB), al\u00e9m do presidente da Associa\u00e7\u00e3o de Moradores do Arroio Corrente, Richardson Souza.<\/p>\n","protected":false},"excerpt":{"rendered":"<p>O projeto final da ciclovia que ligar\u00e1 o Centro de Jaguaruna ao Balne\u00e1rio Arroio Corrente foi conclu\u00eddo e apresentado esta semana, um marco importante para a mobilidade e seguran\u00e7a da regi\u00e3o. A entrega do material foi realizada pela Secretaria de Estado da Infraestrutura e Mobilidade (SIE) e atende a uma demanda hist\u00f3rica da comunidade local. &hellip;<\/p>\n<p class=\"read-more\"> <a class=\"\" href=\"https:\/\/sulsc.com\/index.php\/2025\/11\/26\/projeto-de-ciclovia-em-jaguaruna-avanca-concluido-o-trecho-centro-balneario-arroio-corrente\/\"> <span class=\"screen-reader-text\">Projeto de Ciclovia em Jaguaruna Avan\u00e7a: Conclu\u00eddo o trecho Centro-Balne\u00e1rio Arroio Corrente<\/span> Read More &raquo;<\/a><\/p>\n","protected":false},"author":3,"featured_media":30125,"comment_status":"open","ping_status":"open","sticky":false,"template":"","format":"standard","meta":{"site-sidebar-layout":"default","site-content-layout":"","ast-site-content-layout":"default","site-content-style":"default","site-sidebar-style":"default","ast-global-header-display":"","ast-banner-title-visibility":"","ast-main-header-display":"","ast-hfb-above-header-display":"","ast-hfb-below-header-display":"","ast-hfb-mobile-header-display":"","site-post-title":"","ast-breadcrumbs-content":"","ast-featured-img":"","footer-sml-layout":"","theme-transparent-header-meta":"default","adv-header-id-meta":"","stick-header-meta":"","header-above-stick-meta":"","header-main-stick-meta":"","header-below-stick-meta":"","astra-migrate-meta-layouts":"set","footnotes":""},"categories":[2354,2231,1,2105,8,12],"tags":[2201],"yoast_head":"<!-- This site is optimized with the Yoast SEO plugin v21.4 - https:\/\/yoast.com\/wordpress\/plugins\/seo\/ -->\n<title>Projeto de Ciclovia em Jaguaruna Avan\u00e7a: Conclu\u00eddo o trecho Centro-Balne\u00e1rio Arroio Corrente -<\/title>\n<meta name=\"robots\" content=\"index, follow, max-snippet:-1, max-image-preview:large, max-video-preview:-1\" \/>\n<link rel=\"canonical\" href=\"https:\/\/sulsc.com\/index.php\/2025\/11\/26\/projeto-de-ciclovia-em-jaguaruna-avanca-concluido-o-trecho-centro-balneario-arroio-corrente\/\" \/>\n<meta property=\"og:locale\" content=\"en_US\" \/>\n<meta property=\"og:type\" content=\"article\" \/>\n<meta property=\"og:title\" content=\"Projeto de Ciclovia em Jaguaruna Avan\u00e7a: Conclu\u00eddo o trecho Centro-Balne\u00e1rio Arroio Corrente -\" \/>\n<meta property=\"og:description\" content=\"O projeto final da ciclovia que ligar\u00e1 o Centro de Jaguaruna ao Balne\u00e1rio Arroio Corrente foi conclu\u00eddo e apresentado esta semana, um marco importante para a mobilidade e seguran\u00e7a da regi\u00e3o. A entrega do material foi realizada pela Secretaria de Estado da Infraestrutura e Mobilidade (SIE) e atende a uma demanda hist\u00f3rica da comunidade local. &hellip; Projeto de Ciclovia em Jaguaruna Avan\u00e7a: Conclu\u00eddo o trecho Centro-Balne\u00e1rio Arroio Corrente Read More &raquo;\" \/>\n<meta property=\"og:url\" content=\"https:\/\/sulsc.com\/index.php\/2025\/11\/26\/projeto-de-ciclovia-em-jaguaruna-avanca-concluido-o-trecho-centro-balneario-arroio-corrente\/\" \/>\n<meta property=\"article:author\" content=\"https:\/\/www.facebook.com\/profile.php?id=61559278119680\" \/>\n<meta property=\"article:published_time\" content=\"2025-11-26T12:25:56+00:00\" \/>\n<meta property=\"og:image\" content=\"http:\/\/sulsc.com\/wp-content\/uploads\/2025\/11\/01-G.v1764149249.jpg\" \/>\n\t<meta property=\"og:image:width\" content=\"854\" \/>\n\t<meta property=\"og:image:height\" content=\"480\" \/>\n\t<meta property=\"og:image:type\" content=\"image\/jpeg\" \/>\n<meta name=\"author\" content=\"Reda\u00e7\u00e3o Sul SC\" \/>\n<meta name=\"twitter:card\" content=\"summary_large_image\" \/>\n<meta name=\"twitter:creator\" content=\"@https:\/\/twitter.com\/PortalSulSC\" \/>\n<meta name=\"twitter:label1\" content=\"Written by\" \/>\n\t<meta name=\"twitter:data1\" content=\"Reda\u00e7\u00e3o Sul SC\" \/>\n\t<meta name=\"twitter:label2\" content=\"Est. reading time\" \/>\n\t<meta name=\"twitter:data2\" content=\"2 minutes\" \/>\n<script type=\"application\/ld+json\" class=\"yoast-schema-graph\">{\"@context\":\"https:\/\/schema.org\",\"@graph\":[{\"@type\":\"WebPage\",\"@id\":\"https:\/\/sulsc.com\/index.php\/2025\/11\/26\/projeto-de-ciclovia-em-jaguaruna-avanca-concluido-o-trecho-centro-balneario-arroio-corrente\/\",\"url\":\"https:\/\/sulsc.com\/index.php\/2025\/11\/26\/projeto-de-ciclovia-em-jaguaruna-avanca-concluido-o-trecho-centro-balneario-arroio-corrente\/\",\"name\":\"Projeto de Ciclovia em Jaguaruna Avan\u00e7a: Conclu\u00eddo o trecho Centro-Balne\u00e1rio Arroio Corrente -\",\"isPartOf\":{\"@id\":\"https:\/\/sulsc.com\/#website\"},\"datePublished\":\"2025-11-26T12:25:56+00:00\",\"dateModified\":\"2025-11-26T12:25:56+00:00\",\"author\":{\"@id\":\"https:\/\/sulsc.com\/#\/schema\/person\/84d2fc571684f6248ba83092f07750a3\"},\"breadcrumb\":{\"@id\":\"https:\/\/sulsc.com\/index.php\/2025\/11\/26\/projeto-de-ciclovia-em-jaguaruna-avanca-concluido-o-trecho-centro-balneario-arroio-corrente\/#breadcrumb\"},\"inLanguage\":\"en-US\",\"potentialAction\":[{\"@type\":\"ReadAction\",\"target\":[\"https:\/\/sulsc.com\/index.php\/2025\/11\/26\/projeto-de-ciclovia-em-jaguaruna-avanca-concluido-o-trecho-centro-balneario-arroio-corrente\/\"]}]},{\"@type\":\"BreadcrumbList\",\"@id\":\"https:\/\/sulsc.com\/index.php\/2025\/11\/26\/projeto-de-ciclovia-em-jaguaruna-avanca-concluido-o-trecho-centro-balneario-arroio-corrente\/#breadcrumb\",\"itemListElement\":[{\"@type\":\"ListItem\",\"position\":1,\"name\":\"In\u00edcio\",\"item\":\"https:\/\/sulsc.com\/\"},{\"@type\":\"ListItem\",\"position\":2,\"name\":\"Projeto de Ciclovia em Jaguaruna Avan\u00e7a: Conclu\u00eddo o trecho Centro-Balne\u00e1rio Arroio Corrente\"}]},{\"@type\":\"WebSite\",\"@id\":\"https:\/\/sulsc.com\/#website\",\"url\":\"https:\/\/sulsc.com\/\",\"name\":\"\",\"description\":\"\",\"potentialAction\":[{\"@type\":\"SearchAction\",\"target\":{\"@type\":\"EntryPoint\",\"urlTemplate\":\"https:\/\/sulsc.com\/?s={search_term_string}\"},\"query-input\":\"required name=search_term_string\"}],\"inLanguage\":\"en-US\"},{\"@type\":\"Person\",\"@id\":\"https:\/\/sulsc.com\/#\/schema\/person\/84d2fc571684f6248ba83092f07750a3\",\"name\":\"Reda\u00e7\u00e3o Sul SC\",\"image\":{\"@type\":\"ImageObject\",\"inLanguage\":\"en-US\",\"@id\":\"https:\/\/sulsc.com\/#\/schema\/person\/image\/e08d7fe2cc4ed596372063bbe852b8d0\",\"url\":\"https:\/\/sulsc.com\/wp-content\/uploads\/2023\/09\/redacao.png\",\"contentUrl\":\"https:\/\/sulsc.com\/wp-content\/uploads\/2023\/09\/redacao.png\",\"caption\":\"Reda\u00e7\u00e3o Sul SC\"},\"description\":\"Foco em um jornalismo imparcial, voltado \u00e0 qualidade dos seus conte\u00fados e, assim, levar informa\u00e7\u00e3o de valor que agregue \u00e0 vida dos leitores. Esta \u00e9 grande miss\u00e3o do Portal de Not\u00edcias Sul SC. N\u00e3o \u00e9 quantidade que muda o mundo, sempre foi e seguir\u00e1 sendo qualidade!\",\"sameAs\":[\"https:\/\/sulsc.com\/\",\"https:\/\/www.facebook.com\/profile.php?id=61559278119680\",\"https:\/\/www.instagram.com\/sulscportal\/?hl=pt-br\",\"https:\/\/twitter.com\/https:\/\/twitter.com\/PortalSulSC\",\"https:\/\/www.youtube.com\/channel\/UCv_BE8GeySluDov2n8qhVmw\"],\"url\":\"https:\/\/sulsc.com\/index.php\/author\/redacao\/\"}]}<\/script>\n<!-- \/ Yoast SEO plugin. -->","yoast_head_json":{"title":"Projeto de Ciclovia em Jaguaruna Avan\u00e7a: Conclu\u00eddo o trecho Centro-Balne\u00e1rio Arroio Corrente -","robots":{"index":"index","follow":"follow","max-snippet":"max-snippet:-1","max-image-preview":"max-image-preview:large","max-video-preview":"max-video-preview:-1"},"canonical":"https:\/\/sulsc.com\/index.php\/2025\/11\/26\/projeto-de-ciclovia-em-jaguaruna-avanca-concluido-o-trecho-centro-balneario-arroio-corrente\/","og_locale":"en_US","og_type":"article","og_title":"Projeto de Ciclovia em Jaguaruna Avan\u00e7a: Conclu\u00eddo o trecho Centro-Balne\u00e1rio Arroio Corrente -","og_description":"O projeto final da ciclovia que ligar\u00e1 o Centro de Jaguaruna ao Balne\u00e1rio Arroio Corrente foi conclu\u00eddo e apresentado esta semana, um marco importante para a mobilidade e seguran\u00e7a da regi\u00e3o. A entrega do material foi realizada pela Secretaria de Estado da Infraestrutura e Mobilidade (SIE) e atende a uma demanda hist\u00f3rica da comunidade local. &hellip; Projeto de Ciclovia em Jaguaruna Avan\u00e7a: Conclu\u00eddo o trecho Centro-Balne\u00e1rio Arroio Corrente Read More &raquo;","og_url":"https:\/\/sulsc.com\/index.php\/2025\/11\/26\/projeto-de-ciclovia-em-jaguaruna-avanca-concluido-o-trecho-centro-balneario-arroio-corrente\/","article_author":"https:\/\/www.facebook.com\/profile.php?id=61559278119680","article_published_time":"2025-11-26T12:25:56+00:00","og_image":[{"width":854,"height":480,"url":"http:\/\/sulsc.com\/wp-content\/uploads\/2025\/11\/01-G.v1764149249.jpg","type":"image\/jpeg"}],"author":"Reda\u00e7\u00e3o Sul SC","twitter_card":"summary_large_image","twitter_creator":"@https:\/\/twitter.com\/PortalSulSC","twitter_misc":{"Written by":"Reda\u00e7\u00e3o Sul SC","Est. reading time":"2 minutes"},"schema":{"@context":"https:\/\/schema.org","@graph":[{"@type":"WebPage","@id":"https:\/\/sulsc.com\/index.php\/2025\/11\/26\/projeto-de-ciclovia-em-jaguaruna-avanca-concluido-o-trecho-centro-balneario-arroio-corrente\/","url":"https:\/\/sulsc.com\/index.php\/2025\/11\/26\/projeto-de-ciclovia-em-jaguaruna-avanca-concluido-o-trecho-centro-balneario-arroio-corrente\/","name":"Projeto de Ciclovia em Jaguaruna Avan\u00e7a: Conclu\u00eddo o trecho Centro-Balne\u00e1rio Arroio Corrente -","isPartOf":{"@id":"https:\/\/sulsc.com\/#website"},"datePublished":"2025-11-26T12:25:56+00:00","dateModified":"2025-11-26T12:25:56+00:00","author":{"@id":"https:\/\/sulsc.com\/#\/schema\/person\/84d2fc571684f6248ba83092f07750a3"},"breadcrumb":{"@id":"https:\/\/sulsc.com\/index.php\/2025\/11\/26\/projeto-de-ciclovia-em-jaguaruna-avanca-concluido-o-trecho-centro-balneario-arroio-corrente\/#breadcrumb"},"inLanguage":"en-US","potentialAction":[{"@type":"ReadAction","target":["https:\/\/sulsc.com\/index.php\/2025\/11\/26\/projeto-de-ciclovia-em-jaguaruna-avanca-concluido-o-trecho-centro-balneario-arroio-corrente\/"]}]},{"@type":"BreadcrumbList","@id":"https:\/\/sulsc.com\/index.php\/2025\/11\/26\/projeto-de-ciclovia-em-jaguaruna-avanca-concluido-o-trecho-centro-balneario-arroio-corrente\/#breadcrumb","itemListElement":[{"@type":"ListItem","position":1,"name":"In\u00edcio","item":"https:\/\/sulsc.com\/"},{"@type":"ListItem","position":2,"name":"Projeto de Ciclovia em Jaguaruna Avan\u00e7a: Conclu\u00eddo o trecho Centro-Balne\u00e1rio Arroio Corrente"}]},{"@type":"WebSite","@id":"https:\/\/sulsc.com\/#website","url":"https:\/\/sulsc.com\/","name":"","description":"","potentialAction":[{"@type":"SearchAction","target":{"@type":"EntryPoint","urlTemplate":"https:\/\/sulsc.com\/?s={search_term_string}"},"query-input":"required name=search_term_string"}],"inLanguage":"en-US"},{"@type":"Person","@id":"https:\/\/sulsc.com\/#\/schema\/person\/84d2fc571684f6248ba83092f07750a3","name":"Reda\u00e7\u00e3o Sul SC","image":{"@type":"ImageObject","inLanguage":"en-US","@id":"https:\/\/sulsc.com\/#\/schema\/person\/image\/e08d7fe2cc4ed596372063bbe852b8d0","url":"https:\/\/sulsc.com\/wp-content\/uploads\/2023\/09\/redacao.png","contentUrl":"https:\/\/sulsc.com\/wp-content\/uploads\/2023\/09\/redacao.png","caption":"Reda\u00e7\u00e3o Sul SC"},"description":"Foco em um jornalismo imparcial, voltado \u00e0 qualidade dos seus conte\u00fados e, assim, levar informa\u00e7\u00e3o de valor que agregue \u00e0 vida dos leitores. Esta \u00e9 grande miss\u00e3o do Portal de Not\u00edcias Sul SC. N\u00e3o \u00e9 quantidade que muda o mundo, sempre foi e seguir\u00e1 sendo qualidade!","sameAs":["https:\/\/sulsc.com\/","https:\/\/www.facebook.com\/profile.php?id=61559278119680","https:\/\/www.instagram.com\/sulscportal\/?hl=pt-br","https:\/\/twitter.com\/https:\/\/twitter.com\/PortalSulSC","https:\/\/www.youtube.com\/channel\/UCv_BE8GeySluDov2n8qhVmw"],"url":"https:\/\/sulsc.com\/index.php\/author\/redacao\/"}]}},"authors":[],"_links":{"self":[{"href":"https:\/\/sulsc.com\/index.php\/wp-json\/wp\/v2\/posts\/30124"}],"collection":[{"href":"https:\/\/sulsc.com\/index.php\/wp-json\/wp\/v2\/posts"}],"about":[{"href":"https:\/\/sulsc.com\/index.php\/wp-json\/wp\/v2\/types\/post"}],"author":[{"embeddable":true,"href":"https:\/\/sulsc.com\/index.php\/wp-json\/wp\/v2\/users\/3"}],"replies":[{"embeddable":true,"href":"https:\/\/sulsc.com\/index.php\/wp-json\/wp\/v2\/comments?post=30124"}],"version-history":[{"count":1,"href":"https:\/\/sulsc.com\/index.php\/wp-json\/wp\/v2\/posts\/30124\/revisions"}],"predecessor-version":[{"id":30126,"href":"https:\/\/sulsc.com\/index.php\/wp-json\/wp\/v2\/posts\/30124\/revisions\/30126"}],"wp:featuredmedia":[{"embeddable":true,"href":"https:\/\/sulsc.com\/index.php\/wp-json\/wp\/v2\/media\/30125"}],"wp:attachment":[{"href":"https:\/\/sulsc.com\/index.php\/wp-json\/wp\/v2\/media?parent=30124"}],"wp:term":[{"taxonomy":"category","embeddable":true,"href":"https:\/\/sulsc.com\/index.php\/wp-json\/wp\/v2\/categories?post=30124"},{"taxonomy":"post_tag","embeddable":true,"href":"https:\/\/sulsc.com\/index.php\/wp-json\/wp\/v2\/tags?post=30124"}],"curies":[{"name":"wp","href":"https:\/\/api.w.org\/{rel}","templated":true}]}}