{"id":30154,"date":"2025-11-27T07:52:52","date_gmt":"2025-11-27T10:52:52","guid":{"rendered":"https:\/\/sulsc.com\/?p=30154"},"modified":"2025-11-27T07:52:52","modified_gmt":"2025-11-27T10:52:52","slug":"ex-secretario-de-financas-e-condenado-a-mais-de-24-anos-de-prisao-por-desvio-milionario-e-lavagem-de-dinheiro","status":"publish","type":"post","link":"https:\/\/sulsc.com\/index.php\/2025\/11\/27\/ex-secretario-de-financas-e-condenado-a-mais-de-24-anos-de-prisao-por-desvio-milionario-e-lavagem-de-dinheiro\/","title":{"rendered":"Ex-Secret\u00e1rio de Finan\u00e7as \u00e9 condenado a mais de 24 anos de pris\u00e3o por desvio milion\u00e1rio e lavagem de dinheiro"},"content":{"rendered":"<p>H\u00e1 cerca de dois anos, a 2\u00aa Promotoria de Justi\u00e7a da Comarca de Rio Negrinho, com o apoio do Grupo de Atua\u00e7\u00e3o Especial de Combate \u00e0s Organiza\u00e7\u00f5es Criminosas (GAECO), realizou a <strong>Opera\u00e7\u00e3o Intraneus<\/strong>, que investigou crimes de peculato, falsidade ideol\u00f3gica e lavagem de dinheiro cometidos pelo ent\u00e3o Secret\u00e1rio Municipal de Finan\u00e7as de Rio Negrinho, Dimas Kocan.<\/p>\n<div id=\"metaslider-id-25573\" style=\"width: 100%;\" class=\"ml-slider-3-99-0 metaslider metaslider-flex metaslider-25573 ml-slider has-onhover-arrows ms-theme-default-base has-dots-nav\" role=\"region\" aria-label=\"Meio\" data-width=\"1200\">\n    <div id=\"metaslider_container_25573\">\n        <div id=\"metaslider_25573\">\n            <ul class='slides'>\n                <li style=\"display: block; width: 100%;\" class=\"slide-25684 ms-image \" aria-roledescription=\"slide\" data-date=\"2025-07-24 07:55:40\"><img src=\"https:\/\/sulsc.com\/wp-content\/uploads\/2025\/07\/Marr-2-1000x166.jpg\" height=\"200\" width=\"1200\" alt=\"\" class=\"slider-25573 slide-25684 msDefaultImage\" title=\"Marr 2\" \/><\/li>\n                <li style=\"display: none; width: 100%;\" class=\"slide-32412 ms-image \" aria-roledescription=\"slide\" data-date=\"2026-02-18 13:59:46\"><img src=\"https:\/\/sulsc.com\/wp-content\/uploads\/2026\/02\/40dc1580-cad5-4867-bc58-c4243821ad38-1000x166.jpeg\" height=\"200\" width=\"1200\" alt=\"\" class=\"slider-25573 slide-32412 msDefaultImage\" title=\"40dc1580-cad5-4867-bc58-c4243821ad38\" \/><\/li>\n                <li style=\"display: none; width: 100%;\" class=\"slide-32766 ms-image \" aria-roledescription=\"slide\" data-date=\"2026-03-03 17:22:59\"><img src=\"https:\/\/sulsc.com\/wp-content\/uploads\/2026\/03\/271ce739-f268-41c5-8051-3de1a1750359-1000x166.jpeg\" height=\"200\" width=\"1200\" alt=\"\" class=\"slider-25573 slide-32766 msDefaultImage\" title=\"271ce739-f268-41c5-8051-3de1a1750359\" \/><\/li>\n            <\/ul>\n        <\/div>\n        \n    <\/div>\n<\/div>\n<p>Agora, em 2025, as senten\u00e7as transitaram em julgado, confirmando as condena\u00e7\u00f5es do ex-servidor pelo desvio de mais de R$ 3,3 milh\u00f5es dos cofres p\u00fablicos municipais.\u00a0As penas, somadas, ultrapassam 24 anos de reclus\u00e3o, em regime inicial fechado (autos n. 5003423-63.2023.8.24.0055 e n. 5003012-20.2023.8.24.0055). O r\u00e9u est\u00e1 preso desde o dia da deflagra\u00e7\u00e3o da opera\u00e7\u00e3o, em outubro de 2023. Ele ainda teve decretada a perda do cargo p\u00fablico.<\/p>\n<p>Nas duas a\u00e7\u00f5es penais ajuizadas pelo MPSC, foi apontada a pr\u00e1tica de 30 crimes de peculato &#8211; que \u00e9 o desvio de dinheiro p\u00fablico, em que ele transferia o dinheiro de forma il\u00edcita da conta da Prefeitura para contas pessoais e para uma empresa criada para ocultar os recursos -, mais de 25 crimes de falsidade ideol\u00f3gica e ainda lavagem de dinheiro. As a\u00e7\u00f5es transitaram em julgado, de forma que n\u00e3o \u00e9 poss\u00edvel o manejo de novos recursos e os processos se encerraram.<\/p>\n<p><img fetchpriority=\"high\" decoding=\"async\" class=\"aligncenter size-full wp-image-3946\" src=\"http:\/\/sulsc.com\/wp-content\/uploads\/2023\/11\/MPSC.jpeg\" alt=\"\" width=\"1200\" height=\"675\" srcset=\"https:\/\/sulsc.com\/wp-content\/uploads\/2023\/11\/MPSC.jpeg 1200w, https:\/\/sulsc.com\/wp-content\/uploads\/2023\/11\/MPSC-300x169.jpeg 300w, https:\/\/sulsc.com\/wp-content\/uploads\/2023\/11\/MPSC-1024x576.jpeg 1024w, https:\/\/sulsc.com\/wp-content\/uploads\/2023\/11\/MPSC-768x432.jpeg 768w\" sizes=\"(max-width: 1200px) 100vw, 1200px\" \/><\/p>\n<p>MPSC\/Divulga\u00e7\u00e3o\/SulSC<\/p>\n<p>A Promotora de Justi\u00e7a Juliana Degraf Mendes destaca que &#8220;al\u00e9m da pris\u00e3o do r\u00e9u, a qual j\u00e1 perdura h\u00e1 mais de dois anos, por meio da atua\u00e7\u00e3o do MPSC tamb\u00e9m foram recuperados milh\u00f5es em bens apreendidos, dentre eles autom\u00f3veis, motocicletas, uma casa, maquin\u00e1rio industrial, m\u00f3veis e eletrodom\u00e9sticos de luxo e dinheiro em contas banc\u00e1rias. Parte dos bens j\u00e1 foi a leil\u00e3o para o ressarcimento dos cofres p\u00fablicos de Rio Negrinho, e os demais devem ser leiloados em 2026&#8221;.<\/p>\n<p>Imagem Capa\/Freepik<\/p>\n","protected":false},"excerpt":{"rendered":"<p>H\u00e1 cerca de dois anos, a 2\u00aa Promotoria de Justi\u00e7a da Comarca de Rio Negrinho, com o apoio do Grupo de Atua\u00e7\u00e3o Especial de Combate \u00e0s Organiza\u00e7\u00f5es Criminosas (GAECO), realizou a Opera\u00e7\u00e3o Intraneus, que investigou crimes de peculato, falsidade ideol\u00f3gica e lavagem de dinheiro cometidos pelo ent\u00e3o Secret\u00e1rio Municipal de Finan\u00e7as de Rio Negrinho, Dimas &hellip;<\/p>\n<p class=\"read-more\"> <a class=\"\" href=\"https:\/\/sulsc.com\/index.php\/2025\/11\/27\/ex-secretario-de-financas-e-condenado-a-mais-de-24-anos-de-prisao-por-desvio-milionario-e-lavagem-de-dinheiro\/\"> <span class=\"screen-reader-text\">Ex-Secret\u00e1rio de Finan\u00e7as \u00e9 condenado a mais de 24 anos de pris\u00e3o por desvio milion\u00e1rio e lavagem de dinheiro<\/span> Read More &raquo;<\/a><\/p>\n","protected":false},"author":3,"featured_media":30155,"comment_status":"open","ping_status":"open","sticky":false,"template":"","format":"standard","meta":{"site-sidebar-layout":"default","site-content-layout":"","ast-site-content-layout":"default","site-content-style":"default","site-sidebar-style":"default","ast-global-header-display":"","ast-banner-title-visibility":"","ast-main-header-display":"","ast-hfb-above-header-display":"","ast-hfb-below-header-display":"","ast-hfb-mobile-header-display":"","site-post-title":"","ast-breadcrumbs-content":"","ast-featured-img":"","footer-sml-layout":"","theme-transparent-header-meta":"default","adv-header-id-meta":"","stick-header-meta":"","header-above-stick-meta":"","header-main-stick-meta":"","header-below-stick-meta":"","astra-migrate-meta-layouts":"set","footnotes":""},"categories":[2354,2231,2658,1,2313,14,8,12],"tags":[749,100],"yoast_head":"<!-- This site is optimized with the Yoast SEO plugin v21.4 - https:\/\/yoast.com\/wordpress\/plugins\/seo\/ -->\n<title>Ex-Secret\u00e1rio de Finan\u00e7as \u00e9 condenado a mais de 24 anos de pris\u00e3o por desvio milion\u00e1rio e lavagem de dinheiro -<\/title>\n<meta name=\"robots\" content=\"index, follow, max-snippet:-1, max-image-preview:large, max-video-preview:-1\" \/>\n<link rel=\"canonical\" href=\"https:\/\/sulsc.com\/index.php\/2025\/11\/27\/ex-secretario-de-financas-e-condenado-a-mais-de-24-anos-de-prisao-por-desvio-milionario-e-lavagem-de-dinheiro\/\" \/>\n<meta property=\"og:locale\" content=\"en_US\" \/>\n<meta property=\"og:type\" content=\"article\" \/>\n<meta property=\"og:title\" content=\"Ex-Secret\u00e1rio de Finan\u00e7as \u00e9 condenado a mais de 24 anos de pris\u00e3o por desvio milion\u00e1rio e lavagem de dinheiro -\" \/>\n<meta property=\"og:description\" content=\"H\u00e1 cerca de dois anos, a 2\u00aa Promotoria de Justi\u00e7a da Comarca de Rio Negrinho, com o apoio do Grupo de Atua\u00e7\u00e3o Especial de Combate \u00e0s Organiza\u00e7\u00f5es Criminosas (GAECO), realizou a Opera\u00e7\u00e3o Intraneus, que investigou crimes de peculato, falsidade ideol\u00f3gica e lavagem de dinheiro cometidos pelo ent\u00e3o Secret\u00e1rio Municipal de Finan\u00e7as de Rio Negrinho, Dimas &hellip; Ex-Secret\u00e1rio de Finan\u00e7as \u00e9 condenado a mais de 24 anos de pris\u00e3o por desvio milion\u00e1rio e lavagem de dinheiro Read More &raquo;\" \/>\n<meta property=\"og:url\" content=\"https:\/\/sulsc.com\/index.php\/2025\/11\/27\/ex-secretario-de-financas-e-condenado-a-mais-de-24-anos-de-prisao-por-desvio-milionario-e-lavagem-de-dinheiro\/\" \/>\n<meta property=\"article:author\" content=\"https:\/\/www.facebook.com\/profile.php?id=61559278119680\" \/>\n<meta property=\"article:published_time\" content=\"2025-11-27T10:52:52+00:00\" \/>\n<meta property=\"og:image\" content=\"http:\/\/sulsc.com\/wp-content\/uploads\/2025\/11\/tiro-de-foco-seletivo-de-maos-masculinas-algemadas-em-uma-mesa-de-madeira-scaled.jpg\" \/>\n\t<meta property=\"og:image:width\" content=\"2560\" \/>\n\t<meta property=\"og:image:height\" content=\"1707\" \/>\n\t<meta property=\"og:image:type\" content=\"image\/jpeg\" \/>\n<meta name=\"author\" content=\"Reda\u00e7\u00e3o Sul SC\" \/>\n<meta name=\"twitter:card\" content=\"summary_large_image\" \/>\n<meta name=\"twitter:creator\" content=\"@https:\/\/twitter.com\/PortalSulSC\" \/>\n<meta name=\"twitter:label1\" content=\"Written by\" \/>\n\t<meta name=\"twitter:data1\" content=\"Reda\u00e7\u00e3o Sul SC\" \/>\n\t<meta name=\"twitter:label2\" content=\"Est. reading time\" \/>\n\t<meta name=\"twitter:data2\" content=\"2 minutes\" \/>\n<script type=\"application\/ld+json\" class=\"yoast-schema-graph\">{\"@context\":\"https:\/\/schema.org\",\"@graph\":[{\"@type\":\"WebPage\",\"@id\":\"https:\/\/sulsc.com\/index.php\/2025\/11\/27\/ex-secretario-de-financas-e-condenado-a-mais-de-24-anos-de-prisao-por-desvio-milionario-e-lavagem-de-dinheiro\/\",\"url\":\"https:\/\/sulsc.com\/index.php\/2025\/11\/27\/ex-secretario-de-financas-e-condenado-a-mais-de-24-anos-de-prisao-por-desvio-milionario-e-lavagem-de-dinheiro\/\",\"name\":\"Ex-Secret\u00e1rio de Finan\u00e7as \u00e9 condenado a mais de 24 anos de pris\u00e3o por desvio milion\u00e1rio e lavagem de dinheiro -\",\"isPartOf\":{\"@id\":\"https:\/\/sulsc.com\/#website\"},\"datePublished\":\"2025-11-27T10:52:52+00:00\",\"dateModified\":\"2025-11-27T10:52:52+00:00\",\"author\":{\"@id\":\"https:\/\/sulsc.com\/#\/schema\/person\/84d2fc571684f6248ba83092f07750a3\"},\"breadcrumb\":{\"@id\":\"https:\/\/sulsc.com\/index.php\/2025\/11\/27\/ex-secretario-de-financas-e-condenado-a-mais-de-24-anos-de-prisao-por-desvio-milionario-e-lavagem-de-dinheiro\/#breadcrumb\"},\"inLanguage\":\"en-US\",\"potentialAction\":[{\"@type\":\"ReadAction\",\"target\":[\"https:\/\/sulsc.com\/index.php\/2025\/11\/27\/ex-secretario-de-financas-e-condenado-a-mais-de-24-anos-de-prisao-por-desvio-milionario-e-lavagem-de-dinheiro\/\"]}]},{\"@type\":\"BreadcrumbList\",\"@id\":\"https:\/\/sulsc.com\/index.php\/2025\/11\/27\/ex-secretario-de-financas-e-condenado-a-mais-de-24-anos-de-prisao-por-desvio-milionario-e-lavagem-de-dinheiro\/#breadcrumb\",\"itemListElement\":[{\"@type\":\"ListItem\",\"position\":1,\"name\":\"In\u00edcio\",\"item\":\"https:\/\/sulsc.com\/\"},{\"@type\":\"ListItem\",\"position\":2,\"name\":\"Ex-Secret\u00e1rio de Finan\u00e7as \u00e9 condenado a mais de 24 anos de pris\u00e3o por desvio milion\u00e1rio e lavagem de dinheiro\"}]},{\"@type\":\"WebSite\",\"@id\":\"https:\/\/sulsc.com\/#website\",\"url\":\"https:\/\/sulsc.com\/\",\"name\":\"\",\"description\":\"\",\"potentialAction\":[{\"@type\":\"SearchAction\",\"target\":{\"@type\":\"EntryPoint\",\"urlTemplate\":\"https:\/\/sulsc.com\/?s={search_term_string}\"},\"query-input\":\"required name=search_term_string\"}],\"inLanguage\":\"en-US\"},{\"@type\":\"Person\",\"@id\":\"https:\/\/sulsc.com\/#\/schema\/person\/84d2fc571684f6248ba83092f07750a3\",\"name\":\"Reda\u00e7\u00e3o Sul SC\",\"image\":{\"@type\":\"ImageObject\",\"inLanguage\":\"en-US\",\"@id\":\"https:\/\/sulsc.com\/#\/schema\/person\/image\/e08d7fe2cc4ed596372063bbe852b8d0\",\"url\":\"https:\/\/sulsc.com\/wp-content\/uploads\/2023\/09\/redacao.png\",\"contentUrl\":\"https:\/\/sulsc.com\/wp-content\/uploads\/2023\/09\/redacao.png\",\"caption\":\"Reda\u00e7\u00e3o Sul SC\"},\"description\":\"Foco em um jornalismo imparcial, voltado \u00e0 qualidade dos seus conte\u00fados e, assim, levar informa\u00e7\u00e3o de valor que agregue \u00e0 vida dos leitores. Esta \u00e9 grande miss\u00e3o do Portal de Not\u00edcias Sul SC. N\u00e3o \u00e9 quantidade que muda o mundo, sempre foi e seguir\u00e1 sendo qualidade!\",\"sameAs\":[\"https:\/\/sulsc.com\/\",\"https:\/\/www.facebook.com\/profile.php?id=61559278119680\",\"https:\/\/www.instagram.com\/sulscportal\/?hl=pt-br\",\"https:\/\/twitter.com\/https:\/\/twitter.com\/PortalSulSC\",\"https:\/\/www.youtube.com\/channel\/UCv_BE8GeySluDov2n8qhVmw\"],\"url\":\"https:\/\/sulsc.com\/index.php\/author\/redacao\/\"}]}<\/script>\n<!-- \/ Yoast SEO plugin. -->","yoast_head_json":{"title":"Ex-Secret\u00e1rio de Finan\u00e7as \u00e9 condenado a mais de 24 anos de pris\u00e3o por desvio milion\u00e1rio e lavagem de dinheiro -","robots":{"index":"index","follow":"follow","max-snippet":"max-snippet:-1","max-image-preview":"max-image-preview:large","max-video-preview":"max-video-preview:-1"},"canonical":"https:\/\/sulsc.com\/index.php\/2025\/11\/27\/ex-secretario-de-financas-e-condenado-a-mais-de-24-anos-de-prisao-por-desvio-milionario-e-lavagem-de-dinheiro\/","og_locale":"en_US","og_type":"article","og_title":"Ex-Secret\u00e1rio de Finan\u00e7as \u00e9 condenado a mais de 24 anos de pris\u00e3o por desvio milion\u00e1rio e lavagem de dinheiro -","og_description":"H\u00e1 cerca de dois anos, a 2\u00aa Promotoria de Justi\u00e7a da Comarca de Rio Negrinho, com o apoio do Grupo de Atua\u00e7\u00e3o Especial de Combate \u00e0s Organiza\u00e7\u00f5es Criminosas (GAECO), realizou a Opera\u00e7\u00e3o Intraneus, que investigou crimes de peculato, falsidade ideol\u00f3gica e lavagem de dinheiro cometidos pelo ent\u00e3o Secret\u00e1rio Municipal de Finan\u00e7as de Rio Negrinho, Dimas &hellip; Ex-Secret\u00e1rio de Finan\u00e7as \u00e9 condenado a mais de 24 anos de pris\u00e3o por desvio milion\u00e1rio e lavagem de dinheiro Read More &raquo;","og_url":"https:\/\/sulsc.com\/index.php\/2025\/11\/27\/ex-secretario-de-financas-e-condenado-a-mais-de-24-anos-de-prisao-por-desvio-milionario-e-lavagem-de-dinheiro\/","article_author":"https:\/\/www.facebook.com\/profile.php?id=61559278119680","article_published_time":"2025-11-27T10:52:52+00:00","og_image":[{"width":2560,"height":1707,"url":"http:\/\/sulsc.com\/wp-content\/uploads\/2025\/11\/tiro-de-foco-seletivo-de-maos-masculinas-algemadas-em-uma-mesa-de-madeira-scaled.jpg","type":"image\/jpeg"}],"author":"Reda\u00e7\u00e3o Sul SC","twitter_card":"summary_large_image","twitter_creator":"@https:\/\/twitter.com\/PortalSulSC","twitter_misc":{"Written by":"Reda\u00e7\u00e3o Sul SC","Est. reading time":"2 minutes"},"schema":{"@context":"https:\/\/schema.org","@graph":[{"@type":"WebPage","@id":"https:\/\/sulsc.com\/index.php\/2025\/11\/27\/ex-secretario-de-financas-e-condenado-a-mais-de-24-anos-de-prisao-por-desvio-milionario-e-lavagem-de-dinheiro\/","url":"https:\/\/sulsc.com\/index.php\/2025\/11\/27\/ex-secretario-de-financas-e-condenado-a-mais-de-24-anos-de-prisao-por-desvio-milionario-e-lavagem-de-dinheiro\/","name":"Ex-Secret\u00e1rio de Finan\u00e7as \u00e9 condenado a mais de 24 anos de pris\u00e3o por desvio milion\u00e1rio e lavagem de dinheiro -","isPartOf":{"@id":"https:\/\/sulsc.com\/#website"},"datePublished":"2025-11-27T10:52:52+00:00","dateModified":"2025-11-27T10:52:52+00:00","author":{"@id":"https:\/\/sulsc.com\/#\/schema\/person\/84d2fc571684f6248ba83092f07750a3"},"breadcrumb":{"@id":"https:\/\/sulsc.com\/index.php\/2025\/11\/27\/ex-secretario-de-financas-e-condenado-a-mais-de-24-anos-de-prisao-por-desvio-milionario-e-lavagem-de-dinheiro\/#breadcrumb"},"inLanguage":"en-US","potentialAction":[{"@type":"ReadAction","target":["https:\/\/sulsc.com\/index.php\/2025\/11\/27\/ex-secretario-de-financas-e-condenado-a-mais-de-24-anos-de-prisao-por-desvio-milionario-e-lavagem-de-dinheiro\/"]}]},{"@type":"BreadcrumbList","@id":"https:\/\/sulsc.com\/index.php\/2025\/11\/27\/ex-secretario-de-financas-e-condenado-a-mais-de-24-anos-de-prisao-por-desvio-milionario-e-lavagem-de-dinheiro\/#breadcrumb","itemListElement":[{"@type":"ListItem","position":1,"name":"In\u00edcio","item":"https:\/\/sulsc.com\/"},{"@type":"ListItem","position":2,"name":"Ex-Secret\u00e1rio de Finan\u00e7as \u00e9 condenado a mais de 24 anos de pris\u00e3o por desvio milion\u00e1rio e lavagem de dinheiro"}]},{"@type":"WebSite","@id":"https:\/\/sulsc.com\/#website","url":"https:\/\/sulsc.com\/","name":"","description":"","potentialAction":[{"@type":"SearchAction","target":{"@type":"EntryPoint","urlTemplate":"https:\/\/sulsc.com\/?s={search_term_string}"},"query-input":"required name=search_term_string"}],"inLanguage":"en-US"},{"@type":"Person","@id":"https:\/\/sulsc.com\/#\/schema\/person\/84d2fc571684f6248ba83092f07750a3","name":"Reda\u00e7\u00e3o Sul SC","image":{"@type":"ImageObject","inLanguage":"en-US","@id":"https:\/\/sulsc.com\/#\/schema\/person\/image\/e08d7fe2cc4ed596372063bbe852b8d0","url":"https:\/\/sulsc.com\/wp-content\/uploads\/2023\/09\/redacao.png","contentUrl":"https:\/\/sulsc.com\/wp-content\/uploads\/2023\/09\/redacao.png","caption":"Reda\u00e7\u00e3o Sul SC"},"description":"Foco em um jornalismo imparcial, voltado \u00e0 qualidade dos seus conte\u00fados e, assim, levar informa\u00e7\u00e3o de valor que agregue \u00e0 vida dos leitores. Esta \u00e9 grande miss\u00e3o do Portal de Not\u00edcias Sul SC. N\u00e3o \u00e9 quantidade que muda o mundo, sempre foi e seguir\u00e1 sendo qualidade!","sameAs":["https:\/\/sulsc.com\/","https:\/\/www.facebook.com\/profile.php?id=61559278119680","https:\/\/www.instagram.com\/sulscportal\/?hl=pt-br","https:\/\/twitter.com\/https:\/\/twitter.com\/PortalSulSC","https:\/\/www.youtube.com\/channel\/UCv_BE8GeySluDov2n8qhVmw"],"url":"https:\/\/sulsc.com\/index.php\/author\/redacao\/"}]}},"authors":[],"_links":{"self":[{"href":"https:\/\/sulsc.com\/index.php\/wp-json\/wp\/v2\/posts\/30154"}],"collection":[{"href":"https:\/\/sulsc.com\/index.php\/wp-json\/wp\/v2\/posts"}],"about":[{"href":"https:\/\/sulsc.com\/index.php\/wp-json\/wp\/v2\/types\/post"}],"author":[{"embeddable":true,"href":"https:\/\/sulsc.com\/index.php\/wp-json\/wp\/v2\/users\/3"}],"replies":[{"embeddable":true,"href":"https:\/\/sulsc.com\/index.php\/wp-json\/wp\/v2\/comments?post=30154"}],"version-history":[{"count":1,"href":"https:\/\/sulsc.com\/index.php\/wp-json\/wp\/v2\/posts\/30154\/revisions"}],"predecessor-version":[{"id":30156,"href":"https:\/\/sulsc.com\/index.php\/wp-json\/wp\/v2\/posts\/30154\/revisions\/30156"}],"wp:featuredmedia":[{"embeddable":true,"href":"https:\/\/sulsc.com\/index.php\/wp-json\/wp\/v2\/media\/30155"}],"wp:attachment":[{"href":"https:\/\/sulsc.com\/index.php\/wp-json\/wp\/v2\/media?parent=30154"}],"wp:term":[{"taxonomy":"category","embeddable":true,"href":"https:\/\/sulsc.com\/index.php\/wp-json\/wp\/v2\/categories?post=30154"},{"taxonomy":"post_tag","embeddable":true,"href":"https:\/\/sulsc.com\/index.php\/wp-json\/wp\/v2\/tags?post=30154"}],"curies":[{"name":"wp","href":"https:\/\/api.w.org\/{rel}","templated":true}]}}