{"id":30190,"date":"2025-11-28T07:28:48","date_gmt":"2025-11-28T10:28:48","guid":{"rendered":"https:\/\/sulsc.com\/?p=30190"},"modified":"2025-11-28T07:28:48","modified_gmt":"2025-11-28T10:28:48","slug":"van-de-tubarao-colide-com-caminhao-em-morro-da-fumaca-e-operacao-de-resgate-mobiliza-varias-equipes","status":"publish","type":"post","link":"https:\/\/sulsc.com\/index.php\/2025\/11\/28\/van-de-tubarao-colide-com-caminhao-em-morro-da-fumaca-e-operacao-de-resgate-mobiliza-varias-equipes\/","title":{"rendered":"Van de Tubar\u00e3o colide com caminh\u00e3o em Morro da Fuma\u00e7a e opera\u00e7\u00e3o de resgate mobiliza v\u00e1rias equipes"},"content":{"rendered":"<p>Na tarde desta quinta-feira (27), um grave acidente na SC-443, no bairro Naspolini, em Morro da Fuma\u00e7a, deixou seis pessoas feridas ap\u00f3s uma colis\u00e3o frontal entre uma van, com placas de Tubar\u00e3o, e um caminh\u00e3o de Crici\u00fama. O incidente ocorreu por volta das 17h20 e exigiu uma ampla opera\u00e7\u00e3o de resgate, com duas v\u00edtimas presas \u00e0s ferragens.<\/p>\n<div id=\"metaslider-id-25573\" style=\"width: 100%;\" class=\"ml-slider-3-99-0 metaslider metaslider-flex metaslider-25573 ml-slider has-onhover-arrows ms-theme-default-base has-dots-nav\" role=\"region\" aria-label=\"Meio\" data-width=\"1200\">\n    <div id=\"metaslider_container_25573\">\n        <div id=\"metaslider_25573\">\n            <ul class='slides'>\n                <li style=\"display: block; width: 100%;\" class=\"slide-25684 ms-image \" aria-roledescription=\"slide\" data-date=\"2025-07-24 07:55:40\"><img src=\"https:\/\/sulsc.com\/wp-content\/uploads\/2025\/07\/Marr-2-1000x166.jpg\" height=\"200\" width=\"1200\" alt=\"\" class=\"slider-25573 slide-25684 msDefaultImage\" title=\"Marr 2\" \/><\/li>\n                <li style=\"display: none; width: 100%;\" class=\"slide-32412 ms-image \" aria-roledescription=\"slide\" data-date=\"2026-02-18 13:59:46\"><img src=\"https:\/\/sulsc.com\/wp-content\/uploads\/2026\/02\/40dc1580-cad5-4867-bc58-c4243821ad38-1000x166.jpeg\" height=\"200\" width=\"1200\" alt=\"\" class=\"slider-25573 slide-32412 msDefaultImage\" title=\"40dc1580-cad5-4867-bc58-c4243821ad38\" \/><\/li>\n                <li style=\"display: none; width: 100%;\" class=\"slide-32766 ms-image \" aria-roledescription=\"slide\" data-date=\"2026-03-03 17:22:59\"><img src=\"https:\/\/sulsc.com\/wp-content\/uploads\/2026\/03\/271ce739-f268-41c5-8051-3de1a1750359-1000x166.jpeg\" height=\"200\" width=\"1200\" alt=\"\" class=\"slider-25573 slide-32766 msDefaultImage\" title=\"271ce739-f268-41c5-8051-3de1a1750359\" \/><\/li>\n            <\/ul>\n        <\/div>\n        \n    <\/div>\n<\/div>\n<p>De acordo com o Corpo de Bombeiros, quatro homens foram socorridos por equipes do Corpo de Bombeiros Militar, Bombeiros Volunt\u00e1rios de Jaguaruna, Samu e a equipe aerom\u00e9dica do Saer. O homem de 55 anos foi retirado da van com dores p\u00e9lvicas e encaminhado ao Hospital S\u00e3o Roque. O jovem de 28 anos, que estava fora do ve\u00edculo, apresentava suspeita de fratura na perna e contus\u00e3o no bra\u00e7o.<\/p>\n<p><img fetchpriority=\"high\" decoding=\"async\" class=\"aligncenter size-full wp-image-30191\" src=\"http:\/\/sulsc.com\/wp-content\/uploads\/2025\/11\/83231d65-b2a6-4370-b616-f974d2efff38.jpeg\" alt=\"\" width=\"1080\" height=\"471\" srcset=\"https:\/\/sulsc.com\/wp-content\/uploads\/2025\/11\/83231d65-b2a6-4370-b616-f974d2efff38.jpeg 1080w, https:\/\/sulsc.com\/wp-content\/uploads\/2025\/11\/83231d65-b2a6-4370-b616-f974d2efff38-300x131.jpeg 300w, https:\/\/sulsc.com\/wp-content\/uploads\/2025\/11\/83231d65-b2a6-4370-b616-f974d2efff38-1024x447.jpeg 1024w, https:\/\/sulsc.com\/wp-content\/uploads\/2025\/11\/83231d65-b2a6-4370-b616-f974d2efff38-768x335.jpeg 768w\" sizes=\"(max-width: 1080px) 100vw, 1080px\" \/><\/p>\n<p>Fotos: BV Ponciano\/Divulga\u00e7\u00e3o\/SulSC<\/p>\n<p>O passageiro de 39 anos, que estava encarcerado, teve suspeita de fraturas na clav\u00edcula e no membro inferior esquerdo, sendo transportado pela equipe do Saer. O motorista da van, de 50 anos, tamb\u00e9m ficou preso \u00e0s ferragens e sofreu uma fratura aberta na perna direita, sendo resgatado com o uso de ferramentas hidr\u00e1ulicas e transportado pelo helic\u00f3ptero.<\/p>\n<p>Al\u00e9m dessas v\u00edtimas, outras duas foram atendidas e levadas ao hospital pelo Samu. A rodovia ficou bloqueada em ambos os sentidos durante o atendimento, e a causa do acidente ainda n\u00e3o foi informada.<\/p>\n","protected":false},"excerpt":{"rendered":"<p>Na tarde desta quinta-feira (27), um grave acidente na SC-443, no bairro Naspolini, em Morro da Fuma\u00e7a, deixou seis pessoas feridas ap\u00f3s uma colis\u00e3o frontal entre uma van, com placas de Tubar\u00e3o, e um caminh\u00e3o de Crici\u00fama. O incidente ocorreu por volta das 17h20 e exigiu uma ampla opera\u00e7\u00e3o de resgate, com duas v\u00edtimas presas &hellip;<\/p>\n<p class=\"read-more\"> <a class=\"\" href=\"https:\/\/sulsc.com\/index.php\/2025\/11\/28\/van-de-tubarao-colide-com-caminhao-em-morro-da-fumaca-e-operacao-de-resgate-mobiliza-varias-equipes\/\"> <span class=\"screen-reader-text\">Van de Tubar\u00e3o colide com caminh\u00e3o em Morro da Fuma\u00e7a e opera\u00e7\u00e3o de resgate mobiliza v\u00e1rias equipes<\/span> Read More &raquo;<\/a><\/p>\n","protected":false},"author":3,"featured_media":30192,"comment_status":"open","ping_status":"open","sticky":false,"template":"","format":"standard","meta":{"site-sidebar-layout":"default","site-content-layout":"","ast-site-content-layout":"default","site-content-style":"default","site-sidebar-style":"default","ast-global-header-display":"","ast-banner-title-visibility":"","ast-main-header-display":"","ast-hfb-above-header-display":"","ast-hfb-below-header-display":"","ast-hfb-mobile-header-display":"","site-post-title":"","ast-breadcrumbs-content":"","ast-featured-img":"","footer-sml-layout":"","theme-transparent-header-meta":"default","adv-header-id-meta":"","stick-header-meta":"","header-above-stick-meta":"","header-main-stick-meta":"","header-below-stick-meta":"","astra-migrate-meta-layouts":"set","footnotes":""},"categories":[2231,1,8,12],"tags":[929],"yoast_head":"<!-- This site is optimized with the Yoast SEO plugin v21.4 - https:\/\/yoast.com\/wordpress\/plugins\/seo\/ -->\n<title>Van de Tubar\u00e3o colide com caminh\u00e3o em Morro da Fuma\u00e7a e opera\u00e7\u00e3o de resgate mobiliza v\u00e1rias equipes -<\/title>\n<meta name=\"robots\" content=\"index, follow, max-snippet:-1, max-image-preview:large, max-video-preview:-1\" \/>\n<link rel=\"canonical\" href=\"https:\/\/sulsc.com\/index.php\/2025\/11\/28\/van-de-tubarao-colide-com-caminhao-em-morro-da-fumaca-e-operacao-de-resgate-mobiliza-varias-equipes\/\" \/>\n<meta property=\"og:locale\" content=\"en_US\" \/>\n<meta property=\"og:type\" content=\"article\" \/>\n<meta property=\"og:title\" content=\"Van de Tubar\u00e3o colide com caminh\u00e3o em Morro da Fuma\u00e7a e opera\u00e7\u00e3o de resgate mobiliza v\u00e1rias equipes -\" \/>\n<meta property=\"og:description\" content=\"Na tarde desta quinta-feira (27), um grave acidente na SC-443, no bairro Naspolini, em Morro da Fuma\u00e7a, deixou seis pessoas feridas ap\u00f3s uma colis\u00e3o frontal entre uma van, com placas de Tubar\u00e3o, e um caminh\u00e3o de Crici\u00fama. O incidente ocorreu por volta das 17h20 e exigiu uma ampla opera\u00e7\u00e3o de resgate, com duas v\u00edtimas presas &hellip; Van de Tubar\u00e3o colide com caminh\u00e3o em Morro da Fuma\u00e7a e opera\u00e7\u00e3o de resgate mobiliza v\u00e1rias equipes Read More &raquo;\" \/>\n<meta property=\"og:url\" content=\"https:\/\/sulsc.com\/index.php\/2025\/11\/28\/van-de-tubarao-colide-com-caminhao-em-morro-da-fumaca-e-operacao-de-resgate-mobiliza-varias-equipes\/\" \/>\n<meta property=\"article:author\" content=\"https:\/\/www.facebook.com\/profile.php?id=61559278119680\" \/>\n<meta property=\"article:published_time\" content=\"2025-11-28T10:28:48+00:00\" \/>\n<meta property=\"og:image\" content=\"http:\/\/sulsc.com\/wp-content\/uploads\/2025\/11\/efdf60c3-4b41-4876-a0b1-2192f4e677e0.jpeg\" \/>\n\t<meta property=\"og:image:width\" content=\"1080\" \/>\n\t<meta property=\"og:image:height\" content=\"483\" \/>\n\t<meta property=\"og:image:type\" content=\"image\/jpeg\" \/>\n<meta name=\"author\" content=\"Reda\u00e7\u00e3o Sul SC\" \/>\n<meta name=\"twitter:card\" content=\"summary_large_image\" \/>\n<meta name=\"twitter:creator\" content=\"@https:\/\/twitter.com\/PortalSulSC\" \/>\n<meta name=\"twitter:label1\" content=\"Written by\" \/>\n\t<meta name=\"twitter:data1\" content=\"Reda\u00e7\u00e3o Sul SC\" \/>\n\t<meta name=\"twitter:label2\" content=\"Est. reading time\" \/>\n\t<meta name=\"twitter:data2\" content=\"2 minutes\" \/>\n<script type=\"application\/ld+json\" class=\"yoast-schema-graph\">{\"@context\":\"https:\/\/schema.org\",\"@graph\":[{\"@type\":\"WebPage\",\"@id\":\"https:\/\/sulsc.com\/index.php\/2025\/11\/28\/van-de-tubarao-colide-com-caminhao-em-morro-da-fumaca-e-operacao-de-resgate-mobiliza-varias-equipes\/\",\"url\":\"https:\/\/sulsc.com\/index.php\/2025\/11\/28\/van-de-tubarao-colide-com-caminhao-em-morro-da-fumaca-e-operacao-de-resgate-mobiliza-varias-equipes\/\",\"name\":\"Van de Tubar\u00e3o colide com caminh\u00e3o em Morro da Fuma\u00e7a e opera\u00e7\u00e3o de resgate mobiliza v\u00e1rias equipes -\",\"isPartOf\":{\"@id\":\"https:\/\/sulsc.com\/#website\"},\"datePublished\":\"2025-11-28T10:28:48+00:00\",\"dateModified\":\"2025-11-28T10:28:48+00:00\",\"author\":{\"@id\":\"https:\/\/sulsc.com\/#\/schema\/person\/84d2fc571684f6248ba83092f07750a3\"},\"breadcrumb\":{\"@id\":\"https:\/\/sulsc.com\/index.php\/2025\/11\/28\/van-de-tubarao-colide-com-caminhao-em-morro-da-fumaca-e-operacao-de-resgate-mobiliza-varias-equipes\/#breadcrumb\"},\"inLanguage\":\"en-US\",\"potentialAction\":[{\"@type\":\"ReadAction\",\"target\":[\"https:\/\/sulsc.com\/index.php\/2025\/11\/28\/van-de-tubarao-colide-com-caminhao-em-morro-da-fumaca-e-operacao-de-resgate-mobiliza-varias-equipes\/\"]}]},{\"@type\":\"BreadcrumbList\",\"@id\":\"https:\/\/sulsc.com\/index.php\/2025\/11\/28\/van-de-tubarao-colide-com-caminhao-em-morro-da-fumaca-e-operacao-de-resgate-mobiliza-varias-equipes\/#breadcrumb\",\"itemListElement\":[{\"@type\":\"ListItem\",\"position\":1,\"name\":\"In\u00edcio\",\"item\":\"https:\/\/sulsc.com\/\"},{\"@type\":\"ListItem\",\"position\":2,\"name\":\"Van de Tubar\u00e3o colide com caminh\u00e3o em Morro da Fuma\u00e7a e opera\u00e7\u00e3o de resgate mobiliza v\u00e1rias equipes\"}]},{\"@type\":\"WebSite\",\"@id\":\"https:\/\/sulsc.com\/#website\",\"url\":\"https:\/\/sulsc.com\/\",\"name\":\"\",\"description\":\"\",\"potentialAction\":[{\"@type\":\"SearchAction\",\"target\":{\"@type\":\"EntryPoint\",\"urlTemplate\":\"https:\/\/sulsc.com\/?s={search_term_string}\"},\"query-input\":\"required name=search_term_string\"}],\"inLanguage\":\"en-US\"},{\"@type\":\"Person\",\"@id\":\"https:\/\/sulsc.com\/#\/schema\/person\/84d2fc571684f6248ba83092f07750a3\",\"name\":\"Reda\u00e7\u00e3o Sul SC\",\"image\":{\"@type\":\"ImageObject\",\"inLanguage\":\"en-US\",\"@id\":\"https:\/\/sulsc.com\/#\/schema\/person\/image\/e08d7fe2cc4ed596372063bbe852b8d0\",\"url\":\"https:\/\/sulsc.com\/wp-content\/uploads\/2023\/09\/redacao.png\",\"contentUrl\":\"https:\/\/sulsc.com\/wp-content\/uploads\/2023\/09\/redacao.png\",\"caption\":\"Reda\u00e7\u00e3o Sul SC\"},\"description\":\"Foco em um jornalismo imparcial, voltado \u00e0 qualidade dos seus conte\u00fados e, assim, levar informa\u00e7\u00e3o de valor que agregue \u00e0 vida dos leitores. Esta \u00e9 grande miss\u00e3o do Portal de Not\u00edcias Sul SC. N\u00e3o \u00e9 quantidade que muda o mundo, sempre foi e seguir\u00e1 sendo qualidade!\",\"sameAs\":[\"https:\/\/sulsc.com\/\",\"https:\/\/www.facebook.com\/profile.php?id=61559278119680\",\"https:\/\/www.instagram.com\/sulscportal\/?hl=pt-br\",\"https:\/\/twitter.com\/https:\/\/twitter.com\/PortalSulSC\",\"https:\/\/www.youtube.com\/channel\/UCv_BE8GeySluDov2n8qhVmw\"],\"url\":\"https:\/\/sulsc.com\/index.php\/author\/redacao\/\"}]}<\/script>\n<!-- \/ Yoast SEO plugin. -->","yoast_head_json":{"title":"Van de Tubar\u00e3o colide com caminh\u00e3o em Morro da Fuma\u00e7a e opera\u00e7\u00e3o de resgate mobiliza v\u00e1rias equipes -","robots":{"index":"index","follow":"follow","max-snippet":"max-snippet:-1","max-image-preview":"max-image-preview:large","max-video-preview":"max-video-preview:-1"},"canonical":"https:\/\/sulsc.com\/index.php\/2025\/11\/28\/van-de-tubarao-colide-com-caminhao-em-morro-da-fumaca-e-operacao-de-resgate-mobiliza-varias-equipes\/","og_locale":"en_US","og_type":"article","og_title":"Van de Tubar\u00e3o colide com caminh\u00e3o em Morro da Fuma\u00e7a e opera\u00e7\u00e3o de resgate mobiliza v\u00e1rias equipes -","og_description":"Na tarde desta quinta-feira (27), um grave acidente na SC-443, no bairro Naspolini, em Morro da Fuma\u00e7a, deixou seis pessoas feridas ap\u00f3s uma colis\u00e3o frontal entre uma van, com placas de Tubar\u00e3o, e um caminh\u00e3o de Crici\u00fama. O incidente ocorreu por volta das 17h20 e exigiu uma ampla opera\u00e7\u00e3o de resgate, com duas v\u00edtimas presas &hellip; Van de Tubar\u00e3o colide com caminh\u00e3o em Morro da Fuma\u00e7a e opera\u00e7\u00e3o de resgate mobiliza v\u00e1rias equipes Read More &raquo;","og_url":"https:\/\/sulsc.com\/index.php\/2025\/11\/28\/van-de-tubarao-colide-com-caminhao-em-morro-da-fumaca-e-operacao-de-resgate-mobiliza-varias-equipes\/","article_author":"https:\/\/www.facebook.com\/profile.php?id=61559278119680","article_published_time":"2025-11-28T10:28:48+00:00","og_image":[{"width":1080,"height":483,"url":"http:\/\/sulsc.com\/wp-content\/uploads\/2025\/11\/efdf60c3-4b41-4876-a0b1-2192f4e677e0.jpeg","type":"image\/jpeg"}],"author":"Reda\u00e7\u00e3o Sul SC","twitter_card":"summary_large_image","twitter_creator":"@https:\/\/twitter.com\/PortalSulSC","twitter_misc":{"Written by":"Reda\u00e7\u00e3o Sul SC","Est. reading time":"2 minutes"},"schema":{"@context":"https:\/\/schema.org","@graph":[{"@type":"WebPage","@id":"https:\/\/sulsc.com\/index.php\/2025\/11\/28\/van-de-tubarao-colide-com-caminhao-em-morro-da-fumaca-e-operacao-de-resgate-mobiliza-varias-equipes\/","url":"https:\/\/sulsc.com\/index.php\/2025\/11\/28\/van-de-tubarao-colide-com-caminhao-em-morro-da-fumaca-e-operacao-de-resgate-mobiliza-varias-equipes\/","name":"Van de Tubar\u00e3o colide com caminh\u00e3o em Morro da Fuma\u00e7a e opera\u00e7\u00e3o de resgate mobiliza v\u00e1rias equipes -","isPartOf":{"@id":"https:\/\/sulsc.com\/#website"},"datePublished":"2025-11-28T10:28:48+00:00","dateModified":"2025-11-28T10:28:48+00:00","author":{"@id":"https:\/\/sulsc.com\/#\/schema\/person\/84d2fc571684f6248ba83092f07750a3"},"breadcrumb":{"@id":"https:\/\/sulsc.com\/index.php\/2025\/11\/28\/van-de-tubarao-colide-com-caminhao-em-morro-da-fumaca-e-operacao-de-resgate-mobiliza-varias-equipes\/#breadcrumb"},"inLanguage":"en-US","potentialAction":[{"@type":"ReadAction","target":["https:\/\/sulsc.com\/index.php\/2025\/11\/28\/van-de-tubarao-colide-com-caminhao-em-morro-da-fumaca-e-operacao-de-resgate-mobiliza-varias-equipes\/"]}]},{"@type":"BreadcrumbList","@id":"https:\/\/sulsc.com\/index.php\/2025\/11\/28\/van-de-tubarao-colide-com-caminhao-em-morro-da-fumaca-e-operacao-de-resgate-mobiliza-varias-equipes\/#breadcrumb","itemListElement":[{"@type":"ListItem","position":1,"name":"In\u00edcio","item":"https:\/\/sulsc.com\/"},{"@type":"ListItem","position":2,"name":"Van de Tubar\u00e3o colide com caminh\u00e3o em Morro da Fuma\u00e7a e opera\u00e7\u00e3o de resgate mobiliza v\u00e1rias equipes"}]},{"@type":"WebSite","@id":"https:\/\/sulsc.com\/#website","url":"https:\/\/sulsc.com\/","name":"","description":"","potentialAction":[{"@type":"SearchAction","target":{"@type":"EntryPoint","urlTemplate":"https:\/\/sulsc.com\/?s={search_term_string}"},"query-input":"required name=search_term_string"}],"inLanguage":"en-US"},{"@type":"Person","@id":"https:\/\/sulsc.com\/#\/schema\/person\/84d2fc571684f6248ba83092f07750a3","name":"Reda\u00e7\u00e3o Sul SC","image":{"@type":"ImageObject","inLanguage":"en-US","@id":"https:\/\/sulsc.com\/#\/schema\/person\/image\/e08d7fe2cc4ed596372063bbe852b8d0","url":"https:\/\/sulsc.com\/wp-content\/uploads\/2023\/09\/redacao.png","contentUrl":"https:\/\/sulsc.com\/wp-content\/uploads\/2023\/09\/redacao.png","caption":"Reda\u00e7\u00e3o Sul SC"},"description":"Foco em um jornalismo imparcial, voltado \u00e0 qualidade dos seus conte\u00fados e, assim, levar informa\u00e7\u00e3o de valor que agregue \u00e0 vida dos leitores. Esta \u00e9 grande miss\u00e3o do Portal de Not\u00edcias Sul SC. N\u00e3o \u00e9 quantidade que muda o mundo, sempre foi e seguir\u00e1 sendo qualidade!","sameAs":["https:\/\/sulsc.com\/","https:\/\/www.facebook.com\/profile.php?id=61559278119680","https:\/\/www.instagram.com\/sulscportal\/?hl=pt-br","https:\/\/twitter.com\/https:\/\/twitter.com\/PortalSulSC","https:\/\/www.youtube.com\/channel\/UCv_BE8GeySluDov2n8qhVmw"],"url":"https:\/\/sulsc.com\/index.php\/author\/redacao\/"}]}},"authors":[],"_links":{"self":[{"href":"https:\/\/sulsc.com\/index.php\/wp-json\/wp\/v2\/posts\/30190"}],"collection":[{"href":"https:\/\/sulsc.com\/index.php\/wp-json\/wp\/v2\/posts"}],"about":[{"href":"https:\/\/sulsc.com\/index.php\/wp-json\/wp\/v2\/types\/post"}],"author":[{"embeddable":true,"href":"https:\/\/sulsc.com\/index.php\/wp-json\/wp\/v2\/users\/3"}],"replies":[{"embeddable":true,"href":"https:\/\/sulsc.com\/index.php\/wp-json\/wp\/v2\/comments?post=30190"}],"version-history":[{"count":1,"href":"https:\/\/sulsc.com\/index.php\/wp-json\/wp\/v2\/posts\/30190\/revisions"}],"predecessor-version":[{"id":30193,"href":"https:\/\/sulsc.com\/index.php\/wp-json\/wp\/v2\/posts\/30190\/revisions\/30193"}],"wp:featuredmedia":[{"embeddable":true,"href":"https:\/\/sulsc.com\/index.php\/wp-json\/wp\/v2\/media\/30192"}],"wp:attachment":[{"href":"https:\/\/sulsc.com\/index.php\/wp-json\/wp\/v2\/media?parent=30190"}],"wp:term":[{"taxonomy":"category","embeddable":true,"href":"https:\/\/sulsc.com\/index.php\/wp-json\/wp\/v2\/categories?post=30190"},{"taxonomy":"post_tag","embeddable":true,"href":"https:\/\/sulsc.com\/index.php\/wp-json\/wp\/v2\/tags?post=30190"}],"curies":[{"name":"wp","href":"https:\/\/api.w.org\/{rel}","templated":true}]}}