{"id":30226,"date":"2025-11-28T18:00:17","date_gmt":"2025-11-28T21:00:17","guid":{"rendered":"https:\/\/sulsc.com\/?p=30226"},"modified":"2025-11-28T17:27:26","modified_gmt":"2025-11-28T20:27:26","slug":"temporal-causa-estragos-em-orleans","status":"publish","type":"post","link":"https:\/\/sulsc.com\/index.php\/2025\/11\/28\/temporal-causa-estragos-em-orleans\/","title":{"rendered":"Temporal causa estragos, em Orleans"},"content":{"rendered":"<p>O temporal que atingiu Orleans e regi\u00e3o nesta sexta-feira (28), causou v\u00e1rios preju\u00edzos. Constru\u00e7\u00f5es foram danificadas, placas e \u00e1rvores ca\u00edram.\u00a0Informa\u00e7\u00f5es de que um poste de eletrifica\u00e7\u00e3o caiu deixando a cidade sem energia.<\/p>\n<p>A Delegacia de Pol\u00edcia Civil teve o telhado arrancado pelos ventos. A estrutura foi fortemente afetada, resultando em perdas materiais significativas.\u00a0Em Lauro M\u00fcller, na SC-390, na altura do Km 107, a via precisou ser totalmente interditada ap\u00f3s \u00e1rvores ca\u00edrem sobre a pista, o que bloqueou o tr\u00e1fego.<\/p>\n<p>Por meio das redes sociais, o Delegado-Geral Ulisses Gabriel compartilhou fotos dos estragos causados pelo temporal na Delegacia de Orleans. Segundo o delegado, um novo espa\u00e7o ser\u00e1 alugado provisoriamente, enquanto o local atingido deve abrigar, futuramente, unidades da Pol\u00edcia Militar.<\/p>\n<p>Conforme orienta a Defesa Civil, a popula\u00e7\u00e3o deve redobrar a aten\u00e7\u00e3o durante epis\u00f3dios de mau tempo, evitando \u00e1reas com risco de quedas de \u00e1rvores e n\u00e3o atravessando vias alagadas. A Pol\u00edcia Civil de Santa Catarina emitiu uma nota oficial sobre o ocorrido.<\/p>\n<div id=\"metaslider-id-25573\" style=\"width: 100%;\" class=\"ml-slider-3-99-0 metaslider metaslider-flex metaslider-25573 ml-slider has-onhover-arrows ms-theme-default-base has-dots-nav\" role=\"region\" aria-label=\"Meio\" data-width=\"1200\">\n    <div id=\"metaslider_container_25573\">\n        <div id=\"metaslider_25573\">\n            <ul class='slides'>\n                <li style=\"display: block; width: 100%;\" class=\"slide-25684 ms-image \" aria-roledescription=\"slide\" data-date=\"2025-07-24 07:55:40\"><img src=\"https:\/\/sulsc.com\/wp-content\/uploads\/2025\/07\/Marr-2-1000x166.jpg\" height=\"200\" width=\"1200\" alt=\"\" class=\"slider-25573 slide-25684 msDefaultImage\" title=\"Marr 2\" \/><\/li>\n                <li style=\"display: none; width: 100%;\" class=\"slide-32412 ms-image \" aria-roledescription=\"slide\" data-date=\"2026-02-18 13:59:46\"><img src=\"https:\/\/sulsc.com\/wp-content\/uploads\/2026\/02\/40dc1580-cad5-4867-bc58-c4243821ad38-1000x166.jpeg\" height=\"200\" width=\"1200\" alt=\"\" class=\"slider-25573 slide-32412 msDefaultImage\" title=\"40dc1580-cad5-4867-bc58-c4243821ad38\" \/><\/li>\n                <li style=\"display: none; width: 100%;\" class=\"slide-32766 ms-image \" aria-roledescription=\"slide\" data-date=\"2026-03-03 17:22:59\"><img src=\"https:\/\/sulsc.com\/wp-content\/uploads\/2026\/03\/271ce739-f268-41c5-8051-3de1a1750359-1000x166.jpeg\" height=\"200\" width=\"1200\" alt=\"\" class=\"slider-25573 slide-32766 msDefaultImage\" title=\"271ce739-f268-41c5-8051-3de1a1750359\" \/><\/li>\n            <\/ul>\n        <\/div>\n        \n    <\/div>\n<\/div>\n<p>&nbsp;<\/p>\n<p><strong>Confira na \u00edntegra:<\/strong><\/p>\n<p><em>&#8220;A Pol\u00edcia Civil de Santa Catarina lamenta a perda da estrutura da Delegacia de Pol\u00edcia da Comarca de Orleans, ocorrida nesta quinta-feira, dia 28. O pr\u00e9dio, que por muitos anos abrigou o trabalho incans\u00e1vel de nossos policiais e representou um importante ponto de atendimento \u00e0 comunidade, ficou comprometido com as chuvas que atingiram a regi\u00e3o nesta tarde.<\/em><\/p>\n<p><em>O Delegado-Geral da PCSC j\u00e1 informou oficialmente o governador do estado Jorginho Mello, sobre a situa\u00e7\u00e3o. De imediato, foram iniciados os procedimentos para a loca\u00e7\u00e3o de um novo espa\u00e7o, garantindo a continuidade do servi\u00e7o policial e o atendimento \u00e0 popula\u00e7\u00e3o de forma c\u00e9lere e eficiente.<\/em><\/p>\n<p><em>Paralelamente, est\u00e1 definida a constru\u00e7\u00e3o, no local atingido, de uma nova estrutura destinada \u00e0 Delegacia da PCSC e ao Pelot\u00e3o da PMSC, refor\u00e7ando o compromisso do Governo do Estado com o fortalecimento integrado da seguran\u00e7a p\u00fablica.<\/em><\/p>\n<p><em>O delegado regional Andr\u00e9 Milanese afirmou que a delegacia permanecer\u00e1 fechada at\u00e9 segunda-feira, dia 1\u00ba, quando ser\u00e1 realizada uma reuni\u00e3o com a prefeitura para definir o local tempor\u00e1rio e a reconstru\u00e7\u00e3o da unidade. \u201cFelizmente houve apenas danos materiais. Ningu\u00e9m se feriu&#8221;, disse.<\/em><\/p>\n<p><img fetchpriority=\"high\" decoding=\"async\" class=\"alignnone size-full wp-image-30237\" src=\"http:\/\/sulsc.com\/wp-content\/uploads\/2025\/11\/1764359671633.jpeg\" alt=\"\" width=\"900\" height=\"1200\" srcset=\"https:\/\/sulsc.com\/wp-content\/uploads\/2025\/11\/1764359671633.jpeg 900w, https:\/\/sulsc.com\/wp-content\/uploads\/2025\/11\/1764359671633-225x300.jpeg 225w, https:\/\/sulsc.com\/wp-content\/uploads\/2025\/11\/1764359671633-768x1024.jpeg 768w\" sizes=\"(max-width: 900px) 100vw, 900px\" \/><\/p>\n","protected":false},"excerpt":{"rendered":"<p>O temporal que atingiu Orleans e regi\u00e3o nesta sexta-feira (28), causou v\u00e1rios preju\u00edzos. Constru\u00e7\u00f5es foram danificadas, placas e \u00e1rvores ca\u00edram.\u00a0Informa\u00e7\u00f5es de que um poste de eletrifica\u00e7\u00e3o caiu deixando a cidade sem energia. A Delegacia de Pol\u00edcia Civil teve o telhado arrancado pelos ventos. A estrutura foi fortemente afetada, resultando em perdas materiais significativas.\u00a0Em Lauro M\u00fcller, &hellip;<\/p>\n<p class=\"read-more\"> <a class=\"\" href=\"https:\/\/sulsc.com\/index.php\/2025\/11\/28\/temporal-causa-estragos-em-orleans\/\"> <span class=\"screen-reader-text\">Temporal causa estragos, em Orleans<\/span> Read More &raquo;<\/a><\/p>\n","protected":false},"author":3,"featured_media":30237,"comment_status":"open","ping_status":"open","sticky":false,"template":"","format":"standard","meta":{"site-sidebar-layout":"default","site-content-layout":"","ast-site-content-layout":"default","site-content-style":"default","site-sidebar-style":"default","ast-global-header-display":"","ast-banner-title-visibility":"","ast-main-header-display":"","ast-hfb-above-header-display":"","ast-hfb-below-header-display":"","ast-hfb-mobile-header-display":"","site-post-title":"","ast-breadcrumbs-content":"","ast-featured-img":"","footer-sml-layout":"","theme-transparent-header-meta":"default","adv-header-id-meta":"","stick-header-meta":"","header-above-stick-meta":"","header-main-stick-meta":"","header-below-stick-meta":"","astra-migrate-meta-layouts":"set","footnotes":""},"categories":[2349,8,12],"tags":[],"yoast_head":"<!-- This site is optimized with the Yoast SEO plugin v21.4 - https:\/\/yoast.com\/wordpress\/plugins\/seo\/ -->\n<title>Temporal causa estragos, em Orleans -<\/title>\n<meta name=\"robots\" content=\"index, follow, max-snippet:-1, max-image-preview:large, max-video-preview:-1\" \/>\n<link rel=\"canonical\" href=\"https:\/\/sulsc.com\/index.php\/2025\/11\/28\/temporal-causa-estragos-em-orleans\/\" \/>\n<meta property=\"og:locale\" content=\"en_US\" \/>\n<meta property=\"og:type\" content=\"article\" \/>\n<meta property=\"og:title\" content=\"Temporal causa estragos, em Orleans -\" \/>\n<meta property=\"og:description\" content=\"O temporal que atingiu Orleans e regi\u00e3o nesta sexta-feira (28), causou v\u00e1rios preju\u00edzos. Constru\u00e7\u00f5es foram danificadas, placas e \u00e1rvores ca\u00edram.\u00a0Informa\u00e7\u00f5es de que um poste de eletrifica\u00e7\u00e3o caiu deixando a cidade sem energia. A Delegacia de Pol\u00edcia Civil teve o telhado arrancado pelos ventos. A estrutura foi fortemente afetada, resultando em perdas materiais significativas.\u00a0Em Lauro M\u00fcller, &hellip; Temporal causa estragos, em Orleans Read More &raquo;\" \/>\n<meta property=\"og:url\" content=\"https:\/\/sulsc.com\/index.php\/2025\/11\/28\/temporal-causa-estragos-em-orleans\/\" \/>\n<meta property=\"article:author\" content=\"https:\/\/www.facebook.com\/profile.php?id=61559278119680\" \/>\n<meta property=\"article:published_time\" content=\"2025-11-28T21:00:17+00:00\" \/>\n<meta property=\"article:modified_time\" content=\"2025-11-28T20:27:26+00:00\" \/>\n<meta property=\"og:image\" content=\"https:\/\/sulsc.com\/wp-content\/uploads\/2025\/11\/1764359671633.jpeg\" \/>\n\t<meta property=\"og:image:width\" content=\"900\" \/>\n\t<meta property=\"og:image:height\" content=\"1200\" \/>\n\t<meta property=\"og:image:type\" content=\"image\/jpeg\" \/>\n<meta name=\"author\" content=\"Reda\u00e7\u00e3o Sul SC\" \/>\n<meta name=\"twitter:card\" content=\"summary_large_image\" \/>\n<meta name=\"twitter:creator\" content=\"@https:\/\/twitter.com\/PortalSulSC\" \/>\n<meta name=\"twitter:label1\" content=\"Written by\" \/>\n\t<meta name=\"twitter:data1\" content=\"Reda\u00e7\u00e3o Sul SC\" \/>\n\t<meta name=\"twitter:label2\" content=\"Est. reading time\" \/>\n\t<meta name=\"twitter:data2\" content=\"2 minutes\" \/>\n<script type=\"application\/ld+json\" class=\"yoast-schema-graph\">{\"@context\":\"https:\/\/schema.org\",\"@graph\":[{\"@type\":\"WebPage\",\"@id\":\"https:\/\/sulsc.com\/index.php\/2025\/11\/28\/temporal-causa-estragos-em-orleans\/\",\"url\":\"https:\/\/sulsc.com\/index.php\/2025\/11\/28\/temporal-causa-estragos-em-orleans\/\",\"name\":\"Temporal causa estragos, em Orleans -\",\"isPartOf\":{\"@id\":\"https:\/\/sulsc.com\/#website\"},\"datePublished\":\"2025-11-28T21:00:17+00:00\",\"dateModified\":\"2025-11-28T20:27:26+00:00\",\"author\":{\"@id\":\"https:\/\/sulsc.com\/#\/schema\/person\/84d2fc571684f6248ba83092f07750a3\"},\"breadcrumb\":{\"@id\":\"https:\/\/sulsc.com\/index.php\/2025\/11\/28\/temporal-causa-estragos-em-orleans\/#breadcrumb\"},\"inLanguage\":\"en-US\",\"potentialAction\":[{\"@type\":\"ReadAction\",\"target\":[\"https:\/\/sulsc.com\/index.php\/2025\/11\/28\/temporal-causa-estragos-em-orleans\/\"]}]},{\"@type\":\"BreadcrumbList\",\"@id\":\"https:\/\/sulsc.com\/index.php\/2025\/11\/28\/temporal-causa-estragos-em-orleans\/#breadcrumb\",\"itemListElement\":[{\"@type\":\"ListItem\",\"position\":1,\"name\":\"In\u00edcio\",\"item\":\"https:\/\/sulsc.com\/\"},{\"@type\":\"ListItem\",\"position\":2,\"name\":\"Temporal causa estragos, em Orleans\"}]},{\"@type\":\"WebSite\",\"@id\":\"https:\/\/sulsc.com\/#website\",\"url\":\"https:\/\/sulsc.com\/\",\"name\":\"\",\"description\":\"\",\"potentialAction\":[{\"@type\":\"SearchAction\",\"target\":{\"@type\":\"EntryPoint\",\"urlTemplate\":\"https:\/\/sulsc.com\/?s={search_term_string}\"},\"query-input\":\"required name=search_term_string\"}],\"inLanguage\":\"en-US\"},{\"@type\":\"Person\",\"@id\":\"https:\/\/sulsc.com\/#\/schema\/person\/84d2fc571684f6248ba83092f07750a3\",\"name\":\"Reda\u00e7\u00e3o Sul SC\",\"image\":{\"@type\":\"ImageObject\",\"inLanguage\":\"en-US\",\"@id\":\"https:\/\/sulsc.com\/#\/schema\/person\/image\/e08d7fe2cc4ed596372063bbe852b8d0\",\"url\":\"https:\/\/sulsc.com\/wp-content\/uploads\/2023\/09\/redacao.png\",\"contentUrl\":\"https:\/\/sulsc.com\/wp-content\/uploads\/2023\/09\/redacao.png\",\"caption\":\"Reda\u00e7\u00e3o Sul SC\"},\"description\":\"Foco em um jornalismo imparcial, voltado \u00e0 qualidade dos seus conte\u00fados e, assim, levar informa\u00e7\u00e3o de valor que agregue \u00e0 vida dos leitores. Esta \u00e9 grande miss\u00e3o do Portal de Not\u00edcias Sul SC. N\u00e3o \u00e9 quantidade que muda o mundo, sempre foi e seguir\u00e1 sendo qualidade!\",\"sameAs\":[\"https:\/\/sulsc.com\/\",\"https:\/\/www.facebook.com\/profile.php?id=61559278119680\",\"https:\/\/www.instagram.com\/sulscportal\/?hl=pt-br\",\"https:\/\/twitter.com\/https:\/\/twitter.com\/PortalSulSC\",\"https:\/\/www.youtube.com\/channel\/UCv_BE8GeySluDov2n8qhVmw\"],\"url\":\"https:\/\/sulsc.com\/index.php\/author\/redacao\/\"}]}<\/script>\n<!-- \/ Yoast SEO plugin. -->","yoast_head_json":{"title":"Temporal causa estragos, em Orleans -","robots":{"index":"index","follow":"follow","max-snippet":"max-snippet:-1","max-image-preview":"max-image-preview:large","max-video-preview":"max-video-preview:-1"},"canonical":"https:\/\/sulsc.com\/index.php\/2025\/11\/28\/temporal-causa-estragos-em-orleans\/","og_locale":"en_US","og_type":"article","og_title":"Temporal causa estragos, em Orleans -","og_description":"O temporal que atingiu Orleans e regi\u00e3o nesta sexta-feira (28), causou v\u00e1rios preju\u00edzos. Constru\u00e7\u00f5es foram danificadas, placas e \u00e1rvores ca\u00edram.\u00a0Informa\u00e7\u00f5es de que um poste de eletrifica\u00e7\u00e3o caiu deixando a cidade sem energia. A Delegacia de Pol\u00edcia Civil teve o telhado arrancado pelos ventos. A estrutura foi fortemente afetada, resultando em perdas materiais significativas.\u00a0Em Lauro M\u00fcller, &hellip; Temporal causa estragos, em Orleans Read More &raquo;","og_url":"https:\/\/sulsc.com\/index.php\/2025\/11\/28\/temporal-causa-estragos-em-orleans\/","article_author":"https:\/\/www.facebook.com\/profile.php?id=61559278119680","article_published_time":"2025-11-28T21:00:17+00:00","article_modified_time":"2025-11-28T20:27:26+00:00","og_image":[{"width":900,"height":1200,"url":"https:\/\/sulsc.com\/wp-content\/uploads\/2025\/11\/1764359671633.jpeg","type":"image\/jpeg"}],"author":"Reda\u00e7\u00e3o Sul SC","twitter_card":"summary_large_image","twitter_creator":"@https:\/\/twitter.com\/PortalSulSC","twitter_misc":{"Written by":"Reda\u00e7\u00e3o Sul SC","Est. reading time":"2 minutes"},"schema":{"@context":"https:\/\/schema.org","@graph":[{"@type":"WebPage","@id":"https:\/\/sulsc.com\/index.php\/2025\/11\/28\/temporal-causa-estragos-em-orleans\/","url":"https:\/\/sulsc.com\/index.php\/2025\/11\/28\/temporal-causa-estragos-em-orleans\/","name":"Temporal causa estragos, em Orleans -","isPartOf":{"@id":"https:\/\/sulsc.com\/#website"},"datePublished":"2025-11-28T21:00:17+00:00","dateModified":"2025-11-28T20:27:26+00:00","author":{"@id":"https:\/\/sulsc.com\/#\/schema\/person\/84d2fc571684f6248ba83092f07750a3"},"breadcrumb":{"@id":"https:\/\/sulsc.com\/index.php\/2025\/11\/28\/temporal-causa-estragos-em-orleans\/#breadcrumb"},"inLanguage":"en-US","potentialAction":[{"@type":"ReadAction","target":["https:\/\/sulsc.com\/index.php\/2025\/11\/28\/temporal-causa-estragos-em-orleans\/"]}]},{"@type":"BreadcrumbList","@id":"https:\/\/sulsc.com\/index.php\/2025\/11\/28\/temporal-causa-estragos-em-orleans\/#breadcrumb","itemListElement":[{"@type":"ListItem","position":1,"name":"In\u00edcio","item":"https:\/\/sulsc.com\/"},{"@type":"ListItem","position":2,"name":"Temporal causa estragos, em Orleans"}]},{"@type":"WebSite","@id":"https:\/\/sulsc.com\/#website","url":"https:\/\/sulsc.com\/","name":"","description":"","potentialAction":[{"@type":"SearchAction","target":{"@type":"EntryPoint","urlTemplate":"https:\/\/sulsc.com\/?s={search_term_string}"},"query-input":"required name=search_term_string"}],"inLanguage":"en-US"},{"@type":"Person","@id":"https:\/\/sulsc.com\/#\/schema\/person\/84d2fc571684f6248ba83092f07750a3","name":"Reda\u00e7\u00e3o Sul SC","image":{"@type":"ImageObject","inLanguage":"en-US","@id":"https:\/\/sulsc.com\/#\/schema\/person\/image\/e08d7fe2cc4ed596372063bbe852b8d0","url":"https:\/\/sulsc.com\/wp-content\/uploads\/2023\/09\/redacao.png","contentUrl":"https:\/\/sulsc.com\/wp-content\/uploads\/2023\/09\/redacao.png","caption":"Reda\u00e7\u00e3o Sul SC"},"description":"Foco em um jornalismo imparcial, voltado \u00e0 qualidade dos seus conte\u00fados e, assim, levar informa\u00e7\u00e3o de valor que agregue \u00e0 vida dos leitores. Esta \u00e9 grande miss\u00e3o do Portal de Not\u00edcias Sul SC. N\u00e3o \u00e9 quantidade que muda o mundo, sempre foi e seguir\u00e1 sendo qualidade!","sameAs":["https:\/\/sulsc.com\/","https:\/\/www.facebook.com\/profile.php?id=61559278119680","https:\/\/www.instagram.com\/sulscportal\/?hl=pt-br","https:\/\/twitter.com\/https:\/\/twitter.com\/PortalSulSC","https:\/\/www.youtube.com\/channel\/UCv_BE8GeySluDov2n8qhVmw"],"url":"https:\/\/sulsc.com\/index.php\/author\/redacao\/"}]}},"authors":[],"_links":{"self":[{"href":"https:\/\/sulsc.com\/index.php\/wp-json\/wp\/v2\/posts\/30226"}],"collection":[{"href":"https:\/\/sulsc.com\/index.php\/wp-json\/wp\/v2\/posts"}],"about":[{"href":"https:\/\/sulsc.com\/index.php\/wp-json\/wp\/v2\/types\/post"}],"author":[{"embeddable":true,"href":"https:\/\/sulsc.com\/index.php\/wp-json\/wp\/v2\/users\/3"}],"replies":[{"embeddable":true,"href":"https:\/\/sulsc.com\/index.php\/wp-json\/wp\/v2\/comments?post=30226"}],"version-history":[{"count":1,"href":"https:\/\/sulsc.com\/index.php\/wp-json\/wp\/v2\/posts\/30226\/revisions"}],"predecessor-version":[{"id":30238,"href":"https:\/\/sulsc.com\/index.php\/wp-json\/wp\/v2\/posts\/30226\/revisions\/30238"}],"wp:featuredmedia":[{"embeddable":true,"href":"https:\/\/sulsc.com\/index.php\/wp-json\/wp\/v2\/media\/30237"}],"wp:attachment":[{"href":"https:\/\/sulsc.com\/index.php\/wp-json\/wp\/v2\/media?parent=30226"}],"wp:term":[{"taxonomy":"category","embeddable":true,"href":"https:\/\/sulsc.com\/index.php\/wp-json\/wp\/v2\/categories?post=30226"},{"taxonomy":"post_tag","embeddable":true,"href":"https:\/\/sulsc.com\/index.php\/wp-json\/wp\/v2\/tags?post=30226"}],"curies":[{"name":"wp","href":"https:\/\/api.w.org\/{rel}","templated":true}]}}