{"id":30258,"date":"2025-11-30T16:20:39","date_gmt":"2025-11-30T19:20:39","guid":{"rendered":"https:\/\/sulsc.com\/?p=30258"},"modified":"2025-11-30T16:21:14","modified_gmt":"2025-11-30T19:21:14","slug":"motociclista-sofre-grave-acidente-em-pista-de-motocross-e-e-transferido-de-helicoptero-para-hospital-de-criciuma","status":"publish","type":"post","link":"https:\/\/sulsc.com\/index.php\/2025\/11\/30\/motociclista-sofre-grave-acidente-em-pista-de-motocross-e-e-transferido-de-helicoptero-para-hospital-de-criciuma\/","title":{"rendered":"Motociclista sofre grave acidente em pista de motocross e \u00e9 transferido de helic\u00f3ptero para hospital de Crici\u00fama"},"content":{"rendered":"<p><span dir=\"auto\" style=\"vertical-align: inherit;\"><span dir=\"auto\" style=\"vertical-align: inherit;\">Um motociclista sofreu graves ferimentos ap\u00f3s uma queda durante uma atividade na pista de motocross em Ermo, na tarde deste domingo (30). O Servi\u00e7o Aerom\u00e9dico do SAER\/SAMU foi acionado por volta das 12h30, ap\u00f3s a Central de Regula\u00e7\u00e3o do SAMU receber um pedido de apoio \u00e0 Unidade B\u00e1sica de Sa\u00fade local.<\/span><\/span><\/p>\n<div id=\"metaslider-id-25573\" style=\"width: 100%;\" class=\"ml-slider-3-99-0 metaslider metaslider-flex metaslider-25573 ml-slider has-onhover-arrows ms-theme-default-base has-dots-nav\" role=\"region\" aria-label=\"Meio\" data-width=\"1200\">\n    <div id=\"metaslider_container_25573\">\n        <div id=\"metaslider_25573\">\n            <ul class='slides'>\n                <li style=\"display: block; width: 100%;\" class=\"slide-25684 ms-image \" aria-roledescription=\"slide\" data-date=\"2025-07-24 07:55:40\"><img src=\"https:\/\/sulsc.com\/wp-content\/uploads\/2025\/07\/Marr-2-1000x166.jpg\" height=\"200\" width=\"1200\" alt=\"\" class=\"slider-25573 slide-25684 msDefaultImage\" title=\"Marr 2\" \/><\/li>\n                <li style=\"display: none; width: 100%;\" class=\"slide-32412 ms-image \" aria-roledescription=\"slide\" data-date=\"2026-02-18 13:59:46\"><img src=\"https:\/\/sulsc.com\/wp-content\/uploads\/2026\/02\/40dc1580-cad5-4867-bc58-c4243821ad38-1000x166.jpeg\" height=\"200\" width=\"1200\" alt=\"\" class=\"slider-25573 slide-32412 msDefaultImage\" title=\"40dc1580-cad5-4867-bc58-c4243821ad38\" \/><\/li>\n                <li style=\"display: none; width: 100%;\" class=\"slide-32766 ms-image \" aria-roledescription=\"slide\" data-date=\"2026-03-03 17:22:59\"><img src=\"https:\/\/sulsc.com\/wp-content\/uploads\/2026\/03\/271ce739-f268-41c5-8051-3de1a1750359-1000x166.jpeg\" height=\"200\" width=\"1200\" alt=\"\" class=\"slider-25573 slide-32766 msDefaultImage\" title=\"271ce739-f268-41c5-8051-3de1a1750359\" \/><\/li>\n            <\/ul>\n        <\/div>\n        \n    <\/div>\n<\/div>\n<p><span dir=\"auto\" style=\"vertical-align: inherit;\"><span dir=\"auto\" style=\"vertical-align: inherit;\">Os socorristas disseram que o piloto apresentou politraumatismo, com les\u00f5es graves no t\u00f3rax e membros nos superiores e inferiores. Ap\u00f3s o atendimento m\u00e9dico inicial e a estabiliza\u00e7\u00e3o do quadro na pista, a v\u00edtima foi transportada de helic\u00f3ptero para Crici\u00fama.<\/span><\/span><\/p>\n<p><span dir=\"auto\" style=\"vertical-align: inherit;\"><span dir=\"auto\" style=\"vertical-align: inherit;\">Ao chegar \u00e0 cidade, o motociclista foi prolongado pela via terrestre ao Hospital S\u00e3o Jos\u00e9, reconhecido na regi\u00e3o pelo atendimento a traumas. O estado de sa\u00fade da v\u00edtima ainda n\u00e3o foi divulgado.<\/span><\/span><\/p>\n<p><img fetchpriority=\"high\" decoding=\"async\" class=\"aligncenter size-full wp-image-30259\" src=\"http:\/\/sulsc.com\/wp-content\/uploads\/2025\/11\/8d990289-7bd3-4b16-9008-8cac093d6a6f.jpeg\" alt=\"\" width=\"1080\" height=\"1018\" srcset=\"https:\/\/sulsc.com\/wp-content\/uploads\/2025\/11\/8d990289-7bd3-4b16-9008-8cac093d6a6f.jpeg 1080w, https:\/\/sulsc.com\/wp-content\/uploads\/2025\/11\/8d990289-7bd3-4b16-9008-8cac093d6a6f-300x283.jpeg 300w, https:\/\/sulsc.com\/wp-content\/uploads\/2025\/11\/8d990289-7bd3-4b16-9008-8cac093d6a6f-1024x965.jpeg 1024w, https:\/\/sulsc.com\/wp-content\/uploads\/2025\/11\/8d990289-7bd3-4b16-9008-8cac093d6a6f-768x724.jpeg 768w\" sizes=\"(max-width: 1080px) 100vw, 1080px\" \/><\/p>\n<p><span dir=\"auto\" style=\"vertical-align: inherit;\"><span dir=\"auto\" style=\"vertical-align: inherit;\">Foto: SAER\/SAMU\/Divulga\u00e7\u00e3o\/SulSC<\/span><\/span><\/p>\n","protected":false},"excerpt":{"rendered":"<p>Um motociclista sofreu graves ferimentos ap\u00f3s uma queda durante uma atividade na pista de motocross em Ermo, na tarde deste domingo (30). O Servi\u00e7o Aerom\u00e9dico do SAER\/SAMU foi acionado por volta das 12h30, ap\u00f3s a Central de Regula\u00e7\u00e3o do SAMU receber um pedido de apoio \u00e0 Unidade B\u00e1sica de Sa\u00fade local. Os socorristas disseram que &hellip;<\/p>\n<p class=\"read-more\"> <a class=\"\" href=\"https:\/\/sulsc.com\/index.php\/2025\/11\/30\/motociclista-sofre-grave-acidente-em-pista-de-motocross-e-e-transferido-de-helicoptero-para-hospital-de-criciuma\/\"> <span class=\"screen-reader-text\">Motociclista sofre grave acidente em pista de motocross e \u00e9 transferido de helic\u00f3ptero para hospital de Crici\u00fama<\/span> Read More &raquo;<\/a><\/p>\n","protected":false},"author":3,"featured_media":30259,"comment_status":"open","ping_status":"open","sticky":false,"template":"","format":"standard","meta":{"site-sidebar-layout":"default","site-content-layout":"","ast-site-content-layout":"default","site-content-style":"default","site-sidebar-style":"default","ast-global-header-display":"","ast-banner-title-visibility":"","ast-main-header-display":"","ast-hfb-above-header-display":"","ast-hfb-below-header-display":"","ast-hfb-mobile-header-display":"","site-post-title":"","ast-breadcrumbs-content":"","ast-featured-img":"","footer-sml-layout":"","theme-transparent-header-meta":"default","adv-header-id-meta":"","stick-header-meta":"","header-above-stick-meta":"","header-main-stick-meta":"","header-below-stick-meta":"","astra-migrate-meta-layouts":"set","footnotes":""},"categories":[2354,23,1,12],"tags":[92],"yoast_head":"<!-- This site is optimized with the Yoast SEO plugin v21.4 - https:\/\/yoast.com\/wordpress\/plugins\/seo\/ -->\n<title>Motociclista sofre grave acidente em pista de motocross e \u00e9 transferido de helic\u00f3ptero para hospital de Crici\u00fama -<\/title>\n<meta name=\"robots\" content=\"index, follow, max-snippet:-1, max-image-preview:large, max-video-preview:-1\" \/>\n<link rel=\"canonical\" href=\"https:\/\/sulsc.com\/index.php\/2025\/11\/30\/motociclista-sofre-grave-acidente-em-pista-de-motocross-e-e-transferido-de-helicoptero-para-hospital-de-criciuma\/\" \/>\n<meta property=\"og:locale\" content=\"en_US\" \/>\n<meta property=\"og:type\" content=\"article\" \/>\n<meta property=\"og:title\" content=\"Motociclista sofre grave acidente em pista de motocross e \u00e9 transferido de helic\u00f3ptero para hospital de Crici\u00fama -\" \/>\n<meta property=\"og:description\" content=\"Um motociclista sofreu graves ferimentos ap\u00f3s uma queda durante uma atividade na pista de motocross em Ermo, na tarde deste domingo (30). O Servi\u00e7o Aerom\u00e9dico do SAER\/SAMU foi acionado por volta das 12h30, ap\u00f3s a Central de Regula\u00e7\u00e3o do SAMU receber um pedido de apoio \u00e0 Unidade B\u00e1sica de Sa\u00fade local. Os socorristas disseram que &hellip; Motociclista sofre grave acidente em pista de motocross e \u00e9 transferido de helic\u00f3ptero para hospital de Crici\u00fama Read More &raquo;\" \/>\n<meta property=\"og:url\" content=\"https:\/\/sulsc.com\/index.php\/2025\/11\/30\/motociclista-sofre-grave-acidente-em-pista-de-motocross-e-e-transferido-de-helicoptero-para-hospital-de-criciuma\/\" \/>\n<meta property=\"article:author\" content=\"https:\/\/www.facebook.com\/profile.php?id=61559278119680\" \/>\n<meta property=\"article:published_time\" content=\"2025-11-30T19:20:39+00:00\" \/>\n<meta property=\"article:modified_time\" content=\"2025-11-30T19:21:14+00:00\" \/>\n<meta property=\"og:image\" content=\"http:\/\/sulsc.com\/wp-content\/uploads\/2025\/11\/8d990289-7bd3-4b16-9008-8cac093d6a6f.jpeg\" \/>\n\t<meta property=\"og:image:width\" content=\"1080\" \/>\n\t<meta property=\"og:image:height\" content=\"1018\" \/>\n\t<meta property=\"og:image:type\" content=\"image\/jpeg\" \/>\n<meta name=\"author\" content=\"Reda\u00e7\u00e3o Sul SC\" \/>\n<meta name=\"twitter:card\" content=\"summary_large_image\" \/>\n<meta name=\"twitter:creator\" content=\"@https:\/\/twitter.com\/PortalSulSC\" \/>\n<meta name=\"twitter:label1\" content=\"Written by\" \/>\n\t<meta name=\"twitter:data1\" content=\"Reda\u00e7\u00e3o Sul SC\" \/>\n\t<meta name=\"twitter:label2\" content=\"Est. reading time\" \/>\n\t<meta name=\"twitter:data2\" content=\"1 minute\" \/>\n<script type=\"application\/ld+json\" class=\"yoast-schema-graph\">{\"@context\":\"https:\/\/schema.org\",\"@graph\":[{\"@type\":\"WebPage\",\"@id\":\"https:\/\/sulsc.com\/index.php\/2025\/11\/30\/motociclista-sofre-grave-acidente-em-pista-de-motocross-e-e-transferido-de-helicoptero-para-hospital-de-criciuma\/\",\"url\":\"https:\/\/sulsc.com\/index.php\/2025\/11\/30\/motociclista-sofre-grave-acidente-em-pista-de-motocross-e-e-transferido-de-helicoptero-para-hospital-de-criciuma\/\",\"name\":\"Motociclista sofre grave acidente em pista de motocross e \u00e9 transferido de helic\u00f3ptero para hospital de Crici\u00fama -\",\"isPartOf\":{\"@id\":\"https:\/\/sulsc.com\/#website\"},\"datePublished\":\"2025-11-30T19:20:39+00:00\",\"dateModified\":\"2025-11-30T19:21:14+00:00\",\"author\":{\"@id\":\"https:\/\/sulsc.com\/#\/schema\/person\/84d2fc571684f6248ba83092f07750a3\"},\"breadcrumb\":{\"@id\":\"https:\/\/sulsc.com\/index.php\/2025\/11\/30\/motociclista-sofre-grave-acidente-em-pista-de-motocross-e-e-transferido-de-helicoptero-para-hospital-de-criciuma\/#breadcrumb\"},\"inLanguage\":\"en-US\",\"potentialAction\":[{\"@type\":\"ReadAction\",\"target\":[\"https:\/\/sulsc.com\/index.php\/2025\/11\/30\/motociclista-sofre-grave-acidente-em-pista-de-motocross-e-e-transferido-de-helicoptero-para-hospital-de-criciuma\/\"]}]},{\"@type\":\"BreadcrumbList\",\"@id\":\"https:\/\/sulsc.com\/index.php\/2025\/11\/30\/motociclista-sofre-grave-acidente-em-pista-de-motocross-e-e-transferido-de-helicoptero-para-hospital-de-criciuma\/#breadcrumb\",\"itemListElement\":[{\"@type\":\"ListItem\",\"position\":1,\"name\":\"In\u00edcio\",\"item\":\"https:\/\/sulsc.com\/\"},{\"@type\":\"ListItem\",\"position\":2,\"name\":\"Motociclista sofre grave acidente em pista de motocross e \u00e9 transferido de helic\u00f3ptero para hospital de Crici\u00fama\"}]},{\"@type\":\"WebSite\",\"@id\":\"https:\/\/sulsc.com\/#website\",\"url\":\"https:\/\/sulsc.com\/\",\"name\":\"\",\"description\":\"\",\"potentialAction\":[{\"@type\":\"SearchAction\",\"target\":{\"@type\":\"EntryPoint\",\"urlTemplate\":\"https:\/\/sulsc.com\/?s={search_term_string}\"},\"query-input\":\"required name=search_term_string\"}],\"inLanguage\":\"en-US\"},{\"@type\":\"Person\",\"@id\":\"https:\/\/sulsc.com\/#\/schema\/person\/84d2fc571684f6248ba83092f07750a3\",\"name\":\"Reda\u00e7\u00e3o Sul SC\",\"image\":{\"@type\":\"ImageObject\",\"inLanguage\":\"en-US\",\"@id\":\"https:\/\/sulsc.com\/#\/schema\/person\/image\/e08d7fe2cc4ed596372063bbe852b8d0\",\"url\":\"https:\/\/sulsc.com\/wp-content\/uploads\/2023\/09\/redacao.png\",\"contentUrl\":\"https:\/\/sulsc.com\/wp-content\/uploads\/2023\/09\/redacao.png\",\"caption\":\"Reda\u00e7\u00e3o Sul SC\"},\"description\":\"Foco em um jornalismo imparcial, voltado \u00e0 qualidade dos seus conte\u00fados e, assim, levar informa\u00e7\u00e3o de valor que agregue \u00e0 vida dos leitores. Esta \u00e9 grande miss\u00e3o do Portal de Not\u00edcias Sul SC. N\u00e3o \u00e9 quantidade que muda o mundo, sempre foi e seguir\u00e1 sendo qualidade!\",\"sameAs\":[\"https:\/\/sulsc.com\/\",\"https:\/\/www.facebook.com\/profile.php?id=61559278119680\",\"https:\/\/www.instagram.com\/sulscportal\/?hl=pt-br\",\"https:\/\/twitter.com\/https:\/\/twitter.com\/PortalSulSC\",\"https:\/\/www.youtube.com\/channel\/UCv_BE8GeySluDov2n8qhVmw\"],\"url\":\"https:\/\/sulsc.com\/index.php\/author\/redacao\/\"}]}<\/script>\n<!-- \/ Yoast SEO plugin. -->","yoast_head_json":{"title":"Motociclista sofre grave acidente em pista de motocross e \u00e9 transferido de helic\u00f3ptero para hospital de Crici\u00fama -","robots":{"index":"index","follow":"follow","max-snippet":"max-snippet:-1","max-image-preview":"max-image-preview:large","max-video-preview":"max-video-preview:-1"},"canonical":"https:\/\/sulsc.com\/index.php\/2025\/11\/30\/motociclista-sofre-grave-acidente-em-pista-de-motocross-e-e-transferido-de-helicoptero-para-hospital-de-criciuma\/","og_locale":"en_US","og_type":"article","og_title":"Motociclista sofre grave acidente em pista de motocross e \u00e9 transferido de helic\u00f3ptero para hospital de Crici\u00fama -","og_description":"Um motociclista sofreu graves ferimentos ap\u00f3s uma queda durante uma atividade na pista de motocross em Ermo, na tarde deste domingo (30). O Servi\u00e7o Aerom\u00e9dico do SAER\/SAMU foi acionado por volta das 12h30, ap\u00f3s a Central de Regula\u00e7\u00e3o do SAMU receber um pedido de apoio \u00e0 Unidade B\u00e1sica de Sa\u00fade local. Os socorristas disseram que &hellip; Motociclista sofre grave acidente em pista de motocross e \u00e9 transferido de helic\u00f3ptero para hospital de Crici\u00fama Read More &raquo;","og_url":"https:\/\/sulsc.com\/index.php\/2025\/11\/30\/motociclista-sofre-grave-acidente-em-pista-de-motocross-e-e-transferido-de-helicoptero-para-hospital-de-criciuma\/","article_author":"https:\/\/www.facebook.com\/profile.php?id=61559278119680","article_published_time":"2025-11-30T19:20:39+00:00","article_modified_time":"2025-11-30T19:21:14+00:00","og_image":[{"width":1080,"height":1018,"url":"http:\/\/sulsc.com\/wp-content\/uploads\/2025\/11\/8d990289-7bd3-4b16-9008-8cac093d6a6f.jpeg","type":"image\/jpeg"}],"author":"Reda\u00e7\u00e3o Sul SC","twitter_card":"summary_large_image","twitter_creator":"@https:\/\/twitter.com\/PortalSulSC","twitter_misc":{"Written by":"Reda\u00e7\u00e3o Sul SC","Est. reading time":"1 minute"},"schema":{"@context":"https:\/\/schema.org","@graph":[{"@type":"WebPage","@id":"https:\/\/sulsc.com\/index.php\/2025\/11\/30\/motociclista-sofre-grave-acidente-em-pista-de-motocross-e-e-transferido-de-helicoptero-para-hospital-de-criciuma\/","url":"https:\/\/sulsc.com\/index.php\/2025\/11\/30\/motociclista-sofre-grave-acidente-em-pista-de-motocross-e-e-transferido-de-helicoptero-para-hospital-de-criciuma\/","name":"Motociclista sofre grave acidente em pista de motocross e \u00e9 transferido de helic\u00f3ptero para hospital de Crici\u00fama -","isPartOf":{"@id":"https:\/\/sulsc.com\/#website"},"datePublished":"2025-11-30T19:20:39+00:00","dateModified":"2025-11-30T19:21:14+00:00","author":{"@id":"https:\/\/sulsc.com\/#\/schema\/person\/84d2fc571684f6248ba83092f07750a3"},"breadcrumb":{"@id":"https:\/\/sulsc.com\/index.php\/2025\/11\/30\/motociclista-sofre-grave-acidente-em-pista-de-motocross-e-e-transferido-de-helicoptero-para-hospital-de-criciuma\/#breadcrumb"},"inLanguage":"en-US","potentialAction":[{"@type":"ReadAction","target":["https:\/\/sulsc.com\/index.php\/2025\/11\/30\/motociclista-sofre-grave-acidente-em-pista-de-motocross-e-e-transferido-de-helicoptero-para-hospital-de-criciuma\/"]}]},{"@type":"BreadcrumbList","@id":"https:\/\/sulsc.com\/index.php\/2025\/11\/30\/motociclista-sofre-grave-acidente-em-pista-de-motocross-e-e-transferido-de-helicoptero-para-hospital-de-criciuma\/#breadcrumb","itemListElement":[{"@type":"ListItem","position":1,"name":"In\u00edcio","item":"https:\/\/sulsc.com\/"},{"@type":"ListItem","position":2,"name":"Motociclista sofre grave acidente em pista de motocross e \u00e9 transferido de helic\u00f3ptero para hospital de Crici\u00fama"}]},{"@type":"WebSite","@id":"https:\/\/sulsc.com\/#website","url":"https:\/\/sulsc.com\/","name":"","description":"","potentialAction":[{"@type":"SearchAction","target":{"@type":"EntryPoint","urlTemplate":"https:\/\/sulsc.com\/?s={search_term_string}"},"query-input":"required name=search_term_string"}],"inLanguage":"en-US"},{"@type":"Person","@id":"https:\/\/sulsc.com\/#\/schema\/person\/84d2fc571684f6248ba83092f07750a3","name":"Reda\u00e7\u00e3o Sul SC","image":{"@type":"ImageObject","inLanguage":"en-US","@id":"https:\/\/sulsc.com\/#\/schema\/person\/image\/e08d7fe2cc4ed596372063bbe852b8d0","url":"https:\/\/sulsc.com\/wp-content\/uploads\/2023\/09\/redacao.png","contentUrl":"https:\/\/sulsc.com\/wp-content\/uploads\/2023\/09\/redacao.png","caption":"Reda\u00e7\u00e3o Sul SC"},"description":"Foco em um jornalismo imparcial, voltado \u00e0 qualidade dos seus conte\u00fados e, assim, levar informa\u00e7\u00e3o de valor que agregue \u00e0 vida dos leitores. Esta \u00e9 grande miss\u00e3o do Portal de Not\u00edcias Sul SC. N\u00e3o \u00e9 quantidade que muda o mundo, sempre foi e seguir\u00e1 sendo qualidade!","sameAs":["https:\/\/sulsc.com\/","https:\/\/www.facebook.com\/profile.php?id=61559278119680","https:\/\/www.instagram.com\/sulscportal\/?hl=pt-br","https:\/\/twitter.com\/https:\/\/twitter.com\/PortalSulSC","https:\/\/www.youtube.com\/channel\/UCv_BE8GeySluDov2n8qhVmw"],"url":"https:\/\/sulsc.com\/index.php\/author\/redacao\/"}]}},"authors":[],"_links":{"self":[{"href":"https:\/\/sulsc.com\/index.php\/wp-json\/wp\/v2\/posts\/30258"}],"collection":[{"href":"https:\/\/sulsc.com\/index.php\/wp-json\/wp\/v2\/posts"}],"about":[{"href":"https:\/\/sulsc.com\/index.php\/wp-json\/wp\/v2\/types\/post"}],"author":[{"embeddable":true,"href":"https:\/\/sulsc.com\/index.php\/wp-json\/wp\/v2\/users\/3"}],"replies":[{"embeddable":true,"href":"https:\/\/sulsc.com\/index.php\/wp-json\/wp\/v2\/comments?post=30258"}],"version-history":[{"count":2,"href":"https:\/\/sulsc.com\/index.php\/wp-json\/wp\/v2\/posts\/30258\/revisions"}],"predecessor-version":[{"id":30261,"href":"https:\/\/sulsc.com\/index.php\/wp-json\/wp\/v2\/posts\/30258\/revisions\/30261"}],"wp:featuredmedia":[{"embeddable":true,"href":"https:\/\/sulsc.com\/index.php\/wp-json\/wp\/v2\/media\/30259"}],"wp:attachment":[{"href":"https:\/\/sulsc.com\/index.php\/wp-json\/wp\/v2\/media?parent=30258"}],"wp:term":[{"taxonomy":"category","embeddable":true,"href":"https:\/\/sulsc.com\/index.php\/wp-json\/wp\/v2\/categories?post=30258"},{"taxonomy":"post_tag","embeddable":true,"href":"https:\/\/sulsc.com\/index.php\/wp-json\/wp\/v2\/tags?post=30258"}],"curies":[{"name":"wp","href":"https:\/\/api.w.org\/{rel}","templated":true}]}}