{"id":30302,"date":"2025-12-01T17:08:33","date_gmt":"2025-12-01T20:08:33","guid":{"rendered":"https:\/\/sulsc.com\/?p=30302"},"modified":"2025-12-01T17:14:12","modified_gmt":"2025-12-01T20:14:12","slug":"tubarao-lancado-licitacao-para-retomada-das-obras-do-posto-avancado-do-corpo-de-bombeiros-no-bairro-de-oficinas","status":"publish","type":"post","link":"https:\/\/sulsc.com\/index.php\/2025\/12\/01\/tubarao-lancado-licitacao-para-retomada-das-obras-do-posto-avancado-do-corpo-de-bombeiros-no-bairro-de-oficinas\/","title":{"rendered":"Tubar\u00e3o &#8211; Lan\u00e7ado Edital de licita\u00e7\u00e3o para retomada das obras do Posto Avan\u00e7ado do Corpo de Bombeiros no bairro de oficinas"},"content":{"rendered":"<p><span dir=\"auto\" style=\"vertical-align: inherit;\"><span dir=\"auto\" style=\"vertical-align: inherit;\"><span dir=\"auto\" style=\"vertical-align: inherit;\"><span dir=\"auto\" style=\"vertical-align: inherit;\">\u00c9 lan\u00e7ado o t\u00e3o e aguardo edital de licita\u00e7\u00e3o para retomada das obras do Posto Avan\u00e7ado do Corpo de Bombeiros, localizado na Rua Annes Gualberto, no Bairro Oficinas em Tubar\u00e3o. A constru\u00e7\u00e3o est\u00e1 paralisada, com aproximadamente 28% dos servi\u00e7os executados, conforme diagn\u00f3stico t\u00e9cnico do munic\u00edpio. O valor global \u00e9 de <\/span><\/span><\/span><\/span><strong><span dir=\"auto\" style=\"vertical-align: inherit;\"><span dir=\"auto\" style=\"vertical-align: inherit;\"><span dir=\"auto\" style=\"vertical-align: inherit;\"><span dir=\"auto\" style=\"vertical-align: inherit;\">2.622.124,75<\/span><\/span><\/span><\/span><\/strong><span dir=\"auto\" style=\"vertical-align: inherit;\"><span dir=\"auto\" style=\"vertical-align: inherit;\"><span dir=\"auto\" style=\"vertical-align: inherit;\"><span dir=\"auto\" style=\"vertical-align: inherit;\"> . <\/span><\/span><\/span><\/span><strong><span dir=\"auto\" style=\"vertical-align: inherit;\"><span dir=\"auto\" style=\"vertical-align: inherit;\"><span dir=\"auto\" style=\"vertical-align: inherit;\"><span dir=\"auto\" style=\"vertical-align: inherit;\">A abertura das propostas ser\u00e1 no dia 11 de dezembro.<\/span><\/span><\/span><\/span><\/strong><\/p>\n<p><span dir=\"auto\" style=\"vertical-align: inherit;\"><span dir=\"auto\" style=\"vertical-align: inherit;\"><span dir=\"auto\" style=\"vertical-align: inherit;\"><span dir=\"auto\" style=\"vertical-align: inherit;\">A obra havia sido iniciada com outra empresa, cujo contrato foi rescindido pela prefeitura neste ano. Com uma nova concorr\u00eancia, ser\u00e1 contratada uma empresa para concluir integralmente o projeto, que inclui todas as etapas previstas no edital.<\/span><\/span><\/span><\/span><\/p>\n<div id=\"metaslider-id-25573\" style=\"width: 100%;\" class=\"ml-slider-3-99-0 metaslider metaslider-flex metaslider-25573 ml-slider has-onhover-arrows ms-theme-default-base has-dots-nav\" role=\"region\" aria-label=\"Meio\" data-width=\"1200\">\n    <div id=\"metaslider_container_25573\">\n        <div id=\"metaslider_25573\">\n            <ul class='slides'>\n                <li style=\"display: block; width: 100%;\" class=\"slide-25684 ms-image \" aria-roledescription=\"slide\" data-date=\"2025-07-24 07:55:40\"><img src=\"https:\/\/sulsc.com\/wp-content\/uploads\/2025\/07\/Marr-2-1000x166.jpg\" height=\"200\" width=\"1200\" alt=\"\" class=\"slider-25573 slide-25684 msDefaultImage\" title=\"Marr 2\" \/><\/li>\n                <li style=\"display: none; width: 100%;\" class=\"slide-32412 ms-image \" aria-roledescription=\"slide\" data-date=\"2026-02-18 13:59:46\"><img src=\"https:\/\/sulsc.com\/wp-content\/uploads\/2026\/02\/40dc1580-cad5-4867-bc58-c4243821ad38-1000x166.jpeg\" height=\"200\" width=\"1200\" alt=\"\" class=\"slider-25573 slide-32412 msDefaultImage\" title=\"40dc1580-cad5-4867-bc58-c4243821ad38\" \/><\/li>\n                <li style=\"display: none; width: 100%;\" class=\"slide-32766 ms-image \" aria-roledescription=\"slide\" data-date=\"2026-03-03 17:22:59\"><img src=\"https:\/\/sulsc.com\/wp-content\/uploads\/2026\/03\/271ce739-f268-41c5-8051-3de1a1750359-1000x166.jpeg\" height=\"200\" width=\"1200\" alt=\"\" class=\"slider-25573 slide-32766 msDefaultImage\" title=\"271ce739-f268-41c5-8051-3de1a1750359\" \/><\/li>\n            <\/ul>\n        <\/div>\n        \n    <\/div>\n<\/div>\n<p><span dir=\"auto\" style=\"vertical-align: inherit;\"><span dir=\"auto\" style=\"vertical-align: inherit;\"><span dir=\"auto\" style=\"vertical-align: inherit;\"><span dir=\"auto\" style=\"vertical-align: inherit;\">A licita\u00e7\u00e3o ser\u00e1 realizada na modalidade menor pre\u00e7o global, em lote \u00fanico, conforme crit\u00e9rios e especifica\u00e7\u00f5es espec\u00edficas no edital. As empresas interessadas podem participar por meio da plataforma do Portal de Compras P\u00fablicas, obedecendo aos crit\u00e9rios cadastrais e \u00e0s opera\u00e7\u00f5es operacionais no documento oficial, que podem ser <\/span><\/span><\/span><\/span><strong><span dir=\"auto\" style=\"vertical-align: inherit;\"><span dir=\"auto\" style=\"vertical-align: inherit;\"><span dir=\"auto\" style=\"vertical-align: inherit;\"><span dir=\"auto\" style=\"vertical-align: inherit;\">acessados \u200b\u200bpor meio <\/span><\/span><\/span><\/span><a href=\"https:\/\/tubarao.sc.gov.br\/licitacao\/concorrencia-eletronica-10-2025-pmt\/\"><span dir=\"auto\" style=\"vertical-align: inherit;\"><span dir=\"auto\" style=\"vertical-align: inherit;\"><span dir=\"auto\" style=\"vertical-align: inherit;\"><span dir=\"auto\" style=\"vertical-align: inherit;\">deste link<\/span><\/span><\/span><\/span><\/a><span dir=\"auto\" style=\"vertical-align: inherit;\"><span dir=\"auto\" style=\"vertical-align: inherit;\"><span dir=\"auto\" style=\"vertical-align: inherit;\"><span dir=\"auto\" style=\"vertical-align: inherit;\"> .<\/span><\/span><\/span><\/span><\/strong><\/p>\n<p><img fetchpriority=\"high\" decoding=\"async\" class=\"aligncenter size-full wp-image-30306\" src=\"http:\/\/sulsc.com\/wp-content\/uploads\/2025\/12\/95f45926-d810-4d04-9862-26d1118cb1ec.jpeg\" alt=\"\" width=\"1280\" height=\"960\" srcset=\"https:\/\/sulsc.com\/wp-content\/uploads\/2025\/12\/95f45926-d810-4d04-9862-26d1118cb1ec.jpeg 1280w, https:\/\/sulsc.com\/wp-content\/uploads\/2025\/12\/95f45926-d810-4d04-9862-26d1118cb1ec-300x225.jpeg 300w, https:\/\/sulsc.com\/wp-content\/uploads\/2025\/12\/95f45926-d810-4d04-9862-26d1118cb1ec-1024x768.jpeg 1024w, https:\/\/sulsc.com\/wp-content\/uploads\/2025\/12\/95f45926-d810-4d04-9862-26d1118cb1ec-768x576.jpeg 768w\" sizes=\"(max-width: 1280px) 100vw, 1280px\" \/><\/p>\n<p><span dir=\"auto\" style=\"vertical-align: inherit;\"><span dir=\"auto\" style=\"vertical-align: inherit;\"><span dir=\"auto\" style=\"vertical-align: inherit;\"><span dir=\"auto\" style=\"vertical-align: inherit;\">Foto: Enviado por morador\/Divulga\u00e7\u00e3o\/SulSC<\/span><\/span><\/span><\/span><\/p>\n<p><span dir=\"auto\" style=\"vertical-align: inherit;\"><span dir=\"auto\" style=\"vertical-align: inherit;\"><span dir=\"auto\" style=\"vertical-align: inherit;\"><span dir=\"auto\" style=\"vertical-align: inherit;\">O local hoje se encontra em total abandono por parte do munic\u00edpio. Moradores reclamam da falta de manuten\u00e7\u00e3o da prefeitura de zeladoria na \u00e1rea. Atualmente, o espa\u00e7o est\u00e1 abandonado, com v\u00e1rios pontos de \u00e1gua parados, mato alto e at\u00e9 os tapumes foram levados por v\u00e2ndalos, incidente um morador pr\u00f3ximo ao local.<\/span><\/span><\/span><\/span><\/p>\n<p><img decoding=\"async\" class=\"aligncenter size-full wp-image-30307\" src=\"http:\/\/sulsc.com\/wp-content\/uploads\/2025\/12\/a5f27daa-c9a0-4da3-82c0-ad3490f6186c.jpeg\" alt=\"\" width=\"1600\" height=\"900\" srcset=\"https:\/\/sulsc.com\/wp-content\/uploads\/2025\/12\/a5f27daa-c9a0-4da3-82c0-ad3490f6186c.jpeg 1600w, https:\/\/sulsc.com\/wp-content\/uploads\/2025\/12\/a5f27daa-c9a0-4da3-82c0-ad3490f6186c-300x169.jpeg 300w, https:\/\/sulsc.com\/wp-content\/uploads\/2025\/12\/a5f27daa-c9a0-4da3-82c0-ad3490f6186c-1024x576.jpeg 1024w, https:\/\/sulsc.com\/wp-content\/uploads\/2025\/12\/a5f27daa-c9a0-4da3-82c0-ad3490f6186c-768x432.jpeg 768w, https:\/\/sulsc.com\/wp-content\/uploads\/2025\/12\/a5f27daa-c9a0-4da3-82c0-ad3490f6186c-1536x864.jpeg 1536w\" sizes=\"(max-width: 1600px) 100vw, 1600px\" \/><\/p>\n<p><span dir=\"auto\" style=\"vertical-align: inherit;\"><span dir=\"auto\" style=\"vertical-align: inherit;\"><span dir=\"auto\" style=\"vertical-align: inherit;\"><span dir=\"auto\" style=\"vertical-align: inherit;\">Foto\/SulSC<\/span><\/span><\/span><\/span><\/p>\n","protected":false},"excerpt":{"rendered":"<p>\u00c9 lan\u00e7ado o t\u00e3o e aguardo edital de licita\u00e7\u00e3o para retomada das obras do Posto Avan\u00e7ado do Corpo de Bombeiros, localizado na Rua Annes Gualberto, no Bairro Oficinas em Tubar\u00e3o. A constru\u00e7\u00e3o est\u00e1 paralisada, com aproximadamente 28% dos servi\u00e7os executados, conforme diagn\u00f3stico t\u00e9cnico do munic\u00edpio. O valor global \u00e9 de 2.622.124,75 . A abertura das &hellip;<\/p>\n<p class=\"read-more\"> <a class=\"\" href=\"https:\/\/sulsc.com\/index.php\/2025\/12\/01\/tubarao-lancado-licitacao-para-retomada-das-obras-do-posto-avancado-do-corpo-de-bombeiros-no-bairro-de-oficinas\/\"> <span class=\"screen-reader-text\">Tubar\u00e3o &#8211; Lan\u00e7ado Edital de licita\u00e7\u00e3o para retomada das obras do Posto Avan\u00e7ado do Corpo de Bombeiros no bairro de oficinas<\/span> Read More &raquo;<\/a><\/p>\n","protected":false},"author":3,"featured_media":30308,"comment_status":"open","ping_status":"open","sticky":false,"template":"","format":"standard","meta":{"site-sidebar-layout":"default","site-content-layout":"","ast-site-content-layout":"default","site-content-style":"default","site-sidebar-style":"default","ast-global-header-display":"","ast-banner-title-visibility":"","ast-main-header-display":"","ast-hfb-above-header-display":"","ast-hfb-below-header-display":"","ast-hfb-mobile-header-display":"","site-post-title":"","ast-breadcrumbs-content":"","ast-featured-img":"","footer-sml-layout":"","theme-transparent-header-meta":"default","adv-header-id-meta":"","stick-header-meta":"","header-above-stick-meta":"","header-main-stick-meta":"","header-below-stick-meta":"","astra-migrate-meta-layouts":"set","footnotes":""},"categories":[2231,1],"tags":[1193],"yoast_head":"<!-- This site is optimized with the Yoast SEO plugin v21.4 - https:\/\/yoast.com\/wordpress\/plugins\/seo\/ -->\n<title>Tubar\u00e3o - Lan\u00e7ado Edital de licita\u00e7\u00e3o para retomada das obras do Posto Avan\u00e7ado do Corpo de Bombeiros no bairro de oficinas -<\/title>\n<meta name=\"robots\" content=\"index, follow, max-snippet:-1, max-image-preview:large, max-video-preview:-1\" \/>\n<link rel=\"canonical\" href=\"https:\/\/sulsc.com\/index.php\/2025\/12\/01\/tubarao-lancado-licitacao-para-retomada-das-obras-do-posto-avancado-do-corpo-de-bombeiros-no-bairro-de-oficinas\/\" \/>\n<meta property=\"og:locale\" content=\"en_US\" \/>\n<meta property=\"og:type\" content=\"article\" \/>\n<meta property=\"og:title\" content=\"Tubar\u00e3o - Lan\u00e7ado Edital de licita\u00e7\u00e3o para retomada das obras do Posto Avan\u00e7ado do Corpo de Bombeiros no bairro de oficinas -\" \/>\n<meta property=\"og:description\" content=\"\u00c9 lan\u00e7ado o t\u00e3o e aguardo edital de licita\u00e7\u00e3o para retomada das obras do Posto Avan\u00e7ado do Corpo de Bombeiros, localizado na Rua Annes Gualberto, no Bairro Oficinas em Tubar\u00e3o. A constru\u00e7\u00e3o est\u00e1 paralisada, com aproximadamente 28% dos servi\u00e7os executados, conforme diagn\u00f3stico t\u00e9cnico do munic\u00edpio. O valor global \u00e9 de 2.622.124,75 . A abertura das &hellip; Tubar\u00e3o &#8211; Lan\u00e7ado Edital de licita\u00e7\u00e3o para retomada das obras do Posto Avan\u00e7ado do Corpo de Bombeiros no bairro de oficinas Read More &raquo;\" \/>\n<meta property=\"og:url\" content=\"https:\/\/sulsc.com\/index.php\/2025\/12\/01\/tubarao-lancado-licitacao-para-retomada-das-obras-do-posto-avancado-do-corpo-de-bombeiros-no-bairro-de-oficinas\/\" \/>\n<meta property=\"article:author\" content=\"https:\/\/www.facebook.com\/profile.php?id=61559278119680\" \/>\n<meta property=\"article:published_time\" content=\"2025-12-01T20:08:33+00:00\" \/>\n<meta property=\"article:modified_time\" content=\"2025-12-01T20:14:12+00:00\" \/>\n<meta property=\"og:image\" content=\"http:\/\/sulsc.com\/wp-content\/uploads\/2025\/12\/WhatsApp-Image-2025-12-01-at-11.14.08-800x445-1.jpeg\" \/>\n\t<meta property=\"og:image:width\" content=\"800\" \/>\n\t<meta property=\"og:image:height\" content=\"445\" \/>\n\t<meta property=\"og:image:type\" content=\"image\/jpeg\" \/>\n<meta name=\"author\" content=\"Reda\u00e7\u00e3o Sul SC\" \/>\n<meta name=\"twitter:card\" content=\"summary_large_image\" \/>\n<meta name=\"twitter:creator\" content=\"@https:\/\/twitter.com\/PortalSulSC\" \/>\n<meta name=\"twitter:label1\" content=\"Written by\" \/>\n\t<meta name=\"twitter:data1\" content=\"Reda\u00e7\u00e3o Sul SC\" \/>\n\t<meta name=\"twitter:label2\" content=\"Est. reading time\" \/>\n\t<meta name=\"twitter:data2\" content=\"2 minutes\" \/>\n<script type=\"application\/ld+json\" class=\"yoast-schema-graph\">{\"@context\":\"https:\/\/schema.org\",\"@graph\":[{\"@type\":\"WebPage\",\"@id\":\"https:\/\/sulsc.com\/index.php\/2025\/12\/01\/tubarao-lancado-licitacao-para-retomada-das-obras-do-posto-avancado-do-corpo-de-bombeiros-no-bairro-de-oficinas\/\",\"url\":\"https:\/\/sulsc.com\/index.php\/2025\/12\/01\/tubarao-lancado-licitacao-para-retomada-das-obras-do-posto-avancado-do-corpo-de-bombeiros-no-bairro-de-oficinas\/\",\"name\":\"Tubar\u00e3o - Lan\u00e7ado Edital de licita\u00e7\u00e3o para retomada das obras do Posto Avan\u00e7ado do Corpo de Bombeiros no bairro de oficinas -\",\"isPartOf\":{\"@id\":\"https:\/\/sulsc.com\/#website\"},\"datePublished\":\"2025-12-01T20:08:33+00:00\",\"dateModified\":\"2025-12-01T20:14:12+00:00\",\"author\":{\"@id\":\"https:\/\/sulsc.com\/#\/schema\/person\/84d2fc571684f6248ba83092f07750a3\"},\"breadcrumb\":{\"@id\":\"https:\/\/sulsc.com\/index.php\/2025\/12\/01\/tubarao-lancado-licitacao-para-retomada-das-obras-do-posto-avancado-do-corpo-de-bombeiros-no-bairro-de-oficinas\/#breadcrumb\"},\"inLanguage\":\"en-US\",\"potentialAction\":[{\"@type\":\"ReadAction\",\"target\":[\"https:\/\/sulsc.com\/index.php\/2025\/12\/01\/tubarao-lancado-licitacao-para-retomada-das-obras-do-posto-avancado-do-corpo-de-bombeiros-no-bairro-de-oficinas\/\"]}]},{\"@type\":\"BreadcrumbList\",\"@id\":\"https:\/\/sulsc.com\/index.php\/2025\/12\/01\/tubarao-lancado-licitacao-para-retomada-das-obras-do-posto-avancado-do-corpo-de-bombeiros-no-bairro-de-oficinas\/#breadcrumb\",\"itemListElement\":[{\"@type\":\"ListItem\",\"position\":1,\"name\":\"In\u00edcio\",\"item\":\"https:\/\/sulsc.com\/\"},{\"@type\":\"ListItem\",\"position\":2,\"name\":\"Tubar\u00e3o &#8211; Lan\u00e7ado Edital de licita\u00e7\u00e3o para retomada das obras do Posto Avan\u00e7ado do Corpo de Bombeiros no bairro de oficinas\"}]},{\"@type\":\"WebSite\",\"@id\":\"https:\/\/sulsc.com\/#website\",\"url\":\"https:\/\/sulsc.com\/\",\"name\":\"\",\"description\":\"\",\"potentialAction\":[{\"@type\":\"SearchAction\",\"target\":{\"@type\":\"EntryPoint\",\"urlTemplate\":\"https:\/\/sulsc.com\/?s={search_term_string}\"},\"query-input\":\"required name=search_term_string\"}],\"inLanguage\":\"en-US\"},{\"@type\":\"Person\",\"@id\":\"https:\/\/sulsc.com\/#\/schema\/person\/84d2fc571684f6248ba83092f07750a3\",\"name\":\"Reda\u00e7\u00e3o Sul SC\",\"image\":{\"@type\":\"ImageObject\",\"inLanguage\":\"en-US\",\"@id\":\"https:\/\/sulsc.com\/#\/schema\/person\/image\/e08d7fe2cc4ed596372063bbe852b8d0\",\"url\":\"https:\/\/sulsc.com\/wp-content\/uploads\/2023\/09\/redacao.png\",\"contentUrl\":\"https:\/\/sulsc.com\/wp-content\/uploads\/2023\/09\/redacao.png\",\"caption\":\"Reda\u00e7\u00e3o Sul SC\"},\"description\":\"Foco em um jornalismo imparcial, voltado \u00e0 qualidade dos seus conte\u00fados e, assim, levar informa\u00e7\u00e3o de valor que agregue \u00e0 vida dos leitores. Esta \u00e9 grande miss\u00e3o do Portal de Not\u00edcias Sul SC. N\u00e3o \u00e9 quantidade que muda o mundo, sempre foi e seguir\u00e1 sendo qualidade!\",\"sameAs\":[\"https:\/\/sulsc.com\/\",\"https:\/\/www.facebook.com\/profile.php?id=61559278119680\",\"https:\/\/www.instagram.com\/sulscportal\/?hl=pt-br\",\"https:\/\/twitter.com\/https:\/\/twitter.com\/PortalSulSC\",\"https:\/\/www.youtube.com\/channel\/UCv_BE8GeySluDov2n8qhVmw\"],\"url\":\"https:\/\/sulsc.com\/index.php\/author\/redacao\/\"}]}<\/script>\n<!-- \/ Yoast SEO plugin. -->","yoast_head_json":{"title":"Tubar\u00e3o - Lan\u00e7ado Edital de licita\u00e7\u00e3o para retomada das obras do Posto Avan\u00e7ado do Corpo de Bombeiros no bairro de oficinas -","robots":{"index":"index","follow":"follow","max-snippet":"max-snippet:-1","max-image-preview":"max-image-preview:large","max-video-preview":"max-video-preview:-1"},"canonical":"https:\/\/sulsc.com\/index.php\/2025\/12\/01\/tubarao-lancado-licitacao-para-retomada-das-obras-do-posto-avancado-do-corpo-de-bombeiros-no-bairro-de-oficinas\/","og_locale":"en_US","og_type":"article","og_title":"Tubar\u00e3o - Lan\u00e7ado Edital de licita\u00e7\u00e3o para retomada das obras do Posto Avan\u00e7ado do Corpo de Bombeiros no bairro de oficinas -","og_description":"\u00c9 lan\u00e7ado o t\u00e3o e aguardo edital de licita\u00e7\u00e3o para retomada das obras do Posto Avan\u00e7ado do Corpo de Bombeiros, localizado na Rua Annes Gualberto, no Bairro Oficinas em Tubar\u00e3o. A constru\u00e7\u00e3o est\u00e1 paralisada, com aproximadamente 28% dos servi\u00e7os executados, conforme diagn\u00f3stico t\u00e9cnico do munic\u00edpio. O valor global \u00e9 de 2.622.124,75 . A abertura das &hellip; Tubar\u00e3o &#8211; Lan\u00e7ado Edital de licita\u00e7\u00e3o para retomada das obras do Posto Avan\u00e7ado do Corpo de Bombeiros no bairro de oficinas Read More &raquo;","og_url":"https:\/\/sulsc.com\/index.php\/2025\/12\/01\/tubarao-lancado-licitacao-para-retomada-das-obras-do-posto-avancado-do-corpo-de-bombeiros-no-bairro-de-oficinas\/","article_author":"https:\/\/www.facebook.com\/profile.php?id=61559278119680","article_published_time":"2025-12-01T20:08:33+00:00","article_modified_time":"2025-12-01T20:14:12+00:00","og_image":[{"width":800,"height":445,"url":"http:\/\/sulsc.com\/wp-content\/uploads\/2025\/12\/WhatsApp-Image-2025-12-01-at-11.14.08-800x445-1.jpeg","type":"image\/jpeg"}],"author":"Reda\u00e7\u00e3o Sul SC","twitter_card":"summary_large_image","twitter_creator":"@https:\/\/twitter.com\/PortalSulSC","twitter_misc":{"Written by":"Reda\u00e7\u00e3o Sul SC","Est. reading time":"2 minutes"},"schema":{"@context":"https:\/\/schema.org","@graph":[{"@type":"WebPage","@id":"https:\/\/sulsc.com\/index.php\/2025\/12\/01\/tubarao-lancado-licitacao-para-retomada-das-obras-do-posto-avancado-do-corpo-de-bombeiros-no-bairro-de-oficinas\/","url":"https:\/\/sulsc.com\/index.php\/2025\/12\/01\/tubarao-lancado-licitacao-para-retomada-das-obras-do-posto-avancado-do-corpo-de-bombeiros-no-bairro-de-oficinas\/","name":"Tubar\u00e3o - Lan\u00e7ado Edital de licita\u00e7\u00e3o para retomada das obras do Posto Avan\u00e7ado do Corpo de Bombeiros no bairro de oficinas -","isPartOf":{"@id":"https:\/\/sulsc.com\/#website"},"datePublished":"2025-12-01T20:08:33+00:00","dateModified":"2025-12-01T20:14:12+00:00","author":{"@id":"https:\/\/sulsc.com\/#\/schema\/person\/84d2fc571684f6248ba83092f07750a3"},"breadcrumb":{"@id":"https:\/\/sulsc.com\/index.php\/2025\/12\/01\/tubarao-lancado-licitacao-para-retomada-das-obras-do-posto-avancado-do-corpo-de-bombeiros-no-bairro-de-oficinas\/#breadcrumb"},"inLanguage":"en-US","potentialAction":[{"@type":"ReadAction","target":["https:\/\/sulsc.com\/index.php\/2025\/12\/01\/tubarao-lancado-licitacao-para-retomada-das-obras-do-posto-avancado-do-corpo-de-bombeiros-no-bairro-de-oficinas\/"]}]},{"@type":"BreadcrumbList","@id":"https:\/\/sulsc.com\/index.php\/2025\/12\/01\/tubarao-lancado-licitacao-para-retomada-das-obras-do-posto-avancado-do-corpo-de-bombeiros-no-bairro-de-oficinas\/#breadcrumb","itemListElement":[{"@type":"ListItem","position":1,"name":"In\u00edcio","item":"https:\/\/sulsc.com\/"},{"@type":"ListItem","position":2,"name":"Tubar\u00e3o &#8211; Lan\u00e7ado Edital de licita\u00e7\u00e3o para retomada das obras do Posto Avan\u00e7ado do Corpo de Bombeiros no bairro de oficinas"}]},{"@type":"WebSite","@id":"https:\/\/sulsc.com\/#website","url":"https:\/\/sulsc.com\/","name":"","description":"","potentialAction":[{"@type":"SearchAction","target":{"@type":"EntryPoint","urlTemplate":"https:\/\/sulsc.com\/?s={search_term_string}"},"query-input":"required name=search_term_string"}],"inLanguage":"en-US"},{"@type":"Person","@id":"https:\/\/sulsc.com\/#\/schema\/person\/84d2fc571684f6248ba83092f07750a3","name":"Reda\u00e7\u00e3o Sul SC","image":{"@type":"ImageObject","inLanguage":"en-US","@id":"https:\/\/sulsc.com\/#\/schema\/person\/image\/e08d7fe2cc4ed596372063bbe852b8d0","url":"https:\/\/sulsc.com\/wp-content\/uploads\/2023\/09\/redacao.png","contentUrl":"https:\/\/sulsc.com\/wp-content\/uploads\/2023\/09\/redacao.png","caption":"Reda\u00e7\u00e3o Sul SC"},"description":"Foco em um jornalismo imparcial, voltado \u00e0 qualidade dos seus conte\u00fados e, assim, levar informa\u00e7\u00e3o de valor que agregue \u00e0 vida dos leitores. Esta \u00e9 grande miss\u00e3o do Portal de Not\u00edcias Sul SC. N\u00e3o \u00e9 quantidade que muda o mundo, sempre foi e seguir\u00e1 sendo qualidade!","sameAs":["https:\/\/sulsc.com\/","https:\/\/www.facebook.com\/profile.php?id=61559278119680","https:\/\/www.instagram.com\/sulscportal\/?hl=pt-br","https:\/\/twitter.com\/https:\/\/twitter.com\/PortalSulSC","https:\/\/www.youtube.com\/channel\/UCv_BE8GeySluDov2n8qhVmw"],"url":"https:\/\/sulsc.com\/index.php\/author\/redacao\/"}]}},"authors":[],"_links":{"self":[{"href":"https:\/\/sulsc.com\/index.php\/wp-json\/wp\/v2\/posts\/30302"}],"collection":[{"href":"https:\/\/sulsc.com\/index.php\/wp-json\/wp\/v2\/posts"}],"about":[{"href":"https:\/\/sulsc.com\/index.php\/wp-json\/wp\/v2\/types\/post"}],"author":[{"embeddable":true,"href":"https:\/\/sulsc.com\/index.php\/wp-json\/wp\/v2\/users\/3"}],"replies":[{"embeddable":true,"href":"https:\/\/sulsc.com\/index.php\/wp-json\/wp\/v2\/comments?post=30302"}],"version-history":[{"count":4,"href":"https:\/\/sulsc.com\/index.php\/wp-json\/wp\/v2\/posts\/30302\/revisions"}],"predecessor-version":[{"id":30312,"href":"https:\/\/sulsc.com\/index.php\/wp-json\/wp\/v2\/posts\/30302\/revisions\/30312"}],"wp:featuredmedia":[{"embeddable":true,"href":"https:\/\/sulsc.com\/index.php\/wp-json\/wp\/v2\/media\/30308"}],"wp:attachment":[{"href":"https:\/\/sulsc.com\/index.php\/wp-json\/wp\/v2\/media?parent=30302"}],"wp:term":[{"taxonomy":"category","embeddable":true,"href":"https:\/\/sulsc.com\/index.php\/wp-json\/wp\/v2\/categories?post=30302"},{"taxonomy":"post_tag","embeddable":true,"href":"https:\/\/sulsc.com\/index.php\/wp-json\/wp\/v2\/tags?post=30302"}],"curies":[{"name":"wp","href":"https:\/\/api.w.org\/{rel}","templated":true}]}}