{"id":30332,"date":"2025-12-02T10:00:18","date_gmt":"2025-12-02T13:00:18","guid":{"rendered":"https:\/\/sulsc.com\/?p=30332"},"modified":"2025-12-02T11:12:16","modified_gmt":"2025-12-02T14:12:16","slug":"meio-ambiente-pl-cria-instituto-ambiental-de-laguna","status":"publish","type":"post","link":"https:\/\/sulsc.com\/index.php\/2025\/12\/02\/meio-ambiente-pl-cria-instituto-ambiental-de-laguna\/","title":{"rendered":"Meio Ambiente: PL cria Instituto Ambiental de Laguna"},"content":{"rendered":"<p><span dir=\"auto\" style=\"vertical-align: inherit;\"><span dir=\"auto\" style=\"vertical-align: inherit;\">A Prefeitura de Laguna encaminhou \u00e0 C\u00e2mara de Vereadores um Projeto de Lei Complementar que prop\u00f5e a cria\u00e7\u00e3o do Instituto Ambiental de Laguna, autarquia que substituir\u00e1 a Funda\u00e7\u00e3o Lagunense do Meio Ambiente (Flama) ap\u00f3s 19 anos de atua\u00e7\u00e3o. A iniciativa representa uma transforma\u00e7\u00e3o estrutural na pol\u00edtica ambiental do munic\u00edpio e inaugura um novo modelo de gest\u00e3o, mais moderno, opcional e alinhado \u00e0s demandas atuais.<\/span><\/span><\/p>\n<p><span dir=\"auto\" style=\"vertical-align: inherit;\"><span dir=\"auto\" style=\"vertical-align: inherit;\">Criada pela Lei Municipal n\u00ba 1.139\/2006, a Flama desempenha papel fundamental na prote\u00e7\u00e3o ambiental da cidade. No entanto, com as mudan\u00e7as legislativas, o aumento da fiscaliza\u00e7\u00e3o social e o crescimento econ\u00f4mico de Laguna bloqueiam uma estrutura mais robusta e t\u00e9cnica preparada para responder aos desafios contempor\u00e2neos.<\/span><\/span><\/p>\n<p><span dir=\"auto\" style=\"vertical-align: inherit;\"><span dir=\"auto\" style=\"vertical-align: inherit;\">Segundo o presidente da funda\u00e7\u00e3o, Celso Albuquerque, que conduz o processo de transi\u00e7\u00e3o, a mudan\u00e7a \u00e9 necess\u00e1ria e estrat\u00e9gica. <\/span><\/span><br \/>\n<span dir=\"auto\" style=\"vertical-align: inherit;\"><span dir=\"auto\" style=\"vertical-align: inherit;\">&#8220;N\u00e3o se trata de apagar a hist\u00f3ria da FLAMA, mas de import\u00e2ncia que Laguna mudou, o Brasil mudou e a pol\u00edtica ambiental tamb\u00e9m precisa mudar. O Instituto Ambiental de Laguna nasce para dar respostas mais r\u00e1pidas, t\u00e9cnicas e transparentes \u00e0s demandas da sociedade, sem abrir m\u00e3o do rigor na prote\u00e7\u00e3o do nosso patrim\u00f4nio natural&#8221;, afirma.<\/span><\/span><\/p>\n<p><span dir=\"auto\" style=\"vertical-align: inherit;\"><span dir=\"auto\" style=\"vertical-align: inherit;\"><div id=\"metaslider-id-25573\" style=\"width: 100%;\" class=\"ml-slider-3-99-0 metaslider metaslider-flex metaslider-25573 ml-slider has-onhover-arrows ms-theme-default-base has-dots-nav\" role=\"region\" aria-label=\"Meio\" data-width=\"1200\">\n    <div id=\"metaslider_container_25573\">\n        <div id=\"metaslider_25573\">\n            <ul class='slides'>\n                <li style=\"display: block; width: 100%;\" class=\"slide-25684 ms-image \" aria-roledescription=\"slide\" data-date=\"2025-07-24 07:55:40\"><img src=\"https:\/\/sulsc.com\/wp-content\/uploads\/2025\/07\/Marr-2-1000x166.jpg\" height=\"200\" width=\"1200\" alt=\"\" class=\"slider-25573 slide-25684 msDefaultImage\" title=\"Marr 2\" \/><\/li>\n                <li style=\"display: none; width: 100%;\" class=\"slide-32412 ms-image \" aria-roledescription=\"slide\" data-date=\"2026-02-18 13:59:46\"><img src=\"https:\/\/sulsc.com\/wp-content\/uploads\/2026\/02\/40dc1580-cad5-4867-bc58-c4243821ad38-1000x166.jpeg\" height=\"200\" width=\"1200\" alt=\"\" class=\"slider-25573 slide-32412 msDefaultImage\" title=\"40dc1580-cad5-4867-bc58-c4243821ad38\" \/><\/li>\n                <li style=\"display: none; width: 100%;\" class=\"slide-32766 ms-image \" aria-roledescription=\"slide\" data-date=\"2026-03-03 17:22:59\"><img src=\"https:\/\/sulsc.com\/wp-content\/uploads\/2026\/03\/271ce739-f268-41c5-8051-3de1a1750359-1000x166.jpeg\" height=\"200\" width=\"1200\" alt=\"\" class=\"slider-25573 slide-32766 msDefaultImage\" title=\"271ce739-f268-41c5-8051-3de1a1750359\" \/><\/li>\n            <\/ul>\n        <\/div>\n        \n    <\/div>\n<\/div><\/span><\/span><\/p>\n<p><strong><span dir=\"auto\" style=\"vertical-align: inherit;\"><span dir=\"auto\" style=\"vertical-align: inherit;\">Por que criar o Instituto Ambiental?<\/span><\/span><\/strong><\/p>\n<p><span dir=\"auto\" style=\"vertical-align: inherit;\"><span dir=\"auto\" style=\"vertical-align: inherit;\">O Projeto de Lei Complementar destaca uma s\u00e9rie de justificativas para a cria\u00e7\u00e3o da nova autarquia, entre elas:<\/span><\/span><\/p>\n<p><strong><span dir=\"auto\" style=\"vertical-align: inherit;\"><span dir=\"auto\" style=\"vertical-align: inherit;\">Adequa\u00e7\u00e3o \u00e0s novas legisla\u00e7\u00f5es ambientais:<\/span><\/span><\/strong><span dir=\"auto\" style=\"vertical-align: inherit;\"><span dir=\"auto\" style=\"vertical-align: inherit;\"> mudan\u00e7as recentes nas normas do Consema e da Lei Geral de Licenciamento bloquear atualiza\u00e7\u00e3o da estrutura municipal para evitar inseguran\u00e7a jur\u00eddica e garantir conformidade normativa.<\/span><\/span><\/p>\n<p><strong><span dir=\"auto\" style=\"vertical-align: inherit;\"><span dir=\"auto\" style=\"vertical-align: inherit;\">Crescimento econ\u00f4mico e press\u00e3o sobre o territ\u00f3rio:<\/span><\/span><\/strong><span dir=\"auto\" style=\"vertical-align: inherit;\"><span dir=\"auto\" style=\"vertical-align: inherit;\"> o aumento dos investimentos, do n\u00famero de empreendimentos e das demandas de fiscaliza\u00e7\u00e3o refor\u00e7am a necessidade de um \u00f3rg\u00e3o ambiental mais \u00e1gil e tecnicamente capacitado.<\/span><\/span><\/p>\n<p><strong><span dir=\"auto\" style=\"vertical-align: inherit;\"><span dir=\"auto\" style=\"vertical-align: inherit;\">Atendimento ao Legislativo e \u00e0 sociedade:<\/span><\/span><\/strong><span dir=\"auto\" style=\"vertical-align: inherit;\"><span dir=\"auto\" style=\"vertical-align: inherit;\"> a proposta tamb\u00e9m atende a exig\u00eancia da C\u00e2mara de Vereadores, com foco na desburocratiza\u00e7\u00e3o, transpar\u00eancia e efici\u00eancia nos processos de licenciamento.<\/span><\/span><\/p>\n<p><strong><span dir=\"auto\" style=\"vertical-align: inherit;\"><span dir=\"auto\" style=\"vertical-align: inherit;\">Valoriza\u00e7\u00e3o dos servidores:<\/span><\/span><\/strong><span dir=\"auto\" style=\"vertical-align: inherit;\"><span dir=\"auto\" style=\"vertical-align: inherit;\"> o Instituto absorver\u00e1 o quadro atual da FLAMA, preservando direitos e garantindo que as fun\u00e7\u00f5es t\u00e9cnicas sejam exercidas por profissionais ocupados.<\/span><\/span><\/p>\n<p><strong><span dir=\"auto\" style=\"vertical-align: inherit;\"><span dir=\"auto\" style=\"vertical-align: inherit;\">Novo modelo institucional:<\/span><\/span><\/strong><span dir=\"auto\" style=\"vertical-align: inherit;\"><span dir=\"auto\" style=\"vertical-align: inherit;\"> como autarquia, o Instituto ter\u00e1 mais autonomia administrativa, financeira e operacional, possibilitando firmar conv\u00eanios, captar recursos e a\u00e7\u00f5es planejadas de longo prazo.<\/span><\/span><\/p>\n<p><strong><span dir=\"auto\" style=\"vertical-align: inherit;\"><span dir=\"auto\" style=\"vertical-align: inherit;\">Mais seguran\u00e7a jur\u00eddica:<\/span><\/span><\/strong><span dir=\"auto\" style=\"vertical-align: inherit;\"><span dir=\"auto\" style=\"vertical-align: inherit;\"> a reorganiza\u00e7\u00e3o institucional permitir\u00e1 consolidar e atualizar o arcabou\u00e7o jur\u00eddico ambiental do munic\u00edpio. <\/span><\/span><br \/>\n<span dir=\"auto\" style=\"vertical-align: inherit;\"><span dir=\"auto\" style=\"vertical-align: inherit;\">Compromisso com o futuro sustent\u00e1vel da cidade: a mudan\u00e7a equilibra prote\u00e7\u00e3o ambiental e desenvolvimento econ\u00f4mico, fortalecendo a governan\u00e7a ambiental de Laguna.<\/span><\/span><\/p>\n<p><span dir=\"auto\" style=\"vertical-align: inherit;\"><span dir=\"auto\" style=\"vertical-align: inherit;\">O envio do Projeto de Lei \u00e0 C\u00e2mara marca um momento decisivo para o futuro da pol\u00edtica ambiental lagunense. Caso aprovado, o Instituto Ambiental de Laguna iniciar\u00e1 uma nova fase na gest\u00e3o do meio ambiente, com foco em efici\u00eancia, rigor t\u00e9cnico e compromisso com a sustentabilidade.<\/span><\/span><\/p>\n<figure id=\"attachment_5886\" aria-describedby=\"caption-attachment-5886\" style=\"width: 2560px\" class=\"wp-caption alignnone\"><img fetchpriority=\"high\" decoding=\"async\" class=\"size-full wp-image-5886\" src=\"http:\/\/sulsc.com\/wp-content\/uploads\/2023\/12\/Laguna.jpg\" alt=\"\" width=\"2560\" height=\"1714\" srcset=\"https:\/\/sulsc.com\/wp-content\/uploads\/2023\/12\/Laguna.jpg 2560w, https:\/\/sulsc.com\/wp-content\/uploads\/2023\/12\/Laguna-300x201.jpg 300w, https:\/\/sulsc.com\/wp-content\/uploads\/2023\/12\/Laguna-1024x686.jpg 1024w, https:\/\/sulsc.com\/wp-content\/uploads\/2023\/12\/Laguna-768x514.jpg 768w, https:\/\/sulsc.com\/wp-content\/uploads\/2023\/12\/Laguna-1536x1028.jpg 1536w, https:\/\/sulsc.com\/wp-content\/uploads\/2023\/12\/Laguna-2048x1371.jpg 2048w\" sizes=\"(max-width: 2560px) 100vw, 2560px\" \/><figcaption id=\"caption-attachment-5886\" class=\"wp-caption-text\"><span dir=\"auto\" style=\"vertical-align: inherit;\"><span dir=\"auto\" style=\"vertical-align: inherit;\">Foto: Pref. de Laguna\/Sul SC<\/span><\/span><\/figcaption><\/figure>\n","protected":false},"excerpt":{"rendered":"<p>A Prefeitura de Laguna encaminhou \u00e0 C\u00e2mara de Vereadores um Projeto de Lei Complementar que prop\u00f5e a cria\u00e7\u00e3o do Instituto Ambiental de Laguna, autarquia que substituir\u00e1 a Funda\u00e7\u00e3o Lagunense do Meio Ambiente (Flama) ap\u00f3s 19 anos de atua\u00e7\u00e3o. A iniciativa representa uma transforma\u00e7\u00e3o estrutural na pol\u00edtica ambiental do munic\u00edpio e inaugura um novo modelo de &hellip;<\/p>\n<p class=\"read-more\"> <a class=\"\" href=\"https:\/\/sulsc.com\/index.php\/2025\/12\/02\/meio-ambiente-pl-cria-instituto-ambiental-de-laguna\/\"> <span class=\"screen-reader-text\">Meio Ambiente: PL cria Instituto Ambiental de Laguna<\/span> Read More &raquo;<\/a><\/p>\n","protected":false},"author":3,"featured_media":5886,"comment_status":"open","ping_status":"open","sticky":false,"template":"","format":"standard","meta":{"site-sidebar-layout":"default","site-content-layout":"","ast-site-content-layout":"default","site-content-style":"default","site-sidebar-style":"default","ast-global-header-display":"","ast-banner-title-visibility":"","ast-main-header-display":"","ast-hfb-above-header-display":"","ast-hfb-below-header-display":"","ast-hfb-mobile-header-display":"","site-post-title":"","ast-breadcrumbs-content":"","ast-featured-img":"","footer-sml-layout":"","theme-transparent-header-meta":"default","adv-header-id-meta":"","stick-header-meta":"","header-above-stick-meta":"","header-main-stick-meta":"","header-below-stick-meta":"","astra-migrate-meta-layouts":"set","footnotes":""},"categories":[22,17,12],"tags":[],"yoast_head":"<!-- This site is optimized with the Yoast SEO plugin v21.4 - https:\/\/yoast.com\/wordpress\/plugins\/seo\/ -->\n<title>Meio Ambiente: PL cria Instituto Ambiental de Laguna -<\/title>\n<meta name=\"robots\" content=\"index, follow, max-snippet:-1, max-image-preview:large, max-video-preview:-1\" \/>\n<link rel=\"canonical\" href=\"https:\/\/sulsc.com\/index.php\/2025\/12\/02\/meio-ambiente-pl-cria-instituto-ambiental-de-laguna\/\" \/>\n<meta property=\"og:locale\" content=\"en_US\" \/>\n<meta property=\"og:type\" content=\"article\" \/>\n<meta property=\"og:title\" content=\"Meio Ambiente: PL cria Instituto Ambiental de Laguna -\" \/>\n<meta property=\"og:description\" content=\"A Prefeitura de Laguna encaminhou \u00e0 C\u00e2mara de Vereadores um Projeto de Lei Complementar que prop\u00f5e a cria\u00e7\u00e3o do Instituto Ambiental de Laguna, autarquia que substituir\u00e1 a Funda\u00e7\u00e3o Lagunense do Meio Ambiente (Flama) ap\u00f3s 19 anos de atua\u00e7\u00e3o. A iniciativa representa uma transforma\u00e7\u00e3o estrutural na pol\u00edtica ambiental do munic\u00edpio e inaugura um novo modelo de &hellip; Meio Ambiente: PL cria Instituto Ambiental de Laguna Read More &raquo;\" \/>\n<meta property=\"og:url\" content=\"https:\/\/sulsc.com\/index.php\/2025\/12\/02\/meio-ambiente-pl-cria-instituto-ambiental-de-laguna\/\" \/>\n<meta property=\"article:author\" content=\"https:\/\/www.facebook.com\/profile.php?id=61559278119680\" \/>\n<meta property=\"article:published_time\" content=\"2025-12-02T13:00:18+00:00\" \/>\n<meta property=\"article:modified_time\" content=\"2025-12-02T14:12:16+00:00\" \/>\n<meta property=\"og:image\" content=\"http:\/\/sulsc.com\/wp-content\/uploads\/2023\/12\/Laguna.jpg\" \/>\n\t<meta property=\"og:image:width\" content=\"2560\" \/>\n\t<meta property=\"og:image:height\" content=\"1714\" \/>\n\t<meta property=\"og:image:type\" content=\"image\/jpeg\" \/>\n<meta name=\"author\" content=\"Reda\u00e7\u00e3o Sul SC\" \/>\n<meta name=\"twitter:card\" content=\"summary_large_image\" \/>\n<meta name=\"twitter:creator\" content=\"@https:\/\/twitter.com\/PortalSulSC\" \/>\n<meta name=\"twitter:label1\" content=\"Written by\" \/>\n\t<meta name=\"twitter:data1\" content=\"Reda\u00e7\u00e3o Sul SC\" \/>\n\t<meta name=\"twitter:label2\" content=\"Est. reading time\" \/>\n\t<meta name=\"twitter:data2\" content=\"3 minutes\" \/>\n<script type=\"application\/ld+json\" class=\"yoast-schema-graph\">{\"@context\":\"https:\/\/schema.org\",\"@graph\":[{\"@type\":\"WebPage\",\"@id\":\"https:\/\/sulsc.com\/index.php\/2025\/12\/02\/meio-ambiente-pl-cria-instituto-ambiental-de-laguna\/\",\"url\":\"https:\/\/sulsc.com\/index.php\/2025\/12\/02\/meio-ambiente-pl-cria-instituto-ambiental-de-laguna\/\",\"name\":\"Meio Ambiente: PL cria Instituto Ambiental de Laguna -\",\"isPartOf\":{\"@id\":\"https:\/\/sulsc.com\/#website\"},\"datePublished\":\"2025-12-02T13:00:18+00:00\",\"dateModified\":\"2025-12-02T14:12:16+00:00\",\"author\":{\"@id\":\"https:\/\/sulsc.com\/#\/schema\/person\/84d2fc571684f6248ba83092f07750a3\"},\"breadcrumb\":{\"@id\":\"https:\/\/sulsc.com\/index.php\/2025\/12\/02\/meio-ambiente-pl-cria-instituto-ambiental-de-laguna\/#breadcrumb\"},\"inLanguage\":\"en-US\",\"potentialAction\":[{\"@type\":\"ReadAction\",\"target\":[\"https:\/\/sulsc.com\/index.php\/2025\/12\/02\/meio-ambiente-pl-cria-instituto-ambiental-de-laguna\/\"]}]},{\"@type\":\"BreadcrumbList\",\"@id\":\"https:\/\/sulsc.com\/index.php\/2025\/12\/02\/meio-ambiente-pl-cria-instituto-ambiental-de-laguna\/#breadcrumb\",\"itemListElement\":[{\"@type\":\"ListItem\",\"position\":1,\"name\":\"In\u00edcio\",\"item\":\"https:\/\/sulsc.com\/\"},{\"@type\":\"ListItem\",\"position\":2,\"name\":\"Meio Ambiente: PL cria Instituto Ambiental de Laguna\"}]},{\"@type\":\"WebSite\",\"@id\":\"https:\/\/sulsc.com\/#website\",\"url\":\"https:\/\/sulsc.com\/\",\"name\":\"\",\"description\":\"\",\"potentialAction\":[{\"@type\":\"SearchAction\",\"target\":{\"@type\":\"EntryPoint\",\"urlTemplate\":\"https:\/\/sulsc.com\/?s={search_term_string}\"},\"query-input\":\"required name=search_term_string\"}],\"inLanguage\":\"en-US\"},{\"@type\":\"Person\",\"@id\":\"https:\/\/sulsc.com\/#\/schema\/person\/84d2fc571684f6248ba83092f07750a3\",\"name\":\"Reda\u00e7\u00e3o Sul SC\",\"image\":{\"@type\":\"ImageObject\",\"inLanguage\":\"en-US\",\"@id\":\"https:\/\/sulsc.com\/#\/schema\/person\/image\/e08d7fe2cc4ed596372063bbe852b8d0\",\"url\":\"https:\/\/sulsc.com\/wp-content\/uploads\/2023\/09\/redacao.png\",\"contentUrl\":\"https:\/\/sulsc.com\/wp-content\/uploads\/2023\/09\/redacao.png\",\"caption\":\"Reda\u00e7\u00e3o Sul SC\"},\"description\":\"Foco em um jornalismo imparcial, voltado \u00e0 qualidade dos seus conte\u00fados e, assim, levar informa\u00e7\u00e3o de valor que agregue \u00e0 vida dos leitores. Esta \u00e9 grande miss\u00e3o do Portal de Not\u00edcias Sul SC. N\u00e3o \u00e9 quantidade que muda o mundo, sempre foi e seguir\u00e1 sendo qualidade!\",\"sameAs\":[\"https:\/\/sulsc.com\/\",\"https:\/\/www.facebook.com\/profile.php?id=61559278119680\",\"https:\/\/www.instagram.com\/sulscportal\/?hl=pt-br\",\"https:\/\/twitter.com\/https:\/\/twitter.com\/PortalSulSC\",\"https:\/\/www.youtube.com\/channel\/UCv_BE8GeySluDov2n8qhVmw\"],\"url\":\"https:\/\/sulsc.com\/index.php\/author\/redacao\/\"}]}<\/script>\n<!-- \/ Yoast SEO plugin. -->","yoast_head_json":{"title":"Meio Ambiente: PL cria Instituto Ambiental de Laguna -","robots":{"index":"index","follow":"follow","max-snippet":"max-snippet:-1","max-image-preview":"max-image-preview:large","max-video-preview":"max-video-preview:-1"},"canonical":"https:\/\/sulsc.com\/index.php\/2025\/12\/02\/meio-ambiente-pl-cria-instituto-ambiental-de-laguna\/","og_locale":"en_US","og_type":"article","og_title":"Meio Ambiente: PL cria Instituto Ambiental de Laguna -","og_description":"A Prefeitura de Laguna encaminhou \u00e0 C\u00e2mara de Vereadores um Projeto de Lei Complementar que prop\u00f5e a cria\u00e7\u00e3o do Instituto Ambiental de Laguna, autarquia que substituir\u00e1 a Funda\u00e7\u00e3o Lagunense do Meio Ambiente (Flama) ap\u00f3s 19 anos de atua\u00e7\u00e3o. A iniciativa representa uma transforma\u00e7\u00e3o estrutural na pol\u00edtica ambiental do munic\u00edpio e inaugura um novo modelo de &hellip; Meio Ambiente: PL cria Instituto Ambiental de Laguna Read More &raquo;","og_url":"https:\/\/sulsc.com\/index.php\/2025\/12\/02\/meio-ambiente-pl-cria-instituto-ambiental-de-laguna\/","article_author":"https:\/\/www.facebook.com\/profile.php?id=61559278119680","article_published_time":"2025-12-02T13:00:18+00:00","article_modified_time":"2025-12-02T14:12:16+00:00","og_image":[{"width":2560,"height":1714,"url":"http:\/\/sulsc.com\/wp-content\/uploads\/2023\/12\/Laguna.jpg","type":"image\/jpeg"}],"author":"Reda\u00e7\u00e3o Sul SC","twitter_card":"summary_large_image","twitter_creator":"@https:\/\/twitter.com\/PortalSulSC","twitter_misc":{"Written by":"Reda\u00e7\u00e3o Sul SC","Est. reading time":"3 minutes"},"schema":{"@context":"https:\/\/schema.org","@graph":[{"@type":"WebPage","@id":"https:\/\/sulsc.com\/index.php\/2025\/12\/02\/meio-ambiente-pl-cria-instituto-ambiental-de-laguna\/","url":"https:\/\/sulsc.com\/index.php\/2025\/12\/02\/meio-ambiente-pl-cria-instituto-ambiental-de-laguna\/","name":"Meio Ambiente: PL cria Instituto Ambiental de Laguna -","isPartOf":{"@id":"https:\/\/sulsc.com\/#website"},"datePublished":"2025-12-02T13:00:18+00:00","dateModified":"2025-12-02T14:12:16+00:00","author":{"@id":"https:\/\/sulsc.com\/#\/schema\/person\/84d2fc571684f6248ba83092f07750a3"},"breadcrumb":{"@id":"https:\/\/sulsc.com\/index.php\/2025\/12\/02\/meio-ambiente-pl-cria-instituto-ambiental-de-laguna\/#breadcrumb"},"inLanguage":"en-US","potentialAction":[{"@type":"ReadAction","target":["https:\/\/sulsc.com\/index.php\/2025\/12\/02\/meio-ambiente-pl-cria-instituto-ambiental-de-laguna\/"]}]},{"@type":"BreadcrumbList","@id":"https:\/\/sulsc.com\/index.php\/2025\/12\/02\/meio-ambiente-pl-cria-instituto-ambiental-de-laguna\/#breadcrumb","itemListElement":[{"@type":"ListItem","position":1,"name":"In\u00edcio","item":"https:\/\/sulsc.com\/"},{"@type":"ListItem","position":2,"name":"Meio Ambiente: PL cria Instituto Ambiental de Laguna"}]},{"@type":"WebSite","@id":"https:\/\/sulsc.com\/#website","url":"https:\/\/sulsc.com\/","name":"","description":"","potentialAction":[{"@type":"SearchAction","target":{"@type":"EntryPoint","urlTemplate":"https:\/\/sulsc.com\/?s={search_term_string}"},"query-input":"required name=search_term_string"}],"inLanguage":"en-US"},{"@type":"Person","@id":"https:\/\/sulsc.com\/#\/schema\/person\/84d2fc571684f6248ba83092f07750a3","name":"Reda\u00e7\u00e3o Sul SC","image":{"@type":"ImageObject","inLanguage":"en-US","@id":"https:\/\/sulsc.com\/#\/schema\/person\/image\/e08d7fe2cc4ed596372063bbe852b8d0","url":"https:\/\/sulsc.com\/wp-content\/uploads\/2023\/09\/redacao.png","contentUrl":"https:\/\/sulsc.com\/wp-content\/uploads\/2023\/09\/redacao.png","caption":"Reda\u00e7\u00e3o Sul SC"},"description":"Foco em um jornalismo imparcial, voltado \u00e0 qualidade dos seus conte\u00fados e, assim, levar informa\u00e7\u00e3o de valor que agregue \u00e0 vida dos leitores. Esta \u00e9 grande miss\u00e3o do Portal de Not\u00edcias Sul SC. N\u00e3o \u00e9 quantidade que muda o mundo, sempre foi e seguir\u00e1 sendo qualidade!","sameAs":["https:\/\/sulsc.com\/","https:\/\/www.facebook.com\/profile.php?id=61559278119680","https:\/\/www.instagram.com\/sulscportal\/?hl=pt-br","https:\/\/twitter.com\/https:\/\/twitter.com\/PortalSulSC","https:\/\/www.youtube.com\/channel\/UCv_BE8GeySluDov2n8qhVmw"],"url":"https:\/\/sulsc.com\/index.php\/author\/redacao\/"}]}},"authors":[],"_links":{"self":[{"href":"https:\/\/sulsc.com\/index.php\/wp-json\/wp\/v2\/posts\/30332"}],"collection":[{"href":"https:\/\/sulsc.com\/index.php\/wp-json\/wp\/v2\/posts"}],"about":[{"href":"https:\/\/sulsc.com\/index.php\/wp-json\/wp\/v2\/types\/post"}],"author":[{"embeddable":true,"href":"https:\/\/sulsc.com\/index.php\/wp-json\/wp\/v2\/users\/3"}],"replies":[{"embeddable":true,"href":"https:\/\/sulsc.com\/index.php\/wp-json\/wp\/v2\/comments?post=30332"}],"version-history":[{"count":2,"href":"https:\/\/sulsc.com\/index.php\/wp-json\/wp\/v2\/posts\/30332\/revisions"}],"predecessor-version":[{"id":30361,"href":"https:\/\/sulsc.com\/index.php\/wp-json\/wp\/v2\/posts\/30332\/revisions\/30361"}],"wp:featuredmedia":[{"embeddable":true,"href":"https:\/\/sulsc.com\/index.php\/wp-json\/wp\/v2\/media\/5886"}],"wp:attachment":[{"href":"https:\/\/sulsc.com\/index.php\/wp-json\/wp\/v2\/media?parent=30332"}],"wp:term":[{"taxonomy":"category","embeddable":true,"href":"https:\/\/sulsc.com\/index.php\/wp-json\/wp\/v2\/categories?post=30332"},{"taxonomy":"post_tag","embeddable":true,"href":"https:\/\/sulsc.com\/index.php\/wp-json\/wp\/v2\/tags?post=30332"}],"curies":[{"name":"wp","href":"https:\/\/api.w.org\/{rel}","templated":true}]}}