{"id":3034,"date":"2023-10-27T17:30:48","date_gmt":"2023-10-27T20:30:48","guid":{"rendered":"https:\/\/sulsc.com\/?p=3034"},"modified":"2023-10-27T17:10:13","modified_gmt":"2023-10-27T20:10:13","slug":"3034","status":"publish","type":"post","link":"https:\/\/sulsc.com\/index.php\/2023\/10\/27\/3034\/","title":{"rendered":"Palestra sobre gest\u00e3o pol\u00edtica ser\u00e1 realizada em Laguna nesta ter\u00e7a-feira (31)"},"content":{"rendered":"<p>Uma palestra sobre gest\u00e3o p\u00fablica ser\u00e1 realizada na pr\u00f3xima ter\u00e7a-feira (31), em Laguna. O encontro, ministrado pelo prefeito de Joinville Adriano Silva, ser\u00e1 realizado no Cine Teatro Mussi, a partir das 19h30.<\/p>\n<p>De acordo com a pesquisa do Instituto Mapa, realizada em 2022, Silva \u00e9 considerado o gestor municipal com melhor aprova\u00e7\u00e3o no Brasil, com \u00edndice de 92% de aprova\u00e7\u00e3o popular. O evento com entrada gratuita, \u00e9 uma realiza\u00e7\u00e3o da Uni\u00e3o das Associa\u00e7\u00f5es e Lideres Comunit\u00e1rios de Laguna (UALCLA).<\/p>\n<p align=\"left\">De acordo com um dos organizadores do evento e presidente da UALCLA, H\u00e9lcio Balbinot, um evento como este \u00e9 importante tanto para o povo quanto aos pol\u00edticos da regi\u00e3o. &#8220;Para que ambos tenham ideia de como fazer uma gest\u00e3o de qualidade. Por conta da sua aprova\u00e7\u00e3o, fica claro que ele desenvolve um \u00f3timo trabalho e, se ele conseguiu, com certeza outros tamb\u00e9m podem desenvolver&#8221;, avalia.<\/p>\n<p align=\"left\">Vale ressaltar que,\u00a0por ser um evento gratuito e com n\u00famero de vagas limitadas, os interessados dever\u00e3o entrar em contato pelos n\u00fameros de whatsapp 48 99845-3876 ou 99146-5512 para fazer a reserva.<\/p>\n<p align=\"left\">\n<p align=\"left\"><img fetchpriority=\"high\" decoding=\"async\" class=\"alignleft wp-image-3035 size-medium\" src=\"http:\/\/sulsc.com\/wp-content\/uploads\/2023\/10\/WhatsApp-Image-2023-10-27-at-14.25.37-200x300.jpeg\" alt=\"\" width=\"200\" height=\"300\" srcset=\"https:\/\/sulsc.com\/wp-content\/uploads\/2023\/10\/WhatsApp-Image-2023-10-27-at-14.25.37-200x300.jpeg 200w, https:\/\/sulsc.com\/wp-content\/uploads\/2023\/10\/WhatsApp-Image-2023-10-27-at-14.25.37-682x1024.jpeg 682w, https:\/\/sulsc.com\/wp-content\/uploads\/2023\/10\/WhatsApp-Image-2023-10-27-at-14.25.37-768x1152.jpeg 768w, https:\/\/sulsc.com\/wp-content\/uploads\/2023\/10\/WhatsApp-Image-2023-10-27-at-14.25.37.jpeg 853w\" sizes=\"(max-width: 200px) 100vw, 200px\" \/><\/p>\n<p align=\"left\"><strong>Sobre Adriano Silva<\/strong><\/p>\n<p align=\"left\">Adriano Bornschein Silva, 45 anos, nasceu em Joinville no dia 1\u00b0 de mar\u00e7o de 1978. \u00c9 luterano, casado com Bianca, pai de dois filhos, Isabela e Lucas. \u00c9 formado em Administra\u00e7\u00e3o de Empresas pela Universidade Presbiteriana Mackenzie\/SP.<\/p>\n<p align=\"left\">Bisneto do fundador do Catarinense Pharma, iniciou suas atividades na empresa como assistente de marketing e chegou \u00e0 presid\u00eancia da rede farmac\u00eautica, fun\u00e7\u00e3o que exerceu de 2013 a 2020.<\/p>\n<p align=\"left\">Em sua trajet\u00f3ria, sempre esteve \u00e0 frente de projetos de voluntariado. Liderou a cria\u00e7\u00e3o da Central Solid\u00e1ria com o objetivo de arrecadar roupas e alimentos nas grandes enchentes de 2008 e 2011.<\/p>\n<p align=\"left\">Em 2003, Adriano ingressou como volunt\u00e1rio no Corpo de Bombeiros Volunt\u00e1rios de Joinville, onde atuou na brigada de inc\u00eandio, foi coordenador dos bombeiros mirins e vice-presidente da institui\u00e7\u00e3o. At\u00e9 hoje \u00e9 volunt\u00e1rio e h\u00e1 20 anos faz plant\u00e3o como bombeiro socorrista nas ambul\u00e2ncias.<\/p>\n<p align=\"left\">Em 2020 foi primeira vez que Adriano concorreu como candidato \u00e0s elei\u00e7\u00f5es e foi eleito prefeito de Joinville, pelo Partido Novo. Assumiu a prefeitura com o prop\u00f3sito de fazer uma administra\u00e7\u00e3o voltada para as pessoas e resgatar o orgulho do joinvilense por sua cidade.<\/p>\n<p align=\"left\">Hoje \u00e9 Prefeito com 92% de aprova\u00e7\u00e3o popular, segundo a pesquisa do Instituto Mapa realizada em 2022.<\/p>\n<p align=\"left\"><img decoding=\"async\" class=\"alignnone size-full wp-image-3029\" src=\"http:\/\/sulsc.com\/wp-content\/uploads\/2023\/10\/WhatsApp-Image-2023-10-27-at-14.24.37.jpeg\" alt=\"\" width=\"861\" height=\"755\" srcset=\"https:\/\/sulsc.com\/wp-content\/uploads\/2023\/10\/WhatsApp-Image-2023-10-27-at-14.24.37.jpeg 861w, https:\/\/sulsc.com\/wp-content\/uploads\/2023\/10\/WhatsApp-Image-2023-10-27-at-14.24.37-300x263.jpeg 300w, https:\/\/sulsc.com\/wp-content\/uploads\/2023\/10\/WhatsApp-Image-2023-10-27-at-14.24.37-768x673.jpeg 768w\" sizes=\"(max-width: 861px) 100vw, 861px\" \/><\/p>\n","protected":false},"excerpt":{"rendered":"<p>Uma palestra sobre gest\u00e3o p\u00fablica ser\u00e1 realizada na pr\u00f3xima ter\u00e7a-feira (31), em Laguna. O encontro, ministrado pelo prefeito de Joinville Adriano Silva, ser\u00e1 realizado no Cine Teatro Mussi, a partir das 19h30. De acordo com a pesquisa do Instituto Mapa, realizada em 2022, Silva \u00e9 considerado o gestor municipal com melhor aprova\u00e7\u00e3o no Brasil, com &hellip;<\/p>\n<p class=\"read-more\"> <a class=\"\" href=\"https:\/\/sulsc.com\/index.php\/2023\/10\/27\/3034\/\"> <span class=\"screen-reader-text\">Palestra sobre gest\u00e3o pol\u00edtica ser\u00e1 realizada em Laguna nesta ter\u00e7a-feira (31)<\/span> Read More &raquo;<\/a><\/p>\n","protected":false},"author":3,"featured_media":3036,"comment_status":"open","ping_status":"open","sticky":false,"template":"","format":"standard","meta":{"site-sidebar-layout":"default","site-content-layout":"","ast-site-content-layout":"default","site-content-style":"default","site-sidebar-style":"default","ast-global-header-display":"","ast-banner-title-visibility":"","ast-main-header-display":"","ast-hfb-above-header-display":"","ast-hfb-below-header-display":"","ast-hfb-mobile-header-display":"","site-post-title":"","ast-breadcrumbs-content":"","ast-featured-img":"","footer-sml-layout":"","theme-transparent-header-meta":"default","adv-header-id-meta":"","stick-header-meta":"","header-above-stick-meta":"","header-main-stick-meta":"","header-below-stick-meta":"","astra-migrate-meta-layouts":"set","footnotes":""},"categories":[1,22],"tags":[],"yoast_head":"<!-- This site is optimized with the Yoast SEO plugin v21.4 - https:\/\/yoast.com\/wordpress\/plugins\/seo\/ -->\n<title>Palestra sobre gest\u00e3o pol\u00edtica ser\u00e1 realizada em Laguna nesta ter\u00e7a-feira (31) -<\/title>\n<meta name=\"robots\" content=\"index, follow, max-snippet:-1, max-image-preview:large, max-video-preview:-1\" \/>\n<link rel=\"canonical\" href=\"https:\/\/sulsc.com\/index.php\/2023\/10\/27\/3034\/\" \/>\n<meta property=\"og:locale\" content=\"en_US\" \/>\n<meta property=\"og:type\" content=\"article\" \/>\n<meta property=\"og:title\" content=\"Palestra sobre gest\u00e3o pol\u00edtica ser\u00e1 realizada em Laguna nesta ter\u00e7a-feira (31) -\" \/>\n<meta property=\"og:description\" content=\"Uma palestra sobre gest\u00e3o p\u00fablica ser\u00e1 realizada na pr\u00f3xima ter\u00e7a-feira (31), em Laguna. O encontro, ministrado pelo prefeito de Joinville Adriano Silva, ser\u00e1 realizado no Cine Teatro Mussi, a partir das 19h30. De acordo com a pesquisa do Instituto Mapa, realizada em 2022, Silva \u00e9 considerado o gestor municipal com melhor aprova\u00e7\u00e3o no Brasil, com &hellip; Palestra sobre gest\u00e3o pol\u00edtica ser\u00e1 realizada em Laguna nesta ter\u00e7a-feira (31) Read More &raquo;\" \/>\n<meta property=\"og:url\" content=\"https:\/\/sulsc.com\/index.php\/2023\/10\/27\/3034\/\" \/>\n<meta property=\"article:author\" content=\"https:\/\/www.facebook.com\/profile.php?id=61559278119680\" \/>\n<meta property=\"article:published_time\" content=\"2023-10-27T20:30:48+00:00\" \/>\n<meta property=\"article:modified_time\" content=\"2023-10-27T20:10:13+00:00\" \/>\n<meta property=\"og:image\" content=\"https:\/\/sulsc.com\/wp-content\/uploads\/2023\/10\/WhatsApp-Image-2023-10-27-at-14.25.36.jpeg\" \/>\n\t<meta property=\"og:image:width\" content=\"1280\" \/>\n\t<meta property=\"og:image:height\" content=\"853\" \/>\n\t<meta property=\"og:image:type\" content=\"image\/jpeg\" \/>\n<meta name=\"author\" content=\"Reda\u00e7\u00e3o Sul SC\" \/>\n<meta name=\"twitter:card\" content=\"summary_large_image\" \/>\n<meta name=\"twitter:creator\" content=\"@https:\/\/twitter.com\/PortalSulSC\" \/>\n<meta name=\"twitter:label1\" content=\"Written by\" \/>\n\t<meta name=\"twitter:data1\" content=\"Reda\u00e7\u00e3o Sul SC\" \/>\n\t<meta name=\"twitter:label2\" content=\"Est. reading time\" \/>\n\t<meta name=\"twitter:data2\" content=\"3 minutes\" \/>\n<script type=\"application\/ld+json\" class=\"yoast-schema-graph\">{\"@context\":\"https:\/\/schema.org\",\"@graph\":[{\"@type\":\"WebPage\",\"@id\":\"https:\/\/sulsc.com\/index.php\/2023\/10\/27\/3034\/\",\"url\":\"https:\/\/sulsc.com\/index.php\/2023\/10\/27\/3034\/\",\"name\":\"Palestra sobre gest\u00e3o pol\u00edtica ser\u00e1 realizada em Laguna nesta ter\u00e7a-feira (31) -\",\"isPartOf\":{\"@id\":\"https:\/\/sulsc.com\/#website\"},\"datePublished\":\"2023-10-27T20:30:48+00:00\",\"dateModified\":\"2023-10-27T20:10:13+00:00\",\"author\":{\"@id\":\"https:\/\/sulsc.com\/#\/schema\/person\/84d2fc571684f6248ba83092f07750a3\"},\"breadcrumb\":{\"@id\":\"https:\/\/sulsc.com\/index.php\/2023\/10\/27\/3034\/#breadcrumb\"},\"inLanguage\":\"en-US\",\"potentialAction\":[{\"@type\":\"ReadAction\",\"target\":[\"https:\/\/sulsc.com\/index.php\/2023\/10\/27\/3034\/\"]}]},{\"@type\":\"BreadcrumbList\",\"@id\":\"https:\/\/sulsc.com\/index.php\/2023\/10\/27\/3034\/#breadcrumb\",\"itemListElement\":[{\"@type\":\"ListItem\",\"position\":1,\"name\":\"In\u00edcio\",\"item\":\"https:\/\/sulsc.com\/\"},{\"@type\":\"ListItem\",\"position\":2,\"name\":\"Palestra sobre gest\u00e3o pol\u00edtica ser\u00e1 realizada em Laguna nesta ter\u00e7a-feira (31)\"}]},{\"@type\":\"WebSite\",\"@id\":\"https:\/\/sulsc.com\/#website\",\"url\":\"https:\/\/sulsc.com\/\",\"name\":\"\",\"description\":\"\",\"potentialAction\":[{\"@type\":\"SearchAction\",\"target\":{\"@type\":\"EntryPoint\",\"urlTemplate\":\"https:\/\/sulsc.com\/?s={search_term_string}\"},\"query-input\":\"required name=search_term_string\"}],\"inLanguage\":\"en-US\"},{\"@type\":\"Person\",\"@id\":\"https:\/\/sulsc.com\/#\/schema\/person\/84d2fc571684f6248ba83092f07750a3\",\"name\":\"Reda\u00e7\u00e3o Sul SC\",\"image\":{\"@type\":\"ImageObject\",\"inLanguage\":\"en-US\",\"@id\":\"https:\/\/sulsc.com\/#\/schema\/person\/image\/e08d7fe2cc4ed596372063bbe852b8d0\",\"url\":\"https:\/\/sulsc.com\/wp-content\/uploads\/2023\/09\/redacao.png\",\"contentUrl\":\"https:\/\/sulsc.com\/wp-content\/uploads\/2023\/09\/redacao.png\",\"caption\":\"Reda\u00e7\u00e3o Sul SC\"},\"description\":\"Foco em um jornalismo imparcial, voltado \u00e0 qualidade dos seus conte\u00fados e, assim, levar informa\u00e7\u00e3o de valor que agregue \u00e0 vida dos leitores. Esta \u00e9 grande miss\u00e3o do Portal de Not\u00edcias Sul SC. N\u00e3o \u00e9 quantidade que muda o mundo, sempre foi e seguir\u00e1 sendo qualidade!\",\"sameAs\":[\"https:\/\/sulsc.com\/\",\"https:\/\/www.facebook.com\/profile.php?id=61559278119680\",\"https:\/\/www.instagram.com\/sulscportal\/?hl=pt-br\",\"https:\/\/twitter.com\/https:\/\/twitter.com\/PortalSulSC\",\"https:\/\/www.youtube.com\/channel\/UCv_BE8GeySluDov2n8qhVmw\"],\"url\":\"https:\/\/sulsc.com\/index.php\/author\/redacao\/\"}]}<\/script>\n<!-- \/ Yoast SEO plugin. -->","yoast_head_json":{"title":"Palestra sobre gest\u00e3o pol\u00edtica ser\u00e1 realizada em Laguna nesta ter\u00e7a-feira (31) -","robots":{"index":"index","follow":"follow","max-snippet":"max-snippet:-1","max-image-preview":"max-image-preview:large","max-video-preview":"max-video-preview:-1"},"canonical":"https:\/\/sulsc.com\/index.php\/2023\/10\/27\/3034\/","og_locale":"en_US","og_type":"article","og_title":"Palestra sobre gest\u00e3o pol\u00edtica ser\u00e1 realizada em Laguna nesta ter\u00e7a-feira (31) -","og_description":"Uma palestra sobre gest\u00e3o p\u00fablica ser\u00e1 realizada na pr\u00f3xima ter\u00e7a-feira (31), em Laguna. O encontro, ministrado pelo prefeito de Joinville Adriano Silva, ser\u00e1 realizado no Cine Teatro Mussi, a partir das 19h30. De acordo com a pesquisa do Instituto Mapa, realizada em 2022, Silva \u00e9 considerado o gestor municipal com melhor aprova\u00e7\u00e3o no Brasil, com &hellip; Palestra sobre gest\u00e3o pol\u00edtica ser\u00e1 realizada em Laguna nesta ter\u00e7a-feira (31) Read More &raquo;","og_url":"https:\/\/sulsc.com\/index.php\/2023\/10\/27\/3034\/","article_author":"https:\/\/www.facebook.com\/profile.php?id=61559278119680","article_published_time":"2023-10-27T20:30:48+00:00","article_modified_time":"2023-10-27T20:10:13+00:00","og_image":[{"width":1280,"height":853,"url":"https:\/\/sulsc.com\/wp-content\/uploads\/2023\/10\/WhatsApp-Image-2023-10-27-at-14.25.36.jpeg","type":"image\/jpeg"}],"author":"Reda\u00e7\u00e3o Sul SC","twitter_card":"summary_large_image","twitter_creator":"@https:\/\/twitter.com\/PortalSulSC","twitter_misc":{"Written by":"Reda\u00e7\u00e3o Sul SC","Est. reading time":"3 minutes"},"schema":{"@context":"https:\/\/schema.org","@graph":[{"@type":"WebPage","@id":"https:\/\/sulsc.com\/index.php\/2023\/10\/27\/3034\/","url":"https:\/\/sulsc.com\/index.php\/2023\/10\/27\/3034\/","name":"Palestra sobre gest\u00e3o pol\u00edtica ser\u00e1 realizada em Laguna nesta ter\u00e7a-feira (31) -","isPartOf":{"@id":"https:\/\/sulsc.com\/#website"},"datePublished":"2023-10-27T20:30:48+00:00","dateModified":"2023-10-27T20:10:13+00:00","author":{"@id":"https:\/\/sulsc.com\/#\/schema\/person\/84d2fc571684f6248ba83092f07750a3"},"breadcrumb":{"@id":"https:\/\/sulsc.com\/index.php\/2023\/10\/27\/3034\/#breadcrumb"},"inLanguage":"en-US","potentialAction":[{"@type":"ReadAction","target":["https:\/\/sulsc.com\/index.php\/2023\/10\/27\/3034\/"]}]},{"@type":"BreadcrumbList","@id":"https:\/\/sulsc.com\/index.php\/2023\/10\/27\/3034\/#breadcrumb","itemListElement":[{"@type":"ListItem","position":1,"name":"In\u00edcio","item":"https:\/\/sulsc.com\/"},{"@type":"ListItem","position":2,"name":"Palestra sobre gest\u00e3o pol\u00edtica ser\u00e1 realizada em Laguna nesta ter\u00e7a-feira (31)"}]},{"@type":"WebSite","@id":"https:\/\/sulsc.com\/#website","url":"https:\/\/sulsc.com\/","name":"","description":"","potentialAction":[{"@type":"SearchAction","target":{"@type":"EntryPoint","urlTemplate":"https:\/\/sulsc.com\/?s={search_term_string}"},"query-input":"required name=search_term_string"}],"inLanguage":"en-US"},{"@type":"Person","@id":"https:\/\/sulsc.com\/#\/schema\/person\/84d2fc571684f6248ba83092f07750a3","name":"Reda\u00e7\u00e3o Sul SC","image":{"@type":"ImageObject","inLanguage":"en-US","@id":"https:\/\/sulsc.com\/#\/schema\/person\/image\/e08d7fe2cc4ed596372063bbe852b8d0","url":"https:\/\/sulsc.com\/wp-content\/uploads\/2023\/09\/redacao.png","contentUrl":"https:\/\/sulsc.com\/wp-content\/uploads\/2023\/09\/redacao.png","caption":"Reda\u00e7\u00e3o Sul SC"},"description":"Foco em um jornalismo imparcial, voltado \u00e0 qualidade dos seus conte\u00fados e, assim, levar informa\u00e7\u00e3o de valor que agregue \u00e0 vida dos leitores. Esta \u00e9 grande miss\u00e3o do Portal de Not\u00edcias Sul SC. N\u00e3o \u00e9 quantidade que muda o mundo, sempre foi e seguir\u00e1 sendo qualidade!","sameAs":["https:\/\/sulsc.com\/","https:\/\/www.facebook.com\/profile.php?id=61559278119680","https:\/\/www.instagram.com\/sulscportal\/?hl=pt-br","https:\/\/twitter.com\/https:\/\/twitter.com\/PortalSulSC","https:\/\/www.youtube.com\/channel\/UCv_BE8GeySluDov2n8qhVmw"],"url":"https:\/\/sulsc.com\/index.php\/author\/redacao\/"}]}},"authors":[],"_links":{"self":[{"href":"https:\/\/sulsc.com\/index.php\/wp-json\/wp\/v2\/posts\/3034"}],"collection":[{"href":"https:\/\/sulsc.com\/index.php\/wp-json\/wp\/v2\/posts"}],"about":[{"href":"https:\/\/sulsc.com\/index.php\/wp-json\/wp\/v2\/types\/post"}],"author":[{"embeddable":true,"href":"https:\/\/sulsc.com\/index.php\/wp-json\/wp\/v2\/users\/3"}],"replies":[{"embeddable":true,"href":"https:\/\/sulsc.com\/index.php\/wp-json\/wp\/v2\/comments?post=3034"}],"version-history":[{"count":3,"href":"https:\/\/sulsc.com\/index.php\/wp-json\/wp\/v2\/posts\/3034\/revisions"}],"predecessor-version":[{"id":3039,"href":"https:\/\/sulsc.com\/index.php\/wp-json\/wp\/v2\/posts\/3034\/revisions\/3039"}],"wp:featuredmedia":[{"embeddable":true,"href":"https:\/\/sulsc.com\/index.php\/wp-json\/wp\/v2\/media\/3036"}],"wp:attachment":[{"href":"https:\/\/sulsc.com\/index.php\/wp-json\/wp\/v2\/media?parent=3034"}],"wp:term":[{"taxonomy":"category","embeddable":true,"href":"https:\/\/sulsc.com\/index.php\/wp-json\/wp\/v2\/categories?post=3034"},{"taxonomy":"post_tag","embeddable":true,"href":"https:\/\/sulsc.com\/index.php\/wp-json\/wp\/v2\/tags?post=3034"}],"curies":[{"name":"wp","href":"https:\/\/api.w.org\/{rel}","templated":true}]}}