{"id":30347,"date":"2025-12-02T08:23:34","date_gmt":"2025-12-02T11:23:34","guid":{"rendered":"https:\/\/sulsc.com\/?p=30347"},"modified":"2025-12-02T08:24:55","modified_gmt":"2025-12-02T11:24:55","slug":"acao-conjunta-entre-o-bope-de-sc-e-goias-capturam-suspeito-procurado-por-homicidio-nesta-amanha-em-braco-do-norte","status":"publish","type":"post","link":"https:\/\/sulsc.com\/index.php\/2025\/12\/02\/acao-conjunta-entre-o-bope-de-sc-e-goias-capturam-suspeito-procurado-por-homicidio-nesta-amanha-em-braco-do-norte\/","title":{"rendered":"A\u00e7\u00e3o conjunta entre o BOPE de SC e Goi\u00e1s capturam suspeito procurado por homic\u00eddio nesta amanh\u00e3 em Bra\u00e7o do Norte"},"content":{"rendered":"<p><span dir=\"auto\" style=\"vertical-align: inherit;\"><span dir=\"auto\" style=\"vertical-align: inherit;\">Na manh\u00e3 desta ter\u00e7a-feira (02), por volta das 6h, uma opera\u00e7\u00e3o conjunta entre o BOPE de Santa Catarina e o BOPE de Goi\u00e1s conseguiu localizar um foragido considerado de alta periculosidade no bairro Vila Nova, em Bra\u00e7o do Norte.<\/span><\/span><\/p>\n<div id=\"metaslider-id-25573\" style=\"width: 100%;\" class=\"ml-slider-3-99-0 metaslider metaslider-flex metaslider-25573 ml-slider has-onhover-arrows ms-theme-default-base has-dots-nav\" role=\"region\" aria-label=\"Meio\" data-width=\"1200\">\n    <div id=\"metaslider_container_25573\">\n        <div id=\"metaslider_25573\">\n            <ul class='slides'>\n                <li style=\"display: block; width: 100%;\" class=\"slide-25684 ms-image \" aria-roledescription=\"slide\" data-date=\"2025-07-24 07:55:40\"><img src=\"https:\/\/sulsc.com\/wp-content\/uploads\/2025\/07\/Marr-2-1000x166.jpg\" height=\"200\" width=\"1200\" alt=\"\" class=\"slider-25573 slide-25684 msDefaultImage\" title=\"Marr 2\" \/><\/li>\n                <li style=\"display: none; width: 100%;\" class=\"slide-32412 ms-image \" aria-roledescription=\"slide\" data-date=\"2026-02-18 13:59:46\"><img src=\"https:\/\/sulsc.com\/wp-content\/uploads\/2026\/02\/40dc1580-cad5-4867-bc58-c4243821ad38-1000x166.jpeg\" height=\"200\" width=\"1200\" alt=\"\" class=\"slider-25573 slide-32412 msDefaultImage\" title=\"40dc1580-cad5-4867-bc58-c4243821ad38\" \/><\/li>\n                <li style=\"display: none; width: 100%;\" class=\"slide-32766 ms-image \" aria-roledescription=\"slide\" data-date=\"2026-03-03 17:22:59\"><img src=\"https:\/\/sulsc.com\/wp-content\/uploads\/2026\/03\/271ce739-f268-41c5-8051-3de1a1750359-1000x166.jpeg\" height=\"200\" width=\"1200\" alt=\"\" class=\"slider-25573 slide-32766 msDefaultImage\" title=\"271ce739-f268-41c5-8051-3de1a1750359\" \/><\/li>\n            <\/ul>\n        <\/div>\n        \n    <\/div>\n<\/div>\n<p><span dir=\"auto\" style=\"vertical-align: inherit;\"><span dir=\"auto\" style=\"vertical-align: inherit;\">O homem, procurado por crimes de assalto a bancos e homic\u00eddio, possu\u00eda um mandado de pris\u00e3o expedido e informa\u00e7\u00f5es indicavam que ele se escondia na regi\u00e3o. As equipes especializadas dos dois estados deslocaram-se at\u00e9 o endere\u00e7o indicado durante as investiga\u00e7\u00f5es.<\/span><\/span><\/p>\n<p><img decoding=\"async\" class=\"wp-image-30348 alignleft\" src=\"http:\/\/sulsc.com\/wp-content\/uploads\/2025\/12\/10fc8fc0-273a-4a27-bb65-b28a57f9d9ea.jpeg\" alt=\"\" width=\"198\" height=\"215\" srcset=\"https:\/\/sulsc.com\/wp-content\/uploads\/2025\/12\/10fc8fc0-273a-4a27-bb65-b28a57f9d9ea.jpeg 395w, https:\/\/sulsc.com\/wp-content\/uploads\/2025\/12\/10fc8fc0-273a-4a27-bb65-b28a57f9d9ea-276x300.jpeg 276w\" sizes=\"(max-width: 198px) 100vw, 198px\" \/><\/p>\n<p><span dir=\"auto\" style=\"vertical-align: inherit;\"><span dir=\"auto\" style=\"vertical-align: inherit;\">Conforme relatos iniciais, ao saber da aproxima\u00e7\u00e3o dos policiais, o suspeito reagiu \u00e0 abordagem. Diante da armada de agress\u00e3o, os operadores do BOPE responderam, e o indiv\u00edduo foi alvejado, n\u00e3o resistindo aos ferimentos e morrendo no local.<\/span><\/span><\/p>\n<p><span dir=\"auto\" style=\"vertical-align: inherit;\"><span dir=\"auto\" style=\"vertical-align: inherit;\">A \u00e1rea foi isolada, e a Pol\u00edcia Cient\u00edfica foi acionada para realizar uma per\u00edcia. O corpo ser\u00e1 encaminhado ao Instituto M\u00e9dico Legal (IML), e a Pol\u00edcia Civil acompanha o caso, que ser\u00e1 detalhado em relat\u00f3rio oficial ao longo do dia.<\/span><\/span><\/p>\n<div id=\"metaslider-id-25565\" style=\"width: 100%;\" class=\"ml-slider-3-99-0 metaslider metaslider-flex metaslider-25565 ml-slider has-onhover-arrows ms-theme-default-base has-dots-nav\" role=\"region\" aria-label=\"Lateral\" data-width=\"360\">\n    <div id=\"metaslider_container_25565\">\n        <div id=\"metaslider_25565\">\n            <ul class='slides'>\n                <li style=\"display: block; width: 100%;\" class=\"slide-27777 ms-image \" aria-roledescription=\"slide\" data-date=\"2025-09-30 10:25:44\"><img src=\"https:\/\/sulsc.com\/wp-content\/uploads\/2025\/09\/a41141d3-47d4-40ac-a5fc-7a8bdd7c1d21-1.jpg\" height=\"360\" width=\"360\" alt=\"\" class=\"slider-25565 slide-27777 msDefaultImage\" title=\"a41141d3-47d4-40ac-a5fc-7a8bdd7c1d21\" \/><\/li>\n                <li style=\"display: none; width: 100%;\" class=\"slide-27779 ms-image \" aria-roledescription=\"slide\" data-date=\"2025-09-30 10:30:55\"><img src=\"https:\/\/sulsc.com\/wp-content\/uploads\/2025\/09\/2757e88c-0fa4-4468-93c4-00ac345f5a03-1.jpg\" height=\"360\" width=\"360\" alt=\"\" class=\"slider-25565 slide-27779 msDefaultImage\" title=\"2757e88c-0fa4-4468-93c4-00ac345f5a03\" \/><\/li>\n            <\/ul>\n        <\/div>\n        \n    <\/div>\n<\/div>\n<p>&nbsp;<\/p>\n","protected":false},"excerpt":{"rendered":"<p>Na manh\u00e3 desta ter\u00e7a-feira (02), por volta das 6h, uma opera\u00e7\u00e3o conjunta entre o BOPE de Santa Catarina e o BOPE de Goi\u00e1s conseguiu localizar um foragido considerado de alta periculosidade no bairro Vila Nova, em Bra\u00e7o do Norte. O homem, procurado por crimes de assalto a bancos e homic\u00eddio, possu\u00eda um mandado de pris\u00e3o &hellip;<\/p>\n<p class=\"read-more\"> <a class=\"\" href=\"https:\/\/sulsc.com\/index.php\/2025\/12\/02\/acao-conjunta-entre-o-bope-de-sc-e-goias-capturam-suspeito-procurado-por-homicidio-nesta-amanha-em-braco-do-norte\/\"> <span class=\"screen-reader-text\">A\u00e7\u00e3o conjunta entre o BOPE de SC e Goi\u00e1s capturam suspeito procurado por homic\u00eddio nesta amanh\u00e3 em Bra\u00e7o do Norte<\/span> Read More &raquo;<\/a><\/p>\n","protected":false},"author":3,"featured_media":30349,"comment_status":"open","ping_status":"open","sticky":false,"template":"","format":"standard","meta":{"site-sidebar-layout":"default","site-content-layout":"","ast-site-content-layout":"default","site-content-style":"default","site-sidebar-style":"default","ast-global-header-display":"","ast-banner-title-visibility":"","ast-main-header-display":"","ast-hfb-above-header-display":"","ast-hfb-below-header-display":"","ast-hfb-mobile-header-display":"","site-post-title":"","ast-breadcrumbs-content":"","ast-featured-img":"","footer-sml-layout":"","theme-transparent-header-meta":"default","adv-header-id-meta":"","stick-header-meta":"","header-above-stick-meta":"","header-main-stick-meta":"","header-below-stick-meta":"","astra-migrate-meta-layouts":"set","footnotes":""},"categories":[2354,2231,1,14,8,12],"tags":[2780],"yoast_head":"<!-- This site is optimized with the Yoast SEO plugin v21.4 - https:\/\/yoast.com\/wordpress\/plugins\/seo\/ -->\n<title>A\u00e7\u00e3o conjunta entre o BOPE de SC e Goi\u00e1s capturam suspeito procurado por homic\u00eddio nesta amanh\u00e3 em Bra\u00e7o do Norte -<\/title>\n<meta name=\"robots\" content=\"index, follow, max-snippet:-1, max-image-preview:large, max-video-preview:-1\" \/>\n<link rel=\"canonical\" href=\"https:\/\/sulsc.com\/index.php\/2025\/12\/02\/acao-conjunta-entre-o-bope-de-sc-e-goias-capturam-suspeito-procurado-por-homicidio-nesta-amanha-em-braco-do-norte\/\" \/>\n<meta property=\"og:locale\" content=\"en_US\" \/>\n<meta property=\"og:type\" content=\"article\" \/>\n<meta property=\"og:title\" content=\"A\u00e7\u00e3o conjunta entre o BOPE de SC e Goi\u00e1s capturam suspeito procurado por homic\u00eddio nesta amanh\u00e3 em Bra\u00e7o do Norte -\" \/>\n<meta property=\"og:description\" content=\"Na manh\u00e3 desta ter\u00e7a-feira (02), por volta das 6h, uma opera\u00e7\u00e3o conjunta entre o BOPE de Santa Catarina e o BOPE de Goi\u00e1s conseguiu localizar um foragido considerado de alta periculosidade no bairro Vila Nova, em Bra\u00e7o do Norte. O homem, procurado por crimes de assalto a bancos e homic\u00eddio, possu\u00eda um mandado de pris\u00e3o &hellip; A\u00e7\u00e3o conjunta entre o BOPE de SC e Goi\u00e1s capturam suspeito procurado por homic\u00eddio nesta amanh\u00e3 em Bra\u00e7o do Norte Read More &raquo;\" \/>\n<meta property=\"og:url\" content=\"https:\/\/sulsc.com\/index.php\/2025\/12\/02\/acao-conjunta-entre-o-bope-de-sc-e-goias-capturam-suspeito-procurado-por-homicidio-nesta-amanha-em-braco-do-norte\/\" \/>\n<meta property=\"article:author\" content=\"https:\/\/www.facebook.com\/profile.php?id=61559278119680\" \/>\n<meta property=\"article:published_time\" content=\"2025-12-02T11:23:34+00:00\" \/>\n<meta property=\"article:modified_time\" content=\"2025-12-02T11:24:55+00:00\" \/>\n<meta property=\"og:image\" content=\"http:\/\/sulsc.com\/wp-content\/uploads\/2025\/12\/b49abe88-b619-46cb-b923-ff0674009d00.jpeg\" \/>\n\t<meta property=\"og:image:width\" content=\"411\" \/>\n\t<meta property=\"og:image:height\" content=\"437\" \/>\n\t<meta property=\"og:image:type\" content=\"image\/jpeg\" \/>\n<meta name=\"author\" content=\"Reda\u00e7\u00e3o Sul SC\" \/>\n<meta name=\"twitter:card\" content=\"summary_large_image\" \/>\n<meta name=\"twitter:creator\" content=\"@https:\/\/twitter.com\/PortalSulSC\" \/>\n<meta name=\"twitter:label1\" content=\"Written by\" \/>\n\t<meta name=\"twitter:data1\" content=\"Reda\u00e7\u00e3o Sul SC\" \/>\n\t<meta name=\"twitter:label2\" content=\"Est. reading time\" \/>\n\t<meta name=\"twitter:data2\" content=\"1 minute\" \/>\n<script type=\"application\/ld+json\" class=\"yoast-schema-graph\">{\"@context\":\"https:\/\/schema.org\",\"@graph\":[{\"@type\":\"WebPage\",\"@id\":\"https:\/\/sulsc.com\/index.php\/2025\/12\/02\/acao-conjunta-entre-o-bope-de-sc-e-goias-capturam-suspeito-procurado-por-homicidio-nesta-amanha-em-braco-do-norte\/\",\"url\":\"https:\/\/sulsc.com\/index.php\/2025\/12\/02\/acao-conjunta-entre-o-bope-de-sc-e-goias-capturam-suspeito-procurado-por-homicidio-nesta-amanha-em-braco-do-norte\/\",\"name\":\"A\u00e7\u00e3o conjunta entre o BOPE de SC e Goi\u00e1s capturam suspeito procurado por homic\u00eddio nesta amanh\u00e3 em Bra\u00e7o do Norte -\",\"isPartOf\":{\"@id\":\"https:\/\/sulsc.com\/#website\"},\"datePublished\":\"2025-12-02T11:23:34+00:00\",\"dateModified\":\"2025-12-02T11:24:55+00:00\",\"author\":{\"@id\":\"https:\/\/sulsc.com\/#\/schema\/person\/84d2fc571684f6248ba83092f07750a3\"},\"breadcrumb\":{\"@id\":\"https:\/\/sulsc.com\/index.php\/2025\/12\/02\/acao-conjunta-entre-o-bope-de-sc-e-goias-capturam-suspeito-procurado-por-homicidio-nesta-amanha-em-braco-do-norte\/#breadcrumb\"},\"inLanguage\":\"en-US\",\"potentialAction\":[{\"@type\":\"ReadAction\",\"target\":[\"https:\/\/sulsc.com\/index.php\/2025\/12\/02\/acao-conjunta-entre-o-bope-de-sc-e-goias-capturam-suspeito-procurado-por-homicidio-nesta-amanha-em-braco-do-norte\/\"]}]},{\"@type\":\"BreadcrumbList\",\"@id\":\"https:\/\/sulsc.com\/index.php\/2025\/12\/02\/acao-conjunta-entre-o-bope-de-sc-e-goias-capturam-suspeito-procurado-por-homicidio-nesta-amanha-em-braco-do-norte\/#breadcrumb\",\"itemListElement\":[{\"@type\":\"ListItem\",\"position\":1,\"name\":\"In\u00edcio\",\"item\":\"https:\/\/sulsc.com\/\"},{\"@type\":\"ListItem\",\"position\":2,\"name\":\"A\u00e7\u00e3o conjunta entre o BOPE de SC e Goi\u00e1s capturam suspeito procurado por homic\u00eddio nesta amanh\u00e3 em Bra\u00e7o do Norte\"}]},{\"@type\":\"WebSite\",\"@id\":\"https:\/\/sulsc.com\/#website\",\"url\":\"https:\/\/sulsc.com\/\",\"name\":\"\",\"description\":\"\",\"potentialAction\":[{\"@type\":\"SearchAction\",\"target\":{\"@type\":\"EntryPoint\",\"urlTemplate\":\"https:\/\/sulsc.com\/?s={search_term_string}\"},\"query-input\":\"required name=search_term_string\"}],\"inLanguage\":\"en-US\"},{\"@type\":\"Person\",\"@id\":\"https:\/\/sulsc.com\/#\/schema\/person\/84d2fc571684f6248ba83092f07750a3\",\"name\":\"Reda\u00e7\u00e3o Sul SC\",\"image\":{\"@type\":\"ImageObject\",\"inLanguage\":\"en-US\",\"@id\":\"https:\/\/sulsc.com\/#\/schema\/person\/image\/e08d7fe2cc4ed596372063bbe852b8d0\",\"url\":\"https:\/\/sulsc.com\/wp-content\/uploads\/2023\/09\/redacao.png\",\"contentUrl\":\"https:\/\/sulsc.com\/wp-content\/uploads\/2023\/09\/redacao.png\",\"caption\":\"Reda\u00e7\u00e3o Sul SC\"},\"description\":\"Foco em um jornalismo imparcial, voltado \u00e0 qualidade dos seus conte\u00fados e, assim, levar informa\u00e7\u00e3o de valor que agregue \u00e0 vida dos leitores. Esta \u00e9 grande miss\u00e3o do Portal de Not\u00edcias Sul SC. N\u00e3o \u00e9 quantidade que muda o mundo, sempre foi e seguir\u00e1 sendo qualidade!\",\"sameAs\":[\"https:\/\/sulsc.com\/\",\"https:\/\/www.facebook.com\/profile.php?id=61559278119680\",\"https:\/\/www.instagram.com\/sulscportal\/?hl=pt-br\",\"https:\/\/twitter.com\/https:\/\/twitter.com\/PortalSulSC\",\"https:\/\/www.youtube.com\/channel\/UCv_BE8GeySluDov2n8qhVmw\"],\"url\":\"https:\/\/sulsc.com\/index.php\/author\/redacao\/\"}]}<\/script>\n<!-- \/ Yoast SEO plugin. -->","yoast_head_json":{"title":"A\u00e7\u00e3o conjunta entre o BOPE de SC e Goi\u00e1s capturam suspeito procurado por homic\u00eddio nesta amanh\u00e3 em Bra\u00e7o do Norte -","robots":{"index":"index","follow":"follow","max-snippet":"max-snippet:-1","max-image-preview":"max-image-preview:large","max-video-preview":"max-video-preview:-1"},"canonical":"https:\/\/sulsc.com\/index.php\/2025\/12\/02\/acao-conjunta-entre-o-bope-de-sc-e-goias-capturam-suspeito-procurado-por-homicidio-nesta-amanha-em-braco-do-norte\/","og_locale":"en_US","og_type":"article","og_title":"A\u00e7\u00e3o conjunta entre o BOPE de SC e Goi\u00e1s capturam suspeito procurado por homic\u00eddio nesta amanh\u00e3 em Bra\u00e7o do Norte -","og_description":"Na manh\u00e3 desta ter\u00e7a-feira (02), por volta das 6h, uma opera\u00e7\u00e3o conjunta entre o BOPE de Santa Catarina e o BOPE de Goi\u00e1s conseguiu localizar um foragido considerado de alta periculosidade no bairro Vila Nova, em Bra\u00e7o do Norte. O homem, procurado por crimes de assalto a bancos e homic\u00eddio, possu\u00eda um mandado de pris\u00e3o &hellip; A\u00e7\u00e3o conjunta entre o BOPE de SC e Goi\u00e1s capturam suspeito procurado por homic\u00eddio nesta amanh\u00e3 em Bra\u00e7o do Norte Read More &raquo;","og_url":"https:\/\/sulsc.com\/index.php\/2025\/12\/02\/acao-conjunta-entre-o-bope-de-sc-e-goias-capturam-suspeito-procurado-por-homicidio-nesta-amanha-em-braco-do-norte\/","article_author":"https:\/\/www.facebook.com\/profile.php?id=61559278119680","article_published_time":"2025-12-02T11:23:34+00:00","article_modified_time":"2025-12-02T11:24:55+00:00","og_image":[{"width":411,"height":437,"url":"http:\/\/sulsc.com\/wp-content\/uploads\/2025\/12\/b49abe88-b619-46cb-b923-ff0674009d00.jpeg","type":"image\/jpeg"}],"author":"Reda\u00e7\u00e3o Sul SC","twitter_card":"summary_large_image","twitter_creator":"@https:\/\/twitter.com\/PortalSulSC","twitter_misc":{"Written by":"Reda\u00e7\u00e3o Sul SC","Est. reading time":"1 minute"},"schema":{"@context":"https:\/\/schema.org","@graph":[{"@type":"WebPage","@id":"https:\/\/sulsc.com\/index.php\/2025\/12\/02\/acao-conjunta-entre-o-bope-de-sc-e-goias-capturam-suspeito-procurado-por-homicidio-nesta-amanha-em-braco-do-norte\/","url":"https:\/\/sulsc.com\/index.php\/2025\/12\/02\/acao-conjunta-entre-o-bope-de-sc-e-goias-capturam-suspeito-procurado-por-homicidio-nesta-amanha-em-braco-do-norte\/","name":"A\u00e7\u00e3o conjunta entre o BOPE de SC e Goi\u00e1s capturam suspeito procurado por homic\u00eddio nesta amanh\u00e3 em Bra\u00e7o do Norte -","isPartOf":{"@id":"https:\/\/sulsc.com\/#website"},"datePublished":"2025-12-02T11:23:34+00:00","dateModified":"2025-12-02T11:24:55+00:00","author":{"@id":"https:\/\/sulsc.com\/#\/schema\/person\/84d2fc571684f6248ba83092f07750a3"},"breadcrumb":{"@id":"https:\/\/sulsc.com\/index.php\/2025\/12\/02\/acao-conjunta-entre-o-bope-de-sc-e-goias-capturam-suspeito-procurado-por-homicidio-nesta-amanha-em-braco-do-norte\/#breadcrumb"},"inLanguage":"en-US","potentialAction":[{"@type":"ReadAction","target":["https:\/\/sulsc.com\/index.php\/2025\/12\/02\/acao-conjunta-entre-o-bope-de-sc-e-goias-capturam-suspeito-procurado-por-homicidio-nesta-amanha-em-braco-do-norte\/"]}]},{"@type":"BreadcrumbList","@id":"https:\/\/sulsc.com\/index.php\/2025\/12\/02\/acao-conjunta-entre-o-bope-de-sc-e-goias-capturam-suspeito-procurado-por-homicidio-nesta-amanha-em-braco-do-norte\/#breadcrumb","itemListElement":[{"@type":"ListItem","position":1,"name":"In\u00edcio","item":"https:\/\/sulsc.com\/"},{"@type":"ListItem","position":2,"name":"A\u00e7\u00e3o conjunta entre o BOPE de SC e Goi\u00e1s capturam suspeito procurado por homic\u00eddio nesta amanh\u00e3 em Bra\u00e7o do Norte"}]},{"@type":"WebSite","@id":"https:\/\/sulsc.com\/#website","url":"https:\/\/sulsc.com\/","name":"","description":"","potentialAction":[{"@type":"SearchAction","target":{"@type":"EntryPoint","urlTemplate":"https:\/\/sulsc.com\/?s={search_term_string}"},"query-input":"required name=search_term_string"}],"inLanguage":"en-US"},{"@type":"Person","@id":"https:\/\/sulsc.com\/#\/schema\/person\/84d2fc571684f6248ba83092f07750a3","name":"Reda\u00e7\u00e3o Sul SC","image":{"@type":"ImageObject","inLanguage":"en-US","@id":"https:\/\/sulsc.com\/#\/schema\/person\/image\/e08d7fe2cc4ed596372063bbe852b8d0","url":"https:\/\/sulsc.com\/wp-content\/uploads\/2023\/09\/redacao.png","contentUrl":"https:\/\/sulsc.com\/wp-content\/uploads\/2023\/09\/redacao.png","caption":"Reda\u00e7\u00e3o Sul SC"},"description":"Foco em um jornalismo imparcial, voltado \u00e0 qualidade dos seus conte\u00fados e, assim, levar informa\u00e7\u00e3o de valor que agregue \u00e0 vida dos leitores. Esta \u00e9 grande miss\u00e3o do Portal de Not\u00edcias Sul SC. N\u00e3o \u00e9 quantidade que muda o mundo, sempre foi e seguir\u00e1 sendo qualidade!","sameAs":["https:\/\/sulsc.com\/","https:\/\/www.facebook.com\/profile.php?id=61559278119680","https:\/\/www.instagram.com\/sulscportal\/?hl=pt-br","https:\/\/twitter.com\/https:\/\/twitter.com\/PortalSulSC","https:\/\/www.youtube.com\/channel\/UCv_BE8GeySluDov2n8qhVmw"],"url":"https:\/\/sulsc.com\/index.php\/author\/redacao\/"}]}},"authors":[],"_links":{"self":[{"href":"https:\/\/sulsc.com\/index.php\/wp-json\/wp\/v2\/posts\/30347"}],"collection":[{"href":"https:\/\/sulsc.com\/index.php\/wp-json\/wp\/v2\/posts"}],"about":[{"href":"https:\/\/sulsc.com\/index.php\/wp-json\/wp\/v2\/types\/post"}],"author":[{"embeddable":true,"href":"https:\/\/sulsc.com\/index.php\/wp-json\/wp\/v2\/users\/3"}],"replies":[{"embeddable":true,"href":"https:\/\/sulsc.com\/index.php\/wp-json\/wp\/v2\/comments?post=30347"}],"version-history":[{"count":3,"href":"https:\/\/sulsc.com\/index.php\/wp-json\/wp\/v2\/posts\/30347\/revisions"}],"predecessor-version":[{"id":30352,"href":"https:\/\/sulsc.com\/index.php\/wp-json\/wp\/v2\/posts\/30347\/revisions\/30352"}],"wp:featuredmedia":[{"embeddable":true,"href":"https:\/\/sulsc.com\/index.php\/wp-json\/wp\/v2\/media\/30349"}],"wp:attachment":[{"href":"https:\/\/sulsc.com\/index.php\/wp-json\/wp\/v2\/media?parent=30347"}],"wp:term":[{"taxonomy":"category","embeddable":true,"href":"https:\/\/sulsc.com\/index.php\/wp-json\/wp\/v2\/categories?post=30347"},{"taxonomy":"post_tag","embeddable":true,"href":"https:\/\/sulsc.com\/index.php\/wp-json\/wp\/v2\/tags?post=30347"}],"curies":[{"name":"wp","href":"https:\/\/api.w.org\/{rel}","templated":true}]}}