{"id":30353,"date":"2025-12-02T09:05:57","date_gmt":"2025-12-02T12:05:57","guid":{"rendered":"https:\/\/sulsc.com\/?p=30353"},"modified":"2025-12-02T09:22:35","modified_gmt":"2025-12-02T12:22:35","slug":"caminhao-tomba-na-br-101-em-sangao-e-transito-enfrente-fila-de-12-km","status":"publish","type":"post","link":"https:\/\/sulsc.com\/index.php\/2025\/12\/02\/caminhao-tomba-na-br-101-em-sangao-e-transito-enfrente-fila-de-12-km\/","title":{"rendered":"Caminh\u00e3o tomba na BR-101 em Sang\u00e3o e tr\u00e2nsito enfrenta fila de 12 km"},"content":{"rendered":"<p>A BR-101 est\u00e1 totalmente bloqueada no sentido Norte, no km 359, em Sang\u00e3o\/SC, devido a um tombamento de um caminh\u00e3o carregado com uma carga de tomates, a carga ficou   que resultou no derramamento de carga sobre a pista. A situa\u00e7\u00e3o gerou uma fila de aproximadamente 12 km, levando a PRF a desviar o tr\u00e2nsito pela via marginal.<\/p>\n<p>Equipes da Pol\u00edcia Rodovi\u00e1ria Federal est\u00e3o no local e trabalham, a estimativa \u00e9 que a libera\u00e7\u00e3o da via aconte\u00e7a em breve, mas os motoristas devem permanecer atentos \u00e0s orienta\u00e7\u00f5es da PRF.<\/p>\n<p><img fetchpriority=\"high\" decoding=\"async\" class=\"aligncenter size-full wp-image-30354\" src=\"http:\/\/sulsc.com\/wp-content\/uploads\/2025\/12\/9a166338-ba92-4a92-9305-45d5e8dcc295.jpeg\" alt=\"\" width=\"700\" height=\"550\" srcset=\"https:\/\/sulsc.com\/wp-content\/uploads\/2025\/12\/9a166338-ba92-4a92-9305-45d5e8dcc295.jpeg 700w, https:\/\/sulsc.com\/wp-content\/uploads\/2025\/12\/9a166338-ba92-4a92-9305-45d5e8dcc295-300x236.jpeg 300w\" sizes=\"(max-width: 700px) 100vw, 700px\" \/><\/p>\n<p>PRF\/Divulga\u00e7\u00e3o\/SulSC<\/p>\n","protected":false},"excerpt":{"rendered":"<p>A BR-101 est\u00e1 totalmente bloqueada no sentido Norte, no km 359, em Sang\u00e3o\/SC, devido a um tombamento de um caminh\u00e3o carregado com uma carga de tomates, a carga ficou que resultou no derramamento de carga sobre a pista. A situa\u00e7\u00e3o gerou uma fila de aproximadamente 12 km, levando a PRF a desviar o tr\u00e2nsito pela &hellip;<\/p>\n<p class=\"read-more\"> <a class=\"\" href=\"https:\/\/sulsc.com\/index.php\/2025\/12\/02\/caminhao-tomba-na-br-101-em-sangao-e-transito-enfrente-fila-de-12-km\/\"> <span class=\"screen-reader-text\">Caminh\u00e3o tomba na BR-101 em Sang\u00e3o e tr\u00e2nsito enfrenta fila de 12 km<\/span> Read More &raquo;<\/a><\/p>\n","protected":false},"author":3,"featured_media":30354,"comment_status":"open","ping_status":"open","sticky":false,"template":"","format":"standard","meta":{"site-sidebar-layout":"default","site-content-layout":"","ast-site-content-layout":"default","site-content-style":"default","site-sidebar-style":"default","ast-global-header-display":"","ast-banner-title-visibility":"","ast-main-header-display":"","ast-hfb-above-header-display":"","ast-hfb-below-header-display":"","ast-hfb-mobile-header-display":"","site-post-title":"","ast-breadcrumbs-content":"","ast-featured-img":"","footer-sml-layout":"","theme-transparent-header-meta":"default","adv-header-id-meta":"","stick-header-meta":"","header-above-stick-meta":"","header-main-stick-meta":"","header-below-stick-meta":"","astra-migrate-meta-layouts":"set","footnotes":""},"categories":[2231,1,14,12],"tags":[2316],"yoast_head":"<!-- This site is optimized with the Yoast SEO plugin v21.4 - https:\/\/yoast.com\/wordpress\/plugins\/seo\/ -->\n<title>Caminh\u00e3o tomba na BR-101 em Sang\u00e3o e tr\u00e2nsito enfrenta fila de 12 km -<\/title>\n<meta name=\"robots\" content=\"index, follow, max-snippet:-1, max-image-preview:large, max-video-preview:-1\" \/>\n<link rel=\"canonical\" href=\"https:\/\/sulsc.com\/index.php\/2025\/12\/02\/caminhao-tomba-na-br-101-em-sangao-e-transito-enfrente-fila-de-12-km\/\" \/>\n<meta property=\"og:locale\" content=\"en_US\" \/>\n<meta property=\"og:type\" content=\"article\" \/>\n<meta property=\"og:title\" content=\"Caminh\u00e3o tomba na BR-101 em Sang\u00e3o e tr\u00e2nsito enfrenta fila de 12 km -\" \/>\n<meta property=\"og:description\" content=\"A BR-101 est\u00e1 totalmente bloqueada no sentido Norte, no km 359, em Sang\u00e3o\/SC, devido a um tombamento de um caminh\u00e3o carregado com uma carga de tomates, a carga ficou que resultou no derramamento de carga sobre a pista. A situa\u00e7\u00e3o gerou uma fila de aproximadamente 12 km, levando a PRF a desviar o tr\u00e2nsito pela &hellip; Caminh\u00e3o tomba na BR-101 em Sang\u00e3o e tr\u00e2nsito enfrenta fila de 12 km Read More &raquo;\" \/>\n<meta property=\"og:url\" content=\"https:\/\/sulsc.com\/index.php\/2025\/12\/02\/caminhao-tomba-na-br-101-em-sangao-e-transito-enfrente-fila-de-12-km\/\" \/>\n<meta property=\"article:author\" content=\"https:\/\/www.facebook.com\/profile.php?id=61559278119680\" \/>\n<meta property=\"article:published_time\" content=\"2025-12-02T12:05:57+00:00\" \/>\n<meta property=\"article:modified_time\" content=\"2025-12-02T12:22:35+00:00\" \/>\n<meta property=\"og:image\" content=\"https:\/\/sulsc.com\/wp-content\/uploads\/2025\/12\/9a166338-ba92-4a92-9305-45d5e8dcc295.jpeg\" \/>\n\t<meta property=\"og:image:width\" content=\"700\" \/>\n\t<meta property=\"og:image:height\" content=\"550\" \/>\n\t<meta property=\"og:image:type\" content=\"image\/jpeg\" \/>\n<meta name=\"author\" content=\"Reda\u00e7\u00e3o Sul SC\" \/>\n<meta name=\"twitter:card\" content=\"summary_large_image\" \/>\n<meta name=\"twitter:creator\" content=\"@https:\/\/twitter.com\/PortalSulSC\" \/>\n<meta name=\"twitter:label1\" content=\"Written by\" \/>\n\t<meta name=\"twitter:data1\" content=\"Reda\u00e7\u00e3o Sul SC\" \/>\n\t<meta name=\"twitter:label2\" content=\"Est. reading time\" \/>\n\t<meta name=\"twitter:data2\" content=\"1 minute\" \/>\n<script type=\"application\/ld+json\" class=\"yoast-schema-graph\">{\"@context\":\"https:\/\/schema.org\",\"@graph\":[{\"@type\":\"WebPage\",\"@id\":\"https:\/\/sulsc.com\/index.php\/2025\/12\/02\/caminhao-tomba-na-br-101-em-sangao-e-transito-enfrente-fila-de-12-km\/\",\"url\":\"https:\/\/sulsc.com\/index.php\/2025\/12\/02\/caminhao-tomba-na-br-101-em-sangao-e-transito-enfrente-fila-de-12-km\/\",\"name\":\"Caminh\u00e3o tomba na BR-101 em Sang\u00e3o e tr\u00e2nsito enfrenta fila de 12 km -\",\"isPartOf\":{\"@id\":\"https:\/\/sulsc.com\/#website\"},\"datePublished\":\"2025-12-02T12:05:57+00:00\",\"dateModified\":\"2025-12-02T12:22:35+00:00\",\"author\":{\"@id\":\"https:\/\/sulsc.com\/#\/schema\/person\/84d2fc571684f6248ba83092f07750a3\"},\"breadcrumb\":{\"@id\":\"https:\/\/sulsc.com\/index.php\/2025\/12\/02\/caminhao-tomba-na-br-101-em-sangao-e-transito-enfrente-fila-de-12-km\/#breadcrumb\"},\"inLanguage\":\"en-US\",\"potentialAction\":[{\"@type\":\"ReadAction\",\"target\":[\"https:\/\/sulsc.com\/index.php\/2025\/12\/02\/caminhao-tomba-na-br-101-em-sangao-e-transito-enfrente-fila-de-12-km\/\"]}]},{\"@type\":\"BreadcrumbList\",\"@id\":\"https:\/\/sulsc.com\/index.php\/2025\/12\/02\/caminhao-tomba-na-br-101-em-sangao-e-transito-enfrente-fila-de-12-km\/#breadcrumb\",\"itemListElement\":[{\"@type\":\"ListItem\",\"position\":1,\"name\":\"In\u00edcio\",\"item\":\"https:\/\/sulsc.com\/\"},{\"@type\":\"ListItem\",\"position\":2,\"name\":\"Caminh\u00e3o tomba na BR-101 em Sang\u00e3o e tr\u00e2nsito enfrenta fila de 12 km\"}]},{\"@type\":\"WebSite\",\"@id\":\"https:\/\/sulsc.com\/#website\",\"url\":\"https:\/\/sulsc.com\/\",\"name\":\"\",\"description\":\"\",\"potentialAction\":[{\"@type\":\"SearchAction\",\"target\":{\"@type\":\"EntryPoint\",\"urlTemplate\":\"https:\/\/sulsc.com\/?s={search_term_string}\"},\"query-input\":\"required name=search_term_string\"}],\"inLanguage\":\"en-US\"},{\"@type\":\"Person\",\"@id\":\"https:\/\/sulsc.com\/#\/schema\/person\/84d2fc571684f6248ba83092f07750a3\",\"name\":\"Reda\u00e7\u00e3o Sul SC\",\"image\":{\"@type\":\"ImageObject\",\"inLanguage\":\"en-US\",\"@id\":\"https:\/\/sulsc.com\/#\/schema\/person\/image\/e08d7fe2cc4ed596372063bbe852b8d0\",\"url\":\"https:\/\/sulsc.com\/wp-content\/uploads\/2023\/09\/redacao.png\",\"contentUrl\":\"https:\/\/sulsc.com\/wp-content\/uploads\/2023\/09\/redacao.png\",\"caption\":\"Reda\u00e7\u00e3o Sul SC\"},\"description\":\"Foco em um jornalismo imparcial, voltado \u00e0 qualidade dos seus conte\u00fados e, assim, levar informa\u00e7\u00e3o de valor que agregue \u00e0 vida dos leitores. Esta \u00e9 grande miss\u00e3o do Portal de Not\u00edcias Sul SC. N\u00e3o \u00e9 quantidade que muda o mundo, sempre foi e seguir\u00e1 sendo qualidade!\",\"sameAs\":[\"https:\/\/sulsc.com\/\",\"https:\/\/www.facebook.com\/profile.php?id=61559278119680\",\"https:\/\/www.instagram.com\/sulscportal\/?hl=pt-br\",\"https:\/\/twitter.com\/https:\/\/twitter.com\/PortalSulSC\",\"https:\/\/www.youtube.com\/channel\/UCv_BE8GeySluDov2n8qhVmw\"],\"url\":\"https:\/\/sulsc.com\/index.php\/author\/redacao\/\"}]}<\/script>\n<!-- \/ Yoast SEO plugin. -->","yoast_head_json":{"title":"Caminh\u00e3o tomba na BR-101 em Sang\u00e3o e tr\u00e2nsito enfrenta fila de 12 km -","robots":{"index":"index","follow":"follow","max-snippet":"max-snippet:-1","max-image-preview":"max-image-preview:large","max-video-preview":"max-video-preview:-1"},"canonical":"https:\/\/sulsc.com\/index.php\/2025\/12\/02\/caminhao-tomba-na-br-101-em-sangao-e-transito-enfrente-fila-de-12-km\/","og_locale":"en_US","og_type":"article","og_title":"Caminh\u00e3o tomba na BR-101 em Sang\u00e3o e tr\u00e2nsito enfrenta fila de 12 km -","og_description":"A BR-101 est\u00e1 totalmente bloqueada no sentido Norte, no km 359, em Sang\u00e3o\/SC, devido a um tombamento de um caminh\u00e3o carregado com uma carga de tomates, a carga ficou que resultou no derramamento de carga sobre a pista. A situa\u00e7\u00e3o gerou uma fila de aproximadamente 12 km, levando a PRF a desviar o tr\u00e2nsito pela &hellip; Caminh\u00e3o tomba na BR-101 em Sang\u00e3o e tr\u00e2nsito enfrenta fila de 12 km Read More &raquo;","og_url":"https:\/\/sulsc.com\/index.php\/2025\/12\/02\/caminhao-tomba-na-br-101-em-sangao-e-transito-enfrente-fila-de-12-km\/","article_author":"https:\/\/www.facebook.com\/profile.php?id=61559278119680","article_published_time":"2025-12-02T12:05:57+00:00","article_modified_time":"2025-12-02T12:22:35+00:00","og_image":[{"width":700,"height":550,"url":"https:\/\/sulsc.com\/wp-content\/uploads\/2025\/12\/9a166338-ba92-4a92-9305-45d5e8dcc295.jpeg","type":"image\/jpeg"}],"author":"Reda\u00e7\u00e3o Sul SC","twitter_card":"summary_large_image","twitter_creator":"@https:\/\/twitter.com\/PortalSulSC","twitter_misc":{"Written by":"Reda\u00e7\u00e3o Sul SC","Est. reading time":"1 minute"},"schema":{"@context":"https:\/\/schema.org","@graph":[{"@type":"WebPage","@id":"https:\/\/sulsc.com\/index.php\/2025\/12\/02\/caminhao-tomba-na-br-101-em-sangao-e-transito-enfrente-fila-de-12-km\/","url":"https:\/\/sulsc.com\/index.php\/2025\/12\/02\/caminhao-tomba-na-br-101-em-sangao-e-transito-enfrente-fila-de-12-km\/","name":"Caminh\u00e3o tomba na BR-101 em Sang\u00e3o e tr\u00e2nsito enfrenta fila de 12 km -","isPartOf":{"@id":"https:\/\/sulsc.com\/#website"},"datePublished":"2025-12-02T12:05:57+00:00","dateModified":"2025-12-02T12:22:35+00:00","author":{"@id":"https:\/\/sulsc.com\/#\/schema\/person\/84d2fc571684f6248ba83092f07750a3"},"breadcrumb":{"@id":"https:\/\/sulsc.com\/index.php\/2025\/12\/02\/caminhao-tomba-na-br-101-em-sangao-e-transito-enfrente-fila-de-12-km\/#breadcrumb"},"inLanguage":"en-US","potentialAction":[{"@type":"ReadAction","target":["https:\/\/sulsc.com\/index.php\/2025\/12\/02\/caminhao-tomba-na-br-101-em-sangao-e-transito-enfrente-fila-de-12-km\/"]}]},{"@type":"BreadcrumbList","@id":"https:\/\/sulsc.com\/index.php\/2025\/12\/02\/caminhao-tomba-na-br-101-em-sangao-e-transito-enfrente-fila-de-12-km\/#breadcrumb","itemListElement":[{"@type":"ListItem","position":1,"name":"In\u00edcio","item":"https:\/\/sulsc.com\/"},{"@type":"ListItem","position":2,"name":"Caminh\u00e3o tomba na BR-101 em Sang\u00e3o e tr\u00e2nsito enfrenta fila de 12 km"}]},{"@type":"WebSite","@id":"https:\/\/sulsc.com\/#website","url":"https:\/\/sulsc.com\/","name":"","description":"","potentialAction":[{"@type":"SearchAction","target":{"@type":"EntryPoint","urlTemplate":"https:\/\/sulsc.com\/?s={search_term_string}"},"query-input":"required name=search_term_string"}],"inLanguage":"en-US"},{"@type":"Person","@id":"https:\/\/sulsc.com\/#\/schema\/person\/84d2fc571684f6248ba83092f07750a3","name":"Reda\u00e7\u00e3o Sul SC","image":{"@type":"ImageObject","inLanguage":"en-US","@id":"https:\/\/sulsc.com\/#\/schema\/person\/image\/e08d7fe2cc4ed596372063bbe852b8d0","url":"https:\/\/sulsc.com\/wp-content\/uploads\/2023\/09\/redacao.png","contentUrl":"https:\/\/sulsc.com\/wp-content\/uploads\/2023\/09\/redacao.png","caption":"Reda\u00e7\u00e3o Sul SC"},"description":"Foco em um jornalismo imparcial, voltado \u00e0 qualidade dos seus conte\u00fados e, assim, levar informa\u00e7\u00e3o de valor que agregue \u00e0 vida dos leitores. Esta \u00e9 grande miss\u00e3o do Portal de Not\u00edcias Sul SC. N\u00e3o \u00e9 quantidade que muda o mundo, sempre foi e seguir\u00e1 sendo qualidade!","sameAs":["https:\/\/sulsc.com\/","https:\/\/www.facebook.com\/profile.php?id=61559278119680","https:\/\/www.instagram.com\/sulscportal\/?hl=pt-br","https:\/\/twitter.com\/https:\/\/twitter.com\/PortalSulSC","https:\/\/www.youtube.com\/channel\/UCv_BE8GeySluDov2n8qhVmw"],"url":"https:\/\/sulsc.com\/index.php\/author\/redacao\/"}]}},"authors":[],"_links":{"self":[{"href":"https:\/\/sulsc.com\/index.php\/wp-json\/wp\/v2\/posts\/30353"}],"collection":[{"href":"https:\/\/sulsc.com\/index.php\/wp-json\/wp\/v2\/posts"}],"about":[{"href":"https:\/\/sulsc.com\/index.php\/wp-json\/wp\/v2\/types\/post"}],"author":[{"embeddable":true,"href":"https:\/\/sulsc.com\/index.php\/wp-json\/wp\/v2\/users\/3"}],"replies":[{"embeddable":true,"href":"https:\/\/sulsc.com\/index.php\/wp-json\/wp\/v2\/comments?post=30353"}],"version-history":[{"count":2,"href":"https:\/\/sulsc.com\/index.php\/wp-json\/wp\/v2\/posts\/30353\/revisions"}],"predecessor-version":[{"id":30356,"href":"https:\/\/sulsc.com\/index.php\/wp-json\/wp\/v2\/posts\/30353\/revisions\/30356"}],"wp:featuredmedia":[{"embeddable":true,"href":"https:\/\/sulsc.com\/index.php\/wp-json\/wp\/v2\/media\/30354"}],"wp:attachment":[{"href":"https:\/\/sulsc.com\/index.php\/wp-json\/wp\/v2\/media?parent=30353"}],"wp:term":[{"taxonomy":"category","embeddable":true,"href":"https:\/\/sulsc.com\/index.php\/wp-json\/wp\/v2\/categories?post=30353"},{"taxonomy":"post_tag","embeddable":true,"href":"https:\/\/sulsc.com\/index.php\/wp-json\/wp\/v2\/tags?post=30353"}],"curies":[{"name":"wp","href":"https:\/\/api.w.org\/{rel}","templated":true}]}}