{"id":30370,"date":"2025-12-02T15:35:43","date_gmt":"2025-12-02T18:35:43","guid":{"rendered":"https:\/\/sulsc.com\/?p=30370"},"modified":"2025-12-02T15:35:43","modified_gmt":"2025-12-02T18:35:43","slug":"operacao-barbacena-investigacao-revela-violacao-de-direitos-em-clinicas-de-reabilitacao-no-sul-do-brasil","status":"publish","type":"post","link":"https:\/\/sulsc.com\/index.php\/2025\/12\/02\/operacao-barbacena-investigacao-revela-violacao-de-direitos-em-clinicas-de-reabilitacao-no-sul-do-brasil\/","title":{"rendered":"Opera\u00e7\u00e3o \u201cBarbacena\u201d: Investiga\u00e7\u00e3o revela viola\u00e7\u00e3o de direitos em cl\u00ednicas de reabilita\u00e7\u00e3o no sul do Brasil"},"content":{"rendered":"<p>Na madrugada desta ter\u00e7a-feira (02), a Pol\u00edcia Civil em Imbituba, deflagrou a opera\u00e7\u00e3o <strong>\u201cBarbacena\u201d<\/strong>, visando desarticular esquema criminoso que envolvia propriet\u00e1rios de cl\u00ednicas de reabilita\u00e7\u00e3o que realizavam interna\u00e7\u00e3o irregular de pacientes.<\/p>\n<p>O inqu\u00e9rito policial foi instaurado no in\u00edcio do m\u00eas de outubro, ap\u00f3s policiais civis que acompanhavam uma a\u00e7\u00e3o de fiscaliza\u00e7\u00e3o da Prefeitura Municipal de Imbituba receberem diversos relatos de pacientes que estavam internados contra sua vontade e sofrendo maus-tratos em uma unidade da cl\u00ednica em Imbituba.<\/p>\n<p>Segundo as investiga\u00e7\u00f5es, os pacientes eram abordados por indiv\u00edduos vestidos de preto, algumas vezes identificavam-se como policiais e, mediante amea\u00e7a, uso de for\u00e7a f\u00edsica e administra\u00e7\u00e3o de medicamentos, os pacientes eram conduzidos \u00e0s cl\u00ednicas dos investigados. As investiga\u00e7\u00f5es apontaram\u00a0 ainda que pacientes tiveram negada a sa\u00edda volunt\u00e1ria das unidades, sofreram aplica\u00e7\u00e3o de medicamentos sedativos, agress\u00f5es f\u00edsicas e conten\u00e7\u00e3o como m\u00e9todos de corre\u00e7\u00e3o disciplinar. Em rela\u00e7\u00e3o as alimenta\u00e7\u00f5es, o que\u00a0 forneciam era insuficiente em quantidade e qualidade nutricional. Referente aos medicamentos eram administrados por outros internos que atuavam como <strong>&#8220;apoios&#8221;<\/strong>, sem acompanhamento m\u00e9dico.<\/p>\n<div id=\"metaslider-id-25573\" style=\"width: 100%;\" class=\"ml-slider-3-99-0 metaslider metaslider-flex metaslider-25573 ml-slider has-onhover-arrows ms-theme-default-base has-dots-nav\" role=\"region\" aria-label=\"Meio\" data-width=\"1200\">\n    <div id=\"metaslider_container_25573\">\n        <div id=\"metaslider_25573\">\n            <ul class='slides'>\n                <li style=\"display: block; width: 100%;\" class=\"slide-25684 ms-image \" aria-roledescription=\"slide\" data-date=\"2025-07-24 07:55:40\"><img src=\"https:\/\/sulsc.com\/wp-content\/uploads\/2025\/07\/Marr-2-1000x166.jpg\" height=\"200\" width=\"1200\" alt=\"\" class=\"slider-25573 slide-25684 msDefaultImage\" title=\"Marr 2\" \/><\/li>\n                <li style=\"display: none; width: 100%;\" class=\"slide-32412 ms-image \" aria-roledescription=\"slide\" data-date=\"2026-02-18 13:59:46\"><img src=\"https:\/\/sulsc.com\/wp-content\/uploads\/2026\/02\/40dc1580-cad5-4867-bc58-c4243821ad38-1000x166.jpeg\" height=\"200\" width=\"1200\" alt=\"\" class=\"slider-25573 slide-32412 msDefaultImage\" title=\"40dc1580-cad5-4867-bc58-c4243821ad38\" \/><\/li>\n                <li style=\"display: none; width: 100%;\" class=\"slide-32766 ms-image \" aria-roledescription=\"slide\" data-date=\"2026-03-03 17:22:59\"><img src=\"https:\/\/sulsc.com\/wp-content\/uploads\/2026\/03\/271ce739-f268-41c5-8051-3de1a1750359-1000x166.jpeg\" height=\"200\" width=\"1200\" alt=\"\" class=\"slider-25573 slide-32766 msDefaultImage\" title=\"271ce739-f268-41c5-8051-3de1a1750359\" \/><\/li>\n            <\/ul>\n        <\/div>\n        \n    <\/div>\n<\/div>\n<p>A equipe de vigil\u00e2ncia sanit\u00e1ria do Munic\u00edpio de Imbituba elaborou relat\u00f3rio com informa\u00e7\u00f5es t\u00e9cnicas, demonstrando as diversas irregularidades, dentre as quais, a falta de alimentos, falta de condi\u00e7\u00f5es de higiene, a falta de controle sobre os medicamentos aplicados, a falta de registros sobre os pacientes encontrados no local.<\/p>\n<p>As investiga\u00e7\u00f5es constataram um esquema criminoso que envolvia uma esp\u00e9cie de agenciamento da contrata\u00e7\u00e3o do servi\u00e7o de \u201cremo\u00e7\u00e3o\u201d dos pacientes e a coloca\u00e7\u00e3o em cl\u00ednicas mantidas pelos envolvidos, ao menos, em Itapema, Garopaba, Imbituba e Itapo\u00e1. Nas investiga\u00e7\u00f5es tamb\u00e9m foi identificado que, quando havia algum tipo de den\u00fancia sobre as cl\u00ednicas, os pacientes eram removidos para outra unidade do mesmo grupo criminoso. Os familiares dos internados pagavam em torno de R$3 mil reais mensais para a cl\u00ednica, j\u00e1 os servi\u00e7os de remo\u00e7\u00e3o eram cobrados cerca de R$5 mil reais.<\/p>\n<p>Os investigados ostentavam uma vida de luxo, com carros importados e alto padr\u00e3o de vida. Dois dos investigados respondem a processo criminal por sequestro em raz\u00e3o da pr\u00e1tica das chamadas \u201cremo\u00e7\u00f5es\u201d, e estavam em liberdade provis\u00f3ria sob a condi\u00e7\u00e3o de n\u00e3o realizar servi\u00e7os deste tipo.<\/p>\n<p><img fetchpriority=\"high\" decoding=\"async\" class=\"aligncenter size-full wp-image-30371\" src=\"http:\/\/sulsc.com\/wp-content\/uploads\/2025\/12\/b5f5b159-d6a7-4f4a-b2a1-523da12b593c.jpeg\" alt=\"\" width=\"900\" height=\"1600\" srcset=\"https:\/\/sulsc.com\/wp-content\/uploads\/2025\/12\/b5f5b159-d6a7-4f4a-b2a1-523da12b593c.jpeg 900w, https:\/\/sulsc.com\/wp-content\/uploads\/2025\/12\/b5f5b159-d6a7-4f4a-b2a1-523da12b593c-169x300.jpeg 169w, https:\/\/sulsc.com\/wp-content\/uploads\/2025\/12\/b5f5b159-d6a7-4f4a-b2a1-523da12b593c-576x1024.jpeg 576w, https:\/\/sulsc.com\/wp-content\/uploads\/2025\/12\/b5f5b159-d6a7-4f4a-b2a1-523da12b593c-768x1365.jpeg 768w, https:\/\/sulsc.com\/wp-content\/uploads\/2025\/12\/b5f5b159-d6a7-4f4a-b2a1-523da12b593c-864x1536.jpeg 864w\" sizes=\"(max-width: 900px) 100vw, 900px\" \/><\/p>\n<p>PCSC\/Divulga\u00e7\u00e3o\/SulSC<\/p>\n<p>O nome da opera\u00e7\u00e3o deflagrada nesta manh\u00e3\u00a0 faz refer\u00eancia ao Hospital Col\u00f4nia de Barbacena, uma institui\u00e7\u00e3o psiqui\u00e1trica em Minas Gerais que se tornou s\u00edmbolo dos horrores e viola\u00e7\u00f5es dos direitos humanos no tratamento de pessoas com transtornos mentais no Brasil e que ficou tristemente conhecida como o <strong>&#8220;Holocausto Brasileiro&#8221;.<\/strong><\/p>\n<p>Durante a opera\u00e7\u00e3o foram cumpridos cinco mandados de busca e apreens\u00e3o nas cidades de Garopaba, Itapema, Balne\u00e1rio Cambori\u00fa e Porto Alegre\/RS, bem como decretado o bloqueio de valores, ve\u00edculos de luxo e im\u00f3veis em um total de mais de R$1 milh\u00e3o de reais dos envolvidos. Ainda foi cumprida a pris\u00e3o preventiva de um dos investigados, propriet\u00e1rio de uma das cl\u00ednicas envolvidas, no munic\u00edpio de Porto Alegre\/RS. Outros dois investigados encontram-se foragidos.<br \/>\nAs dilig\u00eancias ainda encontram-se em curso, com apoio de unidades da Pol\u00edcia Civil de Santa Catarina, Pol\u00edcia Civil do Rio Grande do Sul e Pol\u00edcia Militar de Santa Catarina<\/p>\n","protected":false},"excerpt":{"rendered":"<p>Na madrugada desta ter\u00e7a-feira (02), a Pol\u00edcia Civil em Imbituba, deflagrou a opera\u00e7\u00e3o \u201cBarbacena\u201d, visando desarticular esquema criminoso que envolvia propriet\u00e1rios de cl\u00ednicas de reabilita\u00e7\u00e3o que realizavam interna\u00e7\u00e3o irregular de pacientes. O inqu\u00e9rito policial foi instaurado no in\u00edcio do m\u00eas de outubro, ap\u00f3s policiais civis que acompanhavam uma a\u00e7\u00e3o de fiscaliza\u00e7\u00e3o da Prefeitura Municipal de &hellip;<\/p>\n<p class=\"read-more\"> <a class=\"\" href=\"https:\/\/sulsc.com\/index.php\/2025\/12\/02\/operacao-barbacena-investigacao-revela-violacao-de-direitos-em-clinicas-de-reabilitacao-no-sul-do-brasil\/\"> <span class=\"screen-reader-text\">Opera\u00e7\u00e3o \u201cBarbacena\u201d: Investiga\u00e7\u00e3o revela viola\u00e7\u00e3o de direitos em cl\u00ednicas de reabilita\u00e7\u00e3o no sul do Brasil<\/span> Read More &raquo;<\/a><\/p>\n","protected":false},"author":3,"featured_media":30372,"comment_status":"open","ping_status":"open","sticky":false,"template":"","format":"standard","meta":{"site-sidebar-layout":"default","site-content-layout":"","ast-site-content-layout":"default","site-content-style":"default","site-sidebar-style":"default","ast-global-header-display":"","ast-banner-title-visibility":"","ast-main-header-display":"","ast-hfb-above-header-display":"","ast-hfb-below-header-display":"","ast-hfb-mobile-header-display":"","site-post-title":"","ast-breadcrumbs-content":"","ast-featured-img":"","footer-sml-layout":"","theme-transparent-header-meta":"default","adv-header-id-meta":"","stick-header-meta":"","header-above-stick-meta":"","header-main-stick-meta":"","header-below-stick-meta":"","astra-migrate-meta-layouts":"set","footnotes":""},"categories":[2231,1,41,8,12],"tags":[2778],"yoast_head":"<!-- This site is optimized with the Yoast SEO plugin v21.4 - https:\/\/yoast.com\/wordpress\/plugins\/seo\/ -->\n<title>Opera\u00e7\u00e3o \u201cBarbacena\u201d: Investiga\u00e7\u00e3o revela viola\u00e7\u00e3o de direitos em cl\u00ednicas de reabilita\u00e7\u00e3o no sul do Brasil -<\/title>\n<meta name=\"robots\" content=\"index, follow, max-snippet:-1, max-image-preview:large, max-video-preview:-1\" \/>\n<link rel=\"canonical\" href=\"https:\/\/sulsc.com\/index.php\/2025\/12\/02\/operacao-barbacena-investigacao-revela-violacao-de-direitos-em-clinicas-de-reabilitacao-no-sul-do-brasil\/\" \/>\n<meta property=\"og:locale\" content=\"en_US\" \/>\n<meta property=\"og:type\" content=\"article\" \/>\n<meta property=\"og:title\" content=\"Opera\u00e7\u00e3o \u201cBarbacena\u201d: Investiga\u00e7\u00e3o revela viola\u00e7\u00e3o de direitos em cl\u00ednicas de reabilita\u00e7\u00e3o no sul do Brasil -\" \/>\n<meta property=\"og:description\" content=\"Na madrugada desta ter\u00e7a-feira (02), a Pol\u00edcia Civil em Imbituba, deflagrou a opera\u00e7\u00e3o \u201cBarbacena\u201d, visando desarticular esquema criminoso que envolvia propriet\u00e1rios de cl\u00ednicas de reabilita\u00e7\u00e3o que realizavam interna\u00e7\u00e3o irregular de pacientes. O inqu\u00e9rito policial foi instaurado no in\u00edcio do m\u00eas de outubro, ap\u00f3s policiais civis que acompanhavam uma a\u00e7\u00e3o de fiscaliza\u00e7\u00e3o da Prefeitura Municipal de &hellip; Opera\u00e7\u00e3o \u201cBarbacena\u201d: Investiga\u00e7\u00e3o revela viola\u00e7\u00e3o de direitos em cl\u00ednicas de reabilita\u00e7\u00e3o no sul do Brasil Read More &raquo;\" \/>\n<meta property=\"og:url\" content=\"https:\/\/sulsc.com\/index.php\/2025\/12\/02\/operacao-barbacena-investigacao-revela-violacao-de-direitos-em-clinicas-de-reabilitacao-no-sul-do-brasil\/\" \/>\n<meta property=\"article:author\" content=\"https:\/\/www.facebook.com\/profile.php?id=61559278119680\" \/>\n<meta property=\"article:published_time\" content=\"2025-12-02T18:35:43+00:00\" \/>\n<meta property=\"og:image\" content=\"http:\/\/sulsc.com\/wp-content\/uploads\/2025\/12\/c3ebadb4-7d6f-4c9a-ab9d-453b36b69a50.jpeg\" \/>\n\t<meta property=\"og:image:width\" content=\"1600\" \/>\n\t<meta property=\"og:image:height\" content=\"900\" \/>\n\t<meta property=\"og:image:type\" content=\"image\/jpeg\" \/>\n<meta name=\"author\" content=\"Reda\u00e7\u00e3o Sul SC\" \/>\n<meta name=\"twitter:card\" content=\"summary_large_image\" \/>\n<meta name=\"twitter:creator\" content=\"@https:\/\/twitter.com\/PortalSulSC\" \/>\n<meta name=\"twitter:label1\" content=\"Written by\" \/>\n\t<meta name=\"twitter:data1\" content=\"Reda\u00e7\u00e3o Sul SC\" \/>\n\t<meta name=\"twitter:label2\" content=\"Est. reading time\" \/>\n\t<meta name=\"twitter:data2\" content=\"3 minutes\" \/>\n<script type=\"application\/ld+json\" class=\"yoast-schema-graph\">{\"@context\":\"https:\/\/schema.org\",\"@graph\":[{\"@type\":\"WebPage\",\"@id\":\"https:\/\/sulsc.com\/index.php\/2025\/12\/02\/operacao-barbacena-investigacao-revela-violacao-de-direitos-em-clinicas-de-reabilitacao-no-sul-do-brasil\/\",\"url\":\"https:\/\/sulsc.com\/index.php\/2025\/12\/02\/operacao-barbacena-investigacao-revela-violacao-de-direitos-em-clinicas-de-reabilitacao-no-sul-do-brasil\/\",\"name\":\"Opera\u00e7\u00e3o \u201cBarbacena\u201d: Investiga\u00e7\u00e3o revela viola\u00e7\u00e3o de direitos em cl\u00ednicas de reabilita\u00e7\u00e3o no sul do Brasil -\",\"isPartOf\":{\"@id\":\"https:\/\/sulsc.com\/#website\"},\"datePublished\":\"2025-12-02T18:35:43+00:00\",\"dateModified\":\"2025-12-02T18:35:43+00:00\",\"author\":{\"@id\":\"https:\/\/sulsc.com\/#\/schema\/person\/84d2fc571684f6248ba83092f07750a3\"},\"breadcrumb\":{\"@id\":\"https:\/\/sulsc.com\/index.php\/2025\/12\/02\/operacao-barbacena-investigacao-revela-violacao-de-direitos-em-clinicas-de-reabilitacao-no-sul-do-brasil\/#breadcrumb\"},\"inLanguage\":\"en-US\",\"potentialAction\":[{\"@type\":\"ReadAction\",\"target\":[\"https:\/\/sulsc.com\/index.php\/2025\/12\/02\/operacao-barbacena-investigacao-revela-violacao-de-direitos-em-clinicas-de-reabilitacao-no-sul-do-brasil\/\"]}]},{\"@type\":\"BreadcrumbList\",\"@id\":\"https:\/\/sulsc.com\/index.php\/2025\/12\/02\/operacao-barbacena-investigacao-revela-violacao-de-direitos-em-clinicas-de-reabilitacao-no-sul-do-brasil\/#breadcrumb\",\"itemListElement\":[{\"@type\":\"ListItem\",\"position\":1,\"name\":\"In\u00edcio\",\"item\":\"https:\/\/sulsc.com\/\"},{\"@type\":\"ListItem\",\"position\":2,\"name\":\"Opera\u00e7\u00e3o \u201cBarbacena\u201d: Investiga\u00e7\u00e3o revela viola\u00e7\u00e3o de direitos em cl\u00ednicas de reabilita\u00e7\u00e3o no sul do Brasil\"}]},{\"@type\":\"WebSite\",\"@id\":\"https:\/\/sulsc.com\/#website\",\"url\":\"https:\/\/sulsc.com\/\",\"name\":\"\",\"description\":\"\",\"potentialAction\":[{\"@type\":\"SearchAction\",\"target\":{\"@type\":\"EntryPoint\",\"urlTemplate\":\"https:\/\/sulsc.com\/?s={search_term_string}\"},\"query-input\":\"required name=search_term_string\"}],\"inLanguage\":\"en-US\"},{\"@type\":\"Person\",\"@id\":\"https:\/\/sulsc.com\/#\/schema\/person\/84d2fc571684f6248ba83092f07750a3\",\"name\":\"Reda\u00e7\u00e3o Sul SC\",\"image\":{\"@type\":\"ImageObject\",\"inLanguage\":\"en-US\",\"@id\":\"https:\/\/sulsc.com\/#\/schema\/person\/image\/e08d7fe2cc4ed596372063bbe852b8d0\",\"url\":\"https:\/\/sulsc.com\/wp-content\/uploads\/2023\/09\/redacao.png\",\"contentUrl\":\"https:\/\/sulsc.com\/wp-content\/uploads\/2023\/09\/redacao.png\",\"caption\":\"Reda\u00e7\u00e3o Sul SC\"},\"description\":\"Foco em um jornalismo imparcial, voltado \u00e0 qualidade dos seus conte\u00fados e, assim, levar informa\u00e7\u00e3o de valor que agregue \u00e0 vida dos leitores. Esta \u00e9 grande miss\u00e3o do Portal de Not\u00edcias Sul SC. N\u00e3o \u00e9 quantidade que muda o mundo, sempre foi e seguir\u00e1 sendo qualidade!\",\"sameAs\":[\"https:\/\/sulsc.com\/\",\"https:\/\/www.facebook.com\/profile.php?id=61559278119680\",\"https:\/\/www.instagram.com\/sulscportal\/?hl=pt-br\",\"https:\/\/twitter.com\/https:\/\/twitter.com\/PortalSulSC\",\"https:\/\/www.youtube.com\/channel\/UCv_BE8GeySluDov2n8qhVmw\"],\"url\":\"https:\/\/sulsc.com\/index.php\/author\/redacao\/\"}]}<\/script>\n<!-- \/ Yoast SEO plugin. -->","yoast_head_json":{"title":"Opera\u00e7\u00e3o \u201cBarbacena\u201d: Investiga\u00e7\u00e3o revela viola\u00e7\u00e3o de direitos em cl\u00ednicas de reabilita\u00e7\u00e3o no sul do Brasil -","robots":{"index":"index","follow":"follow","max-snippet":"max-snippet:-1","max-image-preview":"max-image-preview:large","max-video-preview":"max-video-preview:-1"},"canonical":"https:\/\/sulsc.com\/index.php\/2025\/12\/02\/operacao-barbacena-investigacao-revela-violacao-de-direitos-em-clinicas-de-reabilitacao-no-sul-do-brasil\/","og_locale":"en_US","og_type":"article","og_title":"Opera\u00e7\u00e3o \u201cBarbacena\u201d: Investiga\u00e7\u00e3o revela viola\u00e7\u00e3o de direitos em cl\u00ednicas de reabilita\u00e7\u00e3o no sul do Brasil -","og_description":"Na madrugada desta ter\u00e7a-feira (02), a Pol\u00edcia Civil em Imbituba, deflagrou a opera\u00e7\u00e3o \u201cBarbacena\u201d, visando desarticular esquema criminoso que envolvia propriet\u00e1rios de cl\u00ednicas de reabilita\u00e7\u00e3o que realizavam interna\u00e7\u00e3o irregular de pacientes. O inqu\u00e9rito policial foi instaurado no in\u00edcio do m\u00eas de outubro, ap\u00f3s policiais civis que acompanhavam uma a\u00e7\u00e3o de fiscaliza\u00e7\u00e3o da Prefeitura Municipal de &hellip; Opera\u00e7\u00e3o \u201cBarbacena\u201d: Investiga\u00e7\u00e3o revela viola\u00e7\u00e3o de direitos em cl\u00ednicas de reabilita\u00e7\u00e3o no sul do Brasil Read More &raquo;","og_url":"https:\/\/sulsc.com\/index.php\/2025\/12\/02\/operacao-barbacena-investigacao-revela-violacao-de-direitos-em-clinicas-de-reabilitacao-no-sul-do-brasil\/","article_author":"https:\/\/www.facebook.com\/profile.php?id=61559278119680","article_published_time":"2025-12-02T18:35:43+00:00","og_image":[{"width":1600,"height":900,"url":"http:\/\/sulsc.com\/wp-content\/uploads\/2025\/12\/c3ebadb4-7d6f-4c9a-ab9d-453b36b69a50.jpeg","type":"image\/jpeg"}],"author":"Reda\u00e7\u00e3o Sul SC","twitter_card":"summary_large_image","twitter_creator":"@https:\/\/twitter.com\/PortalSulSC","twitter_misc":{"Written by":"Reda\u00e7\u00e3o Sul SC","Est. reading time":"3 minutes"},"schema":{"@context":"https:\/\/schema.org","@graph":[{"@type":"WebPage","@id":"https:\/\/sulsc.com\/index.php\/2025\/12\/02\/operacao-barbacena-investigacao-revela-violacao-de-direitos-em-clinicas-de-reabilitacao-no-sul-do-brasil\/","url":"https:\/\/sulsc.com\/index.php\/2025\/12\/02\/operacao-barbacena-investigacao-revela-violacao-de-direitos-em-clinicas-de-reabilitacao-no-sul-do-brasil\/","name":"Opera\u00e7\u00e3o \u201cBarbacena\u201d: Investiga\u00e7\u00e3o revela viola\u00e7\u00e3o de direitos em cl\u00ednicas de reabilita\u00e7\u00e3o no sul do Brasil -","isPartOf":{"@id":"https:\/\/sulsc.com\/#website"},"datePublished":"2025-12-02T18:35:43+00:00","dateModified":"2025-12-02T18:35:43+00:00","author":{"@id":"https:\/\/sulsc.com\/#\/schema\/person\/84d2fc571684f6248ba83092f07750a3"},"breadcrumb":{"@id":"https:\/\/sulsc.com\/index.php\/2025\/12\/02\/operacao-barbacena-investigacao-revela-violacao-de-direitos-em-clinicas-de-reabilitacao-no-sul-do-brasil\/#breadcrumb"},"inLanguage":"en-US","potentialAction":[{"@type":"ReadAction","target":["https:\/\/sulsc.com\/index.php\/2025\/12\/02\/operacao-barbacena-investigacao-revela-violacao-de-direitos-em-clinicas-de-reabilitacao-no-sul-do-brasil\/"]}]},{"@type":"BreadcrumbList","@id":"https:\/\/sulsc.com\/index.php\/2025\/12\/02\/operacao-barbacena-investigacao-revela-violacao-de-direitos-em-clinicas-de-reabilitacao-no-sul-do-brasil\/#breadcrumb","itemListElement":[{"@type":"ListItem","position":1,"name":"In\u00edcio","item":"https:\/\/sulsc.com\/"},{"@type":"ListItem","position":2,"name":"Opera\u00e7\u00e3o \u201cBarbacena\u201d: Investiga\u00e7\u00e3o revela viola\u00e7\u00e3o de direitos em cl\u00ednicas de reabilita\u00e7\u00e3o no sul do Brasil"}]},{"@type":"WebSite","@id":"https:\/\/sulsc.com\/#website","url":"https:\/\/sulsc.com\/","name":"","description":"","potentialAction":[{"@type":"SearchAction","target":{"@type":"EntryPoint","urlTemplate":"https:\/\/sulsc.com\/?s={search_term_string}"},"query-input":"required name=search_term_string"}],"inLanguage":"en-US"},{"@type":"Person","@id":"https:\/\/sulsc.com\/#\/schema\/person\/84d2fc571684f6248ba83092f07750a3","name":"Reda\u00e7\u00e3o Sul SC","image":{"@type":"ImageObject","inLanguage":"en-US","@id":"https:\/\/sulsc.com\/#\/schema\/person\/image\/e08d7fe2cc4ed596372063bbe852b8d0","url":"https:\/\/sulsc.com\/wp-content\/uploads\/2023\/09\/redacao.png","contentUrl":"https:\/\/sulsc.com\/wp-content\/uploads\/2023\/09\/redacao.png","caption":"Reda\u00e7\u00e3o Sul SC"},"description":"Foco em um jornalismo imparcial, voltado \u00e0 qualidade dos seus conte\u00fados e, assim, levar informa\u00e7\u00e3o de valor que agregue \u00e0 vida dos leitores. Esta \u00e9 grande miss\u00e3o do Portal de Not\u00edcias Sul SC. N\u00e3o \u00e9 quantidade que muda o mundo, sempre foi e seguir\u00e1 sendo qualidade!","sameAs":["https:\/\/sulsc.com\/","https:\/\/www.facebook.com\/profile.php?id=61559278119680","https:\/\/www.instagram.com\/sulscportal\/?hl=pt-br","https:\/\/twitter.com\/https:\/\/twitter.com\/PortalSulSC","https:\/\/www.youtube.com\/channel\/UCv_BE8GeySluDov2n8qhVmw"],"url":"https:\/\/sulsc.com\/index.php\/author\/redacao\/"}]}},"authors":[],"_links":{"self":[{"href":"https:\/\/sulsc.com\/index.php\/wp-json\/wp\/v2\/posts\/30370"}],"collection":[{"href":"https:\/\/sulsc.com\/index.php\/wp-json\/wp\/v2\/posts"}],"about":[{"href":"https:\/\/sulsc.com\/index.php\/wp-json\/wp\/v2\/types\/post"}],"author":[{"embeddable":true,"href":"https:\/\/sulsc.com\/index.php\/wp-json\/wp\/v2\/users\/3"}],"replies":[{"embeddable":true,"href":"https:\/\/sulsc.com\/index.php\/wp-json\/wp\/v2\/comments?post=30370"}],"version-history":[{"count":1,"href":"https:\/\/sulsc.com\/index.php\/wp-json\/wp\/v2\/posts\/30370\/revisions"}],"predecessor-version":[{"id":30373,"href":"https:\/\/sulsc.com\/index.php\/wp-json\/wp\/v2\/posts\/30370\/revisions\/30373"}],"wp:featuredmedia":[{"embeddable":true,"href":"https:\/\/sulsc.com\/index.php\/wp-json\/wp\/v2\/media\/30372"}],"wp:attachment":[{"href":"https:\/\/sulsc.com\/index.php\/wp-json\/wp\/v2\/media?parent=30370"}],"wp:term":[{"taxonomy":"category","embeddable":true,"href":"https:\/\/sulsc.com\/index.php\/wp-json\/wp\/v2\/categories?post=30370"},{"taxonomy":"post_tag","embeddable":true,"href":"https:\/\/sulsc.com\/index.php\/wp-json\/wp\/v2\/tags?post=30370"}],"curies":[{"name":"wp","href":"https:\/\/api.w.org\/{rel}","templated":true}]}}