{"id":30374,"date":"2025-12-02T16:00:23","date_gmt":"2025-12-02T19:00:23","guid":{"rendered":"https:\/\/sulsc.com\/?p=30374"},"modified":"2025-12-03T07:14:46","modified_gmt":"2025-12-03T10:14:46","slug":"racionalizado-por-sabrina-zapelini-minatto-o-centro-nao-da-voto-entao-nao-merece-cuidado","status":"publish","type":"post","link":"https:\/\/sulsc.com\/index.php\/2025\/12\/02\/racionalizado-por-sabrina-zapelini-minatto-o-centro-nao-da-voto-entao-nao-merece-cuidado\/","title":{"rendered":"Racionalizando por Sabrina Zapelini Minatto &#8211; O Centro n\u00e3o d\u00e1 voto? Ent\u00e3o n\u00e3o merece cuidado?"},"content":{"rendered":"<p><strong><span dir=\"auto\" style=\"vertical-align: inherit;\"><span dir=\"auto\" style=\"vertical-align: inherit;\">O bairro mais antigo da cidade n\u00e3o pede privil\u00e9gio:<\/span><\/span><\/strong><span dir=\"auto\" style=\"vertical-align: inherit;\"><span dir=\"auto\" style=\"vertical-align: inherit;\"> pede respeito, seguran\u00e7a e gest\u00e3o respons\u00e1vel.<\/span><\/span><\/p>\n<p><span dir=\"auto\" style=\"vertical-align: inherit;\"><span dir=\"auto\" style=\"vertical-align: inherit;\">O desprezo pelo Bairro Centro n\u00e3o come\u00e7ou hoje, e a desculpa de que \u201cn\u00e3o d\u00e1 voto\u201d s\u00f3 agravou o problema.<\/span><\/span><\/p>\n<p><span dir=\"auto\" style=\"vertical-align: inherit;\"><span dir=\"auto\" style=\"vertical-align: inherit;\">O Bairro Centro, que deveria ser a vitrine de Crici\u00fama, vem acumulando sinais claros de abandono. E isso n\u00e3o \u00e9 de agora. Quem vive, trabalha ou circula aqui percebe diariamente o descaso: cal\u00e7adas quebradas, falha de ilumina\u00e7\u00e3o, tr\u00e2nsito desorganizado, falta de fiscaliza\u00e7\u00e3o e uma obstru\u00e7\u00e3o que avan\u00e7a ano ap\u00f3s ano.<\/span><\/span><\/p>\n<p><span dir=\"auto\" style=\"vertical-align: inherit;\"><span dir=\"auto\" style=\"vertical-align: inherit;\">Esse abandono n\u00e3o come\u00e7ou hoje. O Centro vem sendo desprezado desde a d\u00e9cada de 90. O cidad\u00e3o do Centro est\u00e1 sendo tratado como coadjuvante na pr\u00f3pria cidade.<\/span><\/span><\/p>\n<div id=\"metaslider-id-25573\" style=\"width: 100%;\" class=\"ml-slider-3-99-0 metaslider metaslider-flex metaslider-25573 ml-slider has-onhover-arrows ms-theme-default-base has-dots-nav\" role=\"region\" aria-label=\"Meio\" data-width=\"1200\">\n    <div id=\"metaslider_container_25573\">\n        <div id=\"metaslider_25573\">\n            <ul class='slides'>\n                <li style=\"display: block; width: 100%;\" class=\"slide-25684 ms-image \" aria-roledescription=\"slide\" data-date=\"2025-07-24 07:55:40\"><img src=\"https:\/\/sulsc.com\/wp-content\/uploads\/2025\/07\/Marr-2-1000x166.jpg\" height=\"200\" width=\"1200\" alt=\"\" class=\"slider-25573 slide-25684 msDefaultImage\" title=\"Marr 2\" \/><\/li>\n                <li style=\"display: none; width: 100%;\" class=\"slide-32412 ms-image \" aria-roledescription=\"slide\" data-date=\"2026-02-18 13:59:46\"><img src=\"https:\/\/sulsc.com\/wp-content\/uploads\/2026\/02\/40dc1580-cad5-4867-bc58-c4243821ad38-1000x166.jpeg\" height=\"200\" width=\"1200\" alt=\"\" class=\"slider-25573 slide-32412 msDefaultImage\" title=\"40dc1580-cad5-4867-bc58-c4243821ad38\" \/><\/li>\n                <li style=\"display: none; width: 100%;\" class=\"slide-32766 ms-image \" aria-roledescription=\"slide\" data-date=\"2026-03-03 17:22:59\"><img src=\"https:\/\/sulsc.com\/wp-content\/uploads\/2026\/03\/271ce739-f268-41c5-8051-3de1a1750359-1000x166.jpeg\" height=\"200\" width=\"1200\" alt=\"\" class=\"slider-25573 slide-32766 msDefaultImage\" title=\"271ce739-f268-41c5-8051-3de1a1750359\" \/><\/li>\n            <\/ul>\n        <\/div>\n        \n    <\/div>\n<\/div>\n<p><span dir=\"auto\" style=\"vertical-align: inherit;\"><span dir=\"auto\" style=\"vertical-align: inherit;\">H\u00e1 algo que n\u00e3o pode ser ignorado: o Centro \u00e9 onde Crici\u00fama come\u00e7ou. \u00c9 o bairro mais antigo, com 145 anos de hist\u00f3ria. Foi aqui que a cidade nasceu e cresceu. \u00c9 o ponto de encontro, passagem, refer\u00eancia e circula\u00e7\u00e3o regional. Ou seja, negligenciar o Centro \u00e9 negligenciar a pr\u00f3pria identidade da cidade e o fluxo di\u00e1rio de quem depende dele.<\/span><\/span><\/p>\n<p><span dir=\"auto\" style=\"vertical-align: inherit;\"><span dir=\"auto\" style=\"vertical-align: inherit;\">Existe algo ainda mais grave circulando: a ideia de que o Centro estaria abandonado porque \u201cn\u00e3o elegemos ningu\u00e9m\u201d, porque \u201cn\u00e3o d\u00e1 voto\u201d. Quando ouvi isso pela primeira vez, custei a acreditar. Se isso \u00e9 realmente l\u00f3gico, ent\u00e3o estamos diante de um problema muito maior do que buracos e estrutura. Estamos falando de falta de compromisso p\u00fablico.<\/span><\/span><\/p>\n<p><strong><span dir=\"auto\" style=\"vertical-align: inherit;\"><span dir=\"auto\" style=\"vertical-align: inherit;\">E a\u00ed surge uma pergunta que ningu\u00e9m responde:<\/span><\/span><\/strong><\/p>\n<p><span dir=\"auto\" style=\"vertical-align: inherit;\"><span dir=\"auto\" style=\"vertical-align: inherit;\">Se o Centro \u201cn\u00e3o d\u00e1 voto\u201d, por que usa o Centro quando precisa? <\/span><\/span><br \/>\n<span dir=\"auto\" style=\"vertical-align: inherit;\"><span dir=\"auto\" style=\"vertical-align: inherit;\">Usam para eventos, para fotos oficiais, para inaugura\u00e7\u00f5es, para propaganda de cidade organizada. Na hora de aparecer bem na foto, o Centro serve. Na hora de cuidar das ruas, da manuten\u00e7\u00e3o b\u00e1sica, da seguran\u00e7a e do tr\u00e2nsito, o bairro parece n\u00e3o ter import\u00e2ncia.<\/span><\/span><\/p>\n<p><img fetchpriority=\"high\" decoding=\"async\" class=\"aligncenter size-full wp-image-30375\" src=\"http:\/\/sulsc.com\/wp-content\/uploads\/2025\/12\/32629827-b583-4a24-a8fe-61d6a49d392f.jpeg\" alt=\"\" width=\"1200\" height=\"1600\" srcset=\"https:\/\/sulsc.com\/wp-content\/uploads\/2025\/12\/32629827-b583-4a24-a8fe-61d6a49d392f.jpeg 1200w, https:\/\/sulsc.com\/wp-content\/uploads\/2025\/12\/32629827-b583-4a24-a8fe-61d6a49d392f-225x300.jpeg 225w, https:\/\/sulsc.com\/wp-content\/uploads\/2025\/12\/32629827-b583-4a24-a8fe-61d6a49d392f-768x1024.jpeg 768w, https:\/\/sulsc.com\/wp-content\/uploads\/2025\/12\/32629827-b583-4a24-a8fe-61d6a49d392f-1152x1536.jpeg 1152w\" sizes=\"(max-width: 1200px) 100vw, 1200px\" \/><\/p>\n<p><span dir=\"auto\" style=\"vertical-align: inherit;\"><span dir=\"auto\" style=\"vertical-align: inherit;\">Fotos: Coluna Racionalizando\/Divulga\u00e7\u00e3o\/SulSC<\/span><\/span><\/p>\n<p><span dir=\"auto\" style=\"vertical-align: inherit;\"><span dir=\"auto\" style=\"vertical-align: inherit;\">H\u00e1 um ponto crucial que n\u00e3o pode ser ignorado: a inseguran\u00e7a ao anoitecer. Depois das 18h, o Centro muda completamente. Os com\u00e9rcios fecham mais cedo, os trabalhadores evitam caminhar sozinhos, os estudantes t\u00eam recebimento de circular, e quem mora aqui sabe que o bairro perde vida e ganha risco. O que deveria ser um espa\u00e7o vivo, iluminado e movimentado se transforma em um cen\u00e1rio vazio e inseguro.<\/span><\/span><\/p>\n<p><img decoding=\"async\" class=\"aligncenter size-full wp-image-30376\" src=\"http:\/\/sulsc.com\/wp-content\/uploads\/2025\/12\/12d64a59-1c87-4984-af57-0b98af522608.jpeg\" alt=\"\" width=\"1600\" height=\"1200\" srcset=\"https:\/\/sulsc.com\/wp-content\/uploads\/2025\/12\/12d64a59-1c87-4984-af57-0b98af522608.jpeg 1600w, https:\/\/sulsc.com\/wp-content\/uploads\/2025\/12\/12d64a59-1c87-4984-af57-0b98af522608-300x225.jpeg 300w, https:\/\/sulsc.com\/wp-content\/uploads\/2025\/12\/12d64a59-1c87-4984-af57-0b98af522608-1024x768.jpeg 1024w, https:\/\/sulsc.com\/wp-content\/uploads\/2025\/12\/12d64a59-1c87-4984-af57-0b98af522608-768x576.jpeg 768w, https:\/\/sulsc.com\/wp-content\/uploads\/2025\/12\/12d64a59-1c87-4984-af57-0b98af522608-1536x1152.jpeg 1536w\" sizes=\"(max-width: 1600px) 100vw, 1600px\" \/><\/p>\n<p><span dir=\"auto\" style=\"vertical-align: inherit;\"><span dir=\"auto\" style=\"vertical-align: inherit;\">E h\u00e1 outro ponto que precisa ser dito com todas as letras: o voto do Bairro Centro \u00e9 voto de opini\u00e3o. N\u00e3o \u00e9 voto comprado, n\u00e3o \u00e9 voto pressionado, n\u00e3o \u00e9 voto de troca. \u00c9 voto consciente, cr\u00edtico, informado. \u00c9 justamente por isso que incomoda. \u00c9 muito mais f\u00e1cil ignorar um bairro que pensa, questiona, analisa e cobra. Mas \u00e9 exatamente esse tipo de eleitor que fortalece a democracia e eleva o n\u00edvel da pol\u00edtica.<\/span><\/span><\/p>\n<p><span dir=\"auto\" style=\"vertical-align: inherit;\"><span dir=\"auto\" style=\"vertical-align: inherit;\">O Centro sempre teve papel estrat\u00e9gico para a cidade. \u00c9 aqui que a vida econ\u00f3mica acontece, onde trabalhadores, comerciantes, estudantes e turistas circulam todos os dias. \u00c9 uma regi\u00e3o que sustenta o ritmo de Crici\u00fama e que, com raz\u00e3o, deveria ser prioridade, e n\u00e3o um cen\u00e1rio relegado ao desafio pol\u00edtico.<\/span><\/span><\/p>\n<p><span dir=\"auto\" style=\"vertical-align: inherit;\"><span dir=\"auto\" style=\"vertical-align: inherit;\">E para piorar, decis\u00f5es recentes mostram que a seguran\u00e7a e o cuidado com o patrim\u00f4nio p\u00fablico parecem estar longe da lista de prioridades. Um exemplo claro disso foi o veto do prefeito Vagner Espindola ao projeto de lei que prev\u00ea multas para pichadores. Em vez de fortalecer a fiscaliza\u00e7\u00e3o e proteger o espa\u00e7o que representa a hist\u00f3ria da cidade, a escolha foi a de recuar.<\/span><\/span><\/p>\n<p><strong><span dir=\"auto\" style=\"vertical-align: inherit;\"><span dir=\"auto\" style=\"vertical-align: inherit;\">O Centro n\u00e3o pede favor. <\/span><\/span><\/strong><br \/>\n<strong><span dir=\"auto\" style=\"vertical-align: inherit;\"><span dir=\"auto\" style=\"vertical-align: inherit;\">Pede respeito e responsabilidade de quem governa.<\/span><\/span><\/strong><\/p>\n<p><span dir=\"auto\" style=\"vertical-align: inherit;\"><span dir=\"auto\" style=\"vertical-align: inherit;\">@sabrinazminatto<\/span><\/span><\/p>\n","protected":false},"excerpt":{"rendered":"<p>O bairro mais antigo da cidade n\u00e3o pede privil\u00e9gio: pede respeito, seguran\u00e7a e gest\u00e3o respons\u00e1vel. O desprezo pelo Bairro Centro n\u00e3o come\u00e7ou hoje, e a desculpa de que \u201cn\u00e3o d\u00e1 voto\u201d s\u00f3 agravou o problema. O Bairro Centro, que deveria ser a vitrine de Crici\u00fama, vem acumulando sinais claros de abandono. E isso n\u00e3o \u00e9 &hellip;<\/p>\n<p class=\"read-more\"> <a class=\"\" href=\"https:\/\/sulsc.com\/index.php\/2025\/12\/02\/racionalizado-por-sabrina-zapelini-minatto-o-centro-nao-da-voto-entao-nao-merece-cuidado\/\"> <span class=\"screen-reader-text\">Racionalizando por Sabrina Zapelini Minatto &#8211; O Centro n\u00e3o d\u00e1 voto? Ent\u00e3o n\u00e3o merece cuidado?<\/span> Read More &raquo;<\/a><\/p>\n","protected":false},"author":25,"featured_media":30377,"comment_status":"open","ping_status":"open","sticky":false,"template":"","format":"standard","meta":{"site-sidebar-layout":"default","site-content-layout":"","ast-site-content-layout":"default","site-content-style":"default","site-sidebar-style":"default","ast-global-header-display":"","ast-banner-title-visibility":"","ast-main-header-display":"","ast-hfb-above-header-display":"","ast-hfb-below-header-display":"","ast-hfb-mobile-header-display":"","site-post-title":"","ast-breadcrumbs-content":"","ast-featured-img":"","footer-sml-layout":"","theme-transparent-header-meta":"default","adv-header-id-meta":"","stick-header-meta":"","header-above-stick-meta":"","header-main-stick-meta":"","header-below-stick-meta":"","astra-migrate-meta-layouts":"set","footnotes":""},"categories":[2354,13,23,1,12],"tags":[2754],"yoast_head":"<!-- This site is optimized with the Yoast SEO plugin v21.4 - https:\/\/yoast.com\/wordpress\/plugins\/seo\/ -->\n<title>Racionalizando por Sabrina Zapelini Minatto - O Centro n\u00e3o d\u00e1 voto? Ent\u00e3o n\u00e3o merece cuidado? -<\/title>\n<meta name=\"robots\" content=\"index, follow, max-snippet:-1, max-image-preview:large, max-video-preview:-1\" \/>\n<link rel=\"canonical\" href=\"https:\/\/sulsc.com\/index.php\/2025\/12\/02\/racionalizado-por-sabrina-zapelini-minatto-o-centro-nao-da-voto-entao-nao-merece-cuidado\/\" \/>\n<meta property=\"og:locale\" content=\"en_US\" \/>\n<meta property=\"og:type\" content=\"article\" \/>\n<meta property=\"og:title\" content=\"Racionalizando por Sabrina Zapelini Minatto - O Centro n\u00e3o d\u00e1 voto? Ent\u00e3o n\u00e3o merece cuidado? -\" \/>\n<meta property=\"og:description\" content=\"O bairro mais antigo da cidade n\u00e3o pede privil\u00e9gio: pede respeito, seguran\u00e7a e gest\u00e3o respons\u00e1vel. O desprezo pelo Bairro Centro n\u00e3o come\u00e7ou hoje, e a desculpa de que \u201cn\u00e3o d\u00e1 voto\u201d s\u00f3 agravou o problema. O Bairro Centro, que deveria ser a vitrine de Crici\u00fama, vem acumulando sinais claros de abandono. E isso n\u00e3o \u00e9 &hellip; Racionalizando por Sabrina Zapelini Minatto &#8211; O Centro n\u00e3o d\u00e1 voto? Ent\u00e3o n\u00e3o merece cuidado? Read More &raquo;\" \/>\n<meta property=\"og:url\" content=\"https:\/\/sulsc.com\/index.php\/2025\/12\/02\/racionalizado-por-sabrina-zapelini-minatto-o-centro-nao-da-voto-entao-nao-merece-cuidado\/\" \/>\n<meta property=\"article:published_time\" content=\"2025-12-02T19:00:23+00:00\" \/>\n<meta property=\"article:modified_time\" content=\"2025-12-03T10:14:46+00:00\" \/>\n<meta property=\"og:image\" content=\"http:\/\/sulsc.com\/wp-content\/uploads\/2025\/12\/1f1097ba-3b69-47f6-9615-3da8caa60a49.jpeg\" \/>\n\t<meta property=\"og:image:width\" content=\"1600\" \/>\n\t<meta property=\"og:image:height\" content=\"1200\" \/>\n\t<meta property=\"og:image:type\" content=\"image\/jpeg\" \/>\n<meta name=\"author\" content=\"Racionalizando\" \/>\n<meta name=\"twitter:card\" content=\"summary_large_image\" \/>\n<meta name=\"twitter:label1\" content=\"Written by\" \/>\n\t<meta name=\"twitter:data1\" content=\"Racionalizando\" \/>\n\t<meta name=\"twitter:label2\" content=\"Est. reading time\" \/>\n\t<meta name=\"twitter:data2\" content=\"3 minutes\" \/>\n<script type=\"application\/ld+json\" class=\"yoast-schema-graph\">{\"@context\":\"https:\/\/schema.org\",\"@graph\":[{\"@type\":\"WebPage\",\"@id\":\"https:\/\/sulsc.com\/index.php\/2025\/12\/02\/racionalizado-por-sabrina-zapelini-minatto-o-centro-nao-da-voto-entao-nao-merece-cuidado\/\",\"url\":\"https:\/\/sulsc.com\/index.php\/2025\/12\/02\/racionalizado-por-sabrina-zapelini-minatto-o-centro-nao-da-voto-entao-nao-merece-cuidado\/\",\"name\":\"Racionalizando por Sabrina Zapelini Minatto - O Centro n\u00e3o d\u00e1 voto? Ent\u00e3o n\u00e3o merece cuidado? -\",\"isPartOf\":{\"@id\":\"https:\/\/sulsc.com\/#website\"},\"datePublished\":\"2025-12-02T19:00:23+00:00\",\"dateModified\":\"2025-12-03T10:14:46+00:00\",\"author\":{\"@id\":\"https:\/\/sulsc.com\/#\/schema\/person\/249eb129ff349b1e4963560f92b44990\"},\"breadcrumb\":{\"@id\":\"https:\/\/sulsc.com\/index.php\/2025\/12\/02\/racionalizado-por-sabrina-zapelini-minatto-o-centro-nao-da-voto-entao-nao-merece-cuidado\/#breadcrumb\"},\"inLanguage\":\"en-US\",\"potentialAction\":[{\"@type\":\"ReadAction\",\"target\":[\"https:\/\/sulsc.com\/index.php\/2025\/12\/02\/racionalizado-por-sabrina-zapelini-minatto-o-centro-nao-da-voto-entao-nao-merece-cuidado\/\"]}]},{\"@type\":\"BreadcrumbList\",\"@id\":\"https:\/\/sulsc.com\/index.php\/2025\/12\/02\/racionalizado-por-sabrina-zapelini-minatto-o-centro-nao-da-voto-entao-nao-merece-cuidado\/#breadcrumb\",\"itemListElement\":[{\"@type\":\"ListItem\",\"position\":1,\"name\":\"In\u00edcio\",\"item\":\"https:\/\/sulsc.com\/\"},{\"@type\":\"ListItem\",\"position\":2,\"name\":\"Racionalizando por Sabrina Zapelini Minatto &#8211; O Centro n\u00e3o d\u00e1 voto? Ent\u00e3o n\u00e3o merece cuidado?\"}]},{\"@type\":\"WebSite\",\"@id\":\"https:\/\/sulsc.com\/#website\",\"url\":\"https:\/\/sulsc.com\/\",\"name\":\"\",\"description\":\"\",\"potentialAction\":[{\"@type\":\"SearchAction\",\"target\":{\"@type\":\"EntryPoint\",\"urlTemplate\":\"https:\/\/sulsc.com\/?s={search_term_string}\"},\"query-input\":\"required name=search_term_string\"}],\"inLanguage\":\"en-US\"},{\"@type\":\"Person\",\"@id\":\"https:\/\/sulsc.com\/#\/schema\/person\/249eb129ff349b1e4963560f92b44990\",\"name\":\"Racionalizando por Sabrina Zapelini Minatto\",\"image\":{\"@type\":\"ImageObject\",\"inLanguage\":\"en-US\",\"@id\":\"https:\/\/sulsc.com\/#\/schema\/person\/image\/0e5bbf2cffc7abd460acc5a1d6cffdbe\",\"url\":\"https:\/\/sulsc.com\/wp-content\/uploads\/2025\/11\/Sabrina.png\",\"contentUrl\":\"https:\/\/sulsc.com\/wp-content\/uploads\/2025\/11\/Sabrina.png\",\"caption\":\"Racionalizando por Sabrina Zapelini Minatto\"},\"description\":\"Fundadora e presidente da Associa\u00e7\u00e3o das Mulheres Pol\u00edticas do Sul (AMPS), que tem o papel fundamental em prol das mulheres do Sul Catarinense, e contribui na constru\u00e7\u00e3o participativa de uma sociedade mais solid\u00e1ria e inclusiva. Com uma coluna semanal, \u201cRacionalizando\u201d buscar\u00e1 transmitir aos leitores: an\u00e1lise, reflex\u00e3o, pensamento cr\u00edtico \u2014 alinhado \u00e0 pol\u00edtica e aos valores. Opini\u00e3o sobre pol\u00edtica, valores e assuntos que fazem parte do dia a dia, de forma direta, sincera e pr\u00f3xima de quem l\u00ea. \u00a0\",\"url\":\"https:\/\/sulsc.com\/index.php\/author\/sabrina-zapelini-minatto\/\"}]}<\/script>\n<!-- \/ Yoast SEO plugin. -->","yoast_head_json":{"title":"Racionalizando por Sabrina Zapelini Minatto - O Centro n\u00e3o d\u00e1 voto? Ent\u00e3o n\u00e3o merece cuidado? -","robots":{"index":"index","follow":"follow","max-snippet":"max-snippet:-1","max-image-preview":"max-image-preview:large","max-video-preview":"max-video-preview:-1"},"canonical":"https:\/\/sulsc.com\/index.php\/2025\/12\/02\/racionalizado-por-sabrina-zapelini-minatto-o-centro-nao-da-voto-entao-nao-merece-cuidado\/","og_locale":"en_US","og_type":"article","og_title":"Racionalizando por Sabrina Zapelini Minatto - O Centro n\u00e3o d\u00e1 voto? Ent\u00e3o n\u00e3o merece cuidado? -","og_description":"O bairro mais antigo da cidade n\u00e3o pede privil\u00e9gio: pede respeito, seguran\u00e7a e gest\u00e3o respons\u00e1vel. O desprezo pelo Bairro Centro n\u00e3o come\u00e7ou hoje, e a desculpa de que \u201cn\u00e3o d\u00e1 voto\u201d s\u00f3 agravou o problema. O Bairro Centro, que deveria ser a vitrine de Crici\u00fama, vem acumulando sinais claros de abandono. E isso n\u00e3o \u00e9 &hellip; Racionalizando por Sabrina Zapelini Minatto &#8211; O Centro n\u00e3o d\u00e1 voto? Ent\u00e3o n\u00e3o merece cuidado? Read More &raquo;","og_url":"https:\/\/sulsc.com\/index.php\/2025\/12\/02\/racionalizado-por-sabrina-zapelini-minatto-o-centro-nao-da-voto-entao-nao-merece-cuidado\/","article_published_time":"2025-12-02T19:00:23+00:00","article_modified_time":"2025-12-03T10:14:46+00:00","og_image":[{"width":1600,"height":1200,"url":"http:\/\/sulsc.com\/wp-content\/uploads\/2025\/12\/1f1097ba-3b69-47f6-9615-3da8caa60a49.jpeg","type":"image\/jpeg"}],"author":"Racionalizando","twitter_card":"summary_large_image","twitter_misc":{"Written by":"Racionalizando","Est. reading time":"3 minutes"},"schema":{"@context":"https:\/\/schema.org","@graph":[{"@type":"WebPage","@id":"https:\/\/sulsc.com\/index.php\/2025\/12\/02\/racionalizado-por-sabrina-zapelini-minatto-o-centro-nao-da-voto-entao-nao-merece-cuidado\/","url":"https:\/\/sulsc.com\/index.php\/2025\/12\/02\/racionalizado-por-sabrina-zapelini-minatto-o-centro-nao-da-voto-entao-nao-merece-cuidado\/","name":"Racionalizando por Sabrina Zapelini Minatto - O Centro n\u00e3o d\u00e1 voto? Ent\u00e3o n\u00e3o merece cuidado? -","isPartOf":{"@id":"https:\/\/sulsc.com\/#website"},"datePublished":"2025-12-02T19:00:23+00:00","dateModified":"2025-12-03T10:14:46+00:00","author":{"@id":"https:\/\/sulsc.com\/#\/schema\/person\/249eb129ff349b1e4963560f92b44990"},"breadcrumb":{"@id":"https:\/\/sulsc.com\/index.php\/2025\/12\/02\/racionalizado-por-sabrina-zapelini-minatto-o-centro-nao-da-voto-entao-nao-merece-cuidado\/#breadcrumb"},"inLanguage":"en-US","potentialAction":[{"@type":"ReadAction","target":["https:\/\/sulsc.com\/index.php\/2025\/12\/02\/racionalizado-por-sabrina-zapelini-minatto-o-centro-nao-da-voto-entao-nao-merece-cuidado\/"]}]},{"@type":"BreadcrumbList","@id":"https:\/\/sulsc.com\/index.php\/2025\/12\/02\/racionalizado-por-sabrina-zapelini-minatto-o-centro-nao-da-voto-entao-nao-merece-cuidado\/#breadcrumb","itemListElement":[{"@type":"ListItem","position":1,"name":"In\u00edcio","item":"https:\/\/sulsc.com\/"},{"@type":"ListItem","position":2,"name":"Racionalizando por Sabrina Zapelini Minatto &#8211; O Centro n\u00e3o d\u00e1 voto? Ent\u00e3o n\u00e3o merece cuidado?"}]},{"@type":"WebSite","@id":"https:\/\/sulsc.com\/#website","url":"https:\/\/sulsc.com\/","name":"","description":"","potentialAction":[{"@type":"SearchAction","target":{"@type":"EntryPoint","urlTemplate":"https:\/\/sulsc.com\/?s={search_term_string}"},"query-input":"required name=search_term_string"}],"inLanguage":"en-US"},{"@type":"Person","@id":"https:\/\/sulsc.com\/#\/schema\/person\/249eb129ff349b1e4963560f92b44990","name":"Racionalizando por Sabrina Zapelini Minatto","image":{"@type":"ImageObject","inLanguage":"en-US","@id":"https:\/\/sulsc.com\/#\/schema\/person\/image\/0e5bbf2cffc7abd460acc5a1d6cffdbe","url":"https:\/\/sulsc.com\/wp-content\/uploads\/2025\/11\/Sabrina.png","contentUrl":"https:\/\/sulsc.com\/wp-content\/uploads\/2025\/11\/Sabrina.png","caption":"Racionalizando por Sabrina Zapelini Minatto"},"description":"Fundadora e presidente da Associa\u00e7\u00e3o das Mulheres Pol\u00edticas do Sul (AMPS), que tem o papel fundamental em prol das mulheres do Sul Catarinense, e contribui na constru\u00e7\u00e3o participativa de uma sociedade mais solid\u00e1ria e inclusiva. Com uma coluna semanal, \u201cRacionalizando\u201d buscar\u00e1 transmitir aos leitores: an\u00e1lise, reflex\u00e3o, pensamento cr\u00edtico \u2014 alinhado \u00e0 pol\u00edtica e aos valores. Opini\u00e3o sobre pol\u00edtica, valores e assuntos que fazem parte do dia a dia, de forma direta, sincera e pr\u00f3xima de quem l\u00ea. \u00a0","url":"https:\/\/sulsc.com\/index.php\/author\/sabrina-zapelini-minatto\/"}]}},"authors":[],"_links":{"self":[{"href":"https:\/\/sulsc.com\/index.php\/wp-json\/wp\/v2\/posts\/30374"}],"collection":[{"href":"https:\/\/sulsc.com\/index.php\/wp-json\/wp\/v2\/posts"}],"about":[{"href":"https:\/\/sulsc.com\/index.php\/wp-json\/wp\/v2\/types\/post"}],"author":[{"embeddable":true,"href":"https:\/\/sulsc.com\/index.php\/wp-json\/wp\/v2\/users\/25"}],"replies":[{"embeddable":true,"href":"https:\/\/sulsc.com\/index.php\/wp-json\/wp\/v2\/comments?post=30374"}],"version-history":[{"count":2,"href":"https:\/\/sulsc.com\/index.php\/wp-json\/wp\/v2\/posts\/30374\/revisions"}],"predecessor-version":[{"id":30390,"href":"https:\/\/sulsc.com\/index.php\/wp-json\/wp\/v2\/posts\/30374\/revisions\/30390"}],"wp:featuredmedia":[{"embeddable":true,"href":"https:\/\/sulsc.com\/index.php\/wp-json\/wp\/v2\/media\/30377"}],"wp:attachment":[{"href":"https:\/\/sulsc.com\/index.php\/wp-json\/wp\/v2\/media?parent=30374"}],"wp:term":[{"taxonomy":"category","embeddable":true,"href":"https:\/\/sulsc.com\/index.php\/wp-json\/wp\/v2\/categories?post=30374"},{"taxonomy":"post_tag","embeddable":true,"href":"https:\/\/sulsc.com\/index.php\/wp-json\/wp\/v2\/tags?post=30374"}],"curies":[{"name":"wp","href":"https:\/\/api.w.org\/{rel}","templated":true}]}}