{"id":30379,"date":"2025-12-02T18:18:32","date_gmt":"2025-12-02T21:18:32","guid":{"rendered":"https:\/\/sulsc.com\/?p=30379"},"modified":"2025-12-02T18:18:32","modified_gmt":"2025-12-02T21:18:32","slug":"idoso-de-68-anos-e-preso-em-pescaria-brava-por-ameaca-com-arma-de-fogo","status":"publish","type":"post","link":"https:\/\/sulsc.com\/index.php\/2025\/12\/02\/idoso-de-68-anos-e-preso-em-pescaria-brava-por-ameaca-com-arma-de-fogo\/","title":{"rendered":"Idoso de 68 anos \u00e9 preso em Pescaria Brava por amea\u00e7a com arma de fogo"},"content":{"rendered":"<p>Nesta segunda-feira (01), a Pol\u00edcia Civil, por meio da Delegacia de Pescaria Brava, cumpriu um mandado de busca e apreens\u00e3o referente a amea\u00e7as relacionadas ao uso de arma de fogo. O foco da opera\u00e7\u00e3o foi um homem de 68 anos, suspeito de ter amea\u00e7ado duas pessoas enquanto portava uma arma.<\/p>\n<div id=\"metaslider-id-25573\" style=\"width: 100%;\" class=\"ml-slider-3-99-0 metaslider metaslider-flex metaslider-25573 ml-slider has-onhover-arrows ms-theme-default-base has-dots-nav\" role=\"region\" aria-label=\"Meio\" data-width=\"1200\">\n    <div id=\"metaslider_container_25573\">\n        <div id=\"metaslider_25573\">\n            <ul class='slides'>\n                <li style=\"display: block; width: 100%;\" class=\"slide-25684 ms-image \" aria-roledescription=\"slide\" data-date=\"2025-07-24 07:55:40\"><img src=\"https:\/\/sulsc.com\/wp-content\/uploads\/2025\/07\/Marr-2-1000x166.jpg\" height=\"200\" width=\"1200\" alt=\"\" class=\"slider-25573 slide-25684 msDefaultImage\" title=\"Marr 2\" \/><\/li>\n                <li style=\"display: none; width: 100%;\" class=\"slide-32412 ms-image \" aria-roledescription=\"slide\" data-date=\"2026-02-18 13:59:46\"><img src=\"https:\/\/sulsc.com\/wp-content\/uploads\/2026\/02\/40dc1580-cad5-4867-bc58-c4243821ad38-1000x166.jpeg\" height=\"200\" width=\"1200\" alt=\"\" class=\"slider-25573 slide-32412 msDefaultImage\" title=\"40dc1580-cad5-4867-bc58-c4243821ad38\" \/><\/li>\n                <li style=\"display: none; width: 100%;\" class=\"slide-32766 ms-image \" aria-roledescription=\"slide\" data-date=\"2026-03-03 17:22:59\"><img src=\"https:\/\/sulsc.com\/wp-content\/uploads\/2026\/03\/271ce739-f268-41c5-8051-3de1a1750359-1000x166.jpeg\" height=\"200\" width=\"1200\" alt=\"\" class=\"slider-25573 slide-32766 msDefaultImage\" title=\"271ce739-f268-41c5-8051-3de1a1750359\" \/><\/li>\n            <\/ul>\n        <\/div>\n        \n    <\/div>\n<\/div>\n<p>Durante a a\u00e7\u00e3o, foram encontrados e apreendidos dois rev\u00f3lveres e tr\u00eas espingardas na resid\u00eancia do investigado. Entre as armas, uma espingarda de press\u00e3o havia sido modificada para calibre .22 e estava equipada com um silenciador, al\u00e9m de uma grande quantidade de muni\u00e7\u00f5es.<\/p>\n<p>O idoso foi conduzido \u00e0 Delegacia, onde prestou depoimento \u00e0 autoridade policial, que investiga o caso em andamento. A opera\u00e7\u00e3o refor\u00e7a o compromisso da Pol\u00edcia Civil em garantir a seguran\u00e7a da comunidade e combater a posse irregular de armas.<\/p>\n<p><img fetchpriority=\"high\" decoding=\"async\" class=\"aligncenter size-full wp-image-1176\" src=\"http:\/\/sulsc.com\/wp-content\/uploads\/2023\/09\/policia-civil.jpg\" alt=\"\" width=\"950\" height=\"633\" srcset=\"https:\/\/sulsc.com\/wp-content\/uploads\/2023\/09\/policia-civil.jpg 950w, https:\/\/sulsc.com\/wp-content\/uploads\/2023\/09\/policia-civil-300x200.jpg 300w, https:\/\/sulsc.com\/wp-content\/uploads\/2023\/09\/policia-civil-768x512.jpg 768w\" sizes=\"(max-width: 950px) 100vw, 950px\" \/><\/p>\n<p>PCSC\/Divulga\u00e7\u00e3o\/SulSC<\/p>\n","protected":false},"excerpt":{"rendered":"<p>Nesta segunda-feira (01), a Pol\u00edcia Civil, por meio da Delegacia de Pescaria Brava, cumpriu um mandado de busca e apreens\u00e3o referente a amea\u00e7as relacionadas ao uso de arma de fogo. O foco da opera\u00e7\u00e3o foi um homem de 68 anos, suspeito de ter amea\u00e7ado duas pessoas enquanto portava uma arma. Durante a a\u00e7\u00e3o, foram encontrados &hellip;<\/p>\n<p class=\"read-more\"> <a class=\"\" href=\"https:\/\/sulsc.com\/index.php\/2025\/12\/02\/idoso-de-68-anos-e-preso-em-pescaria-brava-por-ameaca-com-arma-de-fogo\/\"> <span class=\"screen-reader-text\">Idoso de 68 anos \u00e9 preso em Pescaria Brava por amea\u00e7a com arma de fogo<\/span> Read More &raquo;<\/a><\/p>\n","protected":false},"author":3,"featured_media":30380,"comment_status":"open","ping_status":"open","sticky":false,"template":"","format":"standard","meta":{"site-sidebar-layout":"default","site-content-layout":"","ast-site-content-layout":"default","site-content-style":"default","site-sidebar-style":"default","ast-global-header-display":"","ast-banner-title-visibility":"","ast-main-header-display":"","ast-hfb-above-header-display":"","ast-hfb-below-header-display":"","ast-hfb-mobile-header-display":"","site-post-title":"","ast-breadcrumbs-content":"","ast-featured-img":"","footer-sml-layout":"","theme-transparent-header-meta":"default","adv-header-id-meta":"","stick-header-meta":"","header-above-stick-meta":"","header-main-stick-meta":"","header-below-stick-meta":"","astra-migrate-meta-layouts":"set","footnotes":""},"categories":[2354,1,2175,12],"tags":[342],"yoast_head":"<!-- This site is optimized with the Yoast SEO plugin v21.4 - https:\/\/yoast.com\/wordpress\/plugins\/seo\/ -->\n<title>Idoso de 68 anos \u00e9 preso em Pescaria Brava por amea\u00e7a com arma de fogo -<\/title>\n<meta name=\"robots\" content=\"index, follow, max-snippet:-1, max-image-preview:large, max-video-preview:-1\" \/>\n<link rel=\"canonical\" href=\"https:\/\/sulsc.com\/index.php\/2025\/12\/02\/idoso-de-68-anos-e-preso-em-pescaria-brava-por-ameaca-com-arma-de-fogo\/\" \/>\n<meta property=\"og:locale\" content=\"en_US\" \/>\n<meta property=\"og:type\" content=\"article\" \/>\n<meta property=\"og:title\" content=\"Idoso de 68 anos \u00e9 preso em Pescaria Brava por amea\u00e7a com arma de fogo -\" \/>\n<meta property=\"og:description\" content=\"Nesta segunda-feira (01), a Pol\u00edcia Civil, por meio da Delegacia de Pescaria Brava, cumpriu um mandado de busca e apreens\u00e3o referente a amea\u00e7as relacionadas ao uso de arma de fogo. O foco da opera\u00e7\u00e3o foi um homem de 68 anos, suspeito de ter amea\u00e7ado duas pessoas enquanto portava uma arma. Durante a a\u00e7\u00e3o, foram encontrados &hellip; Idoso de 68 anos \u00e9 preso em Pescaria Brava por amea\u00e7a com arma de fogo Read More &raquo;\" \/>\n<meta property=\"og:url\" content=\"https:\/\/sulsc.com\/index.php\/2025\/12\/02\/idoso-de-68-anos-e-preso-em-pescaria-brava-por-ameaca-com-arma-de-fogo\/\" \/>\n<meta property=\"article:author\" content=\"https:\/\/www.facebook.com\/profile.php?id=61559278119680\" \/>\n<meta property=\"article:published_time\" content=\"2025-12-02T21:18:32+00:00\" \/>\n<meta property=\"og:image\" content=\"http:\/\/sulsc.com\/wp-content\/uploads\/2025\/12\/2763d49c-cb02-4d3d-93c8-e7577386da35.jpeg\" \/>\n\t<meta property=\"og:image:width\" content=\"1600\" \/>\n\t<meta property=\"og:image:height\" content=\"1200\" \/>\n\t<meta property=\"og:image:type\" content=\"image\/jpeg\" \/>\n<meta name=\"author\" content=\"Reda\u00e7\u00e3o Sul SC\" \/>\n<meta name=\"twitter:card\" content=\"summary_large_image\" \/>\n<meta name=\"twitter:creator\" content=\"@https:\/\/twitter.com\/PortalSulSC\" \/>\n<meta name=\"twitter:label1\" content=\"Written by\" \/>\n\t<meta name=\"twitter:data1\" content=\"Reda\u00e7\u00e3o Sul SC\" \/>\n\t<meta name=\"twitter:label2\" content=\"Est. reading time\" \/>\n\t<meta name=\"twitter:data2\" content=\"1 minute\" \/>\n<script type=\"application\/ld+json\" class=\"yoast-schema-graph\">{\"@context\":\"https:\/\/schema.org\",\"@graph\":[{\"@type\":\"WebPage\",\"@id\":\"https:\/\/sulsc.com\/index.php\/2025\/12\/02\/idoso-de-68-anos-e-preso-em-pescaria-brava-por-ameaca-com-arma-de-fogo\/\",\"url\":\"https:\/\/sulsc.com\/index.php\/2025\/12\/02\/idoso-de-68-anos-e-preso-em-pescaria-brava-por-ameaca-com-arma-de-fogo\/\",\"name\":\"Idoso de 68 anos \u00e9 preso em Pescaria Brava por amea\u00e7a com arma de fogo -\",\"isPartOf\":{\"@id\":\"https:\/\/sulsc.com\/#website\"},\"datePublished\":\"2025-12-02T21:18:32+00:00\",\"dateModified\":\"2025-12-02T21:18:32+00:00\",\"author\":{\"@id\":\"https:\/\/sulsc.com\/#\/schema\/person\/84d2fc571684f6248ba83092f07750a3\"},\"breadcrumb\":{\"@id\":\"https:\/\/sulsc.com\/index.php\/2025\/12\/02\/idoso-de-68-anos-e-preso-em-pescaria-brava-por-ameaca-com-arma-de-fogo\/#breadcrumb\"},\"inLanguage\":\"en-US\",\"potentialAction\":[{\"@type\":\"ReadAction\",\"target\":[\"https:\/\/sulsc.com\/index.php\/2025\/12\/02\/idoso-de-68-anos-e-preso-em-pescaria-brava-por-ameaca-com-arma-de-fogo\/\"]}]},{\"@type\":\"BreadcrumbList\",\"@id\":\"https:\/\/sulsc.com\/index.php\/2025\/12\/02\/idoso-de-68-anos-e-preso-em-pescaria-brava-por-ameaca-com-arma-de-fogo\/#breadcrumb\",\"itemListElement\":[{\"@type\":\"ListItem\",\"position\":1,\"name\":\"In\u00edcio\",\"item\":\"https:\/\/sulsc.com\/\"},{\"@type\":\"ListItem\",\"position\":2,\"name\":\"Idoso de 68 anos \u00e9 preso em Pescaria Brava por amea\u00e7a com arma de fogo\"}]},{\"@type\":\"WebSite\",\"@id\":\"https:\/\/sulsc.com\/#website\",\"url\":\"https:\/\/sulsc.com\/\",\"name\":\"\",\"description\":\"\",\"potentialAction\":[{\"@type\":\"SearchAction\",\"target\":{\"@type\":\"EntryPoint\",\"urlTemplate\":\"https:\/\/sulsc.com\/?s={search_term_string}\"},\"query-input\":\"required name=search_term_string\"}],\"inLanguage\":\"en-US\"},{\"@type\":\"Person\",\"@id\":\"https:\/\/sulsc.com\/#\/schema\/person\/84d2fc571684f6248ba83092f07750a3\",\"name\":\"Reda\u00e7\u00e3o Sul SC\",\"image\":{\"@type\":\"ImageObject\",\"inLanguage\":\"en-US\",\"@id\":\"https:\/\/sulsc.com\/#\/schema\/person\/image\/e08d7fe2cc4ed596372063bbe852b8d0\",\"url\":\"https:\/\/sulsc.com\/wp-content\/uploads\/2023\/09\/redacao.png\",\"contentUrl\":\"https:\/\/sulsc.com\/wp-content\/uploads\/2023\/09\/redacao.png\",\"caption\":\"Reda\u00e7\u00e3o Sul SC\"},\"description\":\"Foco em um jornalismo imparcial, voltado \u00e0 qualidade dos seus conte\u00fados e, assim, levar informa\u00e7\u00e3o de valor que agregue \u00e0 vida dos leitores. Esta \u00e9 grande miss\u00e3o do Portal de Not\u00edcias Sul SC. N\u00e3o \u00e9 quantidade que muda o mundo, sempre foi e seguir\u00e1 sendo qualidade!\",\"sameAs\":[\"https:\/\/sulsc.com\/\",\"https:\/\/www.facebook.com\/profile.php?id=61559278119680\",\"https:\/\/www.instagram.com\/sulscportal\/?hl=pt-br\",\"https:\/\/twitter.com\/https:\/\/twitter.com\/PortalSulSC\",\"https:\/\/www.youtube.com\/channel\/UCv_BE8GeySluDov2n8qhVmw\"],\"url\":\"https:\/\/sulsc.com\/index.php\/author\/redacao\/\"}]}<\/script>\n<!-- \/ Yoast SEO plugin. -->","yoast_head_json":{"title":"Idoso de 68 anos \u00e9 preso em Pescaria Brava por amea\u00e7a com arma de fogo -","robots":{"index":"index","follow":"follow","max-snippet":"max-snippet:-1","max-image-preview":"max-image-preview:large","max-video-preview":"max-video-preview:-1"},"canonical":"https:\/\/sulsc.com\/index.php\/2025\/12\/02\/idoso-de-68-anos-e-preso-em-pescaria-brava-por-ameaca-com-arma-de-fogo\/","og_locale":"en_US","og_type":"article","og_title":"Idoso de 68 anos \u00e9 preso em Pescaria Brava por amea\u00e7a com arma de fogo -","og_description":"Nesta segunda-feira (01), a Pol\u00edcia Civil, por meio da Delegacia de Pescaria Brava, cumpriu um mandado de busca e apreens\u00e3o referente a amea\u00e7as relacionadas ao uso de arma de fogo. O foco da opera\u00e7\u00e3o foi um homem de 68 anos, suspeito de ter amea\u00e7ado duas pessoas enquanto portava uma arma. Durante a a\u00e7\u00e3o, foram encontrados &hellip; Idoso de 68 anos \u00e9 preso em Pescaria Brava por amea\u00e7a com arma de fogo Read More &raquo;","og_url":"https:\/\/sulsc.com\/index.php\/2025\/12\/02\/idoso-de-68-anos-e-preso-em-pescaria-brava-por-ameaca-com-arma-de-fogo\/","article_author":"https:\/\/www.facebook.com\/profile.php?id=61559278119680","article_published_time":"2025-12-02T21:18:32+00:00","og_image":[{"width":1600,"height":1200,"url":"http:\/\/sulsc.com\/wp-content\/uploads\/2025\/12\/2763d49c-cb02-4d3d-93c8-e7577386da35.jpeg","type":"image\/jpeg"}],"author":"Reda\u00e7\u00e3o Sul SC","twitter_card":"summary_large_image","twitter_creator":"@https:\/\/twitter.com\/PortalSulSC","twitter_misc":{"Written by":"Reda\u00e7\u00e3o Sul SC","Est. reading time":"1 minute"},"schema":{"@context":"https:\/\/schema.org","@graph":[{"@type":"WebPage","@id":"https:\/\/sulsc.com\/index.php\/2025\/12\/02\/idoso-de-68-anos-e-preso-em-pescaria-brava-por-ameaca-com-arma-de-fogo\/","url":"https:\/\/sulsc.com\/index.php\/2025\/12\/02\/idoso-de-68-anos-e-preso-em-pescaria-brava-por-ameaca-com-arma-de-fogo\/","name":"Idoso de 68 anos \u00e9 preso em Pescaria Brava por amea\u00e7a com arma de fogo -","isPartOf":{"@id":"https:\/\/sulsc.com\/#website"},"datePublished":"2025-12-02T21:18:32+00:00","dateModified":"2025-12-02T21:18:32+00:00","author":{"@id":"https:\/\/sulsc.com\/#\/schema\/person\/84d2fc571684f6248ba83092f07750a3"},"breadcrumb":{"@id":"https:\/\/sulsc.com\/index.php\/2025\/12\/02\/idoso-de-68-anos-e-preso-em-pescaria-brava-por-ameaca-com-arma-de-fogo\/#breadcrumb"},"inLanguage":"en-US","potentialAction":[{"@type":"ReadAction","target":["https:\/\/sulsc.com\/index.php\/2025\/12\/02\/idoso-de-68-anos-e-preso-em-pescaria-brava-por-ameaca-com-arma-de-fogo\/"]}]},{"@type":"BreadcrumbList","@id":"https:\/\/sulsc.com\/index.php\/2025\/12\/02\/idoso-de-68-anos-e-preso-em-pescaria-brava-por-ameaca-com-arma-de-fogo\/#breadcrumb","itemListElement":[{"@type":"ListItem","position":1,"name":"In\u00edcio","item":"https:\/\/sulsc.com\/"},{"@type":"ListItem","position":2,"name":"Idoso de 68 anos \u00e9 preso em Pescaria Brava por amea\u00e7a com arma de fogo"}]},{"@type":"WebSite","@id":"https:\/\/sulsc.com\/#website","url":"https:\/\/sulsc.com\/","name":"","description":"","potentialAction":[{"@type":"SearchAction","target":{"@type":"EntryPoint","urlTemplate":"https:\/\/sulsc.com\/?s={search_term_string}"},"query-input":"required name=search_term_string"}],"inLanguage":"en-US"},{"@type":"Person","@id":"https:\/\/sulsc.com\/#\/schema\/person\/84d2fc571684f6248ba83092f07750a3","name":"Reda\u00e7\u00e3o Sul SC","image":{"@type":"ImageObject","inLanguage":"en-US","@id":"https:\/\/sulsc.com\/#\/schema\/person\/image\/e08d7fe2cc4ed596372063bbe852b8d0","url":"https:\/\/sulsc.com\/wp-content\/uploads\/2023\/09\/redacao.png","contentUrl":"https:\/\/sulsc.com\/wp-content\/uploads\/2023\/09\/redacao.png","caption":"Reda\u00e7\u00e3o Sul SC"},"description":"Foco em um jornalismo imparcial, voltado \u00e0 qualidade dos seus conte\u00fados e, assim, levar informa\u00e7\u00e3o de valor que agregue \u00e0 vida dos leitores. Esta \u00e9 grande miss\u00e3o do Portal de Not\u00edcias Sul SC. N\u00e3o \u00e9 quantidade que muda o mundo, sempre foi e seguir\u00e1 sendo qualidade!","sameAs":["https:\/\/sulsc.com\/","https:\/\/www.facebook.com\/profile.php?id=61559278119680","https:\/\/www.instagram.com\/sulscportal\/?hl=pt-br","https:\/\/twitter.com\/https:\/\/twitter.com\/PortalSulSC","https:\/\/www.youtube.com\/channel\/UCv_BE8GeySluDov2n8qhVmw"],"url":"https:\/\/sulsc.com\/index.php\/author\/redacao\/"}]}},"authors":[],"_links":{"self":[{"href":"https:\/\/sulsc.com\/index.php\/wp-json\/wp\/v2\/posts\/30379"}],"collection":[{"href":"https:\/\/sulsc.com\/index.php\/wp-json\/wp\/v2\/posts"}],"about":[{"href":"https:\/\/sulsc.com\/index.php\/wp-json\/wp\/v2\/types\/post"}],"author":[{"embeddable":true,"href":"https:\/\/sulsc.com\/index.php\/wp-json\/wp\/v2\/users\/3"}],"replies":[{"embeddable":true,"href":"https:\/\/sulsc.com\/index.php\/wp-json\/wp\/v2\/comments?post=30379"}],"version-history":[{"count":1,"href":"https:\/\/sulsc.com\/index.php\/wp-json\/wp\/v2\/posts\/30379\/revisions"}],"predecessor-version":[{"id":30381,"href":"https:\/\/sulsc.com\/index.php\/wp-json\/wp\/v2\/posts\/30379\/revisions\/30381"}],"wp:featuredmedia":[{"embeddable":true,"href":"https:\/\/sulsc.com\/index.php\/wp-json\/wp\/v2\/media\/30380"}],"wp:attachment":[{"href":"https:\/\/sulsc.com\/index.php\/wp-json\/wp\/v2\/media?parent=30379"}],"wp:term":[{"taxonomy":"category","embeddable":true,"href":"https:\/\/sulsc.com\/index.php\/wp-json\/wp\/v2\/categories?post=30379"},{"taxonomy":"post_tag","embeddable":true,"href":"https:\/\/sulsc.com\/index.php\/wp-json\/wp\/v2\/tags?post=30379"}],"curies":[{"name":"wp","href":"https:\/\/api.w.org\/{rel}","templated":true}]}}