{"id":30386,"date":"2025-12-03T07:13:27","date_gmt":"2025-12-03T10:13:27","guid":{"rendered":"https:\/\/sulsc.com\/?p=30386"},"modified":"2025-12-03T07:13:27","modified_gmt":"2025-12-03T10:13:27","slug":"tempo-firme-com-sol-e-poucas-nuvens-nesta-quarta-feira-03-em-sc","status":"publish","type":"post","link":"https:\/\/sulsc.com\/index.php\/2025\/12\/03\/tempo-firme-com-sol-e-poucas-nuvens-nesta-quarta-feira-03-em-sc\/","title":{"rendered":"Tempo firme com sol e poucas nuvens nesta quarta-feira (03) em SC"},"content":{"rendered":"<p>Nesta quarta-feira (03) o tempo firme volta a predominar no Grande Oeste, com sol entre poucas nuvens. No Litoral e em \u00e1reas pr\u00f3ximas, a circula\u00e7\u00e3o mar\u00edtima deixa o tempo inst\u00e1vel, com varia\u00e7\u00e3o de nebulosidade e condi\u00e7\u00f5es para chuva a qualquer hora, que podem vir acompanhadas por trovoadas. O risco \u00e9 baixo para ocorr\u00eancias meteorol\u00f3gicas.<\/p>\n<p><strong>Temperaturas<\/strong><\/p>\n<p>As temperaturas sobem gradativamente ao longo do dia e, \u00e0 tarde, as m\u00e1ximas se aproximam dos 30\u00b0C no Oeste, Vale do Itaja\u00ed e Litoral Norte, variam entre 24 e 29\u00b0C nos Planaltos, Grande Florian\u00f3polis e Litoral Sul, e n\u00e3o passam dos 23\u00b0C nas regi\u00f5es de serra. J\u00e1 as m\u00ednimas ficam acima dos 10\u00b0C em todo o estado e se aproximam dos 20\u00b0C na faixa litor\u00e2nea.<\/p>\n<p><img fetchpriority=\"high\" decoding=\"async\" class=\"aligncenter size-full wp-image-30387\" src=\"http:\/\/sulsc.com\/wp-content\/uploads\/2025\/12\/image-68-1024x697-1.png\" alt=\"\" width=\"1024\" height=\"697\" srcset=\"https:\/\/sulsc.com\/wp-content\/uploads\/2025\/12\/image-68-1024x697-1.png 1024w, https:\/\/sulsc.com\/wp-content\/uploads\/2025\/12\/image-68-1024x697-1-300x204.png 300w, https:\/\/sulsc.com\/wp-content\/uploads\/2025\/12\/image-68-1024x697-1-768x523.png 768w\" sizes=\"(max-width: 1024px) 100vw, 1024px\" \/><\/p>\n<p><img decoding=\"async\" class=\"aligncenter size-full wp-image-22836\" src=\"http:\/\/sulsc.com\/wp-content\/uploads\/2025\/04\/Tempo-2.png\" alt=\"\" width=\"1024\" height=\"189\" srcset=\"https:\/\/sulsc.com\/wp-content\/uploads\/2025\/04\/Tempo-2.png 1024w, https:\/\/sulsc.com\/wp-content\/uploads\/2025\/04\/Tempo-2-300x55.png 300w, https:\/\/sulsc.com\/wp-content\/uploads\/2025\/04\/Tempo-2-768x142.png 768w\" sizes=\"(max-width: 1024px) 100vw, 1024px\" \/><\/p>\n<p><strong>Ventos:<\/strong> sudoeste a sudeste, fraco a moderado, com rajadas no litoral de 50 a 60km\/h.<\/p>\n<p><strong>Sistema predominante:<\/strong> alta press\u00e3o no litoral do RS, com circula\u00e7\u00e3o mar\u00edtima no litoral de SC.<\/p>\n<div id=\"metaslider-id-25573\" style=\"width: 100%;\" class=\"ml-slider-3-99-0 metaslider metaslider-flex metaslider-25573 ml-slider has-onhover-arrows ms-theme-default-base has-dots-nav\" role=\"region\" aria-label=\"Meio\" data-width=\"1200\">\n    <div id=\"metaslider_container_25573\">\n        <div id=\"metaslider_25573\">\n            <ul class='slides'>\n                <li style=\"display: block; width: 100%;\" class=\"slide-25684 ms-image \" aria-roledescription=\"slide\" data-date=\"2025-07-24 07:55:40\"><img src=\"https:\/\/sulsc.com\/wp-content\/uploads\/2025\/07\/Marr-2-1000x166.jpg\" height=\"200\" width=\"1200\" alt=\"\" class=\"slider-25573 slide-25684 msDefaultImage\" title=\"Marr 2\" \/><\/li>\n                <li style=\"display: none; width: 100%;\" class=\"slide-32412 ms-image \" aria-roledescription=\"slide\" data-date=\"2026-02-18 13:59:46\"><img src=\"https:\/\/sulsc.com\/wp-content\/uploads\/2026\/02\/40dc1580-cad5-4867-bc58-c4243821ad38-1000x166.jpeg\" height=\"200\" width=\"1200\" alt=\"\" class=\"slider-25573 slide-32412 msDefaultImage\" title=\"40dc1580-cad5-4867-bc58-c4243821ad38\" \/><\/li>\n                <li style=\"display: none; width: 100%;\" class=\"slide-32766 ms-image \" aria-roledescription=\"slide\" data-date=\"2026-03-03 17:22:59\"><img src=\"https:\/\/sulsc.com\/wp-content\/uploads\/2026\/03\/271ce739-f268-41c5-8051-3de1a1750359-1000x166.jpeg\" height=\"200\" width=\"1200\" alt=\"\" class=\"slider-25573 slide-32766 msDefaultImage\" title=\"271ce739-f268-41c5-8051-3de1a1750359\" \/><\/li>\n            <\/ul>\n        <\/div>\n        \n    <\/div>\n<\/div>\n<p><strong>Amanh\u00e3 quinta-feira (04),<\/strong> o dia ser\u00e1 de sol entre nuvens em SC, com tempo mais firme no oeste. No litoral e \u00e1reas pr\u00f3ximas, condi\u00e7\u00e3o de chuva fraca e isolada, especialmente nos extremos do dia, devido \u00e0 circula\u00e7\u00e3o mar\u00edtima. Temperaturas ser\u00e3o elevadas, com m\u00e1ximas de 26 a 32\u00b0C no Estado.<\/p>\n<p>Fontes: Defesa Civil-SC\/Epagri-ciram<\/p>\n","protected":false},"excerpt":{"rendered":"<p>Nesta quarta-feira (03) o tempo firme volta a predominar no Grande Oeste, com sol entre poucas nuvens. No Litoral e em \u00e1reas pr\u00f3ximas, a circula\u00e7\u00e3o mar\u00edtima deixa o tempo inst\u00e1vel, com varia\u00e7\u00e3o de nebulosidade e condi\u00e7\u00f5es para chuva a qualquer hora, que podem vir acompanhadas por trovoadas. O risco \u00e9 baixo para ocorr\u00eancias meteorol\u00f3gicas. Temperaturas &hellip;<\/p>\n<p class=\"read-more\"> <a class=\"\" href=\"https:\/\/sulsc.com\/index.php\/2025\/12\/03\/tempo-firme-com-sol-e-poucas-nuvens-nesta-quarta-feira-03-em-sc\/\"> <span class=\"screen-reader-text\">Tempo firme com sol e poucas nuvens nesta quarta-feira (03) em SC<\/span> Read More &raquo;<\/a><\/p>\n","protected":false},"author":3,"featured_media":30388,"comment_status":"open","ping_status":"open","sticky":false,"template":"","format":"standard","meta":{"site-sidebar-layout":"default","site-content-layout":"","ast-site-content-layout":"default","site-content-style":"default","site-sidebar-style":"default","ast-global-header-display":"","ast-banner-title-visibility":"","ast-main-header-display":"","ast-hfb-above-header-display":"","ast-hfb-below-header-display":"","ast-hfb-mobile-header-display":"","site-post-title":"","ast-breadcrumbs-content":"","ast-featured-img":"","footer-sml-layout":"","theme-transparent-header-meta":"default","adv-header-id-meta":"","stick-header-meta":"","header-above-stick-meta":"","header-main-stick-meta":"","header-below-stick-meta":"","astra-migrate-meta-layouts":"set","footnotes":""},"categories":[2354,2231,1,38,12],"tags":[90],"yoast_head":"<!-- This site is optimized with the Yoast SEO plugin v21.4 - https:\/\/yoast.com\/wordpress\/plugins\/seo\/ -->\n<title>Tempo firme com sol e poucas nuvens nesta quarta-feira (03) em SC -<\/title>\n<meta name=\"robots\" content=\"index, follow, max-snippet:-1, max-image-preview:large, max-video-preview:-1\" \/>\n<link rel=\"canonical\" href=\"https:\/\/sulsc.com\/index.php\/2025\/12\/03\/tempo-firme-com-sol-e-poucas-nuvens-nesta-quarta-feira-03-em-sc\/\" \/>\n<meta property=\"og:locale\" content=\"en_US\" \/>\n<meta property=\"og:type\" content=\"article\" \/>\n<meta property=\"og:title\" content=\"Tempo firme com sol e poucas nuvens nesta quarta-feira (03) em SC -\" \/>\n<meta property=\"og:description\" content=\"Nesta quarta-feira (03) o tempo firme volta a predominar no Grande Oeste, com sol entre poucas nuvens. No Litoral e em \u00e1reas pr\u00f3ximas, a circula\u00e7\u00e3o mar\u00edtima deixa o tempo inst\u00e1vel, com varia\u00e7\u00e3o de nebulosidade e condi\u00e7\u00f5es para chuva a qualquer hora, que podem vir acompanhadas por trovoadas. O risco \u00e9 baixo para ocorr\u00eancias meteorol\u00f3gicas. Temperaturas &hellip; Tempo firme com sol e poucas nuvens nesta quarta-feira (03) em SC Read More &raquo;\" \/>\n<meta property=\"og:url\" content=\"https:\/\/sulsc.com\/index.php\/2025\/12\/03\/tempo-firme-com-sol-e-poucas-nuvens-nesta-quarta-feira-03-em-sc\/\" \/>\n<meta property=\"article:author\" content=\"https:\/\/www.facebook.com\/profile.php?id=61559278119680\" \/>\n<meta property=\"article:published_time\" content=\"2025-12-03T10:13:27+00:00\" \/>\n<meta property=\"og:image\" content=\"http:\/\/sulsc.com\/wp-content\/uploads\/2025\/12\/43deb8ab-eb5c-46d2-84c3-14f10b614249.jpeg\" \/>\n\t<meta property=\"og:image:width\" content=\"868\" \/>\n\t<meta property=\"og:image:height\" content=\"1156\" \/>\n\t<meta property=\"og:image:type\" content=\"image\/jpeg\" \/>\n<meta name=\"author\" content=\"Reda\u00e7\u00e3o Sul SC\" \/>\n<meta name=\"twitter:card\" content=\"summary_large_image\" \/>\n<meta name=\"twitter:creator\" content=\"@https:\/\/twitter.com\/PortalSulSC\" \/>\n<meta name=\"twitter:label1\" content=\"Written by\" \/>\n\t<meta name=\"twitter:data1\" content=\"Reda\u00e7\u00e3o Sul SC\" \/>\n\t<meta name=\"twitter:label2\" content=\"Est. reading time\" \/>\n\t<meta name=\"twitter:data2\" content=\"2 minutes\" \/>\n<script type=\"application\/ld+json\" class=\"yoast-schema-graph\">{\"@context\":\"https:\/\/schema.org\",\"@graph\":[{\"@type\":\"WebPage\",\"@id\":\"https:\/\/sulsc.com\/index.php\/2025\/12\/03\/tempo-firme-com-sol-e-poucas-nuvens-nesta-quarta-feira-03-em-sc\/\",\"url\":\"https:\/\/sulsc.com\/index.php\/2025\/12\/03\/tempo-firme-com-sol-e-poucas-nuvens-nesta-quarta-feira-03-em-sc\/\",\"name\":\"Tempo firme com sol e poucas nuvens nesta quarta-feira (03) em SC -\",\"isPartOf\":{\"@id\":\"https:\/\/sulsc.com\/#website\"},\"datePublished\":\"2025-12-03T10:13:27+00:00\",\"dateModified\":\"2025-12-03T10:13:27+00:00\",\"author\":{\"@id\":\"https:\/\/sulsc.com\/#\/schema\/person\/84d2fc571684f6248ba83092f07750a3\"},\"breadcrumb\":{\"@id\":\"https:\/\/sulsc.com\/index.php\/2025\/12\/03\/tempo-firme-com-sol-e-poucas-nuvens-nesta-quarta-feira-03-em-sc\/#breadcrumb\"},\"inLanguage\":\"en-US\",\"potentialAction\":[{\"@type\":\"ReadAction\",\"target\":[\"https:\/\/sulsc.com\/index.php\/2025\/12\/03\/tempo-firme-com-sol-e-poucas-nuvens-nesta-quarta-feira-03-em-sc\/\"]}]},{\"@type\":\"BreadcrumbList\",\"@id\":\"https:\/\/sulsc.com\/index.php\/2025\/12\/03\/tempo-firme-com-sol-e-poucas-nuvens-nesta-quarta-feira-03-em-sc\/#breadcrumb\",\"itemListElement\":[{\"@type\":\"ListItem\",\"position\":1,\"name\":\"In\u00edcio\",\"item\":\"https:\/\/sulsc.com\/\"},{\"@type\":\"ListItem\",\"position\":2,\"name\":\"Tempo firme com sol e poucas nuvens nesta quarta-feira (03) em SC\"}]},{\"@type\":\"WebSite\",\"@id\":\"https:\/\/sulsc.com\/#website\",\"url\":\"https:\/\/sulsc.com\/\",\"name\":\"\",\"description\":\"\",\"potentialAction\":[{\"@type\":\"SearchAction\",\"target\":{\"@type\":\"EntryPoint\",\"urlTemplate\":\"https:\/\/sulsc.com\/?s={search_term_string}\"},\"query-input\":\"required name=search_term_string\"}],\"inLanguage\":\"en-US\"},{\"@type\":\"Person\",\"@id\":\"https:\/\/sulsc.com\/#\/schema\/person\/84d2fc571684f6248ba83092f07750a3\",\"name\":\"Reda\u00e7\u00e3o Sul SC\",\"image\":{\"@type\":\"ImageObject\",\"inLanguage\":\"en-US\",\"@id\":\"https:\/\/sulsc.com\/#\/schema\/person\/image\/e08d7fe2cc4ed596372063bbe852b8d0\",\"url\":\"https:\/\/sulsc.com\/wp-content\/uploads\/2023\/09\/redacao.png\",\"contentUrl\":\"https:\/\/sulsc.com\/wp-content\/uploads\/2023\/09\/redacao.png\",\"caption\":\"Reda\u00e7\u00e3o Sul SC\"},\"description\":\"Foco em um jornalismo imparcial, voltado \u00e0 qualidade dos seus conte\u00fados e, assim, levar informa\u00e7\u00e3o de valor que agregue \u00e0 vida dos leitores. Esta \u00e9 grande miss\u00e3o do Portal de Not\u00edcias Sul SC. N\u00e3o \u00e9 quantidade que muda o mundo, sempre foi e seguir\u00e1 sendo qualidade!\",\"sameAs\":[\"https:\/\/sulsc.com\/\",\"https:\/\/www.facebook.com\/profile.php?id=61559278119680\",\"https:\/\/www.instagram.com\/sulscportal\/?hl=pt-br\",\"https:\/\/twitter.com\/https:\/\/twitter.com\/PortalSulSC\",\"https:\/\/www.youtube.com\/channel\/UCv_BE8GeySluDov2n8qhVmw\"],\"url\":\"https:\/\/sulsc.com\/index.php\/author\/redacao\/\"}]}<\/script>\n<!-- \/ Yoast SEO plugin. -->","yoast_head_json":{"title":"Tempo firme com sol e poucas nuvens nesta quarta-feira (03) em SC -","robots":{"index":"index","follow":"follow","max-snippet":"max-snippet:-1","max-image-preview":"max-image-preview:large","max-video-preview":"max-video-preview:-1"},"canonical":"https:\/\/sulsc.com\/index.php\/2025\/12\/03\/tempo-firme-com-sol-e-poucas-nuvens-nesta-quarta-feira-03-em-sc\/","og_locale":"en_US","og_type":"article","og_title":"Tempo firme com sol e poucas nuvens nesta quarta-feira (03) em SC -","og_description":"Nesta quarta-feira (03) o tempo firme volta a predominar no Grande Oeste, com sol entre poucas nuvens. No Litoral e em \u00e1reas pr\u00f3ximas, a circula\u00e7\u00e3o mar\u00edtima deixa o tempo inst\u00e1vel, com varia\u00e7\u00e3o de nebulosidade e condi\u00e7\u00f5es para chuva a qualquer hora, que podem vir acompanhadas por trovoadas. O risco \u00e9 baixo para ocorr\u00eancias meteorol\u00f3gicas. Temperaturas &hellip; Tempo firme com sol e poucas nuvens nesta quarta-feira (03) em SC Read More &raquo;","og_url":"https:\/\/sulsc.com\/index.php\/2025\/12\/03\/tempo-firme-com-sol-e-poucas-nuvens-nesta-quarta-feira-03-em-sc\/","article_author":"https:\/\/www.facebook.com\/profile.php?id=61559278119680","article_published_time":"2025-12-03T10:13:27+00:00","og_image":[{"width":868,"height":1156,"url":"http:\/\/sulsc.com\/wp-content\/uploads\/2025\/12\/43deb8ab-eb5c-46d2-84c3-14f10b614249.jpeg","type":"image\/jpeg"}],"author":"Reda\u00e7\u00e3o Sul SC","twitter_card":"summary_large_image","twitter_creator":"@https:\/\/twitter.com\/PortalSulSC","twitter_misc":{"Written by":"Reda\u00e7\u00e3o Sul SC","Est. reading time":"2 minutes"},"schema":{"@context":"https:\/\/schema.org","@graph":[{"@type":"WebPage","@id":"https:\/\/sulsc.com\/index.php\/2025\/12\/03\/tempo-firme-com-sol-e-poucas-nuvens-nesta-quarta-feira-03-em-sc\/","url":"https:\/\/sulsc.com\/index.php\/2025\/12\/03\/tempo-firme-com-sol-e-poucas-nuvens-nesta-quarta-feira-03-em-sc\/","name":"Tempo firme com sol e poucas nuvens nesta quarta-feira (03) em SC -","isPartOf":{"@id":"https:\/\/sulsc.com\/#website"},"datePublished":"2025-12-03T10:13:27+00:00","dateModified":"2025-12-03T10:13:27+00:00","author":{"@id":"https:\/\/sulsc.com\/#\/schema\/person\/84d2fc571684f6248ba83092f07750a3"},"breadcrumb":{"@id":"https:\/\/sulsc.com\/index.php\/2025\/12\/03\/tempo-firme-com-sol-e-poucas-nuvens-nesta-quarta-feira-03-em-sc\/#breadcrumb"},"inLanguage":"en-US","potentialAction":[{"@type":"ReadAction","target":["https:\/\/sulsc.com\/index.php\/2025\/12\/03\/tempo-firme-com-sol-e-poucas-nuvens-nesta-quarta-feira-03-em-sc\/"]}]},{"@type":"BreadcrumbList","@id":"https:\/\/sulsc.com\/index.php\/2025\/12\/03\/tempo-firme-com-sol-e-poucas-nuvens-nesta-quarta-feira-03-em-sc\/#breadcrumb","itemListElement":[{"@type":"ListItem","position":1,"name":"In\u00edcio","item":"https:\/\/sulsc.com\/"},{"@type":"ListItem","position":2,"name":"Tempo firme com sol e poucas nuvens nesta quarta-feira (03) em SC"}]},{"@type":"WebSite","@id":"https:\/\/sulsc.com\/#website","url":"https:\/\/sulsc.com\/","name":"","description":"","potentialAction":[{"@type":"SearchAction","target":{"@type":"EntryPoint","urlTemplate":"https:\/\/sulsc.com\/?s={search_term_string}"},"query-input":"required name=search_term_string"}],"inLanguage":"en-US"},{"@type":"Person","@id":"https:\/\/sulsc.com\/#\/schema\/person\/84d2fc571684f6248ba83092f07750a3","name":"Reda\u00e7\u00e3o Sul SC","image":{"@type":"ImageObject","inLanguage":"en-US","@id":"https:\/\/sulsc.com\/#\/schema\/person\/image\/e08d7fe2cc4ed596372063bbe852b8d0","url":"https:\/\/sulsc.com\/wp-content\/uploads\/2023\/09\/redacao.png","contentUrl":"https:\/\/sulsc.com\/wp-content\/uploads\/2023\/09\/redacao.png","caption":"Reda\u00e7\u00e3o Sul SC"},"description":"Foco em um jornalismo imparcial, voltado \u00e0 qualidade dos seus conte\u00fados e, assim, levar informa\u00e7\u00e3o de valor que agregue \u00e0 vida dos leitores. Esta \u00e9 grande miss\u00e3o do Portal de Not\u00edcias Sul SC. N\u00e3o \u00e9 quantidade que muda o mundo, sempre foi e seguir\u00e1 sendo qualidade!","sameAs":["https:\/\/sulsc.com\/","https:\/\/www.facebook.com\/profile.php?id=61559278119680","https:\/\/www.instagram.com\/sulscportal\/?hl=pt-br","https:\/\/twitter.com\/https:\/\/twitter.com\/PortalSulSC","https:\/\/www.youtube.com\/channel\/UCv_BE8GeySluDov2n8qhVmw"],"url":"https:\/\/sulsc.com\/index.php\/author\/redacao\/"}]}},"authors":[],"_links":{"self":[{"href":"https:\/\/sulsc.com\/index.php\/wp-json\/wp\/v2\/posts\/30386"}],"collection":[{"href":"https:\/\/sulsc.com\/index.php\/wp-json\/wp\/v2\/posts"}],"about":[{"href":"https:\/\/sulsc.com\/index.php\/wp-json\/wp\/v2\/types\/post"}],"author":[{"embeddable":true,"href":"https:\/\/sulsc.com\/index.php\/wp-json\/wp\/v2\/users\/3"}],"replies":[{"embeddable":true,"href":"https:\/\/sulsc.com\/index.php\/wp-json\/wp\/v2\/comments?post=30386"}],"version-history":[{"count":1,"href":"https:\/\/sulsc.com\/index.php\/wp-json\/wp\/v2\/posts\/30386\/revisions"}],"predecessor-version":[{"id":30389,"href":"https:\/\/sulsc.com\/index.php\/wp-json\/wp\/v2\/posts\/30386\/revisions\/30389"}],"wp:featuredmedia":[{"embeddable":true,"href":"https:\/\/sulsc.com\/index.php\/wp-json\/wp\/v2\/media\/30388"}],"wp:attachment":[{"href":"https:\/\/sulsc.com\/index.php\/wp-json\/wp\/v2\/media?parent=30386"}],"wp:term":[{"taxonomy":"category","embeddable":true,"href":"https:\/\/sulsc.com\/index.php\/wp-json\/wp\/v2\/categories?post=30386"},{"taxonomy":"post_tag","embeddable":true,"href":"https:\/\/sulsc.com\/index.php\/wp-json\/wp\/v2\/tags?post=30386"}],"curies":[{"name":"wp","href":"https:\/\/api.w.org\/{rel}","templated":true}]}}