{"id":30393,"date":"2025-12-03T08:38:23","date_gmt":"2025-12-03T11:38:23","guid":{"rendered":"https:\/\/sulsc.com\/?p=30393"},"modified":"2025-12-03T08:38:23","modified_gmt":"2025-12-03T11:38:23","slug":"homem-suspeito-por-trafico-e-preso-em-imarui-na-tarde-desta-terca-feira-02","status":"publish","type":"post","link":"https:\/\/sulsc.com\/index.php\/2025\/12\/03\/homem-suspeito-por-trafico-e-preso-em-imarui-na-tarde-desta-terca-feira-02\/","title":{"rendered":"Homem suspeito por tr\u00e1fico \u00e9 preso em Imaru\u00ed na tarde desta ter\u00e7a-feira (02)"},"content":{"rendered":"<p>Por volta das 15h30 desta Ter\u00e7a-feira, um homem de 30 anos foi preso no bairro Prainha, em Imaru\u00ed, ap\u00f3s ser abordado pela pol\u00edcia ao sair de uma resid\u00eancia suspeita de tr\u00e1fico de drogas. Ao perceber a presen\u00e7a dos agentes, ele tentou fugir, quebrando seu celular durante a a\u00e7\u00e3o.<\/p>\n<div id=\"metaslider-id-25573\" style=\"width: 100%;\" class=\"ml-slider-3-99-0 metaslider metaslider-flex metaslider-25573 ml-slider has-onhover-arrows ms-theme-default-base has-dots-nav\" role=\"region\" aria-label=\"Meio\" data-width=\"1200\">\n    <div id=\"metaslider_container_25573\">\n        <div id=\"metaslider_25573\">\n            <ul class='slides'>\n                <li style=\"display: block; width: 100%;\" class=\"slide-25684 ms-image \" aria-roledescription=\"slide\" data-date=\"2025-07-24 07:55:40\"><img src=\"https:\/\/sulsc.com\/wp-content\/uploads\/2025\/07\/Marr-2-1000x166.jpg\" height=\"200\" width=\"1200\" alt=\"\" class=\"slider-25573 slide-25684 msDefaultImage\" title=\"Marr 2\" \/><\/li>\n                <li style=\"display: none; width: 100%;\" class=\"slide-32412 ms-image \" aria-roledescription=\"slide\" data-date=\"2026-02-18 13:59:46\"><img src=\"https:\/\/sulsc.com\/wp-content\/uploads\/2026\/02\/40dc1580-cad5-4867-bc58-c4243821ad38-1000x166.jpeg\" height=\"200\" width=\"1200\" alt=\"\" class=\"slider-25573 slide-32412 msDefaultImage\" title=\"40dc1580-cad5-4867-bc58-c4243821ad38\" \/><\/li>\n                <li style=\"display: none; width: 100%;\" class=\"slide-32766 ms-image \" aria-roledescription=\"slide\" data-date=\"2026-03-03 17:22:59\"><img src=\"https:\/\/sulsc.com\/wp-content\/uploads\/2026\/03\/271ce739-f268-41c5-8051-3de1a1750359-1000x166.jpeg\" height=\"200\" width=\"1200\" alt=\"\" class=\"slider-25573 slide-32766 msDefaultImage\" title=\"271ce739-f268-41c5-8051-3de1a1750359\" \/><\/li>\n            <\/ul>\n        <\/div>\n        \n    <\/div>\n<\/div>\n<p>Durante a revista, os policiais encontraram 56 gramas de uma subst\u00e2ncia semelhante \u00e0 coca\u00edna escondida em sua roupa \u00edntima. Tamb\u00e9m foi apreendido embalagens pl\u00e1sticas\u00a0 para embalar drogas, al\u00e9m de R$30,00 em dinheiro e o celular danificado.<\/p>\n<p>O homem recebeu voz de pris\u00e3o e foi encaminhado \u00e0 Delegacia de Pol\u00edcia Civil para as provid\u00eancias legais cab\u00edveis. A a\u00e7\u00e3o evidencia o trabalho cont\u00ednuo da pol\u00edcia no combate ao tr\u00e1fico de drogas na regi\u00e3o.<\/p>\n<p>&nbsp;<\/p>\n<p><img fetchpriority=\"high\" decoding=\"async\" class=\"size-full wp-image-30394\" src=\"http:\/\/sulsc.com\/wp-content\/uploads\/2025\/12\/criminoso-algemado-scaled.jpg\" alt=\"\" width=\"2560\" height=\"1707\" srcset=\"https:\/\/sulsc.com\/wp-content\/uploads\/2025\/12\/criminoso-algemado-scaled.jpg 2560w, https:\/\/sulsc.com\/wp-content\/uploads\/2025\/12\/criminoso-algemado-300x200.jpg 300w, https:\/\/sulsc.com\/wp-content\/uploads\/2025\/12\/criminoso-algemado-1024x683.jpg 1024w, https:\/\/sulsc.com\/wp-content\/uploads\/2025\/12\/criminoso-algemado-768x512.jpg 768w, https:\/\/sulsc.com\/wp-content\/uploads\/2025\/12\/criminoso-algemado-1536x1024.jpg 1536w, https:\/\/sulsc.com\/wp-content\/uploads\/2025\/12\/criminoso-algemado-2048x1365.jpg 2048w\" sizes=\"(max-width: 2560px) 100vw, 2560px\" \/><\/p>\n<p>&nbsp;<\/p>\n","protected":false},"excerpt":{"rendered":"<p>Por volta das 15h30 desta Ter\u00e7a-feira, um homem de 30 anos foi preso no bairro Prainha, em Imaru\u00ed, ap\u00f3s ser abordado pela pol\u00edcia ao sair de uma resid\u00eancia suspeita de tr\u00e1fico de drogas. Ao perceber a presen\u00e7a dos agentes, ele tentou fugir, quebrando seu celular durante a a\u00e7\u00e3o. Durante a revista, os policiais encontraram 56 &hellip;<\/p>\n<p class=\"read-more\"> <a class=\"\" href=\"https:\/\/sulsc.com\/index.php\/2025\/12\/03\/homem-suspeito-por-trafico-e-preso-em-imarui-na-tarde-desta-terca-feira-02\/\"> <span class=\"screen-reader-text\">Homem suspeito por tr\u00e1fico \u00e9 preso em Imaru\u00ed na tarde desta ter\u00e7a-feira (02)<\/span> Read More &raquo;<\/a><\/p>\n","protected":false},"author":3,"featured_media":30394,"comment_status":"open","ping_status":"open","sticky":false,"template":"","format":"standard","meta":{"site-sidebar-layout":"default","site-content-layout":"","ast-site-content-layout":"default","site-content-style":"default","site-sidebar-style":"default","ast-global-header-display":"","ast-banner-title-visibility":"","ast-main-header-display":"","ast-hfb-above-header-display":"","ast-hfb-below-header-display":"","ast-hfb-mobile-header-display":"","site-post-title":"","ast-breadcrumbs-content":"","ast-featured-img":"","footer-sml-layout":"","theme-transparent-header-meta":"default","adv-header-id-meta":"","stick-header-meta":"","header-above-stick-meta":"","header-main-stick-meta":"","header-below-stick-meta":"","astra-migrate-meta-layouts":"set","footnotes":""},"categories":[2231,1,8,12],"tags":[309],"yoast_head":"<!-- This site is optimized with the Yoast SEO plugin v21.4 - https:\/\/yoast.com\/wordpress\/plugins\/seo\/ -->\n<title>Homem suspeito por tr\u00e1fico \u00e9 preso em Imaru\u00ed na tarde desta ter\u00e7a-feira (02) -<\/title>\n<meta name=\"robots\" content=\"index, follow, max-snippet:-1, max-image-preview:large, max-video-preview:-1\" \/>\n<link rel=\"canonical\" href=\"https:\/\/sulsc.com\/index.php\/2025\/12\/03\/homem-suspeito-por-trafico-e-preso-em-imarui-na-tarde-desta-terca-feira-02\/\" \/>\n<meta property=\"og:locale\" content=\"en_US\" \/>\n<meta property=\"og:type\" content=\"article\" \/>\n<meta property=\"og:title\" content=\"Homem suspeito por tr\u00e1fico \u00e9 preso em Imaru\u00ed na tarde desta ter\u00e7a-feira (02) -\" \/>\n<meta property=\"og:description\" content=\"Por volta das 15h30 desta Ter\u00e7a-feira, um homem de 30 anos foi preso no bairro Prainha, em Imaru\u00ed, ap\u00f3s ser abordado pela pol\u00edcia ao sair de uma resid\u00eancia suspeita de tr\u00e1fico de drogas. Ao perceber a presen\u00e7a dos agentes, ele tentou fugir, quebrando seu celular durante a a\u00e7\u00e3o. Durante a revista, os policiais encontraram 56 &hellip; Homem suspeito por tr\u00e1fico \u00e9 preso em Imaru\u00ed na tarde desta ter\u00e7a-feira (02) Read More &raquo;\" \/>\n<meta property=\"og:url\" content=\"https:\/\/sulsc.com\/index.php\/2025\/12\/03\/homem-suspeito-por-trafico-e-preso-em-imarui-na-tarde-desta-terca-feira-02\/\" \/>\n<meta property=\"article:author\" content=\"https:\/\/www.facebook.com\/profile.php?id=61559278119680\" \/>\n<meta property=\"article:published_time\" content=\"2025-12-03T11:38:23+00:00\" \/>\n<meta property=\"og:image\" content=\"http:\/\/sulsc.com\/wp-content\/uploads\/2025\/12\/criminoso-algemado-scaled.jpg\" \/>\n\t<meta property=\"og:image:width\" content=\"2560\" \/>\n\t<meta property=\"og:image:height\" content=\"1707\" \/>\n\t<meta property=\"og:image:type\" content=\"image\/jpeg\" \/>\n<meta name=\"author\" content=\"Reda\u00e7\u00e3o Sul SC\" \/>\n<meta name=\"twitter:card\" content=\"summary_large_image\" \/>\n<meta name=\"twitter:creator\" content=\"@https:\/\/twitter.com\/PortalSulSC\" \/>\n<meta name=\"twitter:label1\" content=\"Written by\" \/>\n\t<meta name=\"twitter:data1\" content=\"Reda\u00e7\u00e3o Sul SC\" \/>\n\t<meta name=\"twitter:label2\" content=\"Est. reading time\" \/>\n\t<meta name=\"twitter:data2\" content=\"1 minute\" \/>\n<script type=\"application\/ld+json\" class=\"yoast-schema-graph\">{\"@context\":\"https:\/\/schema.org\",\"@graph\":[{\"@type\":\"WebPage\",\"@id\":\"https:\/\/sulsc.com\/index.php\/2025\/12\/03\/homem-suspeito-por-trafico-e-preso-em-imarui-na-tarde-desta-terca-feira-02\/\",\"url\":\"https:\/\/sulsc.com\/index.php\/2025\/12\/03\/homem-suspeito-por-trafico-e-preso-em-imarui-na-tarde-desta-terca-feira-02\/\",\"name\":\"Homem suspeito por tr\u00e1fico \u00e9 preso em Imaru\u00ed na tarde desta ter\u00e7a-feira (02) -\",\"isPartOf\":{\"@id\":\"https:\/\/sulsc.com\/#website\"},\"datePublished\":\"2025-12-03T11:38:23+00:00\",\"dateModified\":\"2025-12-03T11:38:23+00:00\",\"author\":{\"@id\":\"https:\/\/sulsc.com\/#\/schema\/person\/84d2fc571684f6248ba83092f07750a3\"},\"breadcrumb\":{\"@id\":\"https:\/\/sulsc.com\/index.php\/2025\/12\/03\/homem-suspeito-por-trafico-e-preso-em-imarui-na-tarde-desta-terca-feira-02\/#breadcrumb\"},\"inLanguage\":\"en-US\",\"potentialAction\":[{\"@type\":\"ReadAction\",\"target\":[\"https:\/\/sulsc.com\/index.php\/2025\/12\/03\/homem-suspeito-por-trafico-e-preso-em-imarui-na-tarde-desta-terca-feira-02\/\"]}]},{\"@type\":\"BreadcrumbList\",\"@id\":\"https:\/\/sulsc.com\/index.php\/2025\/12\/03\/homem-suspeito-por-trafico-e-preso-em-imarui-na-tarde-desta-terca-feira-02\/#breadcrumb\",\"itemListElement\":[{\"@type\":\"ListItem\",\"position\":1,\"name\":\"In\u00edcio\",\"item\":\"https:\/\/sulsc.com\/\"},{\"@type\":\"ListItem\",\"position\":2,\"name\":\"Homem suspeito por tr\u00e1fico \u00e9 preso em Imaru\u00ed na tarde desta ter\u00e7a-feira (02)\"}]},{\"@type\":\"WebSite\",\"@id\":\"https:\/\/sulsc.com\/#website\",\"url\":\"https:\/\/sulsc.com\/\",\"name\":\"\",\"description\":\"\",\"potentialAction\":[{\"@type\":\"SearchAction\",\"target\":{\"@type\":\"EntryPoint\",\"urlTemplate\":\"https:\/\/sulsc.com\/?s={search_term_string}\"},\"query-input\":\"required name=search_term_string\"}],\"inLanguage\":\"en-US\"},{\"@type\":\"Person\",\"@id\":\"https:\/\/sulsc.com\/#\/schema\/person\/84d2fc571684f6248ba83092f07750a3\",\"name\":\"Reda\u00e7\u00e3o Sul SC\",\"image\":{\"@type\":\"ImageObject\",\"inLanguage\":\"en-US\",\"@id\":\"https:\/\/sulsc.com\/#\/schema\/person\/image\/e08d7fe2cc4ed596372063bbe852b8d0\",\"url\":\"https:\/\/sulsc.com\/wp-content\/uploads\/2023\/09\/redacao.png\",\"contentUrl\":\"https:\/\/sulsc.com\/wp-content\/uploads\/2023\/09\/redacao.png\",\"caption\":\"Reda\u00e7\u00e3o Sul SC\"},\"description\":\"Foco em um jornalismo imparcial, voltado \u00e0 qualidade dos seus conte\u00fados e, assim, levar informa\u00e7\u00e3o de valor que agregue \u00e0 vida dos leitores. Esta \u00e9 grande miss\u00e3o do Portal de Not\u00edcias Sul SC. N\u00e3o \u00e9 quantidade que muda o mundo, sempre foi e seguir\u00e1 sendo qualidade!\",\"sameAs\":[\"https:\/\/sulsc.com\/\",\"https:\/\/www.facebook.com\/profile.php?id=61559278119680\",\"https:\/\/www.instagram.com\/sulscportal\/?hl=pt-br\",\"https:\/\/twitter.com\/https:\/\/twitter.com\/PortalSulSC\",\"https:\/\/www.youtube.com\/channel\/UCv_BE8GeySluDov2n8qhVmw\"],\"url\":\"https:\/\/sulsc.com\/index.php\/author\/redacao\/\"}]}<\/script>\n<!-- \/ Yoast SEO plugin. -->","yoast_head_json":{"title":"Homem suspeito por tr\u00e1fico \u00e9 preso em Imaru\u00ed na tarde desta ter\u00e7a-feira (02) -","robots":{"index":"index","follow":"follow","max-snippet":"max-snippet:-1","max-image-preview":"max-image-preview:large","max-video-preview":"max-video-preview:-1"},"canonical":"https:\/\/sulsc.com\/index.php\/2025\/12\/03\/homem-suspeito-por-trafico-e-preso-em-imarui-na-tarde-desta-terca-feira-02\/","og_locale":"en_US","og_type":"article","og_title":"Homem suspeito por tr\u00e1fico \u00e9 preso em Imaru\u00ed na tarde desta ter\u00e7a-feira (02) -","og_description":"Por volta das 15h30 desta Ter\u00e7a-feira, um homem de 30 anos foi preso no bairro Prainha, em Imaru\u00ed, ap\u00f3s ser abordado pela pol\u00edcia ao sair de uma resid\u00eancia suspeita de tr\u00e1fico de drogas. Ao perceber a presen\u00e7a dos agentes, ele tentou fugir, quebrando seu celular durante a a\u00e7\u00e3o. Durante a revista, os policiais encontraram 56 &hellip; Homem suspeito por tr\u00e1fico \u00e9 preso em Imaru\u00ed na tarde desta ter\u00e7a-feira (02) Read More &raquo;","og_url":"https:\/\/sulsc.com\/index.php\/2025\/12\/03\/homem-suspeito-por-trafico-e-preso-em-imarui-na-tarde-desta-terca-feira-02\/","article_author":"https:\/\/www.facebook.com\/profile.php?id=61559278119680","article_published_time":"2025-12-03T11:38:23+00:00","og_image":[{"width":2560,"height":1707,"url":"http:\/\/sulsc.com\/wp-content\/uploads\/2025\/12\/criminoso-algemado-scaled.jpg","type":"image\/jpeg"}],"author":"Reda\u00e7\u00e3o Sul SC","twitter_card":"summary_large_image","twitter_creator":"@https:\/\/twitter.com\/PortalSulSC","twitter_misc":{"Written by":"Reda\u00e7\u00e3o Sul SC","Est. reading time":"1 minute"},"schema":{"@context":"https:\/\/schema.org","@graph":[{"@type":"WebPage","@id":"https:\/\/sulsc.com\/index.php\/2025\/12\/03\/homem-suspeito-por-trafico-e-preso-em-imarui-na-tarde-desta-terca-feira-02\/","url":"https:\/\/sulsc.com\/index.php\/2025\/12\/03\/homem-suspeito-por-trafico-e-preso-em-imarui-na-tarde-desta-terca-feira-02\/","name":"Homem suspeito por tr\u00e1fico \u00e9 preso em Imaru\u00ed na tarde desta ter\u00e7a-feira (02) -","isPartOf":{"@id":"https:\/\/sulsc.com\/#website"},"datePublished":"2025-12-03T11:38:23+00:00","dateModified":"2025-12-03T11:38:23+00:00","author":{"@id":"https:\/\/sulsc.com\/#\/schema\/person\/84d2fc571684f6248ba83092f07750a3"},"breadcrumb":{"@id":"https:\/\/sulsc.com\/index.php\/2025\/12\/03\/homem-suspeito-por-trafico-e-preso-em-imarui-na-tarde-desta-terca-feira-02\/#breadcrumb"},"inLanguage":"en-US","potentialAction":[{"@type":"ReadAction","target":["https:\/\/sulsc.com\/index.php\/2025\/12\/03\/homem-suspeito-por-trafico-e-preso-em-imarui-na-tarde-desta-terca-feira-02\/"]}]},{"@type":"BreadcrumbList","@id":"https:\/\/sulsc.com\/index.php\/2025\/12\/03\/homem-suspeito-por-trafico-e-preso-em-imarui-na-tarde-desta-terca-feira-02\/#breadcrumb","itemListElement":[{"@type":"ListItem","position":1,"name":"In\u00edcio","item":"https:\/\/sulsc.com\/"},{"@type":"ListItem","position":2,"name":"Homem suspeito por tr\u00e1fico \u00e9 preso em Imaru\u00ed na tarde desta ter\u00e7a-feira (02)"}]},{"@type":"WebSite","@id":"https:\/\/sulsc.com\/#website","url":"https:\/\/sulsc.com\/","name":"","description":"","potentialAction":[{"@type":"SearchAction","target":{"@type":"EntryPoint","urlTemplate":"https:\/\/sulsc.com\/?s={search_term_string}"},"query-input":"required name=search_term_string"}],"inLanguage":"en-US"},{"@type":"Person","@id":"https:\/\/sulsc.com\/#\/schema\/person\/84d2fc571684f6248ba83092f07750a3","name":"Reda\u00e7\u00e3o Sul SC","image":{"@type":"ImageObject","inLanguage":"en-US","@id":"https:\/\/sulsc.com\/#\/schema\/person\/image\/e08d7fe2cc4ed596372063bbe852b8d0","url":"https:\/\/sulsc.com\/wp-content\/uploads\/2023\/09\/redacao.png","contentUrl":"https:\/\/sulsc.com\/wp-content\/uploads\/2023\/09\/redacao.png","caption":"Reda\u00e7\u00e3o Sul SC"},"description":"Foco em um jornalismo imparcial, voltado \u00e0 qualidade dos seus conte\u00fados e, assim, levar informa\u00e7\u00e3o de valor que agregue \u00e0 vida dos leitores. Esta \u00e9 grande miss\u00e3o do Portal de Not\u00edcias Sul SC. N\u00e3o \u00e9 quantidade que muda o mundo, sempre foi e seguir\u00e1 sendo qualidade!","sameAs":["https:\/\/sulsc.com\/","https:\/\/www.facebook.com\/profile.php?id=61559278119680","https:\/\/www.instagram.com\/sulscportal\/?hl=pt-br","https:\/\/twitter.com\/https:\/\/twitter.com\/PortalSulSC","https:\/\/www.youtube.com\/channel\/UCv_BE8GeySluDov2n8qhVmw"],"url":"https:\/\/sulsc.com\/index.php\/author\/redacao\/"}]}},"authors":[],"_links":{"self":[{"href":"https:\/\/sulsc.com\/index.php\/wp-json\/wp\/v2\/posts\/30393"}],"collection":[{"href":"https:\/\/sulsc.com\/index.php\/wp-json\/wp\/v2\/posts"}],"about":[{"href":"https:\/\/sulsc.com\/index.php\/wp-json\/wp\/v2\/types\/post"}],"author":[{"embeddable":true,"href":"https:\/\/sulsc.com\/index.php\/wp-json\/wp\/v2\/users\/3"}],"replies":[{"embeddable":true,"href":"https:\/\/sulsc.com\/index.php\/wp-json\/wp\/v2\/comments?post=30393"}],"version-history":[{"count":2,"href":"https:\/\/sulsc.com\/index.php\/wp-json\/wp\/v2\/posts\/30393\/revisions"}],"predecessor-version":[{"id":30396,"href":"https:\/\/sulsc.com\/index.php\/wp-json\/wp\/v2\/posts\/30393\/revisions\/30396"}],"wp:featuredmedia":[{"embeddable":true,"href":"https:\/\/sulsc.com\/index.php\/wp-json\/wp\/v2\/media\/30394"}],"wp:attachment":[{"href":"https:\/\/sulsc.com\/index.php\/wp-json\/wp\/v2\/media?parent=30393"}],"wp:term":[{"taxonomy":"category","embeddable":true,"href":"https:\/\/sulsc.com\/index.php\/wp-json\/wp\/v2\/categories?post=30393"},{"taxonomy":"post_tag","embeddable":true,"href":"https:\/\/sulsc.com\/index.php\/wp-json\/wp\/v2\/tags?post=30393"}],"curies":[{"name":"wp","href":"https:\/\/api.w.org\/{rel}","templated":true}]}}