{"id":30400,"date":"2025-12-03T09:36:01","date_gmt":"2025-12-03T12:36:01","guid":{"rendered":"https:\/\/sulsc.com\/?p=30400"},"modified":"2025-12-03T09:36:01","modified_gmt":"2025-12-03T12:36:01","slug":"mais-de-r-100-milhoes-em-investimentos-para-fortalecer-defesas-civis-no-sul-de-santa-catarina","status":"publish","type":"post","link":"https:\/\/sulsc.com\/index.php\/2025\/12\/03\/mais-de-r-100-milhoes-em-investimentos-para-fortalecer-defesas-civis-no-sul-de-santa-catarina\/","title":{"rendered":"Mais de R$ 100 Milh\u00f5es em investimentos para fortalecer Defesas Civis no Sul de Santa Catarina"},"content":{"rendered":"<p>Nesta quarta-feira, dia 3, o governador Jorginho Mello estar\u00e1 na regi\u00e3o para anunciar o maior pacote de investimentos em Defesa Civil da hist\u00f3ria do sul de Santa Catarina, totalizando mais de R$ 100 milh\u00f5es. A solenidade ocorrer\u00e1 \u00e0s 10h30, no audit\u00f3rio do Centro de Inova\u00e7\u00e3o Sigma Park.<\/p>\n<div id=\"metaslider-id-25573\" style=\"width: 100%;\" class=\"ml-slider-3-99-0 metaslider metaslider-flex metaslider-25573 ml-slider has-onhover-arrows ms-theme-default-base has-dots-nav\" role=\"region\" aria-label=\"Meio\" data-width=\"1200\">\n    <div id=\"metaslider_container_25573\">\n        <div id=\"metaslider_25573\">\n            <ul class='slides'>\n                <li style=\"display: block; width: 100%;\" class=\"slide-25684 ms-image \" aria-roledescription=\"slide\" data-date=\"2025-07-24 07:55:40\"><img src=\"https:\/\/sulsc.com\/wp-content\/uploads\/2025\/07\/Marr-2-1000x166.jpg\" height=\"200\" width=\"1200\" alt=\"\" class=\"slider-25573 slide-25684 msDefaultImage\" title=\"Marr 2\" \/><\/li>\n                <li style=\"display: none; width: 100%;\" class=\"slide-32412 ms-image \" aria-roledescription=\"slide\" data-date=\"2026-02-18 13:59:46\"><img src=\"https:\/\/sulsc.com\/wp-content\/uploads\/2026\/02\/40dc1580-cad5-4867-bc58-c4243821ad38-1000x166.jpeg\" height=\"200\" width=\"1200\" alt=\"\" class=\"slider-25573 slide-32412 msDefaultImage\" title=\"40dc1580-cad5-4867-bc58-c4243821ad38\" \/><\/li>\n                <li style=\"display: none; width: 100%;\" class=\"slide-32766 ms-image \" aria-roledescription=\"slide\" data-date=\"2026-03-03 17:22:59\"><img src=\"https:\/\/sulsc.com\/wp-content\/uploads\/2026\/03\/271ce739-f268-41c5-8051-3de1a1750359-1000x166.jpeg\" height=\"200\" width=\"1200\" alt=\"\" class=\"slider-25573 slide-32766 msDefaultImage\" title=\"271ce739-f268-41c5-8051-3de1a1750359\" \/><\/li>\n            <\/ul>\n        <\/div>\n        \n    <\/div>\n<\/div>\n<p>Os recursos ser\u00e3o destinados \u00e0s regi\u00f5es da Amurel, Amesc e Amrec, contemplando kits de pontes, caminh\u00f5es-pipa, novas esta\u00e7\u00f5es de monitoramento, al\u00e9m de a\u00e7\u00f5es de limpeza e recupera\u00e7\u00e3o de rios. O objetivo \u00e9 fortalecer as Defesas Civis dos 45 munic\u00edpios da regi\u00e3o.<\/p>\n<p>Antes do evento em Sigma Park, o governador visitar\u00e1 Laguna, onde anunciar\u00e1 investimentos viabilizados pelo programa Santa Catarina Levada a S\u00e9rio, em cerim\u00f4nia marcada para as 9h, no Cine Teatro Mussi. Segundo o secret\u00e1rio de Estado da Prote\u00e7\u00e3o e Defesa Civil, M\u00e1rio Hildebrandt, esses investimentos s\u00e3o fundamentais para restabelecer acessos e ampliar a capacidade de resposta dos munic\u00edpios diante de eventos clim\u00e1ticos.<\/p>\n<p><img fetchpriority=\"high\" decoding=\"async\" class=\"size-full wp-image-4450\" src=\"http:\/\/sulsc.com\/wp-content\/uploads\/2023\/11\/Governador.jpg\" alt=\"\" width=\"799\" height=\"533\" srcset=\"https:\/\/sulsc.com\/wp-content\/uploads\/2023\/11\/Governador.jpg 799w, https:\/\/sulsc.com\/wp-content\/uploads\/2023\/11\/Governador-300x200.jpg 300w, https:\/\/sulsc.com\/wp-content\/uploads\/2023\/11\/Governador-768x512.jpg 768w\" sizes=\"(max-width: 799px) 100vw, 799px\" \/><\/p>\n<p>&nbsp;<\/p>\n","protected":false},"excerpt":{"rendered":"<p>Nesta quarta-feira, dia 3, o governador Jorginho Mello estar\u00e1 na regi\u00e3o para anunciar o maior pacote de investimentos em Defesa Civil da hist\u00f3ria do sul de Santa Catarina, totalizando mais de R$ 100 milh\u00f5es. A solenidade ocorrer\u00e1 \u00e0s 10h30, no audit\u00f3rio do Centro de Inova\u00e7\u00e3o Sigma Park. Os recursos ser\u00e3o destinados \u00e0s regi\u00f5es da Amurel, &hellip;<\/p>\n<p class=\"read-more\"> <a class=\"\" href=\"https:\/\/sulsc.com\/index.php\/2025\/12\/03\/mais-de-r-100-milhoes-em-investimentos-para-fortalecer-defesas-civis-no-sul-de-santa-catarina\/\"> <span class=\"screen-reader-text\">Mais de R$ 100 Milh\u00f5es em investimentos para fortalecer Defesas Civis no Sul de Santa Catarina<\/span> Read More &raquo;<\/a><\/p>\n","protected":false},"author":3,"featured_media":4450,"comment_status":"open","ping_status":"open","sticky":false,"template":"","format":"standard","meta":{"site-sidebar-layout":"default","site-content-layout":"","ast-site-content-layout":"default","site-content-style":"default","site-sidebar-style":"default","ast-global-header-display":"","ast-banner-title-visibility":"","ast-main-header-display":"","ast-hfb-above-header-display":"","ast-hfb-below-header-display":"","ast-hfb-mobile-header-display":"","site-post-title":"","ast-breadcrumbs-content":"","ast-featured-img":"","footer-sml-layout":"","theme-transparent-header-meta":"default","adv-header-id-meta":"","stick-header-meta":"","header-above-stick-meta":"","header-main-stick-meta":"","header-below-stick-meta":"","astra-migrate-meta-layouts":"set","footnotes":""},"categories":[2354,2231,1,14,12],"tags":[522],"yoast_head":"<!-- This site is optimized with the Yoast SEO plugin v21.4 - https:\/\/yoast.com\/wordpress\/plugins\/seo\/ -->\n<title>Mais de R$ 100 Milh\u00f5es em investimentos para fortalecer Defesas Civis no Sul de Santa Catarina -<\/title>\n<meta name=\"robots\" content=\"index, follow, max-snippet:-1, max-image-preview:large, max-video-preview:-1\" \/>\n<link rel=\"canonical\" href=\"https:\/\/sulsc.com\/index.php\/2025\/12\/03\/mais-de-r-100-milhoes-em-investimentos-para-fortalecer-defesas-civis-no-sul-de-santa-catarina\/\" \/>\n<meta property=\"og:locale\" content=\"en_US\" \/>\n<meta property=\"og:type\" content=\"article\" \/>\n<meta property=\"og:title\" content=\"Mais de R$ 100 Milh\u00f5es em investimentos para fortalecer Defesas Civis no Sul de Santa Catarina -\" \/>\n<meta property=\"og:description\" content=\"Nesta quarta-feira, dia 3, o governador Jorginho Mello estar\u00e1 na regi\u00e3o para anunciar o maior pacote de investimentos em Defesa Civil da hist\u00f3ria do sul de Santa Catarina, totalizando mais de R$ 100 milh\u00f5es. A solenidade ocorrer\u00e1 \u00e0s 10h30, no audit\u00f3rio do Centro de Inova\u00e7\u00e3o Sigma Park. Os recursos ser\u00e3o destinados \u00e0s regi\u00f5es da Amurel, &hellip; Mais de R$ 100 Milh\u00f5es em investimentos para fortalecer Defesas Civis no Sul de Santa Catarina Read More &raquo;\" \/>\n<meta property=\"og:url\" content=\"https:\/\/sulsc.com\/index.php\/2025\/12\/03\/mais-de-r-100-milhoes-em-investimentos-para-fortalecer-defesas-civis-no-sul-de-santa-catarina\/\" \/>\n<meta property=\"article:author\" content=\"https:\/\/www.facebook.com\/profile.php?id=61559278119680\" \/>\n<meta property=\"article:published_time\" content=\"2025-12-03T12:36:01+00:00\" \/>\n<meta property=\"og:image\" content=\"http:\/\/sulsc.com\/wp-content\/uploads\/2023\/11\/Governador.jpg\" \/>\n\t<meta property=\"og:image:width\" content=\"799\" \/>\n\t<meta property=\"og:image:height\" content=\"533\" \/>\n\t<meta property=\"og:image:type\" content=\"image\/jpeg\" \/>\n<meta name=\"author\" content=\"Reda\u00e7\u00e3o Sul SC\" \/>\n<meta name=\"twitter:card\" content=\"summary_large_image\" \/>\n<meta name=\"twitter:creator\" content=\"@https:\/\/twitter.com\/PortalSulSC\" \/>\n<meta name=\"twitter:label1\" content=\"Written by\" \/>\n\t<meta name=\"twitter:data1\" content=\"Reda\u00e7\u00e3o Sul SC\" \/>\n\t<meta name=\"twitter:label2\" content=\"Est. reading time\" \/>\n\t<meta name=\"twitter:data2\" content=\"1 minute\" \/>\n<script type=\"application\/ld+json\" class=\"yoast-schema-graph\">{\"@context\":\"https:\/\/schema.org\",\"@graph\":[{\"@type\":\"WebPage\",\"@id\":\"https:\/\/sulsc.com\/index.php\/2025\/12\/03\/mais-de-r-100-milhoes-em-investimentos-para-fortalecer-defesas-civis-no-sul-de-santa-catarina\/\",\"url\":\"https:\/\/sulsc.com\/index.php\/2025\/12\/03\/mais-de-r-100-milhoes-em-investimentos-para-fortalecer-defesas-civis-no-sul-de-santa-catarina\/\",\"name\":\"Mais de R$ 100 Milh\u00f5es em investimentos para fortalecer Defesas Civis no Sul de Santa Catarina -\",\"isPartOf\":{\"@id\":\"https:\/\/sulsc.com\/#website\"},\"datePublished\":\"2025-12-03T12:36:01+00:00\",\"dateModified\":\"2025-12-03T12:36:01+00:00\",\"author\":{\"@id\":\"https:\/\/sulsc.com\/#\/schema\/person\/84d2fc571684f6248ba83092f07750a3\"},\"breadcrumb\":{\"@id\":\"https:\/\/sulsc.com\/index.php\/2025\/12\/03\/mais-de-r-100-milhoes-em-investimentos-para-fortalecer-defesas-civis-no-sul-de-santa-catarina\/#breadcrumb\"},\"inLanguage\":\"en-US\",\"potentialAction\":[{\"@type\":\"ReadAction\",\"target\":[\"https:\/\/sulsc.com\/index.php\/2025\/12\/03\/mais-de-r-100-milhoes-em-investimentos-para-fortalecer-defesas-civis-no-sul-de-santa-catarina\/\"]}]},{\"@type\":\"BreadcrumbList\",\"@id\":\"https:\/\/sulsc.com\/index.php\/2025\/12\/03\/mais-de-r-100-milhoes-em-investimentos-para-fortalecer-defesas-civis-no-sul-de-santa-catarina\/#breadcrumb\",\"itemListElement\":[{\"@type\":\"ListItem\",\"position\":1,\"name\":\"In\u00edcio\",\"item\":\"https:\/\/sulsc.com\/\"},{\"@type\":\"ListItem\",\"position\":2,\"name\":\"Mais de R$ 100 Milh\u00f5es em investimentos para fortalecer Defesas Civis no Sul de Santa Catarina\"}]},{\"@type\":\"WebSite\",\"@id\":\"https:\/\/sulsc.com\/#website\",\"url\":\"https:\/\/sulsc.com\/\",\"name\":\"\",\"description\":\"\",\"potentialAction\":[{\"@type\":\"SearchAction\",\"target\":{\"@type\":\"EntryPoint\",\"urlTemplate\":\"https:\/\/sulsc.com\/?s={search_term_string}\"},\"query-input\":\"required name=search_term_string\"}],\"inLanguage\":\"en-US\"},{\"@type\":\"Person\",\"@id\":\"https:\/\/sulsc.com\/#\/schema\/person\/84d2fc571684f6248ba83092f07750a3\",\"name\":\"Reda\u00e7\u00e3o Sul SC\",\"image\":{\"@type\":\"ImageObject\",\"inLanguage\":\"en-US\",\"@id\":\"https:\/\/sulsc.com\/#\/schema\/person\/image\/e08d7fe2cc4ed596372063bbe852b8d0\",\"url\":\"https:\/\/sulsc.com\/wp-content\/uploads\/2023\/09\/redacao.png\",\"contentUrl\":\"https:\/\/sulsc.com\/wp-content\/uploads\/2023\/09\/redacao.png\",\"caption\":\"Reda\u00e7\u00e3o Sul SC\"},\"description\":\"Foco em um jornalismo imparcial, voltado \u00e0 qualidade dos seus conte\u00fados e, assim, levar informa\u00e7\u00e3o de valor que agregue \u00e0 vida dos leitores. Esta \u00e9 grande miss\u00e3o do Portal de Not\u00edcias Sul SC. N\u00e3o \u00e9 quantidade que muda o mundo, sempre foi e seguir\u00e1 sendo qualidade!\",\"sameAs\":[\"https:\/\/sulsc.com\/\",\"https:\/\/www.facebook.com\/profile.php?id=61559278119680\",\"https:\/\/www.instagram.com\/sulscportal\/?hl=pt-br\",\"https:\/\/twitter.com\/https:\/\/twitter.com\/PortalSulSC\",\"https:\/\/www.youtube.com\/channel\/UCv_BE8GeySluDov2n8qhVmw\"],\"url\":\"https:\/\/sulsc.com\/index.php\/author\/redacao\/\"}]}<\/script>\n<!-- \/ Yoast SEO plugin. -->","yoast_head_json":{"title":"Mais de R$ 100 Milh\u00f5es em investimentos para fortalecer Defesas Civis no Sul de Santa Catarina -","robots":{"index":"index","follow":"follow","max-snippet":"max-snippet:-1","max-image-preview":"max-image-preview:large","max-video-preview":"max-video-preview:-1"},"canonical":"https:\/\/sulsc.com\/index.php\/2025\/12\/03\/mais-de-r-100-milhoes-em-investimentos-para-fortalecer-defesas-civis-no-sul-de-santa-catarina\/","og_locale":"en_US","og_type":"article","og_title":"Mais de R$ 100 Milh\u00f5es em investimentos para fortalecer Defesas Civis no Sul de Santa Catarina -","og_description":"Nesta quarta-feira, dia 3, o governador Jorginho Mello estar\u00e1 na regi\u00e3o para anunciar o maior pacote de investimentos em Defesa Civil da hist\u00f3ria do sul de Santa Catarina, totalizando mais de R$ 100 milh\u00f5es. A solenidade ocorrer\u00e1 \u00e0s 10h30, no audit\u00f3rio do Centro de Inova\u00e7\u00e3o Sigma Park. Os recursos ser\u00e3o destinados \u00e0s regi\u00f5es da Amurel, &hellip; Mais de R$ 100 Milh\u00f5es em investimentos para fortalecer Defesas Civis no Sul de Santa Catarina Read More &raquo;","og_url":"https:\/\/sulsc.com\/index.php\/2025\/12\/03\/mais-de-r-100-milhoes-em-investimentos-para-fortalecer-defesas-civis-no-sul-de-santa-catarina\/","article_author":"https:\/\/www.facebook.com\/profile.php?id=61559278119680","article_published_time":"2025-12-03T12:36:01+00:00","og_image":[{"width":799,"height":533,"url":"http:\/\/sulsc.com\/wp-content\/uploads\/2023\/11\/Governador.jpg","type":"image\/jpeg"}],"author":"Reda\u00e7\u00e3o Sul SC","twitter_card":"summary_large_image","twitter_creator":"@https:\/\/twitter.com\/PortalSulSC","twitter_misc":{"Written by":"Reda\u00e7\u00e3o Sul SC","Est. reading time":"1 minute"},"schema":{"@context":"https:\/\/schema.org","@graph":[{"@type":"WebPage","@id":"https:\/\/sulsc.com\/index.php\/2025\/12\/03\/mais-de-r-100-milhoes-em-investimentos-para-fortalecer-defesas-civis-no-sul-de-santa-catarina\/","url":"https:\/\/sulsc.com\/index.php\/2025\/12\/03\/mais-de-r-100-milhoes-em-investimentos-para-fortalecer-defesas-civis-no-sul-de-santa-catarina\/","name":"Mais de R$ 100 Milh\u00f5es em investimentos para fortalecer Defesas Civis no Sul de Santa Catarina -","isPartOf":{"@id":"https:\/\/sulsc.com\/#website"},"datePublished":"2025-12-03T12:36:01+00:00","dateModified":"2025-12-03T12:36:01+00:00","author":{"@id":"https:\/\/sulsc.com\/#\/schema\/person\/84d2fc571684f6248ba83092f07750a3"},"breadcrumb":{"@id":"https:\/\/sulsc.com\/index.php\/2025\/12\/03\/mais-de-r-100-milhoes-em-investimentos-para-fortalecer-defesas-civis-no-sul-de-santa-catarina\/#breadcrumb"},"inLanguage":"en-US","potentialAction":[{"@type":"ReadAction","target":["https:\/\/sulsc.com\/index.php\/2025\/12\/03\/mais-de-r-100-milhoes-em-investimentos-para-fortalecer-defesas-civis-no-sul-de-santa-catarina\/"]}]},{"@type":"BreadcrumbList","@id":"https:\/\/sulsc.com\/index.php\/2025\/12\/03\/mais-de-r-100-milhoes-em-investimentos-para-fortalecer-defesas-civis-no-sul-de-santa-catarina\/#breadcrumb","itemListElement":[{"@type":"ListItem","position":1,"name":"In\u00edcio","item":"https:\/\/sulsc.com\/"},{"@type":"ListItem","position":2,"name":"Mais de R$ 100 Milh\u00f5es em investimentos para fortalecer Defesas Civis no Sul de Santa Catarina"}]},{"@type":"WebSite","@id":"https:\/\/sulsc.com\/#website","url":"https:\/\/sulsc.com\/","name":"","description":"","potentialAction":[{"@type":"SearchAction","target":{"@type":"EntryPoint","urlTemplate":"https:\/\/sulsc.com\/?s={search_term_string}"},"query-input":"required name=search_term_string"}],"inLanguage":"en-US"},{"@type":"Person","@id":"https:\/\/sulsc.com\/#\/schema\/person\/84d2fc571684f6248ba83092f07750a3","name":"Reda\u00e7\u00e3o Sul SC","image":{"@type":"ImageObject","inLanguage":"en-US","@id":"https:\/\/sulsc.com\/#\/schema\/person\/image\/e08d7fe2cc4ed596372063bbe852b8d0","url":"https:\/\/sulsc.com\/wp-content\/uploads\/2023\/09\/redacao.png","contentUrl":"https:\/\/sulsc.com\/wp-content\/uploads\/2023\/09\/redacao.png","caption":"Reda\u00e7\u00e3o Sul SC"},"description":"Foco em um jornalismo imparcial, voltado \u00e0 qualidade dos seus conte\u00fados e, assim, levar informa\u00e7\u00e3o de valor que agregue \u00e0 vida dos leitores. Esta \u00e9 grande miss\u00e3o do Portal de Not\u00edcias Sul SC. N\u00e3o \u00e9 quantidade que muda o mundo, sempre foi e seguir\u00e1 sendo qualidade!","sameAs":["https:\/\/sulsc.com\/","https:\/\/www.facebook.com\/profile.php?id=61559278119680","https:\/\/www.instagram.com\/sulscportal\/?hl=pt-br","https:\/\/twitter.com\/https:\/\/twitter.com\/PortalSulSC","https:\/\/www.youtube.com\/channel\/UCv_BE8GeySluDov2n8qhVmw"],"url":"https:\/\/sulsc.com\/index.php\/author\/redacao\/"}]}},"authors":[],"_links":{"self":[{"href":"https:\/\/sulsc.com\/index.php\/wp-json\/wp\/v2\/posts\/30400"}],"collection":[{"href":"https:\/\/sulsc.com\/index.php\/wp-json\/wp\/v2\/posts"}],"about":[{"href":"https:\/\/sulsc.com\/index.php\/wp-json\/wp\/v2\/types\/post"}],"author":[{"embeddable":true,"href":"https:\/\/sulsc.com\/index.php\/wp-json\/wp\/v2\/users\/3"}],"replies":[{"embeddable":true,"href":"https:\/\/sulsc.com\/index.php\/wp-json\/wp\/v2\/comments?post=30400"}],"version-history":[{"count":1,"href":"https:\/\/sulsc.com\/index.php\/wp-json\/wp\/v2\/posts\/30400\/revisions"}],"predecessor-version":[{"id":30401,"href":"https:\/\/sulsc.com\/index.php\/wp-json\/wp\/v2\/posts\/30400\/revisions\/30401"}],"wp:featuredmedia":[{"embeddable":true,"href":"https:\/\/sulsc.com\/index.php\/wp-json\/wp\/v2\/media\/4450"}],"wp:attachment":[{"href":"https:\/\/sulsc.com\/index.php\/wp-json\/wp\/v2\/media?parent=30400"}],"wp:term":[{"taxonomy":"category","embeddable":true,"href":"https:\/\/sulsc.com\/index.php\/wp-json\/wp\/v2\/categories?post=30400"},{"taxonomy":"post_tag","embeddable":true,"href":"https:\/\/sulsc.com\/index.php\/wp-json\/wp\/v2\/tags?post=30400"}],"curies":[{"name":"wp","href":"https:\/\/api.w.org\/{rel}","templated":true}]}}