{"id":30413,"date":"2025-12-03T13:40:51","date_gmt":"2025-12-03T16:40:51","guid":{"rendered":"https:\/\/sulsc.com\/?p=30413"},"modified":"2025-12-03T13:40:51","modified_gmt":"2025-12-03T16:40:51","slug":"funcionario-publico-no-exercicio-da-funcao-e-agredido-por-pessoa-em-situacao-de-rua","status":"publish","type":"post","link":"https:\/\/sulsc.com\/index.php\/2025\/12\/03\/funcionario-publico-no-exercicio-da-funcao-e-agredido-por-pessoa-em-situacao-de-rua\/","title":{"rendered":"Funcion\u00e1rio p\u00fablico no exerc\u00edcio da fun\u00e7\u00e3o \u00e9 agredido por pessoa em situa\u00e7\u00e3o de rua"},"content":{"rendered":"<p>A Pol\u00edcia Municipal de Tubar\u00e3o prendeu na manh\u00e3 desta ter\u00e7a-feira (2), dois homens em situa\u00e7\u00e3o de rua que agrediram dois servidores p\u00fablicos municipais.<\/p>\n<p>Os servidores estavam realizando uma vistoria nos bancos da pra\u00e7a 7 de Setembro, quando foram agredidos verbalmente e fisicamente pelos homens que ocupavam os bancos.<\/p>\n<div id=\"metaslider-id-25573\" style=\"width: 100%;\" class=\"ml-slider-3-99-0 metaslider metaslider-flex metaslider-25573 ml-slider has-onhover-arrows ms-theme-default-base has-dots-nav\" role=\"region\" aria-label=\"Meio\" data-width=\"1200\">\n    <div id=\"metaslider_container_25573\">\n        <div id=\"metaslider_25573\">\n            <ul class='slides'>\n                <li style=\"display: block; width: 100%;\" class=\"slide-25684 ms-image \" aria-roledescription=\"slide\" data-date=\"2025-07-24 07:55:40\"><img src=\"https:\/\/sulsc.com\/wp-content\/uploads\/2025\/07\/Marr-2-1000x166.jpg\" height=\"200\" width=\"1200\" alt=\"\" class=\"slider-25573 slide-25684 msDefaultImage\" title=\"Marr 2\" \/><\/li>\n                <li style=\"display: none; width: 100%;\" class=\"slide-32412 ms-image \" aria-roledescription=\"slide\" data-date=\"2026-02-18 13:59:46\"><img src=\"https:\/\/sulsc.com\/wp-content\/uploads\/2026\/02\/40dc1580-cad5-4867-bc58-c4243821ad38-1000x166.jpeg\" height=\"200\" width=\"1200\" alt=\"\" class=\"slider-25573 slide-32412 msDefaultImage\" title=\"40dc1580-cad5-4867-bc58-c4243821ad38\" \/><\/li>\n                <li style=\"display: none; width: 100%;\" class=\"slide-32766 ms-image \" aria-roledescription=\"slide\" data-date=\"2026-03-03 17:22:59\"><img src=\"https:\/\/sulsc.com\/wp-content\/uploads\/2026\/03\/271ce739-f268-41c5-8051-3de1a1750359-1000x166.jpeg\" height=\"200\" width=\"1200\" alt=\"\" class=\"slider-25573 slide-32766 msDefaultImage\" title=\"271ce739-f268-41c5-8051-3de1a1750359\" \/><\/li>\n            <\/ul>\n        <\/div>\n        \n    <\/div>\n<\/div>\n<p>Mesmo com a explica\u00e7\u00e3o dos servidores de que estavam a servi\u00e7o da prefeitura, as hostilidades continuaram e evolu\u00edram para agress\u00f5es f\u00edsicas, incluindo um soco em um dos funcion\u00e1rios.<\/p>\n<p>A Prefeitura de Tubar\u00e3o refor\u00e7a que qualquer ato de viol\u00eancia contra servidores no exerc\u00edcio de suas fun\u00e7\u00f5es constitui crime. Nos termos do artigo 331 do C\u00f3digo Penal, desacatar funcion\u00e1rio p\u00fablico durante ou em raz\u00e3o do desempenho de suas atividades pode resultar em pena de deten\u00e7\u00e3o de seis meses a dois anos, ou multa.<\/p>\n<p><img fetchpriority=\"high\" decoding=\"async\" class=\"aligncenter size-full wp-image-30414\" src=\"http:\/\/sulsc.com\/wp-content\/uploads\/2025\/12\/WhatsApp-Image-2025-06-09-at-19.38.57-768x1024-1-768x445-1.jpg\" alt=\"\" width=\"768\" height=\"445\" srcset=\"https:\/\/sulsc.com\/wp-content\/uploads\/2025\/12\/WhatsApp-Image-2025-06-09-at-19.38.57-768x1024-1-768x445-1.jpg 768w, https:\/\/sulsc.com\/wp-content\/uploads\/2025\/12\/WhatsApp-Image-2025-06-09-at-19.38.57-768x1024-1-768x445-1-300x174.jpg 300w\" sizes=\"(max-width: 768px) 100vw, 768px\" \/><\/p>\n<p>&nbsp;<\/p>\n","protected":false},"excerpt":{"rendered":"<p>A Pol\u00edcia Municipal de Tubar\u00e3o prendeu na manh\u00e3 desta ter\u00e7a-feira (2), dois homens em situa\u00e7\u00e3o de rua que agrediram dois servidores p\u00fablicos municipais. Os servidores estavam realizando uma vistoria nos bancos da pra\u00e7a 7 de Setembro, quando foram agredidos verbalmente e fisicamente pelos homens que ocupavam os bancos. Mesmo com a explica\u00e7\u00e3o dos servidores de &hellip;<\/p>\n<p class=\"read-more\"> <a class=\"\" href=\"https:\/\/sulsc.com\/index.php\/2025\/12\/03\/funcionario-publico-no-exercicio-da-funcao-e-agredido-por-pessoa-em-situacao-de-rua\/\"> <span class=\"screen-reader-text\">Funcion\u00e1rio p\u00fablico no exerc\u00edcio da fun\u00e7\u00e3o \u00e9 agredido por pessoa em situa\u00e7\u00e3o de rua<\/span> Read More &raquo;<\/a><\/p>\n","protected":false},"author":3,"featured_media":30414,"comment_status":"open","ping_status":"open","sticky":false,"template":"","format":"standard","meta":{"site-sidebar-layout":"default","site-content-layout":"","ast-site-content-layout":"default","site-content-style":"default","site-sidebar-style":"default","ast-global-header-display":"","ast-banner-title-visibility":"","ast-main-header-display":"","ast-hfb-above-header-display":"","ast-hfb-below-header-display":"","ast-hfb-mobile-header-display":"","site-post-title":"","ast-breadcrumbs-content":"","ast-featured-img":"","footer-sml-layout":"","theme-transparent-header-meta":"default","adv-header-id-meta":"","stick-header-meta":"","header-above-stick-meta":"","header-main-stick-meta":"","header-below-stick-meta":"","astra-migrate-meta-layouts":"set","footnotes":""},"categories":[2231,1,8,21,12],"tags":[329],"yoast_head":"<!-- This site is optimized with the Yoast SEO plugin v21.4 - https:\/\/yoast.com\/wordpress\/plugins\/seo\/ -->\n<title>Funcion\u00e1rio p\u00fablico no exerc\u00edcio da fun\u00e7\u00e3o \u00e9 agredido por pessoa em situa\u00e7\u00e3o de rua -<\/title>\n<meta name=\"robots\" content=\"index, follow, max-snippet:-1, max-image-preview:large, max-video-preview:-1\" \/>\n<link rel=\"canonical\" href=\"https:\/\/sulsc.com\/index.php\/2025\/12\/03\/funcionario-publico-no-exercicio-da-funcao-e-agredido-por-pessoa-em-situacao-de-rua\/\" \/>\n<meta property=\"og:locale\" content=\"en_US\" \/>\n<meta property=\"og:type\" content=\"article\" \/>\n<meta property=\"og:title\" content=\"Funcion\u00e1rio p\u00fablico no exerc\u00edcio da fun\u00e7\u00e3o \u00e9 agredido por pessoa em situa\u00e7\u00e3o de rua -\" \/>\n<meta property=\"og:description\" content=\"A Pol\u00edcia Municipal de Tubar\u00e3o prendeu na manh\u00e3 desta ter\u00e7a-feira (2), dois homens em situa\u00e7\u00e3o de rua que agrediram dois servidores p\u00fablicos municipais. Os servidores estavam realizando uma vistoria nos bancos da pra\u00e7a 7 de Setembro, quando foram agredidos verbalmente e fisicamente pelos homens que ocupavam os bancos. Mesmo com a explica\u00e7\u00e3o dos servidores de &hellip; Funcion\u00e1rio p\u00fablico no exerc\u00edcio da fun\u00e7\u00e3o \u00e9 agredido por pessoa em situa\u00e7\u00e3o de rua Read More &raquo;\" \/>\n<meta property=\"og:url\" content=\"https:\/\/sulsc.com\/index.php\/2025\/12\/03\/funcionario-publico-no-exercicio-da-funcao-e-agredido-por-pessoa-em-situacao-de-rua\/\" \/>\n<meta property=\"article:author\" content=\"https:\/\/www.facebook.com\/profile.php?id=61559278119680\" \/>\n<meta property=\"article:published_time\" content=\"2025-12-03T16:40:51+00:00\" \/>\n<meta property=\"og:image\" content=\"http:\/\/sulsc.com\/wp-content\/uploads\/2025\/12\/WhatsApp-Image-2025-06-09-at-19.38.57-768x1024-1-768x445-1.jpg\" \/>\n\t<meta property=\"og:image:width\" content=\"768\" \/>\n\t<meta property=\"og:image:height\" content=\"445\" \/>\n\t<meta property=\"og:image:type\" content=\"image\/jpeg\" \/>\n<meta name=\"author\" content=\"Reda\u00e7\u00e3o Sul SC\" \/>\n<meta name=\"twitter:card\" content=\"summary_large_image\" \/>\n<meta name=\"twitter:creator\" content=\"@https:\/\/twitter.com\/PortalSulSC\" \/>\n<meta name=\"twitter:label1\" content=\"Written by\" \/>\n\t<meta name=\"twitter:data1\" content=\"Reda\u00e7\u00e3o Sul SC\" \/>\n\t<meta name=\"twitter:label2\" content=\"Est. reading time\" \/>\n\t<meta name=\"twitter:data2\" content=\"1 minute\" \/>\n<script type=\"application\/ld+json\" class=\"yoast-schema-graph\">{\"@context\":\"https:\/\/schema.org\",\"@graph\":[{\"@type\":\"WebPage\",\"@id\":\"https:\/\/sulsc.com\/index.php\/2025\/12\/03\/funcionario-publico-no-exercicio-da-funcao-e-agredido-por-pessoa-em-situacao-de-rua\/\",\"url\":\"https:\/\/sulsc.com\/index.php\/2025\/12\/03\/funcionario-publico-no-exercicio-da-funcao-e-agredido-por-pessoa-em-situacao-de-rua\/\",\"name\":\"Funcion\u00e1rio p\u00fablico no exerc\u00edcio da fun\u00e7\u00e3o \u00e9 agredido por pessoa em situa\u00e7\u00e3o de rua -\",\"isPartOf\":{\"@id\":\"https:\/\/sulsc.com\/#website\"},\"datePublished\":\"2025-12-03T16:40:51+00:00\",\"dateModified\":\"2025-12-03T16:40:51+00:00\",\"author\":{\"@id\":\"https:\/\/sulsc.com\/#\/schema\/person\/84d2fc571684f6248ba83092f07750a3\"},\"breadcrumb\":{\"@id\":\"https:\/\/sulsc.com\/index.php\/2025\/12\/03\/funcionario-publico-no-exercicio-da-funcao-e-agredido-por-pessoa-em-situacao-de-rua\/#breadcrumb\"},\"inLanguage\":\"en-US\",\"potentialAction\":[{\"@type\":\"ReadAction\",\"target\":[\"https:\/\/sulsc.com\/index.php\/2025\/12\/03\/funcionario-publico-no-exercicio-da-funcao-e-agredido-por-pessoa-em-situacao-de-rua\/\"]}]},{\"@type\":\"BreadcrumbList\",\"@id\":\"https:\/\/sulsc.com\/index.php\/2025\/12\/03\/funcionario-publico-no-exercicio-da-funcao-e-agredido-por-pessoa-em-situacao-de-rua\/#breadcrumb\",\"itemListElement\":[{\"@type\":\"ListItem\",\"position\":1,\"name\":\"In\u00edcio\",\"item\":\"https:\/\/sulsc.com\/\"},{\"@type\":\"ListItem\",\"position\":2,\"name\":\"Funcion\u00e1rio p\u00fablico no exerc\u00edcio da fun\u00e7\u00e3o \u00e9 agredido por pessoa em situa\u00e7\u00e3o de rua\"}]},{\"@type\":\"WebSite\",\"@id\":\"https:\/\/sulsc.com\/#website\",\"url\":\"https:\/\/sulsc.com\/\",\"name\":\"\",\"description\":\"\",\"potentialAction\":[{\"@type\":\"SearchAction\",\"target\":{\"@type\":\"EntryPoint\",\"urlTemplate\":\"https:\/\/sulsc.com\/?s={search_term_string}\"},\"query-input\":\"required name=search_term_string\"}],\"inLanguage\":\"en-US\"},{\"@type\":\"Person\",\"@id\":\"https:\/\/sulsc.com\/#\/schema\/person\/84d2fc571684f6248ba83092f07750a3\",\"name\":\"Reda\u00e7\u00e3o Sul SC\",\"image\":{\"@type\":\"ImageObject\",\"inLanguage\":\"en-US\",\"@id\":\"https:\/\/sulsc.com\/#\/schema\/person\/image\/e08d7fe2cc4ed596372063bbe852b8d0\",\"url\":\"https:\/\/sulsc.com\/wp-content\/uploads\/2023\/09\/redacao.png\",\"contentUrl\":\"https:\/\/sulsc.com\/wp-content\/uploads\/2023\/09\/redacao.png\",\"caption\":\"Reda\u00e7\u00e3o Sul SC\"},\"description\":\"Foco em um jornalismo imparcial, voltado \u00e0 qualidade dos seus conte\u00fados e, assim, levar informa\u00e7\u00e3o de valor que agregue \u00e0 vida dos leitores. Esta \u00e9 grande miss\u00e3o do Portal de Not\u00edcias Sul SC. N\u00e3o \u00e9 quantidade que muda o mundo, sempre foi e seguir\u00e1 sendo qualidade!\",\"sameAs\":[\"https:\/\/sulsc.com\/\",\"https:\/\/www.facebook.com\/profile.php?id=61559278119680\",\"https:\/\/www.instagram.com\/sulscportal\/?hl=pt-br\",\"https:\/\/twitter.com\/https:\/\/twitter.com\/PortalSulSC\",\"https:\/\/www.youtube.com\/channel\/UCv_BE8GeySluDov2n8qhVmw\"],\"url\":\"https:\/\/sulsc.com\/index.php\/author\/redacao\/\"}]}<\/script>\n<!-- \/ Yoast SEO plugin. -->","yoast_head_json":{"title":"Funcion\u00e1rio p\u00fablico no exerc\u00edcio da fun\u00e7\u00e3o \u00e9 agredido por pessoa em situa\u00e7\u00e3o de rua -","robots":{"index":"index","follow":"follow","max-snippet":"max-snippet:-1","max-image-preview":"max-image-preview:large","max-video-preview":"max-video-preview:-1"},"canonical":"https:\/\/sulsc.com\/index.php\/2025\/12\/03\/funcionario-publico-no-exercicio-da-funcao-e-agredido-por-pessoa-em-situacao-de-rua\/","og_locale":"en_US","og_type":"article","og_title":"Funcion\u00e1rio p\u00fablico no exerc\u00edcio da fun\u00e7\u00e3o \u00e9 agredido por pessoa em situa\u00e7\u00e3o de rua -","og_description":"A Pol\u00edcia Municipal de Tubar\u00e3o prendeu na manh\u00e3 desta ter\u00e7a-feira (2), dois homens em situa\u00e7\u00e3o de rua que agrediram dois servidores p\u00fablicos municipais. Os servidores estavam realizando uma vistoria nos bancos da pra\u00e7a 7 de Setembro, quando foram agredidos verbalmente e fisicamente pelos homens que ocupavam os bancos. Mesmo com a explica\u00e7\u00e3o dos servidores de &hellip; Funcion\u00e1rio p\u00fablico no exerc\u00edcio da fun\u00e7\u00e3o \u00e9 agredido por pessoa em situa\u00e7\u00e3o de rua Read More &raquo;","og_url":"https:\/\/sulsc.com\/index.php\/2025\/12\/03\/funcionario-publico-no-exercicio-da-funcao-e-agredido-por-pessoa-em-situacao-de-rua\/","article_author":"https:\/\/www.facebook.com\/profile.php?id=61559278119680","article_published_time":"2025-12-03T16:40:51+00:00","og_image":[{"width":768,"height":445,"url":"http:\/\/sulsc.com\/wp-content\/uploads\/2025\/12\/WhatsApp-Image-2025-06-09-at-19.38.57-768x1024-1-768x445-1.jpg","type":"image\/jpeg"}],"author":"Reda\u00e7\u00e3o Sul SC","twitter_card":"summary_large_image","twitter_creator":"@https:\/\/twitter.com\/PortalSulSC","twitter_misc":{"Written by":"Reda\u00e7\u00e3o Sul SC","Est. reading time":"1 minute"},"schema":{"@context":"https:\/\/schema.org","@graph":[{"@type":"WebPage","@id":"https:\/\/sulsc.com\/index.php\/2025\/12\/03\/funcionario-publico-no-exercicio-da-funcao-e-agredido-por-pessoa-em-situacao-de-rua\/","url":"https:\/\/sulsc.com\/index.php\/2025\/12\/03\/funcionario-publico-no-exercicio-da-funcao-e-agredido-por-pessoa-em-situacao-de-rua\/","name":"Funcion\u00e1rio p\u00fablico no exerc\u00edcio da fun\u00e7\u00e3o \u00e9 agredido por pessoa em situa\u00e7\u00e3o de rua -","isPartOf":{"@id":"https:\/\/sulsc.com\/#website"},"datePublished":"2025-12-03T16:40:51+00:00","dateModified":"2025-12-03T16:40:51+00:00","author":{"@id":"https:\/\/sulsc.com\/#\/schema\/person\/84d2fc571684f6248ba83092f07750a3"},"breadcrumb":{"@id":"https:\/\/sulsc.com\/index.php\/2025\/12\/03\/funcionario-publico-no-exercicio-da-funcao-e-agredido-por-pessoa-em-situacao-de-rua\/#breadcrumb"},"inLanguage":"en-US","potentialAction":[{"@type":"ReadAction","target":["https:\/\/sulsc.com\/index.php\/2025\/12\/03\/funcionario-publico-no-exercicio-da-funcao-e-agredido-por-pessoa-em-situacao-de-rua\/"]}]},{"@type":"BreadcrumbList","@id":"https:\/\/sulsc.com\/index.php\/2025\/12\/03\/funcionario-publico-no-exercicio-da-funcao-e-agredido-por-pessoa-em-situacao-de-rua\/#breadcrumb","itemListElement":[{"@type":"ListItem","position":1,"name":"In\u00edcio","item":"https:\/\/sulsc.com\/"},{"@type":"ListItem","position":2,"name":"Funcion\u00e1rio p\u00fablico no exerc\u00edcio da fun\u00e7\u00e3o \u00e9 agredido por pessoa em situa\u00e7\u00e3o de rua"}]},{"@type":"WebSite","@id":"https:\/\/sulsc.com\/#website","url":"https:\/\/sulsc.com\/","name":"","description":"","potentialAction":[{"@type":"SearchAction","target":{"@type":"EntryPoint","urlTemplate":"https:\/\/sulsc.com\/?s={search_term_string}"},"query-input":"required name=search_term_string"}],"inLanguage":"en-US"},{"@type":"Person","@id":"https:\/\/sulsc.com\/#\/schema\/person\/84d2fc571684f6248ba83092f07750a3","name":"Reda\u00e7\u00e3o Sul SC","image":{"@type":"ImageObject","inLanguage":"en-US","@id":"https:\/\/sulsc.com\/#\/schema\/person\/image\/e08d7fe2cc4ed596372063bbe852b8d0","url":"https:\/\/sulsc.com\/wp-content\/uploads\/2023\/09\/redacao.png","contentUrl":"https:\/\/sulsc.com\/wp-content\/uploads\/2023\/09\/redacao.png","caption":"Reda\u00e7\u00e3o Sul SC"},"description":"Foco em um jornalismo imparcial, voltado \u00e0 qualidade dos seus conte\u00fados e, assim, levar informa\u00e7\u00e3o de valor que agregue \u00e0 vida dos leitores. Esta \u00e9 grande miss\u00e3o do Portal de Not\u00edcias Sul SC. N\u00e3o \u00e9 quantidade que muda o mundo, sempre foi e seguir\u00e1 sendo qualidade!","sameAs":["https:\/\/sulsc.com\/","https:\/\/www.facebook.com\/profile.php?id=61559278119680","https:\/\/www.instagram.com\/sulscportal\/?hl=pt-br","https:\/\/twitter.com\/https:\/\/twitter.com\/PortalSulSC","https:\/\/www.youtube.com\/channel\/UCv_BE8GeySluDov2n8qhVmw"],"url":"https:\/\/sulsc.com\/index.php\/author\/redacao\/"}]}},"authors":[],"_links":{"self":[{"href":"https:\/\/sulsc.com\/index.php\/wp-json\/wp\/v2\/posts\/30413"}],"collection":[{"href":"https:\/\/sulsc.com\/index.php\/wp-json\/wp\/v2\/posts"}],"about":[{"href":"https:\/\/sulsc.com\/index.php\/wp-json\/wp\/v2\/types\/post"}],"author":[{"embeddable":true,"href":"https:\/\/sulsc.com\/index.php\/wp-json\/wp\/v2\/users\/3"}],"replies":[{"embeddable":true,"href":"https:\/\/sulsc.com\/index.php\/wp-json\/wp\/v2\/comments?post=30413"}],"version-history":[{"count":1,"href":"https:\/\/sulsc.com\/index.php\/wp-json\/wp\/v2\/posts\/30413\/revisions"}],"predecessor-version":[{"id":30415,"href":"https:\/\/sulsc.com\/index.php\/wp-json\/wp\/v2\/posts\/30413\/revisions\/30415"}],"wp:featuredmedia":[{"embeddable":true,"href":"https:\/\/sulsc.com\/index.php\/wp-json\/wp\/v2\/media\/30414"}],"wp:attachment":[{"href":"https:\/\/sulsc.com\/index.php\/wp-json\/wp\/v2\/media?parent=30413"}],"wp:term":[{"taxonomy":"category","embeddable":true,"href":"https:\/\/sulsc.com\/index.php\/wp-json\/wp\/v2\/categories?post=30413"},{"taxonomy":"post_tag","embeddable":true,"href":"https:\/\/sulsc.com\/index.php\/wp-json\/wp\/v2\/tags?post=30413"}],"curies":[{"name":"wp","href":"https:\/\/api.w.org\/{rel}","templated":true}]}}