{"id":30417,"date":"2025-12-03T18:22:14","date_gmt":"2025-12-03T21:22:14","guid":{"rendered":"https:\/\/sulsc.com\/?p=30417"},"modified":"2025-12-03T18:22:14","modified_gmt":"2025-12-03T21:22:14","slug":"102-milhoes-em-protecao-e-defesa-civil-para-o-sul-do-estado-e-anunciado-pelo-governador-nesta-quarta-feira-em-tubarao","status":"publish","type":"post","link":"https:\/\/sulsc.com\/index.php\/2025\/12\/03\/102-milhoes-em-protecao-e-defesa-civil-para-o-sul-do-estado-e-anunciado-pelo-governador-nesta-quarta-feira-em-tubarao\/","title":{"rendered":"102 milh\u00f5es em Prote\u00e7\u00e3o e Defesa Civil para o Sul do estado \u00e9 anunciado pelo governador nesta quarta-feira em Tubar\u00e3o"},"content":{"rendered":"<p>A regi\u00e3o Sul de Santa Catarina recebeu mais um pacote hist\u00f3rico de investimentos em Prote\u00e7\u00e3o e Defesa Civil, anunciado pelo governador Jorginho Mello e pelo secret\u00e1rio de Estado da Prote\u00e7\u00e3o e Defesa Civil, M\u00e1rio Hildebrandt, durante agenda nesta quarta-feira, 3, em Tubar\u00e3o. Somando cerca de R$ 102 milh\u00f5es em novos aportes, o Governo do Estado refor\u00e7a o compromisso de ampliar a seguran\u00e7a, a preven\u00e7\u00e3o e a capacidade de resposta clim\u00e1tica dos 45 munic\u00edpios que integram a Amesc, a Amrec e a Amurel.<\/p>\n<p>Os novos recursos contemplam kits de pontes, cabeceiras, caminh\u00f5es-pipa, esta\u00e7\u00f5es hidrometeorol\u00f3gicas, kits completos de prote\u00e7\u00e3o para as defesas civis municipais e a\u00e7\u00f5es estrat\u00e9gicas de desassoreamento, al\u00e9m de consolidar o restabelecimento de todos os acessos na regi\u00e3o.<\/p>\n<div id=\"metaslider-id-25573\" style=\"width: 100%;\" class=\"ml-slider-3-99-0 metaslider metaslider-flex metaslider-25573 ml-slider has-onhover-arrows ms-theme-default-base has-dots-nav\" role=\"region\" aria-label=\"Meio\" data-width=\"1200\">\n    <div id=\"metaslider_container_25573\">\n        <div id=\"metaslider_25573\">\n            <ul class='slides'>\n                <li style=\"display: block; width: 100%;\" class=\"slide-25684 ms-image \" aria-roledescription=\"slide\" data-date=\"2025-07-24 07:55:40\"><img src=\"https:\/\/sulsc.com\/wp-content\/uploads\/2025\/07\/Marr-2-1000x166.jpg\" height=\"200\" width=\"1200\" alt=\"\" class=\"slider-25573 slide-25684 msDefaultImage\" title=\"Marr 2\" \/><\/li>\n                <li style=\"display: none; width: 100%;\" class=\"slide-32412 ms-image \" aria-roledescription=\"slide\" data-date=\"2026-02-18 13:59:46\"><img src=\"https:\/\/sulsc.com\/wp-content\/uploads\/2026\/02\/40dc1580-cad5-4867-bc58-c4243821ad38-1000x166.jpeg\" height=\"200\" width=\"1200\" alt=\"\" class=\"slider-25573 slide-32412 msDefaultImage\" title=\"40dc1580-cad5-4867-bc58-c4243821ad38\" \/><\/li>\n                <li style=\"display: none; width: 100%;\" class=\"slide-32766 ms-image \" aria-roledescription=\"slide\" data-date=\"2026-03-03 17:22:59\"><img src=\"https:\/\/sulsc.com\/wp-content\/uploads\/2026\/03\/271ce739-f268-41c5-8051-3de1a1750359-1000x166.jpeg\" height=\"200\" width=\"1200\" alt=\"\" class=\"slider-25573 slide-32766 msDefaultImage\" title=\"271ce739-f268-41c5-8051-3de1a1750359\" \/><\/li>\n            <\/ul>\n        <\/div>\n        \n    <\/div>\n<\/div>\n<p>A Amesc ser\u00e1 contemplada com 111 kits de pontes e 25 cabeceiras, somando R$ 22.404.031,62. A Amrec receber\u00e1 68 kits de pontes e cinco cabeceiras, totalizando R$ 10.898.436,99. J\u00e1 a Amurel ser\u00e1 atendida com 77 kits de pontes e 32 cabeceiras, num total de R$ 17.073.618,49. Em todas as regi\u00f5es, o objetivo \u00e9 garantir acessos seguros, refor\u00e7ar a infraestrutura vi\u00e1ria e ampliar a capacidade de resposta ap\u00f3s eventos clim\u00e1ticos, consolidando a recupera\u00e7\u00e3o completa dos acessos atingidos.<\/p>\n<p>O pacote tamb\u00e9m refor\u00e7a o monitoramento clim\u00e1tico com a instala\u00e7\u00e3o de uma ampla Rede de Esta\u00e7\u00f5es Hidrometeorol\u00f3gicas, distribu\u00eddas entre Amesc, Amrec e Amurel, com investimento global de R$ 2.279.178,00. As esta\u00e7\u00f5es hidrol\u00f3gicas e meteorol\u00f3gicas permitir\u00e3o emitir alertas com maior precis\u00e3o e antecipa\u00e7\u00e3o, reduzindo riscos e orientando a\u00e7\u00f5es preventivas em tempo real.<\/p>\n<p>No eixo de equipamentos, dois caminh\u00f5es-pipa foram destinados a Morro Grande e Imaru\u00ed, com investimento total de R$ 1.037.511,08. J\u00e1 o fortalecimento das estruturas municipais de Defesa Civil contar\u00e1 com kits completos, ao custo de R$ 400 mil por munic\u00edpio, totalizando R$ 18 milh\u00f5es investidos para qualificar equipes e ampliar a capacidade de atua\u00e7\u00e3o imediata nas cidades do Sul.<\/p>\n<p><img fetchpriority=\"high\" decoding=\"async\" class=\"aligncenter size-full wp-image-30418\" src=\"http:\/\/sulsc.com\/wp-content\/uploads\/2025\/12\/LEO_2303.jpg\" alt=\"\" width=\"1500\" height=\"1000\" srcset=\"https:\/\/sulsc.com\/wp-content\/uploads\/2025\/12\/LEO_2303.jpg 1500w, https:\/\/sulsc.com\/wp-content\/uploads\/2025\/12\/LEO_2303-300x200.jpg 300w, https:\/\/sulsc.com\/wp-content\/uploads\/2025\/12\/LEO_2303-1024x683.jpg 1024w, https:\/\/sulsc.com\/wp-content\/uploads\/2025\/12\/LEO_2303-768x512.jpg 768w\" sizes=\"(max-width: 1500px) 100vw, 1500px\" \/><\/p>\n<p>Foto: Leo Munhoz \/ SECOM\/Divulga\u00e7\u00e3o\/SulSC<\/p>\n<p>As a\u00e7\u00f5es de desassoreamento e limpeza de rios, fundamentais para reduzir alagamentos e aumentar a vaz\u00e3o h\u00eddrica, tamb\u00e9m foram ampliadas nos novos an\u00fancios. No pacote atual, foram confirmadas interven\u00e7\u00f5es em Ermo, com R$ 2,5 milh\u00f5es para os 3,08 km do Rio Itoupava; em Laguna, com R$ 1,5 milh\u00e3o para o Rio Campos Verdes; em Tubar\u00e3o, com R$ 2,2 milh\u00f5es para o Rio da Madre e R$ 24 milh\u00f5es para uma nova etapa no Rio Tubar\u00e3o, ampliando significativamente a prote\u00e7\u00e3o h\u00eddrica da regi\u00e3o.<\/p>\n<p>Al\u00e9m desses investimentos, o Governo do Estado destacou que outros projetos de desassoreamento j\u00e1 haviam sido previamente autorizados na regi\u00e3o. Na Amrec, est\u00e3o em andamento as obras no Rio Salame e Rio Palmeiras, em Lauro M\u00fcller (R$ 2,89 milh\u00f5es); no Rio Urussanga, em Balne\u00e1rio Rinc\u00e3o (R$ 675 mil); no Rio Urussanga, em Urussanga (R$ 226 mil); e no Rio Urussanga, em I\u00e7ara (R$ 675 mil). Na Amurel, j\u00e1 est\u00e1 autorizada a limpeza do Rio Urussanga em Jaguaruna, com investimento de R$ 625 mil.<\/p>\n","protected":false},"excerpt":{"rendered":"<p>A regi\u00e3o Sul de Santa Catarina recebeu mais um pacote hist\u00f3rico de investimentos em Prote\u00e7\u00e3o e Defesa Civil, anunciado pelo governador Jorginho Mello e pelo secret\u00e1rio de Estado da Prote\u00e7\u00e3o e Defesa Civil, M\u00e1rio Hildebrandt, durante agenda nesta quarta-feira, 3, em Tubar\u00e3o. Somando cerca de R$ 102 milh\u00f5es em novos aportes, o Governo do Estado &hellip;<\/p>\n<p class=\"read-more\"> <a class=\"\" href=\"https:\/\/sulsc.com\/index.php\/2025\/12\/03\/102-milhoes-em-protecao-e-defesa-civil-para-o-sul-do-estado-e-anunciado-pelo-governador-nesta-quarta-feira-em-tubarao\/\"> <span class=\"screen-reader-text\">102 milh\u00f5es em Prote\u00e7\u00e3o e Defesa Civil para o Sul do estado \u00e9 anunciado pelo governador nesta quarta-feira em Tubar\u00e3o<\/span> Read More &raquo;<\/a><\/p>\n","protected":false},"author":3,"featured_media":30419,"comment_status":"open","ping_status":"open","sticky":false,"template":"","format":"standard","meta":{"site-sidebar-layout":"default","site-content-layout":"","ast-site-content-layout":"default","site-content-style":"default","site-sidebar-style":"default","ast-global-header-display":"","ast-banner-title-visibility":"","ast-main-header-display":"","ast-hfb-above-header-display":"","ast-hfb-below-header-display":"","ast-hfb-mobile-header-display":"","site-post-title":"","ast-breadcrumbs-content":"","ast-featured-img":"","footer-sml-layout":"","theme-transparent-header-meta":"default","adv-header-id-meta":"","stick-header-meta":"","header-above-stick-meta":"","header-main-stick-meta":"","header-below-stick-meta":"","astra-migrate-meta-layouts":"set","footnotes":""},"categories":[2354,2231,11,1,14,21,12],"tags":[1717],"yoast_head":"<!-- This site is optimized with the Yoast SEO plugin v21.4 - https:\/\/yoast.com\/wordpress\/plugins\/seo\/ -->\n<title>102 milh\u00f5es em Prote\u00e7\u00e3o e Defesa Civil para o Sul do estado \u00e9 anunciado pelo governador nesta quarta-feira em Tubar\u00e3o -<\/title>\n<meta name=\"robots\" content=\"index, follow, max-snippet:-1, max-image-preview:large, max-video-preview:-1\" \/>\n<link rel=\"canonical\" href=\"https:\/\/sulsc.com\/index.php\/2025\/12\/03\/102-milhoes-em-protecao-e-defesa-civil-para-o-sul-do-estado-e-anunciado-pelo-governador-nesta-quarta-feira-em-tubarao\/\" \/>\n<meta property=\"og:locale\" content=\"en_US\" \/>\n<meta property=\"og:type\" content=\"article\" \/>\n<meta property=\"og:title\" content=\"102 milh\u00f5es em Prote\u00e7\u00e3o e Defesa Civil para o Sul do estado \u00e9 anunciado pelo governador nesta quarta-feira em Tubar\u00e3o -\" \/>\n<meta property=\"og:description\" content=\"A regi\u00e3o Sul de Santa Catarina recebeu mais um pacote hist\u00f3rico de investimentos em Prote\u00e7\u00e3o e Defesa Civil, anunciado pelo governador Jorginho Mello e pelo secret\u00e1rio de Estado da Prote\u00e7\u00e3o e Defesa Civil, M\u00e1rio Hildebrandt, durante agenda nesta quarta-feira, 3, em Tubar\u00e3o. Somando cerca de R$ 102 milh\u00f5es em novos aportes, o Governo do Estado &hellip; 102 milh\u00f5es em Prote\u00e7\u00e3o e Defesa Civil para o Sul do estado \u00e9 anunciado pelo governador nesta quarta-feira em Tubar\u00e3o Read More &raquo;\" \/>\n<meta property=\"og:url\" content=\"https:\/\/sulsc.com\/index.php\/2025\/12\/03\/102-milhoes-em-protecao-e-defesa-civil-para-o-sul-do-estado-e-anunciado-pelo-governador-nesta-quarta-feira-em-tubarao\/\" \/>\n<meta property=\"article:author\" content=\"https:\/\/www.facebook.com\/profile.php?id=61559278119680\" \/>\n<meta property=\"article:published_time\" content=\"2025-12-03T21:22:14+00:00\" \/>\n<meta property=\"og:image\" content=\"http:\/\/sulsc.com\/wp-content\/uploads\/2025\/12\/LEO_2261.jpg\" \/>\n\t<meta property=\"og:image:width\" content=\"1500\" \/>\n\t<meta property=\"og:image:height\" content=\"1000\" \/>\n\t<meta property=\"og:image:type\" content=\"image\/jpeg\" \/>\n<meta name=\"author\" content=\"Reda\u00e7\u00e3o Sul SC\" \/>\n<meta name=\"twitter:card\" content=\"summary_large_image\" \/>\n<meta name=\"twitter:creator\" content=\"@https:\/\/twitter.com\/PortalSulSC\" \/>\n<meta name=\"twitter:label1\" content=\"Written by\" \/>\n\t<meta name=\"twitter:data1\" content=\"Reda\u00e7\u00e3o Sul SC\" \/>\n\t<meta name=\"twitter:label2\" content=\"Est. reading time\" \/>\n\t<meta name=\"twitter:data2\" content=\"3 minutes\" \/>\n<script type=\"application\/ld+json\" class=\"yoast-schema-graph\">{\"@context\":\"https:\/\/schema.org\",\"@graph\":[{\"@type\":\"WebPage\",\"@id\":\"https:\/\/sulsc.com\/index.php\/2025\/12\/03\/102-milhoes-em-protecao-e-defesa-civil-para-o-sul-do-estado-e-anunciado-pelo-governador-nesta-quarta-feira-em-tubarao\/\",\"url\":\"https:\/\/sulsc.com\/index.php\/2025\/12\/03\/102-milhoes-em-protecao-e-defesa-civil-para-o-sul-do-estado-e-anunciado-pelo-governador-nesta-quarta-feira-em-tubarao\/\",\"name\":\"102 milh\u00f5es em Prote\u00e7\u00e3o e Defesa Civil para o Sul do estado \u00e9 anunciado pelo governador nesta quarta-feira em Tubar\u00e3o -\",\"isPartOf\":{\"@id\":\"https:\/\/sulsc.com\/#website\"},\"datePublished\":\"2025-12-03T21:22:14+00:00\",\"dateModified\":\"2025-12-03T21:22:14+00:00\",\"author\":{\"@id\":\"https:\/\/sulsc.com\/#\/schema\/person\/84d2fc571684f6248ba83092f07750a3\"},\"breadcrumb\":{\"@id\":\"https:\/\/sulsc.com\/index.php\/2025\/12\/03\/102-milhoes-em-protecao-e-defesa-civil-para-o-sul-do-estado-e-anunciado-pelo-governador-nesta-quarta-feira-em-tubarao\/#breadcrumb\"},\"inLanguage\":\"en-US\",\"potentialAction\":[{\"@type\":\"ReadAction\",\"target\":[\"https:\/\/sulsc.com\/index.php\/2025\/12\/03\/102-milhoes-em-protecao-e-defesa-civil-para-o-sul-do-estado-e-anunciado-pelo-governador-nesta-quarta-feira-em-tubarao\/\"]}]},{\"@type\":\"BreadcrumbList\",\"@id\":\"https:\/\/sulsc.com\/index.php\/2025\/12\/03\/102-milhoes-em-protecao-e-defesa-civil-para-o-sul-do-estado-e-anunciado-pelo-governador-nesta-quarta-feira-em-tubarao\/#breadcrumb\",\"itemListElement\":[{\"@type\":\"ListItem\",\"position\":1,\"name\":\"In\u00edcio\",\"item\":\"https:\/\/sulsc.com\/\"},{\"@type\":\"ListItem\",\"position\":2,\"name\":\"102 milh\u00f5es em Prote\u00e7\u00e3o e Defesa Civil para o Sul do estado \u00e9 anunciado pelo governador nesta quarta-feira em Tubar\u00e3o\"}]},{\"@type\":\"WebSite\",\"@id\":\"https:\/\/sulsc.com\/#website\",\"url\":\"https:\/\/sulsc.com\/\",\"name\":\"\",\"description\":\"\",\"potentialAction\":[{\"@type\":\"SearchAction\",\"target\":{\"@type\":\"EntryPoint\",\"urlTemplate\":\"https:\/\/sulsc.com\/?s={search_term_string}\"},\"query-input\":\"required name=search_term_string\"}],\"inLanguage\":\"en-US\"},{\"@type\":\"Person\",\"@id\":\"https:\/\/sulsc.com\/#\/schema\/person\/84d2fc571684f6248ba83092f07750a3\",\"name\":\"Reda\u00e7\u00e3o Sul SC\",\"image\":{\"@type\":\"ImageObject\",\"inLanguage\":\"en-US\",\"@id\":\"https:\/\/sulsc.com\/#\/schema\/person\/image\/e08d7fe2cc4ed596372063bbe852b8d0\",\"url\":\"https:\/\/sulsc.com\/wp-content\/uploads\/2023\/09\/redacao.png\",\"contentUrl\":\"https:\/\/sulsc.com\/wp-content\/uploads\/2023\/09\/redacao.png\",\"caption\":\"Reda\u00e7\u00e3o Sul SC\"},\"description\":\"Foco em um jornalismo imparcial, voltado \u00e0 qualidade dos seus conte\u00fados e, assim, levar informa\u00e7\u00e3o de valor que agregue \u00e0 vida dos leitores. Esta \u00e9 grande miss\u00e3o do Portal de Not\u00edcias Sul SC. N\u00e3o \u00e9 quantidade que muda o mundo, sempre foi e seguir\u00e1 sendo qualidade!\",\"sameAs\":[\"https:\/\/sulsc.com\/\",\"https:\/\/www.facebook.com\/profile.php?id=61559278119680\",\"https:\/\/www.instagram.com\/sulscportal\/?hl=pt-br\",\"https:\/\/twitter.com\/https:\/\/twitter.com\/PortalSulSC\",\"https:\/\/www.youtube.com\/channel\/UCv_BE8GeySluDov2n8qhVmw\"],\"url\":\"https:\/\/sulsc.com\/index.php\/author\/redacao\/\"}]}<\/script>\n<!-- \/ Yoast SEO plugin. -->","yoast_head_json":{"title":"102 milh\u00f5es em Prote\u00e7\u00e3o e Defesa Civil para o Sul do estado \u00e9 anunciado pelo governador nesta quarta-feira em Tubar\u00e3o -","robots":{"index":"index","follow":"follow","max-snippet":"max-snippet:-1","max-image-preview":"max-image-preview:large","max-video-preview":"max-video-preview:-1"},"canonical":"https:\/\/sulsc.com\/index.php\/2025\/12\/03\/102-milhoes-em-protecao-e-defesa-civil-para-o-sul-do-estado-e-anunciado-pelo-governador-nesta-quarta-feira-em-tubarao\/","og_locale":"en_US","og_type":"article","og_title":"102 milh\u00f5es em Prote\u00e7\u00e3o e Defesa Civil para o Sul do estado \u00e9 anunciado pelo governador nesta quarta-feira em Tubar\u00e3o -","og_description":"A regi\u00e3o Sul de Santa Catarina recebeu mais um pacote hist\u00f3rico de investimentos em Prote\u00e7\u00e3o e Defesa Civil, anunciado pelo governador Jorginho Mello e pelo secret\u00e1rio de Estado da Prote\u00e7\u00e3o e Defesa Civil, M\u00e1rio Hildebrandt, durante agenda nesta quarta-feira, 3, em Tubar\u00e3o. Somando cerca de R$ 102 milh\u00f5es em novos aportes, o Governo do Estado &hellip; 102 milh\u00f5es em Prote\u00e7\u00e3o e Defesa Civil para o Sul do estado \u00e9 anunciado pelo governador nesta quarta-feira em Tubar\u00e3o Read More &raquo;","og_url":"https:\/\/sulsc.com\/index.php\/2025\/12\/03\/102-milhoes-em-protecao-e-defesa-civil-para-o-sul-do-estado-e-anunciado-pelo-governador-nesta-quarta-feira-em-tubarao\/","article_author":"https:\/\/www.facebook.com\/profile.php?id=61559278119680","article_published_time":"2025-12-03T21:22:14+00:00","og_image":[{"width":1500,"height":1000,"url":"http:\/\/sulsc.com\/wp-content\/uploads\/2025\/12\/LEO_2261.jpg","type":"image\/jpeg"}],"author":"Reda\u00e7\u00e3o Sul SC","twitter_card":"summary_large_image","twitter_creator":"@https:\/\/twitter.com\/PortalSulSC","twitter_misc":{"Written by":"Reda\u00e7\u00e3o Sul SC","Est. reading time":"3 minutes"},"schema":{"@context":"https:\/\/schema.org","@graph":[{"@type":"WebPage","@id":"https:\/\/sulsc.com\/index.php\/2025\/12\/03\/102-milhoes-em-protecao-e-defesa-civil-para-o-sul-do-estado-e-anunciado-pelo-governador-nesta-quarta-feira-em-tubarao\/","url":"https:\/\/sulsc.com\/index.php\/2025\/12\/03\/102-milhoes-em-protecao-e-defesa-civil-para-o-sul-do-estado-e-anunciado-pelo-governador-nesta-quarta-feira-em-tubarao\/","name":"102 milh\u00f5es em Prote\u00e7\u00e3o e Defesa Civil para o Sul do estado \u00e9 anunciado pelo governador nesta quarta-feira em Tubar\u00e3o -","isPartOf":{"@id":"https:\/\/sulsc.com\/#website"},"datePublished":"2025-12-03T21:22:14+00:00","dateModified":"2025-12-03T21:22:14+00:00","author":{"@id":"https:\/\/sulsc.com\/#\/schema\/person\/84d2fc571684f6248ba83092f07750a3"},"breadcrumb":{"@id":"https:\/\/sulsc.com\/index.php\/2025\/12\/03\/102-milhoes-em-protecao-e-defesa-civil-para-o-sul-do-estado-e-anunciado-pelo-governador-nesta-quarta-feira-em-tubarao\/#breadcrumb"},"inLanguage":"en-US","potentialAction":[{"@type":"ReadAction","target":["https:\/\/sulsc.com\/index.php\/2025\/12\/03\/102-milhoes-em-protecao-e-defesa-civil-para-o-sul-do-estado-e-anunciado-pelo-governador-nesta-quarta-feira-em-tubarao\/"]}]},{"@type":"BreadcrumbList","@id":"https:\/\/sulsc.com\/index.php\/2025\/12\/03\/102-milhoes-em-protecao-e-defesa-civil-para-o-sul-do-estado-e-anunciado-pelo-governador-nesta-quarta-feira-em-tubarao\/#breadcrumb","itemListElement":[{"@type":"ListItem","position":1,"name":"In\u00edcio","item":"https:\/\/sulsc.com\/"},{"@type":"ListItem","position":2,"name":"102 milh\u00f5es em Prote\u00e7\u00e3o e Defesa Civil para o Sul do estado \u00e9 anunciado pelo governador nesta quarta-feira em Tubar\u00e3o"}]},{"@type":"WebSite","@id":"https:\/\/sulsc.com\/#website","url":"https:\/\/sulsc.com\/","name":"","description":"","potentialAction":[{"@type":"SearchAction","target":{"@type":"EntryPoint","urlTemplate":"https:\/\/sulsc.com\/?s={search_term_string}"},"query-input":"required name=search_term_string"}],"inLanguage":"en-US"},{"@type":"Person","@id":"https:\/\/sulsc.com\/#\/schema\/person\/84d2fc571684f6248ba83092f07750a3","name":"Reda\u00e7\u00e3o Sul SC","image":{"@type":"ImageObject","inLanguage":"en-US","@id":"https:\/\/sulsc.com\/#\/schema\/person\/image\/e08d7fe2cc4ed596372063bbe852b8d0","url":"https:\/\/sulsc.com\/wp-content\/uploads\/2023\/09\/redacao.png","contentUrl":"https:\/\/sulsc.com\/wp-content\/uploads\/2023\/09\/redacao.png","caption":"Reda\u00e7\u00e3o Sul SC"},"description":"Foco em um jornalismo imparcial, voltado \u00e0 qualidade dos seus conte\u00fados e, assim, levar informa\u00e7\u00e3o de valor que agregue \u00e0 vida dos leitores. Esta \u00e9 grande miss\u00e3o do Portal de Not\u00edcias Sul SC. N\u00e3o \u00e9 quantidade que muda o mundo, sempre foi e seguir\u00e1 sendo qualidade!","sameAs":["https:\/\/sulsc.com\/","https:\/\/www.facebook.com\/profile.php?id=61559278119680","https:\/\/www.instagram.com\/sulscportal\/?hl=pt-br","https:\/\/twitter.com\/https:\/\/twitter.com\/PortalSulSC","https:\/\/www.youtube.com\/channel\/UCv_BE8GeySluDov2n8qhVmw"],"url":"https:\/\/sulsc.com\/index.php\/author\/redacao\/"}]}},"authors":[],"_links":{"self":[{"href":"https:\/\/sulsc.com\/index.php\/wp-json\/wp\/v2\/posts\/30417"}],"collection":[{"href":"https:\/\/sulsc.com\/index.php\/wp-json\/wp\/v2\/posts"}],"about":[{"href":"https:\/\/sulsc.com\/index.php\/wp-json\/wp\/v2\/types\/post"}],"author":[{"embeddable":true,"href":"https:\/\/sulsc.com\/index.php\/wp-json\/wp\/v2\/users\/3"}],"replies":[{"embeddable":true,"href":"https:\/\/sulsc.com\/index.php\/wp-json\/wp\/v2\/comments?post=30417"}],"version-history":[{"count":1,"href":"https:\/\/sulsc.com\/index.php\/wp-json\/wp\/v2\/posts\/30417\/revisions"}],"predecessor-version":[{"id":30420,"href":"https:\/\/sulsc.com\/index.php\/wp-json\/wp\/v2\/posts\/30417\/revisions\/30420"}],"wp:featuredmedia":[{"embeddable":true,"href":"https:\/\/sulsc.com\/index.php\/wp-json\/wp\/v2\/media\/30419"}],"wp:attachment":[{"href":"https:\/\/sulsc.com\/index.php\/wp-json\/wp\/v2\/media?parent=30417"}],"wp:term":[{"taxonomy":"category","embeddable":true,"href":"https:\/\/sulsc.com\/index.php\/wp-json\/wp\/v2\/categories?post=30417"},{"taxonomy":"post_tag","embeddable":true,"href":"https:\/\/sulsc.com\/index.php\/wp-json\/wp\/v2\/tags?post=30417"}],"curies":[{"name":"wp","href":"https:\/\/api.w.org\/{rel}","templated":true}]}}