{"id":30433,"date":"2025-12-03T19:30:51","date_gmt":"2025-12-03T22:30:51","guid":{"rendered":"https:\/\/sulsc.com\/?p=30433"},"modified":"2025-12-03T19:08:08","modified_gmt":"2025-12-03T22:08:08","slug":"lider-e-associado-do-trafico-sao-presos-em-laguna","status":"publish","type":"post","link":"https:\/\/sulsc.com\/index.php\/2025\/12\/03\/lider-e-associado-do-trafico-sao-presos-em-laguna\/","title":{"rendered":"L\u00edder e associado do tr\u00e1fico s\u00e3o presos em Laguna"},"content":{"rendered":"<p>Uma opera\u00e7\u00e3o integrada, fruto de investiga\u00e7\u00e3o da Delegacia de Investiga\u00e7\u00e3o Criminal (DIC) de Laguna, resultou na pris\u00e3o de dois homens associados ao tr\u00e1fico de drogas na comunidade do Alagamar, na tarde desta quarta-feira (3). Um dos detidos \u00e9 considerado o l\u00edder do tr\u00e1fico na localidade.<\/p>\n<p>A a\u00e7\u00e3o de campo contou com a participa\u00e7\u00e3o da Delegacia de Pol\u00edcia da Comarca de Laguna, da Delegacia de Pol\u00edcia Municipal de Pescaria Brava, e da Pol\u00edcia Militar, por meio do Canil de Laguna.\u00a0Durante a opera\u00e7\u00e3o, foi apreendida uma vultosa quantidade de dinheiro, al\u00e9m das drogas conhecidas como maconha e coca\u00edna.<\/p>\n<p>O Delegado Rubem Teston, Coordenador da DIC de Laguna, destacou o papel da investiga\u00e7\u00e3o especializada. &#8220;As investiga\u00e7\u00f5es tiveram in\u00edcio h\u00e1 alguns meses, sendo utilizadas algumas t\u00e9cnicas e modalidades espec\u00edficas para que fossem coletados ind\u00edcios da associa\u00e7\u00e3o entre ambos os associados ao tr\u00e1fico, bem como, da divis\u00e3o de tarefas e participa\u00e7\u00e3o que cada um dos dois tinha no neg\u00f3cio il\u00edcito&#8221;.<\/p>\n<div id=\"metaslider-id-25573\" style=\"width: 100%;\" class=\"ml-slider-3-99-0 metaslider metaslider-flex metaslider-25573 ml-slider has-onhover-arrows ms-theme-default-base has-dots-nav\" role=\"region\" aria-label=\"Meio\" data-width=\"1200\">\n    <div id=\"metaslider_container_25573\">\n        <div id=\"metaslider_25573\">\n            <ul class='slides'>\n                <li style=\"display: block; width: 100%;\" class=\"slide-25684 ms-image \" aria-roledescription=\"slide\" data-date=\"2025-07-24 07:55:40\"><img src=\"https:\/\/sulsc.com\/wp-content\/uploads\/2025\/07\/Marr-2-1000x166.jpg\" height=\"200\" width=\"1200\" alt=\"\" class=\"slider-25573 slide-25684 msDefaultImage\" title=\"Marr 2\" \/><\/li>\n                <li style=\"display: none; width: 100%;\" class=\"slide-32412 ms-image \" aria-roledescription=\"slide\" data-date=\"2026-02-18 13:59:46\"><img src=\"https:\/\/sulsc.com\/wp-content\/uploads\/2026\/02\/40dc1580-cad5-4867-bc58-c4243821ad38-1000x166.jpeg\" height=\"200\" width=\"1200\" alt=\"\" class=\"slider-25573 slide-32412 msDefaultImage\" title=\"40dc1580-cad5-4867-bc58-c4243821ad38\" \/><\/li>\n                <li style=\"display: none; width: 100%;\" class=\"slide-32766 ms-image \" aria-roledescription=\"slide\" data-date=\"2026-03-03 17:22:59\"><img src=\"https:\/\/sulsc.com\/wp-content\/uploads\/2026\/03\/271ce739-f268-41c5-8051-3de1a1750359-1000x166.jpeg\" height=\"200\" width=\"1200\" alt=\"\" class=\"slider-25573 slide-32766 msDefaultImage\" title=\"271ce739-f268-41c5-8051-3de1a1750359\" \/><\/li>\n            <\/ul>\n        <\/div>\n        \n    <\/div>\n<\/div>\n<p>Um dos presos era monitorado com tornozeleira eletr\u00f4nica em raz\u00e3o de outro procedimento pelo crime de tr\u00e1fico de drogas.\u00a0Ambos os indiv\u00edduos foram autuados em flagrante pelos crimes de tr\u00e1fico de drogas e associa\u00e7\u00e3o para o tr\u00e1fico (artigos 33 e 35, da Lei n\u00ba 11.343\/2006) e, em seguida, encaminhados ao Pres\u00eddio de Laguna.<\/p>\n<p>A DIC de Laguna continuar\u00e1 o trabalho de apurar a participa\u00e7\u00e3o e a associa\u00e7\u00e3o de outros indiv\u00edduos no crime de tr\u00e1fico de drogas na comunidade do Alagamar, com base nos ind\u00edcios em apura\u00e7\u00e3o no procedimento gerado da opera\u00e7\u00e3o integrada desta tarde.<\/p>\n<p><img fetchpriority=\"high\" decoding=\"async\" class=\"alignnone size-full wp-image-30434\" src=\"http:\/\/sulsc.com\/wp-content\/uploads\/2025\/12\/WhatsApp-Image-2025-12-03-at-18.52.41-e1764799534468.jpeg\" alt=\"\" width=\"898\" height=\"1004\" srcset=\"https:\/\/sulsc.com\/wp-content\/uploads\/2025\/12\/WhatsApp-Image-2025-12-03-at-18.52.41-e1764799534468.jpeg 898w, https:\/\/sulsc.com\/wp-content\/uploads\/2025\/12\/WhatsApp-Image-2025-12-03-at-18.52.41-e1764799534468-268x300.jpeg 268w, https:\/\/sulsc.com\/wp-content\/uploads\/2025\/12\/WhatsApp-Image-2025-12-03-at-18.52.41-e1764799534468-768x859.jpeg 768w\" sizes=\"(max-width: 898px) 100vw, 898px\" \/><\/p>\n","protected":false},"excerpt":{"rendered":"<p>Uma opera\u00e7\u00e3o integrada, fruto de investiga\u00e7\u00e3o da Delegacia de Investiga\u00e7\u00e3o Criminal (DIC) de Laguna, resultou na pris\u00e3o de dois homens associados ao tr\u00e1fico de drogas na comunidade do Alagamar, na tarde desta quarta-feira (3). Um dos detidos \u00e9 considerado o l\u00edder do tr\u00e1fico na localidade. A a\u00e7\u00e3o de campo contou com a participa\u00e7\u00e3o da Delegacia &hellip;<\/p>\n<p class=\"read-more\"> <a class=\"\" href=\"https:\/\/sulsc.com\/index.php\/2025\/12\/03\/lider-e-associado-do-trafico-sao-presos-em-laguna\/\"> <span class=\"screen-reader-text\">L\u00edder e associado do tr\u00e1fico s\u00e3o presos em Laguna<\/span> Read More &raquo;<\/a><\/p>\n","protected":false},"author":3,"featured_media":30434,"comment_status":"open","ping_status":"open","sticky":false,"template":"","format":"standard","meta":{"site-sidebar-layout":"default","site-content-layout":"","ast-site-content-layout":"default","site-content-style":"default","site-sidebar-style":"default","ast-global-header-display":"","ast-banner-title-visibility":"","ast-main-header-display":"","ast-hfb-above-header-display":"","ast-hfb-below-header-display":"","ast-hfb-mobile-header-display":"","site-post-title":"","ast-breadcrumbs-content":"","ast-featured-img":"","footer-sml-layout":"","theme-transparent-header-meta":"default","adv-header-id-meta":"","stick-header-meta":"","header-above-stick-meta":"","header-main-stick-meta":"","header-below-stick-meta":"","astra-migrate-meta-layouts":"set","footnotes":""},"categories":[22,8,12],"tags":[],"yoast_head":"<!-- This site is optimized with the Yoast SEO plugin v21.4 - https:\/\/yoast.com\/wordpress\/plugins\/seo\/ -->\n<title>L\u00edder e associado do tr\u00e1fico s\u00e3o presos em Laguna -<\/title>\n<meta name=\"robots\" content=\"index, follow, max-snippet:-1, max-image-preview:large, max-video-preview:-1\" \/>\n<link rel=\"canonical\" href=\"https:\/\/sulsc.com\/index.php\/2025\/12\/03\/lider-e-associado-do-trafico-sao-presos-em-laguna\/\" \/>\n<meta property=\"og:locale\" content=\"en_US\" \/>\n<meta property=\"og:type\" content=\"article\" \/>\n<meta property=\"og:title\" content=\"L\u00edder e associado do tr\u00e1fico s\u00e3o presos em Laguna -\" \/>\n<meta property=\"og:description\" content=\"Uma opera\u00e7\u00e3o integrada, fruto de investiga\u00e7\u00e3o da Delegacia de Investiga\u00e7\u00e3o Criminal (DIC) de Laguna, resultou na pris\u00e3o de dois homens associados ao tr\u00e1fico de drogas na comunidade do Alagamar, na tarde desta quarta-feira (3). Um dos detidos \u00e9 considerado o l\u00edder do tr\u00e1fico na localidade. A a\u00e7\u00e3o de campo contou com a participa\u00e7\u00e3o da Delegacia &hellip; L\u00edder e associado do tr\u00e1fico s\u00e3o presos em Laguna Read More &raquo;\" \/>\n<meta property=\"og:url\" content=\"https:\/\/sulsc.com\/index.php\/2025\/12\/03\/lider-e-associado-do-trafico-sao-presos-em-laguna\/\" \/>\n<meta property=\"article:author\" content=\"https:\/\/www.facebook.com\/profile.php?id=61559278119680\" \/>\n<meta property=\"article:published_time\" content=\"2025-12-03T22:30:51+00:00\" \/>\n<meta property=\"article:modified_time\" content=\"2025-12-03T22:08:08+00:00\" \/>\n<meta property=\"og:image\" content=\"https:\/\/sulsc.com\/wp-content\/uploads\/2025\/12\/WhatsApp-Image-2025-12-03-at-18.52.41-e1764799534468.jpeg\" \/>\n\t<meta property=\"og:image:width\" content=\"898\" \/>\n\t<meta property=\"og:image:height\" content=\"1004\" \/>\n\t<meta property=\"og:image:type\" content=\"image\/jpeg\" \/>\n<meta name=\"author\" content=\"Reda\u00e7\u00e3o Sul SC\" \/>\n<meta name=\"twitter:card\" content=\"summary_large_image\" \/>\n<meta name=\"twitter:creator\" content=\"@https:\/\/twitter.com\/PortalSulSC\" \/>\n<meta name=\"twitter:label1\" content=\"Written by\" \/>\n\t<meta name=\"twitter:data1\" content=\"Reda\u00e7\u00e3o Sul SC\" \/>\n\t<meta name=\"twitter:label2\" content=\"Est. reading time\" \/>\n\t<meta name=\"twitter:data2\" content=\"2 minutes\" \/>\n<script type=\"application\/ld+json\" class=\"yoast-schema-graph\">{\"@context\":\"https:\/\/schema.org\",\"@graph\":[{\"@type\":\"WebPage\",\"@id\":\"https:\/\/sulsc.com\/index.php\/2025\/12\/03\/lider-e-associado-do-trafico-sao-presos-em-laguna\/\",\"url\":\"https:\/\/sulsc.com\/index.php\/2025\/12\/03\/lider-e-associado-do-trafico-sao-presos-em-laguna\/\",\"name\":\"L\u00edder e associado do tr\u00e1fico s\u00e3o presos em Laguna -\",\"isPartOf\":{\"@id\":\"https:\/\/sulsc.com\/#website\"},\"datePublished\":\"2025-12-03T22:30:51+00:00\",\"dateModified\":\"2025-12-03T22:08:08+00:00\",\"author\":{\"@id\":\"https:\/\/sulsc.com\/#\/schema\/person\/84d2fc571684f6248ba83092f07750a3\"},\"breadcrumb\":{\"@id\":\"https:\/\/sulsc.com\/index.php\/2025\/12\/03\/lider-e-associado-do-trafico-sao-presos-em-laguna\/#breadcrumb\"},\"inLanguage\":\"en-US\",\"potentialAction\":[{\"@type\":\"ReadAction\",\"target\":[\"https:\/\/sulsc.com\/index.php\/2025\/12\/03\/lider-e-associado-do-trafico-sao-presos-em-laguna\/\"]}]},{\"@type\":\"BreadcrumbList\",\"@id\":\"https:\/\/sulsc.com\/index.php\/2025\/12\/03\/lider-e-associado-do-trafico-sao-presos-em-laguna\/#breadcrumb\",\"itemListElement\":[{\"@type\":\"ListItem\",\"position\":1,\"name\":\"In\u00edcio\",\"item\":\"https:\/\/sulsc.com\/\"},{\"@type\":\"ListItem\",\"position\":2,\"name\":\"L\u00edder e associado do tr\u00e1fico s\u00e3o presos em Laguna\"}]},{\"@type\":\"WebSite\",\"@id\":\"https:\/\/sulsc.com\/#website\",\"url\":\"https:\/\/sulsc.com\/\",\"name\":\"\",\"description\":\"\",\"potentialAction\":[{\"@type\":\"SearchAction\",\"target\":{\"@type\":\"EntryPoint\",\"urlTemplate\":\"https:\/\/sulsc.com\/?s={search_term_string}\"},\"query-input\":\"required name=search_term_string\"}],\"inLanguage\":\"en-US\"},{\"@type\":\"Person\",\"@id\":\"https:\/\/sulsc.com\/#\/schema\/person\/84d2fc571684f6248ba83092f07750a3\",\"name\":\"Reda\u00e7\u00e3o Sul SC\",\"image\":{\"@type\":\"ImageObject\",\"inLanguage\":\"en-US\",\"@id\":\"https:\/\/sulsc.com\/#\/schema\/person\/image\/e08d7fe2cc4ed596372063bbe852b8d0\",\"url\":\"https:\/\/sulsc.com\/wp-content\/uploads\/2023\/09\/redacao.png\",\"contentUrl\":\"https:\/\/sulsc.com\/wp-content\/uploads\/2023\/09\/redacao.png\",\"caption\":\"Reda\u00e7\u00e3o Sul SC\"},\"description\":\"Foco em um jornalismo imparcial, voltado \u00e0 qualidade dos seus conte\u00fados e, assim, levar informa\u00e7\u00e3o de valor que agregue \u00e0 vida dos leitores. Esta \u00e9 grande miss\u00e3o do Portal de Not\u00edcias Sul SC. N\u00e3o \u00e9 quantidade que muda o mundo, sempre foi e seguir\u00e1 sendo qualidade!\",\"sameAs\":[\"https:\/\/sulsc.com\/\",\"https:\/\/www.facebook.com\/profile.php?id=61559278119680\",\"https:\/\/www.instagram.com\/sulscportal\/?hl=pt-br\",\"https:\/\/twitter.com\/https:\/\/twitter.com\/PortalSulSC\",\"https:\/\/www.youtube.com\/channel\/UCv_BE8GeySluDov2n8qhVmw\"],\"url\":\"https:\/\/sulsc.com\/index.php\/author\/redacao\/\"}]}<\/script>\n<!-- \/ Yoast SEO plugin. -->","yoast_head_json":{"title":"L\u00edder e associado do tr\u00e1fico s\u00e3o presos em Laguna -","robots":{"index":"index","follow":"follow","max-snippet":"max-snippet:-1","max-image-preview":"max-image-preview:large","max-video-preview":"max-video-preview:-1"},"canonical":"https:\/\/sulsc.com\/index.php\/2025\/12\/03\/lider-e-associado-do-trafico-sao-presos-em-laguna\/","og_locale":"en_US","og_type":"article","og_title":"L\u00edder e associado do tr\u00e1fico s\u00e3o presos em Laguna -","og_description":"Uma opera\u00e7\u00e3o integrada, fruto de investiga\u00e7\u00e3o da Delegacia de Investiga\u00e7\u00e3o Criminal (DIC) de Laguna, resultou na pris\u00e3o de dois homens associados ao tr\u00e1fico de drogas na comunidade do Alagamar, na tarde desta quarta-feira (3). Um dos detidos \u00e9 considerado o l\u00edder do tr\u00e1fico na localidade. A a\u00e7\u00e3o de campo contou com a participa\u00e7\u00e3o da Delegacia &hellip; L\u00edder e associado do tr\u00e1fico s\u00e3o presos em Laguna Read More &raquo;","og_url":"https:\/\/sulsc.com\/index.php\/2025\/12\/03\/lider-e-associado-do-trafico-sao-presos-em-laguna\/","article_author":"https:\/\/www.facebook.com\/profile.php?id=61559278119680","article_published_time":"2025-12-03T22:30:51+00:00","article_modified_time":"2025-12-03T22:08:08+00:00","og_image":[{"width":898,"height":1004,"url":"https:\/\/sulsc.com\/wp-content\/uploads\/2025\/12\/WhatsApp-Image-2025-12-03-at-18.52.41-e1764799534468.jpeg","type":"image\/jpeg"}],"author":"Reda\u00e7\u00e3o Sul SC","twitter_card":"summary_large_image","twitter_creator":"@https:\/\/twitter.com\/PortalSulSC","twitter_misc":{"Written by":"Reda\u00e7\u00e3o Sul SC","Est. reading time":"2 minutes"},"schema":{"@context":"https:\/\/schema.org","@graph":[{"@type":"WebPage","@id":"https:\/\/sulsc.com\/index.php\/2025\/12\/03\/lider-e-associado-do-trafico-sao-presos-em-laguna\/","url":"https:\/\/sulsc.com\/index.php\/2025\/12\/03\/lider-e-associado-do-trafico-sao-presos-em-laguna\/","name":"L\u00edder e associado do tr\u00e1fico s\u00e3o presos em Laguna -","isPartOf":{"@id":"https:\/\/sulsc.com\/#website"},"datePublished":"2025-12-03T22:30:51+00:00","dateModified":"2025-12-03T22:08:08+00:00","author":{"@id":"https:\/\/sulsc.com\/#\/schema\/person\/84d2fc571684f6248ba83092f07750a3"},"breadcrumb":{"@id":"https:\/\/sulsc.com\/index.php\/2025\/12\/03\/lider-e-associado-do-trafico-sao-presos-em-laguna\/#breadcrumb"},"inLanguage":"en-US","potentialAction":[{"@type":"ReadAction","target":["https:\/\/sulsc.com\/index.php\/2025\/12\/03\/lider-e-associado-do-trafico-sao-presos-em-laguna\/"]}]},{"@type":"BreadcrumbList","@id":"https:\/\/sulsc.com\/index.php\/2025\/12\/03\/lider-e-associado-do-trafico-sao-presos-em-laguna\/#breadcrumb","itemListElement":[{"@type":"ListItem","position":1,"name":"In\u00edcio","item":"https:\/\/sulsc.com\/"},{"@type":"ListItem","position":2,"name":"L\u00edder e associado do tr\u00e1fico s\u00e3o presos em Laguna"}]},{"@type":"WebSite","@id":"https:\/\/sulsc.com\/#website","url":"https:\/\/sulsc.com\/","name":"","description":"","potentialAction":[{"@type":"SearchAction","target":{"@type":"EntryPoint","urlTemplate":"https:\/\/sulsc.com\/?s={search_term_string}"},"query-input":"required name=search_term_string"}],"inLanguage":"en-US"},{"@type":"Person","@id":"https:\/\/sulsc.com\/#\/schema\/person\/84d2fc571684f6248ba83092f07750a3","name":"Reda\u00e7\u00e3o Sul SC","image":{"@type":"ImageObject","inLanguage":"en-US","@id":"https:\/\/sulsc.com\/#\/schema\/person\/image\/e08d7fe2cc4ed596372063bbe852b8d0","url":"https:\/\/sulsc.com\/wp-content\/uploads\/2023\/09\/redacao.png","contentUrl":"https:\/\/sulsc.com\/wp-content\/uploads\/2023\/09\/redacao.png","caption":"Reda\u00e7\u00e3o Sul SC"},"description":"Foco em um jornalismo imparcial, voltado \u00e0 qualidade dos seus conte\u00fados e, assim, levar informa\u00e7\u00e3o de valor que agregue \u00e0 vida dos leitores. Esta \u00e9 grande miss\u00e3o do Portal de Not\u00edcias Sul SC. N\u00e3o \u00e9 quantidade que muda o mundo, sempre foi e seguir\u00e1 sendo qualidade!","sameAs":["https:\/\/sulsc.com\/","https:\/\/www.facebook.com\/profile.php?id=61559278119680","https:\/\/www.instagram.com\/sulscportal\/?hl=pt-br","https:\/\/twitter.com\/https:\/\/twitter.com\/PortalSulSC","https:\/\/www.youtube.com\/channel\/UCv_BE8GeySluDov2n8qhVmw"],"url":"https:\/\/sulsc.com\/index.php\/author\/redacao\/"}]}},"authors":[],"_links":{"self":[{"href":"https:\/\/sulsc.com\/index.php\/wp-json\/wp\/v2\/posts\/30433"}],"collection":[{"href":"https:\/\/sulsc.com\/index.php\/wp-json\/wp\/v2\/posts"}],"about":[{"href":"https:\/\/sulsc.com\/index.php\/wp-json\/wp\/v2\/types\/post"}],"author":[{"embeddable":true,"href":"https:\/\/sulsc.com\/index.php\/wp-json\/wp\/v2\/users\/3"}],"replies":[{"embeddable":true,"href":"https:\/\/sulsc.com\/index.php\/wp-json\/wp\/v2\/comments?post=30433"}],"version-history":[{"count":1,"href":"https:\/\/sulsc.com\/index.php\/wp-json\/wp\/v2\/posts\/30433\/revisions"}],"predecessor-version":[{"id":30435,"href":"https:\/\/sulsc.com\/index.php\/wp-json\/wp\/v2\/posts\/30433\/revisions\/30435"}],"wp:featuredmedia":[{"embeddable":true,"href":"https:\/\/sulsc.com\/index.php\/wp-json\/wp\/v2\/media\/30434"}],"wp:attachment":[{"href":"https:\/\/sulsc.com\/index.php\/wp-json\/wp\/v2\/media?parent=30433"}],"wp:term":[{"taxonomy":"category","embeddable":true,"href":"https:\/\/sulsc.com\/index.php\/wp-json\/wp\/v2\/categories?post=30433"},{"taxonomy":"post_tag","embeddable":true,"href":"https:\/\/sulsc.com\/index.php\/wp-json\/wp\/v2\/tags?post=30433"}],"curies":[{"name":"wp","href":"https:\/\/api.w.org\/{rel}","templated":true}]}}