{"id":30445,"date":"2025-12-04T08:10:45","date_gmt":"2025-12-04T11:10:45","guid":{"rendered":"https:\/\/sulsc.com\/?p=30445"},"modified":"2025-12-04T08:10:45","modified_gmt":"2025-12-04T11:10:45","slug":"comecou-neste-quarta-feira-03-o-segundo-periodo-de-matriculas-para-os-estudantes-da-rede-estadual-de-sc","status":"publish","type":"post","link":"https:\/\/sulsc.com\/index.php\/2025\/12\/04\/comecou-neste-quarta-feira-03-o-segundo-periodo-de-matriculas-para-os-estudantes-da-rede-estadual-de-sc\/","title":{"rendered":"Come\u00e7ou neste quarta-feira (03) o segundo per\u00edodo de matr\u00edculas para os estudantes da rede estadual de SC"},"content":{"rendered":"<p>O segundo per\u00edodo de matr\u00edculas para estudar na rede estadual de ensino de Santa Catarina em 2026 come\u00e7ou nesta quarta-feira (03). Os pais e respons\u00e1veis podem fazer as inscri\u00e7\u00f5es no site<strong> <a href=\"http:\/\/matriculaonline.sed.sc.gov.br\/\">matriculaonline.sed.sc.gov.br<\/a><\/strong> , que estar\u00e3o dispon\u00edveis <strong>at\u00e9 9 de dezembro, \u00e0s 18h<\/strong>, utilizando o cadastro do gov.br, para concorrer \u00e0s vagas dispon\u00edveis nas escolas.<\/p>\n<p>A reserva da vaga ocorrer\u00e1 por ordem de acesso e finaliza\u00e7\u00e3o da inscri\u00e7\u00e3o no sistema, respeitando o zoneamento. Para a garantia da efetiva\u00e7\u00e3o da matr\u00edcula, os respons\u00e1veis dever\u00e3o entregar a c\u00f3pia dos documentos originais at\u00e9 a pr\u00f3xima quarta-feira, 10, na unidade escolar durante o respectivo hor\u00e1rio de funcionamento.<\/p>\n<div id=\"metaslider-id-25573\" style=\"width: 100%;\" class=\"ml-slider-3-99-0 metaslider metaslider-flex metaslider-25573 ml-slider has-onhover-arrows ms-theme-default-base has-dots-nav\" role=\"region\" aria-label=\"Meio\" data-width=\"1200\">\n    <div id=\"metaslider_container_25573\">\n        <div id=\"metaslider_25573\">\n            <ul class='slides'>\n                <li style=\"display: block; width: 100%;\" class=\"slide-25684 ms-image \" aria-roledescription=\"slide\" data-date=\"2025-07-24 07:55:40\"><img src=\"https:\/\/sulsc.com\/wp-content\/uploads\/2025\/07\/Marr-2-1000x166.jpg\" height=\"200\" width=\"1200\" alt=\"\" class=\"slider-25573 slide-25684 msDefaultImage\" title=\"Marr 2\" \/><\/li>\n                <li style=\"display: none; width: 100%;\" class=\"slide-32412 ms-image \" aria-roledescription=\"slide\" data-date=\"2026-02-18 13:59:46\"><img src=\"https:\/\/sulsc.com\/wp-content\/uploads\/2026\/02\/40dc1580-cad5-4867-bc58-c4243821ad38-1000x166.jpeg\" height=\"200\" width=\"1200\" alt=\"\" class=\"slider-25573 slide-32412 msDefaultImage\" title=\"40dc1580-cad5-4867-bc58-c4243821ad38\" \/><\/li>\n                <li style=\"display: none; width: 100%;\" class=\"slide-32766 ms-image \" aria-roledescription=\"slide\" data-date=\"2026-03-03 17:22:59\"><img src=\"https:\/\/sulsc.com\/wp-content\/uploads\/2026\/03\/271ce739-f268-41c5-8051-3de1a1750359-1000x166.jpeg\" height=\"200\" width=\"1200\" alt=\"\" class=\"slider-25573 slide-32766 msDefaultImage\" title=\"271ce739-f268-41c5-8051-3de1a1750359\" \/><\/li>\n            <\/ul>\n        <\/div>\n        \n    <\/div>\n<\/div>\n<p><strong>Confira a documenta\u00e7\u00e3o comprobat\u00f3ria abaixo:<\/strong><\/p>\n<p>a) Certid\u00e3o de nascimento\/ Carteira de Identidade do estudante;<\/p>\n<p>b) CPF do estudante;<\/p>\n<p>c) Hist\u00f3rico Escolar (no m\u00e1ximo 30 dias ap\u00f3s o in\u00edcio do ano letivo de 2026);<\/p>\n<p>d) Atestado de Frequ\u00eancia com indica\u00e7\u00e3o do ano\/etapa que o(a) estudante est\u00e1 frequentando em 2025;<\/p>\n<p>e) Comprovante de resid\u00eancia atualizado (at\u00e9 tr\u00eas meses);<\/p>\n<p>f) Foto 3\u00d74 (opcional);<\/p>\n<p>g) Carteira de Vacina\u00e7\u00e3o e\/ou declara\u00e7\u00e3o da Unidade B\u00e1sica de Sa\u00fade;<\/p>\n<p>h) CPF do Pai\/M\u00e3e ou respons\u00e1vel legal.<\/p>\n<p><img fetchpriority=\"high\" decoding=\"async\" class=\"aligncenter size-full wp-image-13893\" src=\"http:\/\/sulsc.com\/wp-content\/uploads\/2024\/06\/educa.jpeg\" alt=\"\" width=\"620\" height=\"413\" srcset=\"https:\/\/sulsc.com\/wp-content\/uploads\/2024\/06\/educa.jpeg 620w, https:\/\/sulsc.com\/wp-content\/uploads\/2024\/06\/educa-300x200.jpeg 300w\" sizes=\"(max-width: 620px) 100vw, 620px\" \/><\/p>\n<p>O respons\u00e1vel dever\u00e1 comparecer \u00e0 unidade escolar, no prazo informado, e respeitar os crit\u00e9rios de documenta\u00e7\u00e3o. Na impossibilidade da apresenta\u00e7\u00e3o dos documentos indicados at\u00e9 10 de dezembro, o candidato perder\u00e1 o direito \u00e0 vaga, podendo participar do outro per\u00edodo de matr\u00edcula, entre os dias 3 e 4 de fevereiro de 2026.<\/p>\n","protected":false},"excerpt":{"rendered":"<p>O segundo per\u00edodo de matr\u00edculas para estudar na rede estadual de ensino de Santa Catarina em 2026 come\u00e7ou nesta quarta-feira (03). Os pais e respons\u00e1veis podem fazer as inscri\u00e7\u00f5es no site matriculaonline.sed.sc.gov.br , que estar\u00e3o dispon\u00edveis at\u00e9 9 de dezembro, \u00e0s 18h, utilizando o cadastro do gov.br, para concorrer \u00e0s vagas dispon\u00edveis nas escolas. A &hellip;<\/p>\n<p class=\"read-more\"> <a class=\"\" href=\"https:\/\/sulsc.com\/index.php\/2025\/12\/04\/comecou-neste-quarta-feira-03-o-segundo-periodo-de-matriculas-para-os-estudantes-da-rede-estadual-de-sc\/\"> <span class=\"screen-reader-text\">Come\u00e7ou neste quarta-feira (03) o segundo per\u00edodo de matr\u00edculas para os estudantes da rede estadual de SC<\/span> Read More &raquo;<\/a><\/p>\n","protected":false},"author":3,"featured_media":13893,"comment_status":"open","ping_status":"open","sticky":false,"template":"","format":"standard","meta":{"site-sidebar-layout":"default","site-content-layout":"","ast-site-content-layout":"default","site-content-style":"default","site-sidebar-style":"default","ast-global-header-display":"","ast-banner-title-visibility":"","ast-main-header-display":"","ast-hfb-above-header-display":"","ast-hfb-below-header-display":"","ast-hfb-mobile-header-display":"","site-post-title":"","ast-breadcrumbs-content":"","ast-featured-img":"","footer-sml-layout":"","theme-transparent-header-meta":"default","adv-header-id-meta":"","stick-header-meta":"","header-above-stick-meta":"","header-main-stick-meta":"","header-below-stick-meta":"","astra-migrate-meta-layouts":"set","footnotes":""},"categories":[2354,2231,2321,1,14,12],"tags":[482],"yoast_head":"<!-- This site is optimized with the Yoast SEO plugin v21.4 - https:\/\/yoast.com\/wordpress\/plugins\/seo\/ -->\n<title>Come\u00e7ou neste quarta-feira (03) o segundo per\u00edodo de matr\u00edculas para os estudantes da rede estadual de SC -<\/title>\n<meta name=\"robots\" content=\"index, follow, max-snippet:-1, max-image-preview:large, max-video-preview:-1\" \/>\n<link rel=\"canonical\" href=\"https:\/\/sulsc.com\/index.php\/2025\/12\/04\/comecou-neste-quarta-feira-03-o-segundo-periodo-de-matriculas-para-os-estudantes-da-rede-estadual-de-sc\/\" \/>\n<meta property=\"og:locale\" content=\"en_US\" \/>\n<meta property=\"og:type\" content=\"article\" \/>\n<meta property=\"og:title\" content=\"Come\u00e7ou neste quarta-feira (03) o segundo per\u00edodo de matr\u00edculas para os estudantes da rede estadual de SC -\" \/>\n<meta property=\"og:description\" content=\"O segundo per\u00edodo de matr\u00edculas para estudar na rede estadual de ensino de Santa Catarina em 2026 come\u00e7ou nesta quarta-feira (03). Os pais e respons\u00e1veis podem fazer as inscri\u00e7\u00f5es no site matriculaonline.sed.sc.gov.br , que estar\u00e3o dispon\u00edveis at\u00e9 9 de dezembro, \u00e0s 18h, utilizando o cadastro do gov.br, para concorrer \u00e0s vagas dispon\u00edveis nas escolas. A &hellip; Come\u00e7ou neste quarta-feira (03) o segundo per\u00edodo de matr\u00edculas para os estudantes da rede estadual de SC Read More &raquo;\" \/>\n<meta property=\"og:url\" content=\"https:\/\/sulsc.com\/index.php\/2025\/12\/04\/comecou-neste-quarta-feira-03-o-segundo-periodo-de-matriculas-para-os-estudantes-da-rede-estadual-de-sc\/\" \/>\n<meta property=\"article:author\" content=\"https:\/\/www.facebook.com\/profile.php?id=61559278119680\" \/>\n<meta property=\"article:published_time\" content=\"2025-12-04T11:10:45+00:00\" \/>\n<meta property=\"og:image\" content=\"http:\/\/sulsc.com\/wp-content\/uploads\/2024\/06\/educa.jpeg\" \/>\n\t<meta property=\"og:image:width\" content=\"620\" \/>\n\t<meta property=\"og:image:height\" content=\"413\" \/>\n\t<meta property=\"og:image:type\" content=\"image\/jpeg\" \/>\n<meta name=\"author\" content=\"Reda\u00e7\u00e3o Sul SC\" \/>\n<meta name=\"twitter:card\" content=\"summary_large_image\" \/>\n<meta name=\"twitter:creator\" content=\"@https:\/\/twitter.com\/PortalSulSC\" \/>\n<meta name=\"twitter:label1\" content=\"Written by\" \/>\n\t<meta name=\"twitter:data1\" content=\"Reda\u00e7\u00e3o Sul SC\" \/>\n\t<meta name=\"twitter:label2\" content=\"Est. reading time\" \/>\n\t<meta name=\"twitter:data2\" content=\"2 minutes\" \/>\n<script type=\"application\/ld+json\" class=\"yoast-schema-graph\">{\"@context\":\"https:\/\/schema.org\",\"@graph\":[{\"@type\":\"WebPage\",\"@id\":\"https:\/\/sulsc.com\/index.php\/2025\/12\/04\/comecou-neste-quarta-feira-03-o-segundo-periodo-de-matriculas-para-os-estudantes-da-rede-estadual-de-sc\/\",\"url\":\"https:\/\/sulsc.com\/index.php\/2025\/12\/04\/comecou-neste-quarta-feira-03-o-segundo-periodo-de-matriculas-para-os-estudantes-da-rede-estadual-de-sc\/\",\"name\":\"Come\u00e7ou neste quarta-feira (03) o segundo per\u00edodo de matr\u00edculas para os estudantes da rede estadual de SC -\",\"isPartOf\":{\"@id\":\"https:\/\/sulsc.com\/#website\"},\"datePublished\":\"2025-12-04T11:10:45+00:00\",\"dateModified\":\"2025-12-04T11:10:45+00:00\",\"author\":{\"@id\":\"https:\/\/sulsc.com\/#\/schema\/person\/84d2fc571684f6248ba83092f07750a3\"},\"breadcrumb\":{\"@id\":\"https:\/\/sulsc.com\/index.php\/2025\/12\/04\/comecou-neste-quarta-feira-03-o-segundo-periodo-de-matriculas-para-os-estudantes-da-rede-estadual-de-sc\/#breadcrumb\"},\"inLanguage\":\"en-US\",\"potentialAction\":[{\"@type\":\"ReadAction\",\"target\":[\"https:\/\/sulsc.com\/index.php\/2025\/12\/04\/comecou-neste-quarta-feira-03-o-segundo-periodo-de-matriculas-para-os-estudantes-da-rede-estadual-de-sc\/\"]}]},{\"@type\":\"BreadcrumbList\",\"@id\":\"https:\/\/sulsc.com\/index.php\/2025\/12\/04\/comecou-neste-quarta-feira-03-o-segundo-periodo-de-matriculas-para-os-estudantes-da-rede-estadual-de-sc\/#breadcrumb\",\"itemListElement\":[{\"@type\":\"ListItem\",\"position\":1,\"name\":\"In\u00edcio\",\"item\":\"https:\/\/sulsc.com\/\"},{\"@type\":\"ListItem\",\"position\":2,\"name\":\"Come\u00e7ou neste quarta-feira (03) o segundo per\u00edodo de matr\u00edculas para os estudantes da rede estadual de SC\"}]},{\"@type\":\"WebSite\",\"@id\":\"https:\/\/sulsc.com\/#website\",\"url\":\"https:\/\/sulsc.com\/\",\"name\":\"\",\"description\":\"\",\"potentialAction\":[{\"@type\":\"SearchAction\",\"target\":{\"@type\":\"EntryPoint\",\"urlTemplate\":\"https:\/\/sulsc.com\/?s={search_term_string}\"},\"query-input\":\"required name=search_term_string\"}],\"inLanguage\":\"en-US\"},{\"@type\":\"Person\",\"@id\":\"https:\/\/sulsc.com\/#\/schema\/person\/84d2fc571684f6248ba83092f07750a3\",\"name\":\"Reda\u00e7\u00e3o Sul SC\",\"image\":{\"@type\":\"ImageObject\",\"inLanguage\":\"en-US\",\"@id\":\"https:\/\/sulsc.com\/#\/schema\/person\/image\/e08d7fe2cc4ed596372063bbe852b8d0\",\"url\":\"https:\/\/sulsc.com\/wp-content\/uploads\/2023\/09\/redacao.png\",\"contentUrl\":\"https:\/\/sulsc.com\/wp-content\/uploads\/2023\/09\/redacao.png\",\"caption\":\"Reda\u00e7\u00e3o Sul SC\"},\"description\":\"Foco em um jornalismo imparcial, voltado \u00e0 qualidade dos seus conte\u00fados e, assim, levar informa\u00e7\u00e3o de valor que agregue \u00e0 vida dos leitores. Esta \u00e9 grande miss\u00e3o do Portal de Not\u00edcias Sul SC. N\u00e3o \u00e9 quantidade que muda o mundo, sempre foi e seguir\u00e1 sendo qualidade!\",\"sameAs\":[\"https:\/\/sulsc.com\/\",\"https:\/\/www.facebook.com\/profile.php?id=61559278119680\",\"https:\/\/www.instagram.com\/sulscportal\/?hl=pt-br\",\"https:\/\/twitter.com\/https:\/\/twitter.com\/PortalSulSC\",\"https:\/\/www.youtube.com\/channel\/UCv_BE8GeySluDov2n8qhVmw\"],\"url\":\"https:\/\/sulsc.com\/index.php\/author\/redacao\/\"}]}<\/script>\n<!-- \/ Yoast SEO plugin. -->","yoast_head_json":{"title":"Come\u00e7ou neste quarta-feira (03) o segundo per\u00edodo de matr\u00edculas para os estudantes da rede estadual de SC -","robots":{"index":"index","follow":"follow","max-snippet":"max-snippet:-1","max-image-preview":"max-image-preview:large","max-video-preview":"max-video-preview:-1"},"canonical":"https:\/\/sulsc.com\/index.php\/2025\/12\/04\/comecou-neste-quarta-feira-03-o-segundo-periodo-de-matriculas-para-os-estudantes-da-rede-estadual-de-sc\/","og_locale":"en_US","og_type":"article","og_title":"Come\u00e7ou neste quarta-feira (03) o segundo per\u00edodo de matr\u00edculas para os estudantes da rede estadual de SC -","og_description":"O segundo per\u00edodo de matr\u00edculas para estudar na rede estadual de ensino de Santa Catarina em 2026 come\u00e7ou nesta quarta-feira (03). Os pais e respons\u00e1veis podem fazer as inscri\u00e7\u00f5es no site matriculaonline.sed.sc.gov.br , que estar\u00e3o dispon\u00edveis at\u00e9 9 de dezembro, \u00e0s 18h, utilizando o cadastro do gov.br, para concorrer \u00e0s vagas dispon\u00edveis nas escolas. A &hellip; Come\u00e7ou neste quarta-feira (03) o segundo per\u00edodo de matr\u00edculas para os estudantes da rede estadual de SC Read More &raquo;","og_url":"https:\/\/sulsc.com\/index.php\/2025\/12\/04\/comecou-neste-quarta-feira-03-o-segundo-periodo-de-matriculas-para-os-estudantes-da-rede-estadual-de-sc\/","article_author":"https:\/\/www.facebook.com\/profile.php?id=61559278119680","article_published_time":"2025-12-04T11:10:45+00:00","og_image":[{"width":620,"height":413,"url":"http:\/\/sulsc.com\/wp-content\/uploads\/2024\/06\/educa.jpeg","type":"image\/jpeg"}],"author":"Reda\u00e7\u00e3o Sul SC","twitter_card":"summary_large_image","twitter_creator":"@https:\/\/twitter.com\/PortalSulSC","twitter_misc":{"Written by":"Reda\u00e7\u00e3o Sul SC","Est. reading time":"2 minutes"},"schema":{"@context":"https:\/\/schema.org","@graph":[{"@type":"WebPage","@id":"https:\/\/sulsc.com\/index.php\/2025\/12\/04\/comecou-neste-quarta-feira-03-o-segundo-periodo-de-matriculas-para-os-estudantes-da-rede-estadual-de-sc\/","url":"https:\/\/sulsc.com\/index.php\/2025\/12\/04\/comecou-neste-quarta-feira-03-o-segundo-periodo-de-matriculas-para-os-estudantes-da-rede-estadual-de-sc\/","name":"Come\u00e7ou neste quarta-feira (03) o segundo per\u00edodo de matr\u00edculas para os estudantes da rede estadual de SC -","isPartOf":{"@id":"https:\/\/sulsc.com\/#website"},"datePublished":"2025-12-04T11:10:45+00:00","dateModified":"2025-12-04T11:10:45+00:00","author":{"@id":"https:\/\/sulsc.com\/#\/schema\/person\/84d2fc571684f6248ba83092f07750a3"},"breadcrumb":{"@id":"https:\/\/sulsc.com\/index.php\/2025\/12\/04\/comecou-neste-quarta-feira-03-o-segundo-periodo-de-matriculas-para-os-estudantes-da-rede-estadual-de-sc\/#breadcrumb"},"inLanguage":"en-US","potentialAction":[{"@type":"ReadAction","target":["https:\/\/sulsc.com\/index.php\/2025\/12\/04\/comecou-neste-quarta-feira-03-o-segundo-periodo-de-matriculas-para-os-estudantes-da-rede-estadual-de-sc\/"]}]},{"@type":"BreadcrumbList","@id":"https:\/\/sulsc.com\/index.php\/2025\/12\/04\/comecou-neste-quarta-feira-03-o-segundo-periodo-de-matriculas-para-os-estudantes-da-rede-estadual-de-sc\/#breadcrumb","itemListElement":[{"@type":"ListItem","position":1,"name":"In\u00edcio","item":"https:\/\/sulsc.com\/"},{"@type":"ListItem","position":2,"name":"Come\u00e7ou neste quarta-feira (03) o segundo per\u00edodo de matr\u00edculas para os estudantes da rede estadual de SC"}]},{"@type":"WebSite","@id":"https:\/\/sulsc.com\/#website","url":"https:\/\/sulsc.com\/","name":"","description":"","potentialAction":[{"@type":"SearchAction","target":{"@type":"EntryPoint","urlTemplate":"https:\/\/sulsc.com\/?s={search_term_string}"},"query-input":"required name=search_term_string"}],"inLanguage":"en-US"},{"@type":"Person","@id":"https:\/\/sulsc.com\/#\/schema\/person\/84d2fc571684f6248ba83092f07750a3","name":"Reda\u00e7\u00e3o Sul SC","image":{"@type":"ImageObject","inLanguage":"en-US","@id":"https:\/\/sulsc.com\/#\/schema\/person\/image\/e08d7fe2cc4ed596372063bbe852b8d0","url":"https:\/\/sulsc.com\/wp-content\/uploads\/2023\/09\/redacao.png","contentUrl":"https:\/\/sulsc.com\/wp-content\/uploads\/2023\/09\/redacao.png","caption":"Reda\u00e7\u00e3o Sul SC"},"description":"Foco em um jornalismo imparcial, voltado \u00e0 qualidade dos seus conte\u00fados e, assim, levar informa\u00e7\u00e3o de valor que agregue \u00e0 vida dos leitores. Esta \u00e9 grande miss\u00e3o do Portal de Not\u00edcias Sul SC. N\u00e3o \u00e9 quantidade que muda o mundo, sempre foi e seguir\u00e1 sendo qualidade!","sameAs":["https:\/\/sulsc.com\/","https:\/\/www.facebook.com\/profile.php?id=61559278119680","https:\/\/www.instagram.com\/sulscportal\/?hl=pt-br","https:\/\/twitter.com\/https:\/\/twitter.com\/PortalSulSC","https:\/\/www.youtube.com\/channel\/UCv_BE8GeySluDov2n8qhVmw"],"url":"https:\/\/sulsc.com\/index.php\/author\/redacao\/"}]}},"authors":[],"_links":{"self":[{"href":"https:\/\/sulsc.com\/index.php\/wp-json\/wp\/v2\/posts\/30445"}],"collection":[{"href":"https:\/\/sulsc.com\/index.php\/wp-json\/wp\/v2\/posts"}],"about":[{"href":"https:\/\/sulsc.com\/index.php\/wp-json\/wp\/v2\/types\/post"}],"author":[{"embeddable":true,"href":"https:\/\/sulsc.com\/index.php\/wp-json\/wp\/v2\/users\/3"}],"replies":[{"embeddable":true,"href":"https:\/\/sulsc.com\/index.php\/wp-json\/wp\/v2\/comments?post=30445"}],"version-history":[{"count":1,"href":"https:\/\/sulsc.com\/index.php\/wp-json\/wp\/v2\/posts\/30445\/revisions"}],"predecessor-version":[{"id":30446,"href":"https:\/\/sulsc.com\/index.php\/wp-json\/wp\/v2\/posts\/30445\/revisions\/30446"}],"wp:featuredmedia":[{"embeddable":true,"href":"https:\/\/sulsc.com\/index.php\/wp-json\/wp\/v2\/media\/13893"}],"wp:attachment":[{"href":"https:\/\/sulsc.com\/index.php\/wp-json\/wp\/v2\/media?parent=30445"}],"wp:term":[{"taxonomy":"category","embeddable":true,"href":"https:\/\/sulsc.com\/index.php\/wp-json\/wp\/v2\/categories?post=30445"},{"taxonomy":"post_tag","embeddable":true,"href":"https:\/\/sulsc.com\/index.php\/wp-json\/wp\/v2\/tags?post=30445"}],"curies":[{"name":"wp","href":"https:\/\/api.w.org\/{rel}","templated":true}]}}