{"id":30462,"date":"2025-12-04T11:50:57","date_gmt":"2025-12-04T14:50:57","guid":{"rendered":"https:\/\/sulsc.com\/?p=30462"},"modified":"2025-12-04T11:58:04","modified_gmt":"2025-12-04T14:58:04","slug":"homem-e-condenado-a-39-anos-de-reclusao-por-feminicidio-praticado-contra-a-esposa-em-criciuma","status":"publish","type":"post","link":"https:\/\/sulsc.com\/index.php\/2025\/12\/04\/homem-e-condenado-a-39-anos-de-reclusao-por-feminicidio-praticado-contra-a-esposa-em-criciuma\/","title":{"rendered":"Homem \u00e9 condenado a 39 anos de reclus\u00e3o por feminic\u00eddio praticado contra a esposa em Crici\u00fama"},"content":{"rendered":"<p><span dir=\"auto\" style=\"vertical-align: inherit;\"><span dir=\"auto\" style=\"vertical-align: inherit;\"><span dir=\"auto\" style=\"vertical-align: inherit;\"><span dir=\"auto\" style=\"vertical-align: inherit;\">O crime ocorreu na madrugada de 16 de fevereiro de 2025, na resid\u00eancia do casal, em Crici\u00fama. A v\u00edtima foi morta asfixiada e com duas facadas no pesco\u00e7o porque o homem n\u00e3o aceitava que a mulher quisesse p\u00f4r fim ao relacionamento. O caso foi julgado com base na nova legisla\u00e7\u00e3o que tornou o feminic\u00eddio um crime independente, e n\u00e3o mais uma derrota do homic\u00eddio.<\/span><\/span><\/span><\/span><\/p>\n<div id=\"metaslider-id-25573\" style=\"width: 100%;\" class=\"ml-slider-3-99-0 metaslider metaslider-flex metaslider-25573 ml-slider has-onhover-arrows ms-theme-default-base has-dots-nav\" role=\"region\" aria-label=\"Meio\" data-width=\"1200\">\n    <div id=\"metaslider_container_25573\">\n        <div id=\"metaslider_25573\">\n            <ul class='slides'>\n                <li style=\"display: block; width: 100%;\" class=\"slide-25684 ms-image \" aria-roledescription=\"slide\" data-date=\"2025-07-24 07:55:40\"><img src=\"https:\/\/sulsc.com\/wp-content\/uploads\/2025\/07\/Marr-2-1000x166.jpg\" height=\"200\" width=\"1200\" alt=\"\" class=\"slider-25573 slide-25684 msDefaultImage\" title=\"Marr 2\" \/><\/li>\n                <li style=\"display: none; width: 100%;\" class=\"slide-32412 ms-image \" aria-roledescription=\"slide\" data-date=\"2026-02-18 13:59:46\"><img src=\"https:\/\/sulsc.com\/wp-content\/uploads\/2026\/02\/40dc1580-cad5-4867-bc58-c4243821ad38-1000x166.jpeg\" height=\"200\" width=\"1200\" alt=\"\" class=\"slider-25573 slide-32412 msDefaultImage\" title=\"40dc1580-cad5-4867-bc58-c4243821ad38\" \/><\/li>\n                <li style=\"display: none; width: 100%;\" class=\"slide-32766 ms-image \" aria-roledescription=\"slide\" data-date=\"2026-03-03 17:22:59\"><img src=\"https:\/\/sulsc.com\/wp-content\/uploads\/2026\/03\/271ce739-f268-41c5-8051-3de1a1750359-1000x166.jpeg\" height=\"200\" width=\"1200\" alt=\"\" class=\"slider-25573 slide-32766 msDefaultImage\" title=\"271ce739-f268-41c5-8051-3de1a1750359\" \/><\/li>\n            <\/ul>\n        <\/div>\n        \n    <\/div>\n<\/div>\n<p><span dir=\"auto\" style=\"vertical-align: inherit;\"><span dir=\"auto\" style=\"vertical-align: inherit;\"><span dir=\"auto\" style=\"vertical-align: inherit;\"><span dir=\"auto\" style=\"vertical-align: inherit;\">Nesta ter\u00e7a-feira (02), o Tribunal do J\u00fari da Comarca de Crici\u00fama condenou, um homem \u00e0 pena de 39 anos, oito meses e dez dias de reclus\u00e3o, pelo feminic\u00eddio praticado contra a esposa com quem era casado h\u00e1 35 anos. O cumprimento da pena dever\u00e1 ocorrer inicialmente em regime fechado.<\/span><\/span><\/span><\/span><\/p>\n<p><span dir=\"auto\" style=\"vertical-align: inherit;\"><span dir=\"auto\" style=\"vertical-align: inherit;\"><span dir=\"auto\" style=\"vertical-align: inherit;\"><span dir=\"auto\" style=\"vertical-align: inherit;\">Segundo apresentado em plen\u00e1rio pelo Minist\u00e9rio P\u00fablico de Santa Catarina (MPSC), representado pelo Promotor de Justi\u00e7a Carlos Eduardo Tremel de Faria, na noite anterior ao crime a v\u00edtima avisou aos filhos que dormiria com a porta do quarto trancada, pois estava com medo do comportamento do esposo j\u00e1 havia alguns dias.<\/span><\/span><\/span><\/span><\/p>\n<p><img fetchpriority=\"high\" decoding=\"async\" class=\"aligncenter size-full wp-image-5754\" src=\"http:\/\/sulsc.com\/wp-content\/uploads\/2023\/12\/prisao.jpeg\" alt=\"\" width=\"1170\" height=\"766\" srcset=\"https:\/\/sulsc.com\/wp-content\/uploads\/2023\/12\/prisao.jpeg 1170w, https:\/\/sulsc.com\/wp-content\/uploads\/2023\/12\/prisao-300x196.jpeg 300w, https:\/\/sulsc.com\/wp-content\/uploads\/2023\/12\/prisao-1024x670.jpeg 1024w, https:\/\/sulsc.com\/wp-content\/uploads\/2023\/12\/prisao-768x503.jpeg 768w\" sizes=\"(max-width: 1170px) 100vw, 1170px\" \/><\/p>\n<p><span dir=\"auto\" style=\"vertical-align: inherit;\"><span dir=\"auto\" style=\"vertical-align: inherit;\"><span dir=\"auto\" style=\"vertical-align: inherit;\"><span dir=\"auto\" style=\"vertical-align: inherit;\">Imagem\/Freepik<\/span><\/span><\/span><\/span><\/p>\n<p><span dir=\"auto\" style=\"vertical-align: inherit;\"><span dir=\"auto\" style=\"vertical-align: inherit;\"><span dir=\"auto\" style=\"vertical-align: inherit;\"><span dir=\"auto\" style=\"vertical-align: inherit;\">H\u00e1 cerca de um m\u00eas, os dois j\u00e1 n\u00e3o viviam como casal, mas ainda moravam na mesma resid\u00eancia. A v\u00edtima dormia em um quarto sozinha, separada do r\u00e9u, e aguardava a assinatura do visto. Na semana do assassinato, o casal deveria revisar os documentos da separa\u00e7\u00e3o, mas o r\u00e9u n\u00e3o compareceu e a v\u00edtima precisou reagendar a assinatura, que ocorreria dias ap\u00f3s o crime.<\/span><\/span><\/span><\/span><\/p>\n<p><span dir=\"auto\" style=\"vertical-align: inherit;\"><span dir=\"auto\" style=\"vertical-align: inherit;\"><span dir=\"auto\" style=\"vertical-align: inherit;\"><span dir=\"auto\" style=\"vertical-align: inherit;\">Ainda de acordo com a den\u00fancia, o homem entrou no quarto durante a madrugada, enquanto a esposa dormia, colocou um pano em sua boca para asfixi\u00e1-la e desferiu dois golpes de faca em seu pesco\u00e7o. Ap\u00f3s mat\u00e1-la, ele fugiu da resid\u00eancia. Imagens de uma c\u00e2mera de seguran\u00e7a de um vizinho mostraram o r\u00e9u saindo de casa por volta das 4h, permitindo que os filhos o acompanhassem. A v\u00edtima foi encontrada sem vida por uma amiga, que estranhou sua aus\u00eancia e foi at\u00e9 a casa no dia seguinte.<\/span><\/span><\/span><\/span><\/p>\n<p><span dir=\"auto\" style=\"vertical-align: inherit;\"><span dir=\"auto\" style=\"vertical-align: inherit;\"><span dir=\"auto\" style=\"vertical-align: inherit;\"><span dir=\"auto\" style=\"vertical-align: inherit;\">O Conselho de Senten\u00e7a acolheu integralmente a tese do Minist\u00e9rio P\u00fablico e atualizou todas as previs\u00f5es atualizadas na den\u00fancia. O feminic\u00eddio foi cometido por motivo torpe, j\u00e1 que o r\u00e9u n\u00e3o aceitou o fim do casamento, e com recurso que dificultou a defesa da v\u00edtima, surpreendida enquanto dormia. Al\u00e9m disso, o crime foi praticado mediante asfixia e com meio cruel, situa\u00e7\u00f5es que agravaram a pena. Da decis\u00e3o, cabe recurso.<\/span><\/span><\/span><\/span><\/p>\n<p><strong><span dir=\"auto\" style=\"vertical-align: inherit;\"><span dir=\"auto\" style=\"vertical-align: inherit;\"><span dir=\"auto\" style=\"vertical-align: inherit;\"><span dir=\"auto\" style=\"vertical-align: inherit;\">Denuncie!<\/span><\/span><\/span><\/span><\/strong><\/p>\n<p><span dir=\"auto\" style=\"vertical-align: inherit;\"><span dir=\"auto\" style=\"vertical-align: inherit;\"><span dir=\"auto\" style=\"vertical-align: inherit;\"><span dir=\"auto\" style=\"vertical-align: inherit;\">Se voc\u00ea testemunhar ou ser v\u00edtima de viol\u00eancia dom\u00e9stica, busque ajuda ou denuncie:<\/span><\/span><\/span><\/span><\/p>\n<p><span dir=\"auto\" style=\"vertical-align: inherit;\"><span dir=\"auto\" style=\"vertical-align: inherit;\"><span dir=\"auto\" style=\"vertical-align: inherit;\"><span dir=\"auto\" style=\"vertical-align: inherit;\">Pol\u00edcia Militar: discoteca 190;<\/span><\/span><\/span><\/span><\/p>\n<p><span dir=\"auto\" style=\"vertical-align: inherit;\"><span dir=\"auto\" style=\"vertical-align: inherit;\"><span dir=\"auto\" style=\"vertical-align: inherit;\"><span dir=\"auto\" style=\"vertical-align: inherit;\">Central de atendimento \u00e0 mulher: disque 180;<\/span><\/span><\/span><\/span><\/p>\n<p><span dir=\"auto\" style=\"vertical-align: inherit;\"><span dir=\"auto\" style=\"vertical-align: inherit;\"><span dir=\"auto\" style=\"vertical-align: inherit;\"><span dir=\"auto\" style=\"vertical-align: inherit;\">Delegacia da Mulher (DPCAMIs) e boletim de ocorr\u00eancia on-line;<\/span><\/span><\/span><\/span><\/p>\n<p><span dir=\"auto\" style=\"vertical-align: inherit;\"><span dir=\"auto\" style=\"vertical-align: inherit;\"><span dir=\"auto\" style=\"vertical-align: inherit;\"><span dir=\"auto\" style=\"vertical-align: inherit;\">N\u00facleo de Enfrentamento \u00e0s Viol\u00eancias e Apoio \u00e0s V\u00edtimas (NEAVIT).<\/span><\/span><\/span><\/span><\/p>\n<p><img decoding=\"async\" class=\"size-full wp-image-29252\" style=\"font-style: inherit; font-weight: bold; text-align: center;\" src=\"http:\/\/sulsc.com\/wp-content\/uploads\/2025\/11\/agressao-7-scaled.jpg\" alt=\"\" width=\"2560\" height=\"1709\" srcset=\"https:\/\/sulsc.com\/wp-content\/uploads\/2025\/11\/agressao-7-scaled.jpg 2560w, https:\/\/sulsc.com\/wp-content\/uploads\/2025\/11\/agressao-7-300x200.jpg 300w, https:\/\/sulsc.com\/wp-content\/uploads\/2025\/11\/agressao-7-1024x683.jpg 1024w, https:\/\/sulsc.com\/wp-content\/uploads\/2025\/11\/agressao-7-768x513.jpg 768w, https:\/\/sulsc.com\/wp-content\/uploads\/2025\/11\/agressao-7-1536x1025.jpg 1536w, https:\/\/sulsc.com\/wp-content\/uploads\/2025\/11\/agressao-7-2048x1367.jpg 2048w\" sizes=\"(max-width: 2560px) 100vw, 2560px\" \/><\/p>\n<p><span style=\"font-size: 16px;\"><span dir=\"auto\" style=\"vertical-align: inherit;\"><span dir=\"auto\" style=\"vertical-align: inherit;\"><span dir=\"auto\" style=\"vertical-align: inherit;\"><span dir=\"auto\" style=\"vertical-align: inherit;\">Imagem\/Freepik<\/span><\/span><\/span><\/span><\/span><\/p>\n","protected":false},"excerpt":{"rendered":"<p>O crime ocorreu na madrugada de 16 de fevereiro de 2025, na resid\u00eancia do casal, em Crici\u00fama. A v\u00edtima foi morta asfixiada e com duas facadas no pesco\u00e7o porque o homem n\u00e3o aceitava que a mulher quisesse p\u00f4r fim ao relacionamento. O caso foi julgado com base na nova legisla\u00e7\u00e3o que tornou o feminic\u00eddio um &hellip;<\/p>\n<p class=\"read-more\"> <a class=\"\" href=\"https:\/\/sulsc.com\/index.php\/2025\/12\/04\/homem-e-condenado-a-39-anos-de-reclusao-por-feminicidio-praticado-contra-a-esposa-em-criciuma\/\"> <span class=\"screen-reader-text\">Homem \u00e9 condenado a 39 anos de reclus\u00e3o por feminic\u00eddio praticado contra a esposa em Crici\u00fama<\/span> Read More &raquo;<\/a><\/p>\n","protected":false},"author":3,"featured_media":1573,"comment_status":"open","ping_status":"open","sticky":false,"template":"","format":"standard","meta":{"site-sidebar-layout":"default","site-content-layout":"","ast-site-content-layout":"default","site-content-style":"default","site-sidebar-style":"default","ast-global-header-display":"","ast-banner-title-visibility":"","ast-main-header-display":"","ast-hfb-above-header-display":"","ast-hfb-below-header-display":"","ast-hfb-mobile-header-display":"","site-post-title":"","ast-breadcrumbs-content":"","ast-featured-img":"","footer-sml-layout":"","theme-transparent-header-meta":"default","adv-header-id-meta":"","stick-header-meta":"","header-above-stick-meta":"","header-main-stick-meta":"","header-below-stick-meta":"","astra-migrate-meta-layouts":"set","footnotes":""},"categories":[2354,23,1,14,8,12],"tags":[],"yoast_head":"<!-- This site is optimized with the Yoast SEO plugin v21.4 - https:\/\/yoast.com\/wordpress\/plugins\/seo\/ -->\n<title>Homem \u00e9 condenado a 39 anos de reclus\u00e3o por feminic\u00eddio praticado contra a esposa em Crici\u00fama -<\/title>\n<meta name=\"robots\" content=\"index, follow, max-snippet:-1, max-image-preview:large, max-video-preview:-1\" \/>\n<link rel=\"canonical\" href=\"https:\/\/sulsc.com\/index.php\/2025\/12\/04\/homem-e-condenado-a-39-anos-de-reclusao-por-feminicidio-praticado-contra-a-esposa-em-criciuma\/\" \/>\n<meta property=\"og:locale\" content=\"en_US\" \/>\n<meta property=\"og:type\" content=\"article\" \/>\n<meta property=\"og:title\" content=\"Homem \u00e9 condenado a 39 anos de reclus\u00e3o por feminic\u00eddio praticado contra a esposa em Crici\u00fama -\" \/>\n<meta property=\"og:description\" content=\"O crime ocorreu na madrugada de 16 de fevereiro de 2025, na resid\u00eancia do casal, em Crici\u00fama. A v\u00edtima foi morta asfixiada e com duas facadas no pesco\u00e7o porque o homem n\u00e3o aceitava que a mulher quisesse p\u00f4r fim ao relacionamento. O caso foi julgado com base na nova legisla\u00e7\u00e3o que tornou o feminic\u00eddio um &hellip; Homem \u00e9 condenado a 39 anos de reclus\u00e3o por feminic\u00eddio praticado contra a esposa em Crici\u00fama Read More &raquo;\" \/>\n<meta property=\"og:url\" content=\"https:\/\/sulsc.com\/index.php\/2025\/12\/04\/homem-e-condenado-a-39-anos-de-reclusao-por-feminicidio-praticado-contra-a-esposa-em-criciuma\/\" \/>\n<meta property=\"article:author\" content=\"https:\/\/www.facebook.com\/profile.php?id=61559278119680\" \/>\n<meta property=\"article:published_time\" content=\"2025-12-04T14:50:57+00:00\" \/>\n<meta property=\"article:modified_time\" content=\"2025-12-04T14:58:04+00:00\" \/>\n<meta property=\"og:image\" content=\"http:\/\/sulsc.com\/wp-content\/uploads\/2023\/09\/martelo-julgamento-justica-scaled.jpg\" \/>\n\t<meta property=\"og:image:width\" content=\"2560\" \/>\n\t<meta property=\"og:image:height\" content=\"1716\" \/>\n\t<meta property=\"og:image:type\" content=\"image\/jpeg\" \/>\n<meta name=\"author\" content=\"Reda\u00e7\u00e3o Sul SC\" \/>\n<meta name=\"twitter:card\" content=\"summary_large_image\" \/>\n<meta name=\"twitter:creator\" content=\"@https:\/\/twitter.com\/PortalSulSC\" \/>\n<meta name=\"twitter:label1\" content=\"Written by\" \/>\n\t<meta name=\"twitter:data1\" content=\"Reda\u00e7\u00e3o Sul SC\" \/>\n\t<meta name=\"twitter:label2\" content=\"Est. reading time\" \/>\n\t<meta name=\"twitter:data2\" content=\"3 minutes\" \/>\n<script type=\"application\/ld+json\" class=\"yoast-schema-graph\">{\"@context\":\"https:\/\/schema.org\",\"@graph\":[{\"@type\":\"WebPage\",\"@id\":\"https:\/\/sulsc.com\/index.php\/2025\/12\/04\/homem-e-condenado-a-39-anos-de-reclusao-por-feminicidio-praticado-contra-a-esposa-em-criciuma\/\",\"url\":\"https:\/\/sulsc.com\/index.php\/2025\/12\/04\/homem-e-condenado-a-39-anos-de-reclusao-por-feminicidio-praticado-contra-a-esposa-em-criciuma\/\",\"name\":\"Homem \u00e9 condenado a 39 anos de reclus\u00e3o por feminic\u00eddio praticado contra a esposa em Crici\u00fama -\",\"isPartOf\":{\"@id\":\"https:\/\/sulsc.com\/#website\"},\"datePublished\":\"2025-12-04T14:50:57+00:00\",\"dateModified\":\"2025-12-04T14:58:04+00:00\",\"author\":{\"@id\":\"https:\/\/sulsc.com\/#\/schema\/person\/84d2fc571684f6248ba83092f07750a3\"},\"breadcrumb\":{\"@id\":\"https:\/\/sulsc.com\/index.php\/2025\/12\/04\/homem-e-condenado-a-39-anos-de-reclusao-por-feminicidio-praticado-contra-a-esposa-em-criciuma\/#breadcrumb\"},\"inLanguage\":\"en-US\",\"potentialAction\":[{\"@type\":\"ReadAction\",\"target\":[\"https:\/\/sulsc.com\/index.php\/2025\/12\/04\/homem-e-condenado-a-39-anos-de-reclusao-por-feminicidio-praticado-contra-a-esposa-em-criciuma\/\"]}]},{\"@type\":\"BreadcrumbList\",\"@id\":\"https:\/\/sulsc.com\/index.php\/2025\/12\/04\/homem-e-condenado-a-39-anos-de-reclusao-por-feminicidio-praticado-contra-a-esposa-em-criciuma\/#breadcrumb\",\"itemListElement\":[{\"@type\":\"ListItem\",\"position\":1,\"name\":\"In\u00edcio\",\"item\":\"https:\/\/sulsc.com\/\"},{\"@type\":\"ListItem\",\"position\":2,\"name\":\"Homem \u00e9 condenado a 39 anos de reclus\u00e3o por feminic\u00eddio praticado contra a esposa em Crici\u00fama\"}]},{\"@type\":\"WebSite\",\"@id\":\"https:\/\/sulsc.com\/#website\",\"url\":\"https:\/\/sulsc.com\/\",\"name\":\"\",\"description\":\"\",\"potentialAction\":[{\"@type\":\"SearchAction\",\"target\":{\"@type\":\"EntryPoint\",\"urlTemplate\":\"https:\/\/sulsc.com\/?s={search_term_string}\"},\"query-input\":\"required name=search_term_string\"}],\"inLanguage\":\"en-US\"},{\"@type\":\"Person\",\"@id\":\"https:\/\/sulsc.com\/#\/schema\/person\/84d2fc571684f6248ba83092f07750a3\",\"name\":\"Reda\u00e7\u00e3o Sul SC\",\"image\":{\"@type\":\"ImageObject\",\"inLanguage\":\"en-US\",\"@id\":\"https:\/\/sulsc.com\/#\/schema\/person\/image\/e08d7fe2cc4ed596372063bbe852b8d0\",\"url\":\"https:\/\/sulsc.com\/wp-content\/uploads\/2023\/09\/redacao.png\",\"contentUrl\":\"https:\/\/sulsc.com\/wp-content\/uploads\/2023\/09\/redacao.png\",\"caption\":\"Reda\u00e7\u00e3o Sul SC\"},\"description\":\"Foco em um jornalismo imparcial, voltado \u00e0 qualidade dos seus conte\u00fados e, assim, levar informa\u00e7\u00e3o de valor que agregue \u00e0 vida dos leitores. Esta \u00e9 grande miss\u00e3o do Portal de Not\u00edcias Sul SC. N\u00e3o \u00e9 quantidade que muda o mundo, sempre foi e seguir\u00e1 sendo qualidade!\",\"sameAs\":[\"https:\/\/sulsc.com\/\",\"https:\/\/www.facebook.com\/profile.php?id=61559278119680\",\"https:\/\/www.instagram.com\/sulscportal\/?hl=pt-br\",\"https:\/\/twitter.com\/https:\/\/twitter.com\/PortalSulSC\",\"https:\/\/www.youtube.com\/channel\/UCv_BE8GeySluDov2n8qhVmw\"],\"url\":\"https:\/\/sulsc.com\/index.php\/author\/redacao\/\"}]}<\/script>\n<!-- \/ Yoast SEO plugin. -->","yoast_head_json":{"title":"Homem \u00e9 condenado a 39 anos de reclus\u00e3o por feminic\u00eddio praticado contra a esposa em Crici\u00fama -","robots":{"index":"index","follow":"follow","max-snippet":"max-snippet:-1","max-image-preview":"max-image-preview:large","max-video-preview":"max-video-preview:-1"},"canonical":"https:\/\/sulsc.com\/index.php\/2025\/12\/04\/homem-e-condenado-a-39-anos-de-reclusao-por-feminicidio-praticado-contra-a-esposa-em-criciuma\/","og_locale":"en_US","og_type":"article","og_title":"Homem \u00e9 condenado a 39 anos de reclus\u00e3o por feminic\u00eddio praticado contra a esposa em Crici\u00fama -","og_description":"O crime ocorreu na madrugada de 16 de fevereiro de 2025, na resid\u00eancia do casal, em Crici\u00fama. A v\u00edtima foi morta asfixiada e com duas facadas no pesco\u00e7o porque o homem n\u00e3o aceitava que a mulher quisesse p\u00f4r fim ao relacionamento. O caso foi julgado com base na nova legisla\u00e7\u00e3o que tornou o feminic\u00eddio um &hellip; Homem \u00e9 condenado a 39 anos de reclus\u00e3o por feminic\u00eddio praticado contra a esposa em Crici\u00fama Read More &raquo;","og_url":"https:\/\/sulsc.com\/index.php\/2025\/12\/04\/homem-e-condenado-a-39-anos-de-reclusao-por-feminicidio-praticado-contra-a-esposa-em-criciuma\/","article_author":"https:\/\/www.facebook.com\/profile.php?id=61559278119680","article_published_time":"2025-12-04T14:50:57+00:00","article_modified_time":"2025-12-04T14:58:04+00:00","og_image":[{"width":2560,"height":1716,"url":"http:\/\/sulsc.com\/wp-content\/uploads\/2023\/09\/martelo-julgamento-justica-scaled.jpg","type":"image\/jpeg"}],"author":"Reda\u00e7\u00e3o Sul SC","twitter_card":"summary_large_image","twitter_creator":"@https:\/\/twitter.com\/PortalSulSC","twitter_misc":{"Written by":"Reda\u00e7\u00e3o Sul SC","Est. reading time":"3 minutes"},"schema":{"@context":"https:\/\/schema.org","@graph":[{"@type":"WebPage","@id":"https:\/\/sulsc.com\/index.php\/2025\/12\/04\/homem-e-condenado-a-39-anos-de-reclusao-por-feminicidio-praticado-contra-a-esposa-em-criciuma\/","url":"https:\/\/sulsc.com\/index.php\/2025\/12\/04\/homem-e-condenado-a-39-anos-de-reclusao-por-feminicidio-praticado-contra-a-esposa-em-criciuma\/","name":"Homem \u00e9 condenado a 39 anos de reclus\u00e3o por feminic\u00eddio praticado contra a esposa em Crici\u00fama -","isPartOf":{"@id":"https:\/\/sulsc.com\/#website"},"datePublished":"2025-12-04T14:50:57+00:00","dateModified":"2025-12-04T14:58:04+00:00","author":{"@id":"https:\/\/sulsc.com\/#\/schema\/person\/84d2fc571684f6248ba83092f07750a3"},"breadcrumb":{"@id":"https:\/\/sulsc.com\/index.php\/2025\/12\/04\/homem-e-condenado-a-39-anos-de-reclusao-por-feminicidio-praticado-contra-a-esposa-em-criciuma\/#breadcrumb"},"inLanguage":"en-US","potentialAction":[{"@type":"ReadAction","target":["https:\/\/sulsc.com\/index.php\/2025\/12\/04\/homem-e-condenado-a-39-anos-de-reclusao-por-feminicidio-praticado-contra-a-esposa-em-criciuma\/"]}]},{"@type":"BreadcrumbList","@id":"https:\/\/sulsc.com\/index.php\/2025\/12\/04\/homem-e-condenado-a-39-anos-de-reclusao-por-feminicidio-praticado-contra-a-esposa-em-criciuma\/#breadcrumb","itemListElement":[{"@type":"ListItem","position":1,"name":"In\u00edcio","item":"https:\/\/sulsc.com\/"},{"@type":"ListItem","position":2,"name":"Homem \u00e9 condenado a 39 anos de reclus\u00e3o por feminic\u00eddio praticado contra a esposa em Crici\u00fama"}]},{"@type":"WebSite","@id":"https:\/\/sulsc.com\/#website","url":"https:\/\/sulsc.com\/","name":"","description":"","potentialAction":[{"@type":"SearchAction","target":{"@type":"EntryPoint","urlTemplate":"https:\/\/sulsc.com\/?s={search_term_string}"},"query-input":"required name=search_term_string"}],"inLanguage":"en-US"},{"@type":"Person","@id":"https:\/\/sulsc.com\/#\/schema\/person\/84d2fc571684f6248ba83092f07750a3","name":"Reda\u00e7\u00e3o Sul SC","image":{"@type":"ImageObject","inLanguage":"en-US","@id":"https:\/\/sulsc.com\/#\/schema\/person\/image\/e08d7fe2cc4ed596372063bbe852b8d0","url":"https:\/\/sulsc.com\/wp-content\/uploads\/2023\/09\/redacao.png","contentUrl":"https:\/\/sulsc.com\/wp-content\/uploads\/2023\/09\/redacao.png","caption":"Reda\u00e7\u00e3o Sul SC"},"description":"Foco em um jornalismo imparcial, voltado \u00e0 qualidade dos seus conte\u00fados e, assim, levar informa\u00e7\u00e3o de valor que agregue \u00e0 vida dos leitores. Esta \u00e9 grande miss\u00e3o do Portal de Not\u00edcias Sul SC. N\u00e3o \u00e9 quantidade que muda o mundo, sempre foi e seguir\u00e1 sendo qualidade!","sameAs":["https:\/\/sulsc.com\/","https:\/\/www.facebook.com\/profile.php?id=61559278119680","https:\/\/www.instagram.com\/sulscportal\/?hl=pt-br","https:\/\/twitter.com\/https:\/\/twitter.com\/PortalSulSC","https:\/\/www.youtube.com\/channel\/UCv_BE8GeySluDov2n8qhVmw"],"url":"https:\/\/sulsc.com\/index.php\/author\/redacao\/"}]}},"authors":[],"_links":{"self":[{"href":"https:\/\/sulsc.com\/index.php\/wp-json\/wp\/v2\/posts\/30462"}],"collection":[{"href":"https:\/\/sulsc.com\/index.php\/wp-json\/wp\/v2\/posts"}],"about":[{"href":"https:\/\/sulsc.com\/index.php\/wp-json\/wp\/v2\/types\/post"}],"author":[{"embeddable":true,"href":"https:\/\/sulsc.com\/index.php\/wp-json\/wp\/v2\/users\/3"}],"replies":[{"embeddable":true,"href":"https:\/\/sulsc.com\/index.php\/wp-json\/wp\/v2\/comments?post=30462"}],"version-history":[{"count":4,"href":"https:\/\/sulsc.com\/index.php\/wp-json\/wp\/v2\/posts\/30462\/revisions"}],"predecessor-version":[{"id":30469,"href":"https:\/\/sulsc.com\/index.php\/wp-json\/wp\/v2\/posts\/30462\/revisions\/30469"}],"wp:featuredmedia":[{"embeddable":true,"href":"https:\/\/sulsc.com\/index.php\/wp-json\/wp\/v2\/media\/1573"}],"wp:attachment":[{"href":"https:\/\/sulsc.com\/index.php\/wp-json\/wp\/v2\/media?parent=30462"}],"wp:term":[{"taxonomy":"category","embeddable":true,"href":"https:\/\/sulsc.com\/index.php\/wp-json\/wp\/v2\/categories?post=30462"},{"taxonomy":"post_tag","embeddable":true,"href":"https:\/\/sulsc.com\/index.php\/wp-json\/wp\/v2\/tags?post=30462"}],"curies":[{"name":"wp","href":"https:\/\/api.w.org\/{rel}","templated":true}]}}