{"id":30488,"date":"2025-12-05T07:09:10","date_gmt":"2025-12-05T10:09:10","guid":{"rendered":"https:\/\/sulsc.com\/?p=30488"},"modified":"2025-12-05T07:09:10","modified_gmt":"2025-12-05T10:09:10","slug":"sexta-feira-05-dia-de-sol-e-maximas-passando-dos-29oc-no-litoral-sul","status":"publish","type":"post","link":"https:\/\/sulsc.com\/index.php\/2025\/12\/05\/sexta-feira-05-dia-de-sol-e-maximas-passando-dos-29oc-no-litoral-sul\/","title":{"rendered":"Sexta-feira (05) dia de sol e m\u00e1ximas passando dos 29\u00baC no Litoral Sul"},"content":{"rendered":"<p>Nesta sexta-feira (05), ainda h\u00e1 condi\u00e7\u00f5es para chuva fraca, isolada e passageira no litoral, especialmente nessas primeiras horas da manh\u00e3 e no final do dia. Mas o tempo volta a ficar firme em todo o estado, no decorrer do dia, com predom\u00ednio de sol no Grande Oeste e poucas nuvens nas demais regi\u00f5es. N\u00e3o h\u00e1 risco para ocorr\u00eancias meteorol\u00f3gicas.<\/p>\n<p><strong>Temperaturas<\/strong><\/p>\n<p>No inicio da amanh\u00e3, as temperaturas ficam entre 10 e 13\u00b0C nas \u00e1reas de serra e entre 13 e 21\u00b0C nas demais regi\u00f5es. \u00c0 tarde esquenta e as temperaturas passam dos 30\u00b0C no Grande Oeste, podendo chegar a 35\u00b0C no Extremo Oeste, variam entre 25 e 31\u00b0C nos Planaltos, Vale do Itaja\u00ed e Litoral. J\u00e1 nas regi\u00f5es serranas ficam entre 20 e 25\u00b0C .<\/p>\n<p><img fetchpriority=\"high\" decoding=\"async\" class=\"aligncenter size-full wp-image-30489\" src=\"http:\/\/sulsc.com\/wp-content\/uploads\/2025\/12\/image-116-1024x697-1.png\" alt=\"\" width=\"1024\" height=\"697\" srcset=\"https:\/\/sulsc.com\/wp-content\/uploads\/2025\/12\/image-116-1024x697-1.png 1024w, https:\/\/sulsc.com\/wp-content\/uploads\/2025\/12\/image-116-1024x697-1-300x204.png 300w, https:\/\/sulsc.com\/wp-content\/uploads\/2025\/12\/image-116-1024x697-1-768x523.png 768w\" sizes=\"(max-width: 1024px) 100vw, 1024px\" \/><\/p>\n<p><img decoding=\"async\" class=\"aligncenter size-full wp-image-22836\" src=\"http:\/\/sulsc.com\/wp-content\/uploads\/2025\/04\/Tempo-2.png\" alt=\"\" width=\"1024\" height=\"189\" srcset=\"https:\/\/sulsc.com\/wp-content\/uploads\/2025\/04\/Tempo-2.png 1024w, https:\/\/sulsc.com\/wp-content\/uploads\/2025\/04\/Tempo-2-300x55.png 300w, https:\/\/sulsc.com\/wp-content\/uploads\/2025\/04\/Tempo-2-768x142.png 768w\" sizes=\"(max-width: 1024px) 100vw, 1024px\" \/><\/p>\n<p><strong>Ventos:<\/strong> nordeste, fraco a moderado.<\/p>\n<p><strong>Sistema predominante:<\/strong> alta press\u00e3o no litoral do RS, com circula\u00e7\u00e3o mar\u00edtima no litoral de SC.<\/p>\n<div id=\"metaslider-id-25573\" style=\"width: 100%;\" class=\"ml-slider-3-99-0 metaslider metaslider-flex metaslider-25573 ml-slider has-onhover-arrows ms-theme-default-base has-dots-nav\" role=\"region\" aria-label=\"Meio\" data-width=\"1200\">\n    <div id=\"metaslider_container_25573\">\n        <div id=\"metaslider_25573\">\n            <ul class='slides'>\n                <li style=\"display: block; width: 100%;\" class=\"slide-25684 ms-image \" aria-roledescription=\"slide\" data-date=\"2025-07-24 07:55:40\"><img src=\"https:\/\/sulsc.com\/wp-content\/uploads\/2025\/07\/Marr-2-1000x166.jpg\" height=\"200\" width=\"1200\" alt=\"\" class=\"slider-25573 slide-25684 msDefaultImage\" title=\"Marr 2\" \/><\/li>\n                <li style=\"display: none; width: 100%;\" class=\"slide-32412 ms-image \" aria-roledescription=\"slide\" data-date=\"2026-02-18 13:59:46\"><img src=\"https:\/\/sulsc.com\/wp-content\/uploads\/2026\/02\/40dc1580-cad5-4867-bc58-c4243821ad38-1000x166.jpeg\" height=\"200\" width=\"1200\" alt=\"\" class=\"slider-25573 slide-32412 msDefaultImage\" title=\"40dc1580-cad5-4867-bc58-c4243821ad38\" \/><\/li>\n                <li style=\"display: none; width: 100%;\" class=\"slide-32766 ms-image \" aria-roledescription=\"slide\" data-date=\"2026-03-03 17:22:59\"><img src=\"https:\/\/sulsc.com\/wp-content\/uploads\/2026\/03\/271ce739-f268-41c5-8051-3de1a1750359-1000x166.jpeg\" height=\"200\" width=\"1200\" alt=\"\" class=\"slider-25573 slide-32766 msDefaultImage\" title=\"271ce739-f268-41c5-8051-3de1a1750359\" \/><\/li>\n            <\/ul>\n        <\/div>\n        \n    <\/div>\n<\/div>\n<p><strong>Amanh\u00e3 s\u00e1bado (06),<\/strong> o tempo permanece firme em todo o estado, com predom\u00ednio de sol com poucas nuvens, devido a atua\u00e7\u00e3o de um sistema de alta press\u00e3o, mas n\u00e3o se descarta a ocorr\u00eancia de chuva fraca e esparsa no litoral. As temperaturas ficam entre 10 e 15\u00b0C nas \u00e1reas de serra e entre 15 e 22\u00b0C nas demais regi\u00f5es pela amanh\u00e3. \u00c0 tarde esquenta ainda mais e as temperaturas passam dos 30\u00b0C em praticamente todo o estado. No Litoral Sul os term\u00f4metros podem chegar aos 34\u00baC, e no Oeste aos 36\u00baC . Apenas nas \u00e1reas de serra \u00e9 que as m\u00e1ximas ficam entre 23 e 28\u00b0C.<\/p>\n<p>Fonte: Defesa Civil-SC\/Epagri-Ciram<\/p>\n","protected":false},"excerpt":{"rendered":"<p>Nesta sexta-feira (05), ainda h\u00e1 condi\u00e7\u00f5es para chuva fraca, isolada e passageira no litoral, especialmente nessas primeiras horas da manh\u00e3 e no final do dia. Mas o tempo volta a ficar firme em todo o estado, no decorrer do dia, com predom\u00ednio de sol no Grande Oeste e poucas nuvens nas demais regi\u00f5es. N\u00e3o h\u00e1 &hellip;<\/p>\n<p class=\"read-more\"> <a class=\"\" href=\"https:\/\/sulsc.com\/index.php\/2025\/12\/05\/sexta-feira-05-dia-de-sol-e-maximas-passando-dos-29oc-no-litoral-sul\/\"> <span class=\"screen-reader-text\">Sexta-feira (05) dia de sol e m\u00e1ximas passando dos 29\u00baC no Litoral Sul<\/span> Read More &raquo;<\/a><\/p>\n","protected":false},"author":3,"featured_media":30490,"comment_status":"open","ping_status":"open","sticky":false,"template":"","format":"standard","meta":{"site-sidebar-layout":"default","site-content-layout":"","ast-site-content-layout":"default","site-content-style":"default","site-sidebar-style":"default","ast-global-header-display":"","ast-banner-title-visibility":"","ast-main-header-display":"","ast-hfb-above-header-display":"","ast-hfb-below-header-display":"","ast-hfb-mobile-header-display":"","site-post-title":"","ast-breadcrumbs-content":"","ast-featured-img":"","footer-sml-layout":"","theme-transparent-header-meta":"default","adv-header-id-meta":"","stick-header-meta":"","header-above-stick-meta":"","header-main-stick-meta":"","header-below-stick-meta":"","astra-migrate-meta-layouts":"set","footnotes":""},"categories":[2354,2231,1,14,38,12],"tags":[90],"yoast_head":"<!-- This site is optimized with the Yoast SEO plugin v21.4 - https:\/\/yoast.com\/wordpress\/plugins\/seo\/ -->\n<title>Sexta-feira (05) dia de sol e m\u00e1ximas passando dos 29\u00baC no Litoral Sul -<\/title>\n<meta name=\"robots\" content=\"index, follow, max-snippet:-1, max-image-preview:large, max-video-preview:-1\" \/>\n<link rel=\"canonical\" href=\"https:\/\/sulsc.com\/index.php\/2025\/12\/05\/sexta-feira-05-dia-de-sol-e-maximas-passando-dos-29oc-no-litoral-sul\/\" \/>\n<meta property=\"og:locale\" content=\"en_US\" \/>\n<meta property=\"og:type\" content=\"article\" \/>\n<meta property=\"og:title\" content=\"Sexta-feira (05) dia de sol e m\u00e1ximas passando dos 29\u00baC no Litoral Sul -\" \/>\n<meta property=\"og:description\" content=\"Nesta sexta-feira (05), ainda h\u00e1 condi\u00e7\u00f5es para chuva fraca, isolada e passageira no litoral, especialmente nessas primeiras horas da manh\u00e3 e no final do dia. Mas o tempo volta a ficar firme em todo o estado, no decorrer do dia, com predom\u00ednio de sol no Grande Oeste e poucas nuvens nas demais regi\u00f5es. N\u00e3o h\u00e1 &hellip; Sexta-feira (05) dia de sol e m\u00e1ximas passando dos 29\u00baC no Litoral Sul Read More &raquo;\" \/>\n<meta property=\"og:url\" content=\"https:\/\/sulsc.com\/index.php\/2025\/12\/05\/sexta-feira-05-dia-de-sol-e-maximas-passando-dos-29oc-no-litoral-sul\/\" \/>\n<meta property=\"article:author\" content=\"https:\/\/www.facebook.com\/profile.php?id=61559278119680\" \/>\n<meta property=\"article:published_time\" content=\"2025-12-05T10:09:10+00:00\" \/>\n<meta property=\"og:image\" content=\"http:\/\/sulsc.com\/wp-content\/uploads\/2025\/12\/79ca00db-acd8-461b-b80b-d14a9bf1f7ec.jpeg\" \/>\n\t<meta property=\"og:image:width\" content=\"868\" \/>\n\t<meta property=\"og:image:height\" content=\"1156\" \/>\n\t<meta property=\"og:image:type\" content=\"image\/jpeg\" \/>\n<meta name=\"author\" content=\"Reda\u00e7\u00e3o Sul SC\" \/>\n<meta name=\"twitter:card\" content=\"summary_large_image\" \/>\n<meta name=\"twitter:creator\" content=\"@https:\/\/twitter.com\/PortalSulSC\" \/>\n<meta name=\"twitter:label1\" content=\"Written by\" \/>\n\t<meta name=\"twitter:data1\" content=\"Reda\u00e7\u00e3o Sul SC\" \/>\n\t<meta name=\"twitter:label2\" content=\"Est. reading time\" \/>\n\t<meta name=\"twitter:data2\" content=\"2 minutes\" \/>\n<script type=\"application\/ld+json\" class=\"yoast-schema-graph\">{\"@context\":\"https:\/\/schema.org\",\"@graph\":[{\"@type\":\"WebPage\",\"@id\":\"https:\/\/sulsc.com\/index.php\/2025\/12\/05\/sexta-feira-05-dia-de-sol-e-maximas-passando-dos-29oc-no-litoral-sul\/\",\"url\":\"https:\/\/sulsc.com\/index.php\/2025\/12\/05\/sexta-feira-05-dia-de-sol-e-maximas-passando-dos-29oc-no-litoral-sul\/\",\"name\":\"Sexta-feira (05) dia de sol e m\u00e1ximas passando dos 29\u00baC no Litoral Sul -\",\"isPartOf\":{\"@id\":\"https:\/\/sulsc.com\/#website\"},\"datePublished\":\"2025-12-05T10:09:10+00:00\",\"dateModified\":\"2025-12-05T10:09:10+00:00\",\"author\":{\"@id\":\"https:\/\/sulsc.com\/#\/schema\/person\/84d2fc571684f6248ba83092f07750a3\"},\"breadcrumb\":{\"@id\":\"https:\/\/sulsc.com\/index.php\/2025\/12\/05\/sexta-feira-05-dia-de-sol-e-maximas-passando-dos-29oc-no-litoral-sul\/#breadcrumb\"},\"inLanguage\":\"en-US\",\"potentialAction\":[{\"@type\":\"ReadAction\",\"target\":[\"https:\/\/sulsc.com\/index.php\/2025\/12\/05\/sexta-feira-05-dia-de-sol-e-maximas-passando-dos-29oc-no-litoral-sul\/\"]}]},{\"@type\":\"BreadcrumbList\",\"@id\":\"https:\/\/sulsc.com\/index.php\/2025\/12\/05\/sexta-feira-05-dia-de-sol-e-maximas-passando-dos-29oc-no-litoral-sul\/#breadcrumb\",\"itemListElement\":[{\"@type\":\"ListItem\",\"position\":1,\"name\":\"In\u00edcio\",\"item\":\"https:\/\/sulsc.com\/\"},{\"@type\":\"ListItem\",\"position\":2,\"name\":\"Sexta-feira (05) dia de sol e m\u00e1ximas passando dos 29\u00baC no Litoral Sul\"}]},{\"@type\":\"WebSite\",\"@id\":\"https:\/\/sulsc.com\/#website\",\"url\":\"https:\/\/sulsc.com\/\",\"name\":\"\",\"description\":\"\",\"potentialAction\":[{\"@type\":\"SearchAction\",\"target\":{\"@type\":\"EntryPoint\",\"urlTemplate\":\"https:\/\/sulsc.com\/?s={search_term_string}\"},\"query-input\":\"required name=search_term_string\"}],\"inLanguage\":\"en-US\"},{\"@type\":\"Person\",\"@id\":\"https:\/\/sulsc.com\/#\/schema\/person\/84d2fc571684f6248ba83092f07750a3\",\"name\":\"Reda\u00e7\u00e3o Sul SC\",\"image\":{\"@type\":\"ImageObject\",\"inLanguage\":\"en-US\",\"@id\":\"https:\/\/sulsc.com\/#\/schema\/person\/image\/e08d7fe2cc4ed596372063bbe852b8d0\",\"url\":\"https:\/\/sulsc.com\/wp-content\/uploads\/2023\/09\/redacao.png\",\"contentUrl\":\"https:\/\/sulsc.com\/wp-content\/uploads\/2023\/09\/redacao.png\",\"caption\":\"Reda\u00e7\u00e3o Sul SC\"},\"description\":\"Foco em um jornalismo imparcial, voltado \u00e0 qualidade dos seus conte\u00fados e, assim, levar informa\u00e7\u00e3o de valor que agregue \u00e0 vida dos leitores. Esta \u00e9 grande miss\u00e3o do Portal de Not\u00edcias Sul SC. N\u00e3o \u00e9 quantidade que muda o mundo, sempre foi e seguir\u00e1 sendo qualidade!\",\"sameAs\":[\"https:\/\/sulsc.com\/\",\"https:\/\/www.facebook.com\/profile.php?id=61559278119680\",\"https:\/\/www.instagram.com\/sulscportal\/?hl=pt-br\",\"https:\/\/twitter.com\/https:\/\/twitter.com\/PortalSulSC\",\"https:\/\/www.youtube.com\/channel\/UCv_BE8GeySluDov2n8qhVmw\"],\"url\":\"https:\/\/sulsc.com\/index.php\/author\/redacao\/\"}]}<\/script>\n<!-- \/ Yoast SEO plugin. -->","yoast_head_json":{"title":"Sexta-feira (05) dia de sol e m\u00e1ximas passando dos 29\u00baC no Litoral Sul -","robots":{"index":"index","follow":"follow","max-snippet":"max-snippet:-1","max-image-preview":"max-image-preview:large","max-video-preview":"max-video-preview:-1"},"canonical":"https:\/\/sulsc.com\/index.php\/2025\/12\/05\/sexta-feira-05-dia-de-sol-e-maximas-passando-dos-29oc-no-litoral-sul\/","og_locale":"en_US","og_type":"article","og_title":"Sexta-feira (05) dia de sol e m\u00e1ximas passando dos 29\u00baC no Litoral Sul -","og_description":"Nesta sexta-feira (05), ainda h\u00e1 condi\u00e7\u00f5es para chuva fraca, isolada e passageira no litoral, especialmente nessas primeiras horas da manh\u00e3 e no final do dia. Mas o tempo volta a ficar firme em todo o estado, no decorrer do dia, com predom\u00ednio de sol no Grande Oeste e poucas nuvens nas demais regi\u00f5es. N\u00e3o h\u00e1 &hellip; Sexta-feira (05) dia de sol e m\u00e1ximas passando dos 29\u00baC no Litoral Sul Read More &raquo;","og_url":"https:\/\/sulsc.com\/index.php\/2025\/12\/05\/sexta-feira-05-dia-de-sol-e-maximas-passando-dos-29oc-no-litoral-sul\/","article_author":"https:\/\/www.facebook.com\/profile.php?id=61559278119680","article_published_time":"2025-12-05T10:09:10+00:00","og_image":[{"width":868,"height":1156,"url":"http:\/\/sulsc.com\/wp-content\/uploads\/2025\/12\/79ca00db-acd8-461b-b80b-d14a9bf1f7ec.jpeg","type":"image\/jpeg"}],"author":"Reda\u00e7\u00e3o Sul SC","twitter_card":"summary_large_image","twitter_creator":"@https:\/\/twitter.com\/PortalSulSC","twitter_misc":{"Written by":"Reda\u00e7\u00e3o Sul SC","Est. reading time":"2 minutes"},"schema":{"@context":"https:\/\/schema.org","@graph":[{"@type":"WebPage","@id":"https:\/\/sulsc.com\/index.php\/2025\/12\/05\/sexta-feira-05-dia-de-sol-e-maximas-passando-dos-29oc-no-litoral-sul\/","url":"https:\/\/sulsc.com\/index.php\/2025\/12\/05\/sexta-feira-05-dia-de-sol-e-maximas-passando-dos-29oc-no-litoral-sul\/","name":"Sexta-feira (05) dia de sol e m\u00e1ximas passando dos 29\u00baC no Litoral Sul -","isPartOf":{"@id":"https:\/\/sulsc.com\/#website"},"datePublished":"2025-12-05T10:09:10+00:00","dateModified":"2025-12-05T10:09:10+00:00","author":{"@id":"https:\/\/sulsc.com\/#\/schema\/person\/84d2fc571684f6248ba83092f07750a3"},"breadcrumb":{"@id":"https:\/\/sulsc.com\/index.php\/2025\/12\/05\/sexta-feira-05-dia-de-sol-e-maximas-passando-dos-29oc-no-litoral-sul\/#breadcrumb"},"inLanguage":"en-US","potentialAction":[{"@type":"ReadAction","target":["https:\/\/sulsc.com\/index.php\/2025\/12\/05\/sexta-feira-05-dia-de-sol-e-maximas-passando-dos-29oc-no-litoral-sul\/"]}]},{"@type":"BreadcrumbList","@id":"https:\/\/sulsc.com\/index.php\/2025\/12\/05\/sexta-feira-05-dia-de-sol-e-maximas-passando-dos-29oc-no-litoral-sul\/#breadcrumb","itemListElement":[{"@type":"ListItem","position":1,"name":"In\u00edcio","item":"https:\/\/sulsc.com\/"},{"@type":"ListItem","position":2,"name":"Sexta-feira (05) dia de sol e m\u00e1ximas passando dos 29\u00baC no Litoral Sul"}]},{"@type":"WebSite","@id":"https:\/\/sulsc.com\/#website","url":"https:\/\/sulsc.com\/","name":"","description":"","potentialAction":[{"@type":"SearchAction","target":{"@type":"EntryPoint","urlTemplate":"https:\/\/sulsc.com\/?s={search_term_string}"},"query-input":"required name=search_term_string"}],"inLanguage":"en-US"},{"@type":"Person","@id":"https:\/\/sulsc.com\/#\/schema\/person\/84d2fc571684f6248ba83092f07750a3","name":"Reda\u00e7\u00e3o Sul SC","image":{"@type":"ImageObject","inLanguage":"en-US","@id":"https:\/\/sulsc.com\/#\/schema\/person\/image\/e08d7fe2cc4ed596372063bbe852b8d0","url":"https:\/\/sulsc.com\/wp-content\/uploads\/2023\/09\/redacao.png","contentUrl":"https:\/\/sulsc.com\/wp-content\/uploads\/2023\/09\/redacao.png","caption":"Reda\u00e7\u00e3o Sul SC"},"description":"Foco em um jornalismo imparcial, voltado \u00e0 qualidade dos seus conte\u00fados e, assim, levar informa\u00e7\u00e3o de valor que agregue \u00e0 vida dos leitores. Esta \u00e9 grande miss\u00e3o do Portal de Not\u00edcias Sul SC. N\u00e3o \u00e9 quantidade que muda o mundo, sempre foi e seguir\u00e1 sendo qualidade!","sameAs":["https:\/\/sulsc.com\/","https:\/\/www.facebook.com\/profile.php?id=61559278119680","https:\/\/www.instagram.com\/sulscportal\/?hl=pt-br","https:\/\/twitter.com\/https:\/\/twitter.com\/PortalSulSC","https:\/\/www.youtube.com\/channel\/UCv_BE8GeySluDov2n8qhVmw"],"url":"https:\/\/sulsc.com\/index.php\/author\/redacao\/"}]}},"authors":[],"_links":{"self":[{"href":"https:\/\/sulsc.com\/index.php\/wp-json\/wp\/v2\/posts\/30488"}],"collection":[{"href":"https:\/\/sulsc.com\/index.php\/wp-json\/wp\/v2\/posts"}],"about":[{"href":"https:\/\/sulsc.com\/index.php\/wp-json\/wp\/v2\/types\/post"}],"author":[{"embeddable":true,"href":"https:\/\/sulsc.com\/index.php\/wp-json\/wp\/v2\/users\/3"}],"replies":[{"embeddable":true,"href":"https:\/\/sulsc.com\/index.php\/wp-json\/wp\/v2\/comments?post=30488"}],"version-history":[{"count":1,"href":"https:\/\/sulsc.com\/index.php\/wp-json\/wp\/v2\/posts\/30488\/revisions"}],"predecessor-version":[{"id":30491,"href":"https:\/\/sulsc.com\/index.php\/wp-json\/wp\/v2\/posts\/30488\/revisions\/30491"}],"wp:featuredmedia":[{"embeddable":true,"href":"https:\/\/sulsc.com\/index.php\/wp-json\/wp\/v2\/media\/30490"}],"wp:attachment":[{"href":"https:\/\/sulsc.com\/index.php\/wp-json\/wp\/v2\/media?parent=30488"}],"wp:term":[{"taxonomy":"category","embeddable":true,"href":"https:\/\/sulsc.com\/index.php\/wp-json\/wp\/v2\/categories?post=30488"},{"taxonomy":"post_tag","embeddable":true,"href":"https:\/\/sulsc.com\/index.php\/wp-json\/wp\/v2\/tags?post=30488"}],"curies":[{"name":"wp","href":"https:\/\/api.w.org\/{rel}","templated":true}]}}