{"id":30495,"date":"2025-12-05T08:08:23","date_gmt":"2025-12-05T11:08:23","guid":{"rendered":"https:\/\/sulsc.com\/?p=30495"},"modified":"2025-12-05T08:08:23","modified_gmt":"2025-12-05T11:08:23","slug":"homem-e-preso-por-sequestro-e-carcere-privado-em-cocal-do-sul","status":"publish","type":"post","link":"https:\/\/sulsc.com\/index.php\/2025\/12\/05\/homem-e-preso-por-sequestro-e-carcere-privado-em-cocal-do-sul\/","title":{"rendered":"Homem \u00e9 Preso por Sequestro e C\u00e1rcere Privado em Cocal do Sul"},"content":{"rendered":"<p>Na manh\u00e3 desta quinta-feira (04), por volta das 07h57, a Pol\u00edcia Militar foi acionada para atender a uma ocorr\u00eancia de sequestro e c\u00e1rcere privado em Cocal do Sul, na Avenida Valentim Fachin, bairro Cristo Rei. Uma mulher de 27 anos contatou aos policiais, que o ex-companheiro de sua irm\u00e3, um homem de 43 anos, invadiu a resid\u00eancia armado com uma faca e uma machadinha, amarrando-a com uma corda antes de levar sua ex-companheira, de 39 anos, em um ve\u00edculo.<\/p>\n<div id=\"metaslider-id-25573\" style=\"width: 100%;\" class=\"ml-slider-3-99-0 metaslider metaslider-flex metaslider-25573 ml-slider has-onhover-arrows ms-theme-default-base has-dots-nav\" role=\"region\" aria-label=\"Meio\" data-width=\"1200\">\n    <div id=\"metaslider_container_25573\">\n        <div id=\"metaslider_25573\">\n            <ul class='slides'>\n                <li style=\"display: block; width: 100%;\" class=\"slide-25684 ms-image \" aria-roledescription=\"slide\" data-date=\"2025-07-24 07:55:40\"><img src=\"https:\/\/sulsc.com\/wp-content\/uploads\/2025\/07\/Marr-2-1000x166.jpg\" height=\"200\" width=\"1200\" alt=\"\" class=\"slider-25573 slide-25684 msDefaultImage\" title=\"Marr 2\" \/><\/li>\n                <li style=\"display: none; width: 100%;\" class=\"slide-32412 ms-image \" aria-roledescription=\"slide\" data-date=\"2026-02-18 13:59:46\"><img src=\"https:\/\/sulsc.com\/wp-content\/uploads\/2026\/02\/40dc1580-cad5-4867-bc58-c4243821ad38-1000x166.jpeg\" height=\"200\" width=\"1200\" alt=\"\" class=\"slider-25573 slide-32412 msDefaultImage\" title=\"40dc1580-cad5-4867-bc58-c4243821ad38\" \/><\/li>\n                <li style=\"display: none; width: 100%;\" class=\"slide-32766 ms-image \" aria-roledescription=\"slide\" data-date=\"2026-03-03 17:22:59\"><img src=\"https:\/\/sulsc.com\/wp-content\/uploads\/2026\/03\/271ce739-f268-41c5-8051-3de1a1750359-1000x166.jpeg\" height=\"200\" width=\"1200\" alt=\"\" class=\"slider-25573 slide-32766 msDefaultImage\" title=\"271ce739-f268-41c5-8051-3de1a1750359\" \/><\/li>\n            <\/ul>\n        <\/div>\n        \n    <\/div>\n<\/div>\n<p>Ap\u00f3s conseguir se soltar, a solicitante acionou a PM, que mobilizou guarni\u00e7\u00f5es das cidades vizinhas. Por volta das 09h, o ve\u00edculo foi localizado em uma \u00e1rea isolada pr\u00f3xima \u00e0 barragem de Sider\u00f3polis, conhecida como trilha da Gruta da Serrinha. A v\u00edtima foi encontrada no local, onde relatou ter sido amea\u00e7ada e for\u00e7ada a acompanh\u00e1-lo sob coa\u00e7\u00e3o.<\/p>\n<p>O homem admitiu ter ci\u00eancia da medida protetiva em vigor e alegou que foi ao encontro da v\u00edtima &#8220;para conversar&#8221;. Ele foi preso e conduzido \u00e0 Central de Pol\u00edcia Civil, onde o ve\u00edculo e os objetos apreendidos tamb\u00e9m foram apresentados. Diante dos fatos, o homem foi autuado por sequestro, c\u00e1rcere privado e descumprimento de medida protetiva de urg\u00eancia.<\/p>\n<p><img fetchpriority=\"high\" decoding=\"async\" class=\"aligncenter size-full wp-image-23749\" src=\"http:\/\/sulsc.com\/wp-content\/uploads\/2025\/05\/Giroflex-Policia.jpg\" alt=\"\" width=\"800\" height=\"500\" srcset=\"https:\/\/sulsc.com\/wp-content\/uploads\/2025\/05\/Giroflex-Policia.jpg 800w, https:\/\/sulsc.com\/wp-content\/uploads\/2025\/05\/Giroflex-Policia-300x188.jpg 300w, https:\/\/sulsc.com\/wp-content\/uploads\/2025\/05\/Giroflex-Policia-768x480.jpg 768w\" sizes=\"(max-width: 800px) 100vw, 800px\" \/><\/p>\n<p>PMSC\/Divulga\u00e7\u00e3o\/SulSC<\/p>\n","protected":false},"excerpt":{"rendered":"<p>Na manh\u00e3 desta quinta-feira (04), por volta das 07h57, a Pol\u00edcia Militar foi acionada para atender a uma ocorr\u00eancia de sequestro e c\u00e1rcere privado em Cocal do Sul, na Avenida Valentim Fachin, bairro Cristo Rei. Uma mulher de 27 anos contatou aos policiais, que o ex-companheiro de sua irm\u00e3, um homem de 43 anos, invadiu &hellip;<\/p>\n<p class=\"read-more\"> <a class=\"\" href=\"https:\/\/sulsc.com\/index.php\/2025\/12\/05\/homem-e-preso-por-sequestro-e-carcere-privado-em-cocal-do-sul\/\"> <span class=\"screen-reader-text\">Homem \u00e9 Preso por Sequestro e C\u00e1rcere Privado em Cocal do Sul<\/span> Read More &raquo;<\/a><\/p>\n","protected":false},"author":3,"featured_media":30496,"comment_status":"open","ping_status":"open","sticky":false,"template":"","format":"standard","meta":{"site-sidebar-layout":"default","site-content-layout":"","ast-site-content-layout":"default","site-content-style":"default","site-sidebar-style":"default","ast-global-header-display":"","ast-banner-title-visibility":"","ast-main-header-display":"","ast-hfb-above-header-display":"","ast-hfb-below-header-display":"","ast-hfb-mobile-header-display":"","site-post-title":"","ast-breadcrumbs-content":"","ast-featured-img":"","footer-sml-layout":"","theme-transparent-header-meta":"default","adv-header-id-meta":"","stick-header-meta":"","header-above-stick-meta":"","header-main-stick-meta":"","header-below-stick-meta":"","astra-migrate-meta-layouts":"set","footnotes":""},"categories":[2354,1,14,8,12],"tags":[521],"yoast_head":"<!-- This site is optimized with the Yoast SEO plugin v21.4 - https:\/\/yoast.com\/wordpress\/plugins\/seo\/ -->\n<title>Homem \u00e9 Preso por Sequestro e C\u00e1rcere Privado em Cocal do Sul -<\/title>\n<meta name=\"robots\" content=\"index, follow, max-snippet:-1, max-image-preview:large, max-video-preview:-1\" \/>\n<link rel=\"canonical\" href=\"https:\/\/sulsc.com\/index.php\/2025\/12\/05\/homem-e-preso-por-sequestro-e-carcere-privado-em-cocal-do-sul\/\" \/>\n<meta property=\"og:locale\" content=\"en_US\" \/>\n<meta property=\"og:type\" content=\"article\" \/>\n<meta property=\"og:title\" content=\"Homem \u00e9 Preso por Sequestro e C\u00e1rcere Privado em Cocal do Sul -\" \/>\n<meta property=\"og:description\" content=\"Na manh\u00e3 desta quinta-feira (04), por volta das 07h57, a Pol\u00edcia Militar foi acionada para atender a uma ocorr\u00eancia de sequestro e c\u00e1rcere privado em Cocal do Sul, na Avenida Valentim Fachin, bairro Cristo Rei. Uma mulher de 27 anos contatou aos policiais, que o ex-companheiro de sua irm\u00e3, um homem de 43 anos, invadiu &hellip; Homem \u00e9 Preso por Sequestro e C\u00e1rcere Privado em Cocal do Sul Read More &raquo;\" \/>\n<meta property=\"og:url\" content=\"https:\/\/sulsc.com\/index.php\/2025\/12\/05\/homem-e-preso-por-sequestro-e-carcere-privado-em-cocal-do-sul\/\" \/>\n<meta property=\"article:author\" content=\"https:\/\/www.facebook.com\/profile.php?id=61559278119680\" \/>\n<meta property=\"article:published_time\" content=\"2025-12-05T11:08:23+00:00\" \/>\n<meta property=\"og:image\" content=\"http:\/\/sulsc.com\/wp-content\/uploads\/2025\/12\/maos-amarrado-com-corda-ao-redor-scaled.jpg\" \/>\n\t<meta property=\"og:image:width\" content=\"1955\" \/>\n\t<meta property=\"og:image:height\" content=\"2560\" \/>\n\t<meta property=\"og:image:type\" content=\"image\/jpeg\" \/>\n<meta name=\"author\" content=\"Reda\u00e7\u00e3o Sul SC\" \/>\n<meta name=\"twitter:card\" content=\"summary_large_image\" \/>\n<meta name=\"twitter:creator\" content=\"@https:\/\/twitter.com\/PortalSulSC\" \/>\n<meta name=\"twitter:label1\" content=\"Written by\" \/>\n\t<meta name=\"twitter:data1\" content=\"Reda\u00e7\u00e3o Sul SC\" \/>\n\t<meta name=\"twitter:label2\" content=\"Est. reading time\" \/>\n\t<meta name=\"twitter:data2\" content=\"2 minutes\" \/>\n<script type=\"application\/ld+json\" class=\"yoast-schema-graph\">{\"@context\":\"https:\/\/schema.org\",\"@graph\":[{\"@type\":\"WebPage\",\"@id\":\"https:\/\/sulsc.com\/index.php\/2025\/12\/05\/homem-e-preso-por-sequestro-e-carcere-privado-em-cocal-do-sul\/\",\"url\":\"https:\/\/sulsc.com\/index.php\/2025\/12\/05\/homem-e-preso-por-sequestro-e-carcere-privado-em-cocal-do-sul\/\",\"name\":\"Homem \u00e9 Preso por Sequestro e C\u00e1rcere Privado em Cocal do Sul -\",\"isPartOf\":{\"@id\":\"https:\/\/sulsc.com\/#website\"},\"datePublished\":\"2025-12-05T11:08:23+00:00\",\"dateModified\":\"2025-12-05T11:08:23+00:00\",\"author\":{\"@id\":\"https:\/\/sulsc.com\/#\/schema\/person\/84d2fc571684f6248ba83092f07750a3\"},\"breadcrumb\":{\"@id\":\"https:\/\/sulsc.com\/index.php\/2025\/12\/05\/homem-e-preso-por-sequestro-e-carcere-privado-em-cocal-do-sul\/#breadcrumb\"},\"inLanguage\":\"en-US\",\"potentialAction\":[{\"@type\":\"ReadAction\",\"target\":[\"https:\/\/sulsc.com\/index.php\/2025\/12\/05\/homem-e-preso-por-sequestro-e-carcere-privado-em-cocal-do-sul\/\"]}]},{\"@type\":\"BreadcrumbList\",\"@id\":\"https:\/\/sulsc.com\/index.php\/2025\/12\/05\/homem-e-preso-por-sequestro-e-carcere-privado-em-cocal-do-sul\/#breadcrumb\",\"itemListElement\":[{\"@type\":\"ListItem\",\"position\":1,\"name\":\"In\u00edcio\",\"item\":\"https:\/\/sulsc.com\/\"},{\"@type\":\"ListItem\",\"position\":2,\"name\":\"Homem \u00e9 Preso por Sequestro e C\u00e1rcere Privado em Cocal do Sul\"}]},{\"@type\":\"WebSite\",\"@id\":\"https:\/\/sulsc.com\/#website\",\"url\":\"https:\/\/sulsc.com\/\",\"name\":\"\",\"description\":\"\",\"potentialAction\":[{\"@type\":\"SearchAction\",\"target\":{\"@type\":\"EntryPoint\",\"urlTemplate\":\"https:\/\/sulsc.com\/?s={search_term_string}\"},\"query-input\":\"required name=search_term_string\"}],\"inLanguage\":\"en-US\"},{\"@type\":\"Person\",\"@id\":\"https:\/\/sulsc.com\/#\/schema\/person\/84d2fc571684f6248ba83092f07750a3\",\"name\":\"Reda\u00e7\u00e3o Sul SC\",\"image\":{\"@type\":\"ImageObject\",\"inLanguage\":\"en-US\",\"@id\":\"https:\/\/sulsc.com\/#\/schema\/person\/image\/e08d7fe2cc4ed596372063bbe852b8d0\",\"url\":\"https:\/\/sulsc.com\/wp-content\/uploads\/2023\/09\/redacao.png\",\"contentUrl\":\"https:\/\/sulsc.com\/wp-content\/uploads\/2023\/09\/redacao.png\",\"caption\":\"Reda\u00e7\u00e3o Sul SC\"},\"description\":\"Foco em um jornalismo imparcial, voltado \u00e0 qualidade dos seus conte\u00fados e, assim, levar informa\u00e7\u00e3o de valor que agregue \u00e0 vida dos leitores. Esta \u00e9 grande miss\u00e3o do Portal de Not\u00edcias Sul SC. N\u00e3o \u00e9 quantidade que muda o mundo, sempre foi e seguir\u00e1 sendo qualidade!\",\"sameAs\":[\"https:\/\/sulsc.com\/\",\"https:\/\/www.facebook.com\/profile.php?id=61559278119680\",\"https:\/\/www.instagram.com\/sulscportal\/?hl=pt-br\",\"https:\/\/twitter.com\/https:\/\/twitter.com\/PortalSulSC\",\"https:\/\/www.youtube.com\/channel\/UCv_BE8GeySluDov2n8qhVmw\"],\"url\":\"https:\/\/sulsc.com\/index.php\/author\/redacao\/\"}]}<\/script>\n<!-- \/ Yoast SEO plugin. -->","yoast_head_json":{"title":"Homem \u00e9 Preso por Sequestro e C\u00e1rcere Privado em Cocal do Sul -","robots":{"index":"index","follow":"follow","max-snippet":"max-snippet:-1","max-image-preview":"max-image-preview:large","max-video-preview":"max-video-preview:-1"},"canonical":"https:\/\/sulsc.com\/index.php\/2025\/12\/05\/homem-e-preso-por-sequestro-e-carcere-privado-em-cocal-do-sul\/","og_locale":"en_US","og_type":"article","og_title":"Homem \u00e9 Preso por Sequestro e C\u00e1rcere Privado em Cocal do Sul -","og_description":"Na manh\u00e3 desta quinta-feira (04), por volta das 07h57, a Pol\u00edcia Militar foi acionada para atender a uma ocorr\u00eancia de sequestro e c\u00e1rcere privado em Cocal do Sul, na Avenida Valentim Fachin, bairro Cristo Rei. Uma mulher de 27 anos contatou aos policiais, que o ex-companheiro de sua irm\u00e3, um homem de 43 anos, invadiu &hellip; Homem \u00e9 Preso por Sequestro e C\u00e1rcere Privado em Cocal do Sul Read More &raquo;","og_url":"https:\/\/sulsc.com\/index.php\/2025\/12\/05\/homem-e-preso-por-sequestro-e-carcere-privado-em-cocal-do-sul\/","article_author":"https:\/\/www.facebook.com\/profile.php?id=61559278119680","article_published_time":"2025-12-05T11:08:23+00:00","og_image":[{"width":1955,"height":2560,"url":"http:\/\/sulsc.com\/wp-content\/uploads\/2025\/12\/maos-amarrado-com-corda-ao-redor-scaled.jpg","type":"image\/jpeg"}],"author":"Reda\u00e7\u00e3o Sul SC","twitter_card":"summary_large_image","twitter_creator":"@https:\/\/twitter.com\/PortalSulSC","twitter_misc":{"Written by":"Reda\u00e7\u00e3o Sul SC","Est. reading time":"2 minutes"},"schema":{"@context":"https:\/\/schema.org","@graph":[{"@type":"WebPage","@id":"https:\/\/sulsc.com\/index.php\/2025\/12\/05\/homem-e-preso-por-sequestro-e-carcere-privado-em-cocal-do-sul\/","url":"https:\/\/sulsc.com\/index.php\/2025\/12\/05\/homem-e-preso-por-sequestro-e-carcere-privado-em-cocal-do-sul\/","name":"Homem \u00e9 Preso por Sequestro e C\u00e1rcere Privado em Cocal do Sul -","isPartOf":{"@id":"https:\/\/sulsc.com\/#website"},"datePublished":"2025-12-05T11:08:23+00:00","dateModified":"2025-12-05T11:08:23+00:00","author":{"@id":"https:\/\/sulsc.com\/#\/schema\/person\/84d2fc571684f6248ba83092f07750a3"},"breadcrumb":{"@id":"https:\/\/sulsc.com\/index.php\/2025\/12\/05\/homem-e-preso-por-sequestro-e-carcere-privado-em-cocal-do-sul\/#breadcrumb"},"inLanguage":"en-US","potentialAction":[{"@type":"ReadAction","target":["https:\/\/sulsc.com\/index.php\/2025\/12\/05\/homem-e-preso-por-sequestro-e-carcere-privado-em-cocal-do-sul\/"]}]},{"@type":"BreadcrumbList","@id":"https:\/\/sulsc.com\/index.php\/2025\/12\/05\/homem-e-preso-por-sequestro-e-carcere-privado-em-cocal-do-sul\/#breadcrumb","itemListElement":[{"@type":"ListItem","position":1,"name":"In\u00edcio","item":"https:\/\/sulsc.com\/"},{"@type":"ListItem","position":2,"name":"Homem \u00e9 Preso por Sequestro e C\u00e1rcere Privado em Cocal do Sul"}]},{"@type":"WebSite","@id":"https:\/\/sulsc.com\/#website","url":"https:\/\/sulsc.com\/","name":"","description":"","potentialAction":[{"@type":"SearchAction","target":{"@type":"EntryPoint","urlTemplate":"https:\/\/sulsc.com\/?s={search_term_string}"},"query-input":"required name=search_term_string"}],"inLanguage":"en-US"},{"@type":"Person","@id":"https:\/\/sulsc.com\/#\/schema\/person\/84d2fc571684f6248ba83092f07750a3","name":"Reda\u00e7\u00e3o Sul SC","image":{"@type":"ImageObject","inLanguage":"en-US","@id":"https:\/\/sulsc.com\/#\/schema\/person\/image\/e08d7fe2cc4ed596372063bbe852b8d0","url":"https:\/\/sulsc.com\/wp-content\/uploads\/2023\/09\/redacao.png","contentUrl":"https:\/\/sulsc.com\/wp-content\/uploads\/2023\/09\/redacao.png","caption":"Reda\u00e7\u00e3o Sul SC"},"description":"Foco em um jornalismo imparcial, voltado \u00e0 qualidade dos seus conte\u00fados e, assim, levar informa\u00e7\u00e3o de valor que agregue \u00e0 vida dos leitores. Esta \u00e9 grande miss\u00e3o do Portal de Not\u00edcias Sul SC. N\u00e3o \u00e9 quantidade que muda o mundo, sempre foi e seguir\u00e1 sendo qualidade!","sameAs":["https:\/\/sulsc.com\/","https:\/\/www.facebook.com\/profile.php?id=61559278119680","https:\/\/www.instagram.com\/sulscportal\/?hl=pt-br","https:\/\/twitter.com\/https:\/\/twitter.com\/PortalSulSC","https:\/\/www.youtube.com\/channel\/UCv_BE8GeySluDov2n8qhVmw"],"url":"https:\/\/sulsc.com\/index.php\/author\/redacao\/"}]}},"authors":[],"_links":{"self":[{"href":"https:\/\/sulsc.com\/index.php\/wp-json\/wp\/v2\/posts\/30495"}],"collection":[{"href":"https:\/\/sulsc.com\/index.php\/wp-json\/wp\/v2\/posts"}],"about":[{"href":"https:\/\/sulsc.com\/index.php\/wp-json\/wp\/v2\/types\/post"}],"author":[{"embeddable":true,"href":"https:\/\/sulsc.com\/index.php\/wp-json\/wp\/v2\/users\/3"}],"replies":[{"embeddable":true,"href":"https:\/\/sulsc.com\/index.php\/wp-json\/wp\/v2\/comments?post=30495"}],"version-history":[{"count":1,"href":"https:\/\/sulsc.com\/index.php\/wp-json\/wp\/v2\/posts\/30495\/revisions"}],"predecessor-version":[{"id":30497,"href":"https:\/\/sulsc.com\/index.php\/wp-json\/wp\/v2\/posts\/30495\/revisions\/30497"}],"wp:featuredmedia":[{"embeddable":true,"href":"https:\/\/sulsc.com\/index.php\/wp-json\/wp\/v2\/media\/30496"}],"wp:attachment":[{"href":"https:\/\/sulsc.com\/index.php\/wp-json\/wp\/v2\/media?parent=30495"}],"wp:term":[{"taxonomy":"category","embeddable":true,"href":"https:\/\/sulsc.com\/index.php\/wp-json\/wp\/v2\/categories?post=30495"},{"taxonomy":"post_tag","embeddable":true,"href":"https:\/\/sulsc.com\/index.php\/wp-json\/wp\/v2\/tags?post=30495"}],"curies":[{"name":"wp","href":"https:\/\/api.w.org\/{rel}","templated":true}]}}