{"id":30498,"date":"2025-12-05T08:45:04","date_gmt":"2025-12-05T11:45:04","guid":{"rendered":"https:\/\/sulsc.com\/?p=30498"},"modified":"2025-12-05T08:45:04","modified_gmt":"2025-12-05T11:45:04","slug":"ladroes-cortam-fios-eletricos-na-pista-de-skate-de-tubarao-e-deixam-postes-apagados","status":"publish","type":"post","link":"https:\/\/sulsc.com\/index.php\/2025\/12\/05\/ladroes-cortam-fios-eletricos-na-pista-de-skate-de-tubarao-e-deixam-postes-apagados\/","title":{"rendered":"Ladr\u00f5es cortam fios el\u00e9tricos na pista de skate de Tubar\u00e3o e deixam postes apagados"},"content":{"rendered":"<p>Na madrugada de ter\u00e7a-feira (02), a pista de skate Jair Freccia J\u00fanior, localizada ao lado da Arena Multiuso Est\u00eaner Sorato da Silva, foi alvo de um furto de fios el\u00e9tricos em Tubar\u00e3o. Mais de cem metros de fios, que haviam sido instalados em maio com novas lumin\u00e1rias de LEDs por meio da Contribui\u00e7\u00e3o para Custeio de Ilumina\u00e7\u00e3o P\u00fablica (Cosip), foram cortados e levados por ladr\u00f5es.<\/p>\n<div id=\"metaslider-id-25573\" style=\"width: 100%;\" class=\"ml-slider-3-99-0 metaslider metaslider-flex metaslider-25573 ml-slider has-onhover-arrows ms-theme-default-base has-dots-nav\" role=\"region\" aria-label=\"Meio\" data-width=\"1200\">\n    <div id=\"metaslider_container_25573\">\n        <div id=\"metaslider_25573\">\n            <ul class='slides'>\n                <li style=\"display: block; width: 100%;\" class=\"slide-25684 ms-image \" aria-roledescription=\"slide\" data-date=\"2025-07-24 07:55:40\"><img src=\"https:\/\/sulsc.com\/wp-content\/uploads\/2025\/07\/Marr-2-1000x166.jpg\" height=\"200\" width=\"1200\" alt=\"\" class=\"slider-25573 slide-25684 msDefaultImage\" title=\"Marr 2\" \/><\/li>\n                <li style=\"display: none; width: 100%;\" class=\"slide-32412 ms-image \" aria-roledescription=\"slide\" data-date=\"2026-02-18 13:59:46\"><img src=\"https:\/\/sulsc.com\/wp-content\/uploads\/2026\/02\/40dc1580-cad5-4867-bc58-c4243821ad38-1000x166.jpeg\" height=\"200\" width=\"1200\" alt=\"\" class=\"slider-25573 slide-32412 msDefaultImage\" title=\"40dc1580-cad5-4867-bc58-c4243821ad38\" \/><\/li>\n                <li style=\"display: none; width: 100%;\" class=\"slide-32766 ms-image \" aria-roledescription=\"slide\" data-date=\"2026-03-03 17:22:59\"><img src=\"https:\/\/sulsc.com\/wp-content\/uploads\/2026\/03\/271ce739-f268-41c5-8051-3de1a1750359-1000x166.jpeg\" height=\"200\" width=\"1200\" alt=\"\" class=\"slider-25573 slide-32766 msDefaultImage\" title=\"271ce739-f268-41c5-8051-3de1a1750359\" \/><\/li>\n            <\/ul>\n        <\/div>\n        \n    <\/div>\n<\/div>\n<p>Os fios estavam armazenados dentro de um cano de PVC, projetado para proteg\u00ea-los das intemp\u00e9ries. O ato de vandalismo causou indigna\u00e7\u00e3o entre os skatistas, que na noite de quarta-feira (3) perceberam v\u00e1rios postes apagados, comprometendo a ilumina\u00e7\u00e3o do local.\u00a0Com o furto, o munic\u00edpio ter\u00e1 que arcar com mais um preju\u00edzo, levantando a necessidade de um refor\u00e7o na seguran\u00e7a.<\/p>\n<p><img fetchpriority=\"high\" decoding=\"async\" class=\"aligncenter size-full wp-image-30499\" src=\"http:\/\/sulsc.com\/wp-content\/uploads\/2025\/12\/ca175cbc-9c1a-4f44-8c7f-6778b737f353-800x445-1.jpg\" alt=\"\" width=\"800\" height=\"445\" srcset=\"https:\/\/sulsc.com\/wp-content\/uploads\/2025\/12\/ca175cbc-9c1a-4f44-8c7f-6778b737f353-800x445-1.jpg 800w, https:\/\/sulsc.com\/wp-content\/uploads\/2025\/12\/ca175cbc-9c1a-4f44-8c7f-6778b737f353-800x445-1-300x167.jpg 300w, https:\/\/sulsc.com\/wp-content\/uploads\/2025\/12\/ca175cbc-9c1a-4f44-8c7f-6778b737f353-800x445-1-768x427.jpg 768w\" sizes=\"(max-width: 800px) 100vw, 800px\" \/><\/p>\n<p>Foto: J\u00falio Costa\/divulga\u00e7\u00e3o\/SulSC<\/p>\n","protected":false},"excerpt":{"rendered":"<p>Na madrugada de ter\u00e7a-feira (02), a pista de skate Jair Freccia J\u00fanior, localizada ao lado da Arena Multiuso Est\u00eaner Sorato da Silva, foi alvo de um furto de fios el\u00e9tricos em Tubar\u00e3o. Mais de cem metros de fios, que haviam sido instalados em maio com novas lumin\u00e1rias de LEDs por meio da Contribui\u00e7\u00e3o para Custeio &hellip;<\/p>\n<p class=\"read-more\"> <a class=\"\" href=\"https:\/\/sulsc.com\/index.php\/2025\/12\/05\/ladroes-cortam-fios-eletricos-na-pista-de-skate-de-tubarao-e-deixam-postes-apagados\/\"> <span class=\"screen-reader-text\">Ladr\u00f5es cortam fios el\u00e9tricos na pista de skate de Tubar\u00e3o e deixam postes apagados<\/span> Read More &raquo;<\/a><\/p>\n","protected":false},"author":3,"featured_media":30500,"comment_status":"open","ping_status":"open","sticky":false,"template":"","format":"standard","meta":{"site-sidebar-layout":"default","site-content-layout":"","ast-site-content-layout":"default","site-content-style":"default","site-sidebar-style":"default","ast-global-header-display":"","ast-banner-title-visibility":"","ast-main-header-display":"","ast-hfb-above-header-display":"","ast-hfb-below-header-display":"","ast-hfb-mobile-header-display":"","site-post-title":"","ast-breadcrumbs-content":"","ast-featured-img":"","footer-sml-layout":"","theme-transparent-header-meta":"default","adv-header-id-meta":"","stick-header-meta":"","header-above-stick-meta":"","header-main-stick-meta":"","header-below-stick-meta":"","astra-migrate-meta-layouts":"set","footnotes":""},"categories":[2231,1,14,8,12],"tags":[2141],"yoast_head":"<!-- This site is optimized with the Yoast SEO plugin v21.4 - https:\/\/yoast.com\/wordpress\/plugins\/seo\/ -->\n<title>Ladr\u00f5es cortam fios el\u00e9tricos na pista de skate de Tubar\u00e3o e deixam postes apagados -<\/title>\n<meta name=\"robots\" content=\"index, follow, max-snippet:-1, max-image-preview:large, max-video-preview:-1\" \/>\n<link rel=\"canonical\" href=\"https:\/\/sulsc.com\/index.php\/2025\/12\/05\/ladroes-cortam-fios-eletricos-na-pista-de-skate-de-tubarao-e-deixam-postes-apagados\/\" \/>\n<meta property=\"og:locale\" content=\"en_US\" \/>\n<meta property=\"og:type\" content=\"article\" \/>\n<meta property=\"og:title\" content=\"Ladr\u00f5es cortam fios el\u00e9tricos na pista de skate de Tubar\u00e3o e deixam postes apagados -\" \/>\n<meta property=\"og:description\" content=\"Na madrugada de ter\u00e7a-feira (02), a pista de skate Jair Freccia J\u00fanior, localizada ao lado da Arena Multiuso Est\u00eaner Sorato da Silva, foi alvo de um furto de fios el\u00e9tricos em Tubar\u00e3o. Mais de cem metros de fios, que haviam sido instalados em maio com novas lumin\u00e1rias de LEDs por meio da Contribui\u00e7\u00e3o para Custeio &hellip; Ladr\u00f5es cortam fios el\u00e9tricos na pista de skate de Tubar\u00e3o e deixam postes apagados Read More &raquo;\" \/>\n<meta property=\"og:url\" content=\"https:\/\/sulsc.com\/index.php\/2025\/12\/05\/ladroes-cortam-fios-eletricos-na-pista-de-skate-de-tubarao-e-deixam-postes-apagados\/\" \/>\n<meta property=\"article:author\" content=\"https:\/\/www.facebook.com\/profile.php?id=61559278119680\" \/>\n<meta property=\"article:published_time\" content=\"2025-12-05T11:45:04+00:00\" \/>\n<meta property=\"og:image\" content=\"http:\/\/sulsc.com\/wp-content\/uploads\/2025\/12\/6d1688a7-95e3-44bd-8f01-47b1a4f93a0d.jpeg\" \/>\n\t<meta property=\"og:image:width\" content=\"1280\" \/>\n\t<meta property=\"og:image:height\" content=\"960\" \/>\n\t<meta property=\"og:image:type\" content=\"image\/jpeg\" \/>\n<meta name=\"author\" content=\"Reda\u00e7\u00e3o Sul SC\" \/>\n<meta name=\"twitter:card\" content=\"summary_large_image\" \/>\n<meta name=\"twitter:creator\" content=\"@https:\/\/twitter.com\/PortalSulSC\" \/>\n<meta name=\"twitter:label1\" content=\"Written by\" \/>\n\t<meta name=\"twitter:data1\" content=\"Reda\u00e7\u00e3o Sul SC\" \/>\n\t<meta name=\"twitter:label2\" content=\"Est. reading time\" \/>\n\t<meta name=\"twitter:data2\" content=\"1 minute\" \/>\n<script type=\"application\/ld+json\" class=\"yoast-schema-graph\">{\"@context\":\"https:\/\/schema.org\",\"@graph\":[{\"@type\":\"WebPage\",\"@id\":\"https:\/\/sulsc.com\/index.php\/2025\/12\/05\/ladroes-cortam-fios-eletricos-na-pista-de-skate-de-tubarao-e-deixam-postes-apagados\/\",\"url\":\"https:\/\/sulsc.com\/index.php\/2025\/12\/05\/ladroes-cortam-fios-eletricos-na-pista-de-skate-de-tubarao-e-deixam-postes-apagados\/\",\"name\":\"Ladr\u00f5es cortam fios el\u00e9tricos na pista de skate de Tubar\u00e3o e deixam postes apagados -\",\"isPartOf\":{\"@id\":\"https:\/\/sulsc.com\/#website\"},\"datePublished\":\"2025-12-05T11:45:04+00:00\",\"dateModified\":\"2025-12-05T11:45:04+00:00\",\"author\":{\"@id\":\"https:\/\/sulsc.com\/#\/schema\/person\/84d2fc571684f6248ba83092f07750a3\"},\"breadcrumb\":{\"@id\":\"https:\/\/sulsc.com\/index.php\/2025\/12\/05\/ladroes-cortam-fios-eletricos-na-pista-de-skate-de-tubarao-e-deixam-postes-apagados\/#breadcrumb\"},\"inLanguage\":\"en-US\",\"potentialAction\":[{\"@type\":\"ReadAction\",\"target\":[\"https:\/\/sulsc.com\/index.php\/2025\/12\/05\/ladroes-cortam-fios-eletricos-na-pista-de-skate-de-tubarao-e-deixam-postes-apagados\/\"]}]},{\"@type\":\"BreadcrumbList\",\"@id\":\"https:\/\/sulsc.com\/index.php\/2025\/12\/05\/ladroes-cortam-fios-eletricos-na-pista-de-skate-de-tubarao-e-deixam-postes-apagados\/#breadcrumb\",\"itemListElement\":[{\"@type\":\"ListItem\",\"position\":1,\"name\":\"In\u00edcio\",\"item\":\"https:\/\/sulsc.com\/\"},{\"@type\":\"ListItem\",\"position\":2,\"name\":\"Ladr\u00f5es cortam fios el\u00e9tricos na pista de skate de Tubar\u00e3o e deixam postes apagados\"}]},{\"@type\":\"WebSite\",\"@id\":\"https:\/\/sulsc.com\/#website\",\"url\":\"https:\/\/sulsc.com\/\",\"name\":\"\",\"description\":\"\",\"potentialAction\":[{\"@type\":\"SearchAction\",\"target\":{\"@type\":\"EntryPoint\",\"urlTemplate\":\"https:\/\/sulsc.com\/?s={search_term_string}\"},\"query-input\":\"required name=search_term_string\"}],\"inLanguage\":\"en-US\"},{\"@type\":\"Person\",\"@id\":\"https:\/\/sulsc.com\/#\/schema\/person\/84d2fc571684f6248ba83092f07750a3\",\"name\":\"Reda\u00e7\u00e3o Sul SC\",\"image\":{\"@type\":\"ImageObject\",\"inLanguage\":\"en-US\",\"@id\":\"https:\/\/sulsc.com\/#\/schema\/person\/image\/e08d7fe2cc4ed596372063bbe852b8d0\",\"url\":\"https:\/\/sulsc.com\/wp-content\/uploads\/2023\/09\/redacao.png\",\"contentUrl\":\"https:\/\/sulsc.com\/wp-content\/uploads\/2023\/09\/redacao.png\",\"caption\":\"Reda\u00e7\u00e3o Sul SC\"},\"description\":\"Foco em um jornalismo imparcial, voltado \u00e0 qualidade dos seus conte\u00fados e, assim, levar informa\u00e7\u00e3o de valor que agregue \u00e0 vida dos leitores. Esta \u00e9 grande miss\u00e3o do Portal de Not\u00edcias Sul SC. N\u00e3o \u00e9 quantidade que muda o mundo, sempre foi e seguir\u00e1 sendo qualidade!\",\"sameAs\":[\"https:\/\/sulsc.com\/\",\"https:\/\/www.facebook.com\/profile.php?id=61559278119680\",\"https:\/\/www.instagram.com\/sulscportal\/?hl=pt-br\",\"https:\/\/twitter.com\/https:\/\/twitter.com\/PortalSulSC\",\"https:\/\/www.youtube.com\/channel\/UCv_BE8GeySluDov2n8qhVmw\"],\"url\":\"https:\/\/sulsc.com\/index.php\/author\/redacao\/\"}]}<\/script>\n<!-- \/ Yoast SEO plugin. -->","yoast_head_json":{"title":"Ladr\u00f5es cortam fios el\u00e9tricos na pista de skate de Tubar\u00e3o e deixam postes apagados -","robots":{"index":"index","follow":"follow","max-snippet":"max-snippet:-1","max-image-preview":"max-image-preview:large","max-video-preview":"max-video-preview:-1"},"canonical":"https:\/\/sulsc.com\/index.php\/2025\/12\/05\/ladroes-cortam-fios-eletricos-na-pista-de-skate-de-tubarao-e-deixam-postes-apagados\/","og_locale":"en_US","og_type":"article","og_title":"Ladr\u00f5es cortam fios el\u00e9tricos na pista de skate de Tubar\u00e3o e deixam postes apagados -","og_description":"Na madrugada de ter\u00e7a-feira (02), a pista de skate Jair Freccia J\u00fanior, localizada ao lado da Arena Multiuso Est\u00eaner Sorato da Silva, foi alvo de um furto de fios el\u00e9tricos em Tubar\u00e3o. Mais de cem metros de fios, que haviam sido instalados em maio com novas lumin\u00e1rias de LEDs por meio da Contribui\u00e7\u00e3o para Custeio &hellip; Ladr\u00f5es cortam fios el\u00e9tricos na pista de skate de Tubar\u00e3o e deixam postes apagados Read More &raquo;","og_url":"https:\/\/sulsc.com\/index.php\/2025\/12\/05\/ladroes-cortam-fios-eletricos-na-pista-de-skate-de-tubarao-e-deixam-postes-apagados\/","article_author":"https:\/\/www.facebook.com\/profile.php?id=61559278119680","article_published_time":"2025-12-05T11:45:04+00:00","og_image":[{"width":1280,"height":960,"url":"http:\/\/sulsc.com\/wp-content\/uploads\/2025\/12\/6d1688a7-95e3-44bd-8f01-47b1a4f93a0d.jpeg","type":"image\/jpeg"}],"author":"Reda\u00e7\u00e3o Sul SC","twitter_card":"summary_large_image","twitter_creator":"@https:\/\/twitter.com\/PortalSulSC","twitter_misc":{"Written by":"Reda\u00e7\u00e3o Sul SC","Est. reading time":"1 minute"},"schema":{"@context":"https:\/\/schema.org","@graph":[{"@type":"WebPage","@id":"https:\/\/sulsc.com\/index.php\/2025\/12\/05\/ladroes-cortam-fios-eletricos-na-pista-de-skate-de-tubarao-e-deixam-postes-apagados\/","url":"https:\/\/sulsc.com\/index.php\/2025\/12\/05\/ladroes-cortam-fios-eletricos-na-pista-de-skate-de-tubarao-e-deixam-postes-apagados\/","name":"Ladr\u00f5es cortam fios el\u00e9tricos na pista de skate de Tubar\u00e3o e deixam postes apagados -","isPartOf":{"@id":"https:\/\/sulsc.com\/#website"},"datePublished":"2025-12-05T11:45:04+00:00","dateModified":"2025-12-05T11:45:04+00:00","author":{"@id":"https:\/\/sulsc.com\/#\/schema\/person\/84d2fc571684f6248ba83092f07750a3"},"breadcrumb":{"@id":"https:\/\/sulsc.com\/index.php\/2025\/12\/05\/ladroes-cortam-fios-eletricos-na-pista-de-skate-de-tubarao-e-deixam-postes-apagados\/#breadcrumb"},"inLanguage":"en-US","potentialAction":[{"@type":"ReadAction","target":["https:\/\/sulsc.com\/index.php\/2025\/12\/05\/ladroes-cortam-fios-eletricos-na-pista-de-skate-de-tubarao-e-deixam-postes-apagados\/"]}]},{"@type":"BreadcrumbList","@id":"https:\/\/sulsc.com\/index.php\/2025\/12\/05\/ladroes-cortam-fios-eletricos-na-pista-de-skate-de-tubarao-e-deixam-postes-apagados\/#breadcrumb","itemListElement":[{"@type":"ListItem","position":1,"name":"In\u00edcio","item":"https:\/\/sulsc.com\/"},{"@type":"ListItem","position":2,"name":"Ladr\u00f5es cortam fios el\u00e9tricos na pista de skate de Tubar\u00e3o e deixam postes apagados"}]},{"@type":"WebSite","@id":"https:\/\/sulsc.com\/#website","url":"https:\/\/sulsc.com\/","name":"","description":"","potentialAction":[{"@type":"SearchAction","target":{"@type":"EntryPoint","urlTemplate":"https:\/\/sulsc.com\/?s={search_term_string}"},"query-input":"required name=search_term_string"}],"inLanguage":"en-US"},{"@type":"Person","@id":"https:\/\/sulsc.com\/#\/schema\/person\/84d2fc571684f6248ba83092f07750a3","name":"Reda\u00e7\u00e3o Sul SC","image":{"@type":"ImageObject","inLanguage":"en-US","@id":"https:\/\/sulsc.com\/#\/schema\/person\/image\/e08d7fe2cc4ed596372063bbe852b8d0","url":"https:\/\/sulsc.com\/wp-content\/uploads\/2023\/09\/redacao.png","contentUrl":"https:\/\/sulsc.com\/wp-content\/uploads\/2023\/09\/redacao.png","caption":"Reda\u00e7\u00e3o Sul SC"},"description":"Foco em um jornalismo imparcial, voltado \u00e0 qualidade dos seus conte\u00fados e, assim, levar informa\u00e7\u00e3o de valor que agregue \u00e0 vida dos leitores. Esta \u00e9 grande miss\u00e3o do Portal de Not\u00edcias Sul SC. N\u00e3o \u00e9 quantidade que muda o mundo, sempre foi e seguir\u00e1 sendo qualidade!","sameAs":["https:\/\/sulsc.com\/","https:\/\/www.facebook.com\/profile.php?id=61559278119680","https:\/\/www.instagram.com\/sulscportal\/?hl=pt-br","https:\/\/twitter.com\/https:\/\/twitter.com\/PortalSulSC","https:\/\/www.youtube.com\/channel\/UCv_BE8GeySluDov2n8qhVmw"],"url":"https:\/\/sulsc.com\/index.php\/author\/redacao\/"}]}},"authors":[],"_links":{"self":[{"href":"https:\/\/sulsc.com\/index.php\/wp-json\/wp\/v2\/posts\/30498"}],"collection":[{"href":"https:\/\/sulsc.com\/index.php\/wp-json\/wp\/v2\/posts"}],"about":[{"href":"https:\/\/sulsc.com\/index.php\/wp-json\/wp\/v2\/types\/post"}],"author":[{"embeddable":true,"href":"https:\/\/sulsc.com\/index.php\/wp-json\/wp\/v2\/users\/3"}],"replies":[{"embeddable":true,"href":"https:\/\/sulsc.com\/index.php\/wp-json\/wp\/v2\/comments?post=30498"}],"version-history":[{"count":1,"href":"https:\/\/sulsc.com\/index.php\/wp-json\/wp\/v2\/posts\/30498\/revisions"}],"predecessor-version":[{"id":30501,"href":"https:\/\/sulsc.com\/index.php\/wp-json\/wp\/v2\/posts\/30498\/revisions\/30501"}],"wp:featuredmedia":[{"embeddable":true,"href":"https:\/\/sulsc.com\/index.php\/wp-json\/wp\/v2\/media\/30500"}],"wp:attachment":[{"href":"https:\/\/sulsc.com\/index.php\/wp-json\/wp\/v2\/media?parent=30498"}],"wp:term":[{"taxonomy":"category","embeddable":true,"href":"https:\/\/sulsc.com\/index.php\/wp-json\/wp\/v2\/categories?post=30498"},{"taxonomy":"post_tag","embeddable":true,"href":"https:\/\/sulsc.com\/index.php\/wp-json\/wp\/v2\/tags?post=30498"}],"curies":[{"name":"wp","href":"https:\/\/api.w.org\/{rel}","templated":true}]}}