{"id":30502,"date":"2025-12-05T11:26:00","date_gmt":"2025-12-05T14:26:00","guid":{"rendered":"https:\/\/sulsc.com\/?p=30502"},"modified":"2025-12-05T11:26:00","modified_gmt":"2025-12-05T14:26:00","slug":"governo-do-estado-lanca-programa-para-qualificar-profissionais-as-vagas-de-trabalho-em-tecnologia","status":"publish","type":"post","link":"https:\/\/sulsc.com\/index.php\/2025\/12\/05\/governo-do-estado-lanca-programa-para-qualificar-profissionais-as-vagas-de-trabalho-em-tecnologia\/","title":{"rendered":"Governo do Estado lan\u00e7a programa para qualificar profissionais \u00e0s vagas de trabalho em Tecnologia"},"content":{"rendered":"<p>O programa SCTEC, que vai ampliar o acesso \u00e0 capacita\u00e7\u00e3o profissional em parceria com entidades do ecossistema de inova\u00e7\u00e3o, ser\u00e1 lan\u00e7ado na pr\u00f3xima segunda-feira (8).\u00a0Segundo dados do Observat\u00f3rio ACATE, Santa Catarina abriga 29,4 mil empresas de tecnologia, com remunera\u00e7\u00e3o duas vezes maior do que setores tradicionais e vem mantendo um crescimento superior ao nacional na gera\u00e7\u00e3o de empregos em tecnologia.<\/p>\n<p>Hoje, o segmento representa 7,75% do PIB catarinense, e a proje\u00e7\u00e3o do Governo do Estado \u00e9 que essa participa\u00e7\u00e3o alcance 10% at\u00e9 2030, refletindo o avan\u00e7o acelerado da economia digital.\u00a0Apesar do desempenho expressivo, o ritmo de forma\u00e7\u00e3o profissional n\u00e3o acompanha a velocidade com que novas oportunidades surgem.<\/p>\n<p>Embora o setor empregue atualmente 100,4 mil trabalhadores, a abertura de vagas cresce em volume superior ao da qualifica\u00e7\u00e3o.\u00a0Proje\u00e7\u00f5es da Associa\u00e7\u00e3o Catarinense de Tecnologia (ACATE) indicam que, at\u00e9 2027, Santa Catarina deve abrir quase 100 mil vagas na \u00e1rea tecnol\u00f3gica.\u00a0Para o Estado, esse desafio exige a\u00e7\u00e3o imediata.<\/p>\n<p>\u201cSanta Catarina alcan\u00e7ou um n\u00edvel de desenvolvimento tecnol\u00f3gico que nos orgulha, mas que tamb\u00e9m nos coloca diante de um desafio: precisamos preparar as pessoas. O d\u00e9ficit de profissionais j\u00e1 \u00e9 percebido por empresas e, se n\u00e3o enfrentarmos isso agora, corremos o risco de limitar o nosso pr\u00f3prio crescimento\u201d, declara o secret\u00e1rio de Estado da Ci\u00eancia, Tecnologia e Inova\u00e7\u00e3o, Edgard Usuy.<\/p>\n<div id=\"metaslider-id-25573\" style=\"width: 100%;\" class=\"ml-slider-3-99-0 metaslider metaslider-flex metaslider-25573 ml-slider has-onhover-arrows ms-theme-default-base has-dots-nav\" role=\"region\" aria-label=\"Meio\" data-width=\"1200\">\n    <div id=\"metaslider_container_25573\">\n        <div id=\"metaslider_25573\">\n            <ul class='slides'>\n                <li style=\"display: block; width: 100%;\" class=\"slide-25684 ms-image \" aria-roledescription=\"slide\" data-date=\"2025-07-24 07:55:40\"><img src=\"https:\/\/sulsc.com\/wp-content\/uploads\/2025\/07\/Marr-2-1000x166.jpg\" height=\"200\" width=\"1200\" alt=\"\" class=\"slider-25573 slide-25684 msDefaultImage\" title=\"Marr 2\" \/><\/li>\n                <li style=\"display: none; width: 100%;\" class=\"slide-32412 ms-image \" aria-roledescription=\"slide\" data-date=\"2026-02-18 13:59:46\"><img src=\"https:\/\/sulsc.com\/wp-content\/uploads\/2026\/02\/40dc1580-cad5-4867-bc58-c4243821ad38-1000x166.jpeg\" height=\"200\" width=\"1200\" alt=\"\" class=\"slider-25573 slide-32412 msDefaultImage\" title=\"40dc1580-cad5-4867-bc58-c4243821ad38\" \/><\/li>\n                <li style=\"display: none; width: 100%;\" class=\"slide-32766 ms-image \" aria-roledescription=\"slide\" data-date=\"2026-03-03 17:22:59\"><img src=\"https:\/\/sulsc.com\/wp-content\/uploads\/2026\/03\/271ce739-f268-41c5-8051-3de1a1750359-1000x166.jpeg\" height=\"200\" width=\"1200\" alt=\"\" class=\"slider-25573 slide-32766 msDefaultImage\" title=\"271ce739-f268-41c5-8051-3de1a1750359\" \/><\/li>\n            <\/ul>\n        <\/div>\n        \n    <\/div>\n<\/div>\n<p>A necessidade de forma\u00e7\u00e3o se intensifica diante da populariza\u00e7\u00e3o da intelig\u00eancia artificial. O Mapeamento de Demandas e Perfil de Talentos para o Setor de Tecnologia, feito pela ACATE, em parceria com o Sebrae Startups, estima que das 100 mil vagas que ser\u00e3o abertas at\u00e9 2027, 5.903 ser\u00e3o destinadas a desenvolvedores com foco em IA.<\/p>\n<p>Os dados mostram, ainda, que os cargos de desenvolvedor (full stack, front end e back end) est\u00e3o entre os mais requisitados, seguidos pela fun\u00e7\u00e3o de analista de servi\u00e7os\/suporte de TI e desenvolvedor com foco em IA, profiss\u00e3o que deve crescer exponencialmente nos pr\u00f3ximos anos. Est\u00e3o em alta tamb\u00e9m cargos de especialista em marketing digital, analista de dados, desenvolvedor mobile e product manager.<\/p>\n<p>\u201cO setor de tecnologia de Santa Catarina se expande com velocidade. O estado pode crescer ainda mais com a qualifica\u00e7\u00e3o profissional\u201d, afirma o presidente da ACATE, Diego Brites Ramos. Para a institui\u00e7\u00e3o, ampliar o acesso \u00e0 forma\u00e7\u00e3o tecnol\u00f3gica \u00e9 essencial para manter o protagonismo catarinense.<\/p>\n<p>\u201cAs empresas, em Santa Catarina, est\u00e3o prontas para crescer, mas precisam de talentos para auxiliar no avan\u00e7o. A qualifica\u00e7\u00e3o \u00e9 estrat\u00e9gica para garantir competitividade e preparar os catarinenses\u201d, completa o vice-presidente de Talentos da ACATE, Moacir Ant\u00f4nio Marafon.\u00a0Diante desse cen\u00e1rio, o Governo lan\u00e7a uma iniciativa voltada \u00e0 forma\u00e7\u00e3o em tecnologia e ao uso pr\u00e1tico e respons\u00e1vel da intelig\u00eancia artificial.<\/p>\n<p>O programa SCTEC deve ampliar o acesso da popula\u00e7\u00e3o a trilhas formativas e aproximar trabalhadores das demandas reais do mercado, em parceria com entidades do ecossistema de inova\u00e7\u00e3o.\u00a0A expectativa \u00e9 que a iniciativa contribua para reduzir o distanciamento entre a velocidade do crescimento econ\u00f4mico e a forma\u00e7\u00e3o de talentos, condi\u00e7\u00e3o essencial para que Santa Catarina siga avan\u00e7ando como refer\u00eancia nacional em inova\u00e7\u00e3o e desenvolvimento tecnol\u00f3gico.<\/p>\n<p><img fetchpriority=\"high\" decoding=\"async\" class=\"alignnone size-full wp-image-30503\" src=\"http:\/\/sulsc.com\/wp-content\/uploads\/2025\/12\/Tecnologia.jpg\" alt=\"\" width=\"1500\" height=\"1000\" srcset=\"https:\/\/sulsc.com\/wp-content\/uploads\/2025\/12\/Tecnologia.jpg 1500w, https:\/\/sulsc.com\/wp-content\/uploads\/2025\/12\/Tecnologia-300x200.jpg 300w, https:\/\/sulsc.com\/wp-content\/uploads\/2025\/12\/Tecnologia-1024x683.jpg 1024w, https:\/\/sulsc.com\/wp-content\/uploads\/2025\/12\/Tecnologia-768x512.jpg 768w\" sizes=\"(max-width: 1500px) 100vw, 1500px\" \/><\/p>\n","protected":false},"excerpt":{"rendered":"<p>O programa SCTEC, que vai ampliar o acesso \u00e0 capacita\u00e7\u00e3o profissional em parceria com entidades do ecossistema de inova\u00e7\u00e3o, ser\u00e1 lan\u00e7ado na pr\u00f3xima segunda-feira (8).\u00a0Segundo dados do Observat\u00f3rio ACATE, Santa Catarina abriga 29,4 mil empresas de tecnologia, com remunera\u00e7\u00e3o duas vezes maior do que setores tradicionais e vem mantendo um crescimento superior ao nacional na &hellip;<\/p>\n<p class=\"read-more\"> <a class=\"\" href=\"https:\/\/sulsc.com\/index.php\/2025\/12\/05\/governo-do-estado-lanca-programa-para-qualificar-profissionais-as-vagas-de-trabalho-em-tecnologia\/\"> <span class=\"screen-reader-text\">Governo do Estado lan\u00e7a programa para qualificar profissionais \u00e0s vagas de trabalho em Tecnologia<\/span> Read More &raquo;<\/a><\/p>\n","protected":false},"author":3,"featured_media":30503,"comment_status":"open","ping_status":"open","sticky":false,"template":"","format":"standard","meta":{"site-sidebar-layout":"default","site-content-layout":"","ast-site-content-layout":"default","site-content-style":"default","site-sidebar-style":"default","ast-global-header-display":"","ast-banner-title-visibility":"","ast-main-header-display":"","ast-hfb-above-header-display":"","ast-hfb-below-header-display":"","ast-hfb-mobile-header-display":"","site-post-title":"","ast-breadcrumbs-content":"","ast-featured-img":"","footer-sml-layout":"","theme-transparent-header-meta":"default","adv-header-id-meta":"","stick-header-meta":"","header-above-stick-meta":"","header-main-stick-meta":"","header-below-stick-meta":"","astra-migrate-meta-layouts":"set","footnotes":""},"categories":[1,14,12],"tags":[],"yoast_head":"<!-- This site is optimized with the Yoast SEO plugin v21.4 - https:\/\/yoast.com\/wordpress\/plugins\/seo\/ -->\n<title>Governo do Estado lan\u00e7a programa para qualificar profissionais \u00e0s vagas de trabalho em Tecnologia -<\/title>\n<meta name=\"robots\" content=\"index, follow, max-snippet:-1, max-image-preview:large, max-video-preview:-1\" \/>\n<link rel=\"canonical\" href=\"https:\/\/sulsc.com\/index.php\/2025\/12\/05\/governo-do-estado-lanca-programa-para-qualificar-profissionais-as-vagas-de-trabalho-em-tecnologia\/\" \/>\n<meta property=\"og:locale\" content=\"en_US\" \/>\n<meta property=\"og:type\" content=\"article\" \/>\n<meta property=\"og:title\" content=\"Governo do Estado lan\u00e7a programa para qualificar profissionais \u00e0s vagas de trabalho em Tecnologia -\" \/>\n<meta property=\"og:description\" content=\"O programa SCTEC, que vai ampliar o acesso \u00e0 capacita\u00e7\u00e3o profissional em parceria com entidades do ecossistema de inova\u00e7\u00e3o, ser\u00e1 lan\u00e7ado na pr\u00f3xima segunda-feira (8).\u00a0Segundo dados do Observat\u00f3rio ACATE, Santa Catarina abriga 29,4 mil empresas de tecnologia, com remunera\u00e7\u00e3o duas vezes maior do que setores tradicionais e vem mantendo um crescimento superior ao nacional na &hellip; Governo do Estado lan\u00e7a programa para qualificar profissionais \u00e0s vagas de trabalho em Tecnologia Read More &raquo;\" \/>\n<meta property=\"og:url\" content=\"https:\/\/sulsc.com\/index.php\/2025\/12\/05\/governo-do-estado-lanca-programa-para-qualificar-profissionais-as-vagas-de-trabalho-em-tecnologia\/\" \/>\n<meta property=\"article:author\" content=\"https:\/\/www.facebook.com\/profile.php?id=61559278119680\" \/>\n<meta property=\"article:published_time\" content=\"2025-12-05T14:26:00+00:00\" \/>\n<meta property=\"og:image\" content=\"http:\/\/sulsc.com\/wp-content\/uploads\/2025\/12\/Tecnologia.jpg\" \/>\n\t<meta property=\"og:image:width\" content=\"1500\" \/>\n\t<meta property=\"og:image:height\" content=\"1000\" \/>\n\t<meta property=\"og:image:type\" content=\"image\/jpeg\" \/>\n<meta name=\"author\" content=\"Reda\u00e7\u00e3o Sul SC\" \/>\n<meta name=\"twitter:card\" content=\"summary_large_image\" \/>\n<meta name=\"twitter:creator\" content=\"@https:\/\/twitter.com\/PortalSulSC\" \/>\n<meta name=\"twitter:label1\" content=\"Written by\" \/>\n\t<meta name=\"twitter:data1\" content=\"Reda\u00e7\u00e3o Sul SC\" \/>\n\t<meta name=\"twitter:label2\" content=\"Est. reading time\" \/>\n\t<meta name=\"twitter:data2\" content=\"3 minutes\" \/>\n<script type=\"application\/ld+json\" class=\"yoast-schema-graph\">{\"@context\":\"https:\/\/schema.org\",\"@graph\":[{\"@type\":\"WebPage\",\"@id\":\"https:\/\/sulsc.com\/index.php\/2025\/12\/05\/governo-do-estado-lanca-programa-para-qualificar-profissionais-as-vagas-de-trabalho-em-tecnologia\/\",\"url\":\"https:\/\/sulsc.com\/index.php\/2025\/12\/05\/governo-do-estado-lanca-programa-para-qualificar-profissionais-as-vagas-de-trabalho-em-tecnologia\/\",\"name\":\"Governo do Estado lan\u00e7a programa para qualificar profissionais \u00e0s vagas de trabalho em Tecnologia -\",\"isPartOf\":{\"@id\":\"https:\/\/sulsc.com\/#website\"},\"datePublished\":\"2025-12-05T14:26:00+00:00\",\"dateModified\":\"2025-12-05T14:26:00+00:00\",\"author\":{\"@id\":\"https:\/\/sulsc.com\/#\/schema\/person\/84d2fc571684f6248ba83092f07750a3\"},\"breadcrumb\":{\"@id\":\"https:\/\/sulsc.com\/index.php\/2025\/12\/05\/governo-do-estado-lanca-programa-para-qualificar-profissionais-as-vagas-de-trabalho-em-tecnologia\/#breadcrumb\"},\"inLanguage\":\"en-US\",\"potentialAction\":[{\"@type\":\"ReadAction\",\"target\":[\"https:\/\/sulsc.com\/index.php\/2025\/12\/05\/governo-do-estado-lanca-programa-para-qualificar-profissionais-as-vagas-de-trabalho-em-tecnologia\/\"]}]},{\"@type\":\"BreadcrumbList\",\"@id\":\"https:\/\/sulsc.com\/index.php\/2025\/12\/05\/governo-do-estado-lanca-programa-para-qualificar-profissionais-as-vagas-de-trabalho-em-tecnologia\/#breadcrumb\",\"itemListElement\":[{\"@type\":\"ListItem\",\"position\":1,\"name\":\"In\u00edcio\",\"item\":\"https:\/\/sulsc.com\/\"},{\"@type\":\"ListItem\",\"position\":2,\"name\":\"Governo do Estado lan\u00e7a programa para qualificar profissionais \u00e0s vagas de trabalho em Tecnologia\"}]},{\"@type\":\"WebSite\",\"@id\":\"https:\/\/sulsc.com\/#website\",\"url\":\"https:\/\/sulsc.com\/\",\"name\":\"\",\"description\":\"\",\"potentialAction\":[{\"@type\":\"SearchAction\",\"target\":{\"@type\":\"EntryPoint\",\"urlTemplate\":\"https:\/\/sulsc.com\/?s={search_term_string}\"},\"query-input\":\"required name=search_term_string\"}],\"inLanguage\":\"en-US\"},{\"@type\":\"Person\",\"@id\":\"https:\/\/sulsc.com\/#\/schema\/person\/84d2fc571684f6248ba83092f07750a3\",\"name\":\"Reda\u00e7\u00e3o Sul SC\",\"image\":{\"@type\":\"ImageObject\",\"inLanguage\":\"en-US\",\"@id\":\"https:\/\/sulsc.com\/#\/schema\/person\/image\/e08d7fe2cc4ed596372063bbe852b8d0\",\"url\":\"https:\/\/sulsc.com\/wp-content\/uploads\/2023\/09\/redacao.png\",\"contentUrl\":\"https:\/\/sulsc.com\/wp-content\/uploads\/2023\/09\/redacao.png\",\"caption\":\"Reda\u00e7\u00e3o Sul SC\"},\"description\":\"Foco em um jornalismo imparcial, voltado \u00e0 qualidade dos seus conte\u00fados e, assim, levar informa\u00e7\u00e3o de valor que agregue \u00e0 vida dos leitores. Esta \u00e9 grande miss\u00e3o do Portal de Not\u00edcias Sul SC. N\u00e3o \u00e9 quantidade que muda o mundo, sempre foi e seguir\u00e1 sendo qualidade!\",\"sameAs\":[\"https:\/\/sulsc.com\/\",\"https:\/\/www.facebook.com\/profile.php?id=61559278119680\",\"https:\/\/www.instagram.com\/sulscportal\/?hl=pt-br\",\"https:\/\/twitter.com\/https:\/\/twitter.com\/PortalSulSC\",\"https:\/\/www.youtube.com\/channel\/UCv_BE8GeySluDov2n8qhVmw\"],\"url\":\"https:\/\/sulsc.com\/index.php\/author\/redacao\/\"}]}<\/script>\n<!-- \/ Yoast SEO plugin. -->","yoast_head_json":{"title":"Governo do Estado lan\u00e7a programa para qualificar profissionais \u00e0s vagas de trabalho em Tecnologia -","robots":{"index":"index","follow":"follow","max-snippet":"max-snippet:-1","max-image-preview":"max-image-preview:large","max-video-preview":"max-video-preview:-1"},"canonical":"https:\/\/sulsc.com\/index.php\/2025\/12\/05\/governo-do-estado-lanca-programa-para-qualificar-profissionais-as-vagas-de-trabalho-em-tecnologia\/","og_locale":"en_US","og_type":"article","og_title":"Governo do Estado lan\u00e7a programa para qualificar profissionais \u00e0s vagas de trabalho em Tecnologia -","og_description":"O programa SCTEC, que vai ampliar o acesso \u00e0 capacita\u00e7\u00e3o profissional em parceria com entidades do ecossistema de inova\u00e7\u00e3o, ser\u00e1 lan\u00e7ado na pr\u00f3xima segunda-feira (8).\u00a0Segundo dados do Observat\u00f3rio ACATE, Santa Catarina abriga 29,4 mil empresas de tecnologia, com remunera\u00e7\u00e3o duas vezes maior do que setores tradicionais e vem mantendo um crescimento superior ao nacional na &hellip; Governo do Estado lan\u00e7a programa para qualificar profissionais \u00e0s vagas de trabalho em Tecnologia Read More &raquo;","og_url":"https:\/\/sulsc.com\/index.php\/2025\/12\/05\/governo-do-estado-lanca-programa-para-qualificar-profissionais-as-vagas-de-trabalho-em-tecnologia\/","article_author":"https:\/\/www.facebook.com\/profile.php?id=61559278119680","article_published_time":"2025-12-05T14:26:00+00:00","og_image":[{"width":1500,"height":1000,"url":"http:\/\/sulsc.com\/wp-content\/uploads\/2025\/12\/Tecnologia.jpg","type":"image\/jpeg"}],"author":"Reda\u00e7\u00e3o Sul SC","twitter_card":"summary_large_image","twitter_creator":"@https:\/\/twitter.com\/PortalSulSC","twitter_misc":{"Written by":"Reda\u00e7\u00e3o Sul SC","Est. reading time":"3 minutes"},"schema":{"@context":"https:\/\/schema.org","@graph":[{"@type":"WebPage","@id":"https:\/\/sulsc.com\/index.php\/2025\/12\/05\/governo-do-estado-lanca-programa-para-qualificar-profissionais-as-vagas-de-trabalho-em-tecnologia\/","url":"https:\/\/sulsc.com\/index.php\/2025\/12\/05\/governo-do-estado-lanca-programa-para-qualificar-profissionais-as-vagas-de-trabalho-em-tecnologia\/","name":"Governo do Estado lan\u00e7a programa para qualificar profissionais \u00e0s vagas de trabalho em Tecnologia -","isPartOf":{"@id":"https:\/\/sulsc.com\/#website"},"datePublished":"2025-12-05T14:26:00+00:00","dateModified":"2025-12-05T14:26:00+00:00","author":{"@id":"https:\/\/sulsc.com\/#\/schema\/person\/84d2fc571684f6248ba83092f07750a3"},"breadcrumb":{"@id":"https:\/\/sulsc.com\/index.php\/2025\/12\/05\/governo-do-estado-lanca-programa-para-qualificar-profissionais-as-vagas-de-trabalho-em-tecnologia\/#breadcrumb"},"inLanguage":"en-US","potentialAction":[{"@type":"ReadAction","target":["https:\/\/sulsc.com\/index.php\/2025\/12\/05\/governo-do-estado-lanca-programa-para-qualificar-profissionais-as-vagas-de-trabalho-em-tecnologia\/"]}]},{"@type":"BreadcrumbList","@id":"https:\/\/sulsc.com\/index.php\/2025\/12\/05\/governo-do-estado-lanca-programa-para-qualificar-profissionais-as-vagas-de-trabalho-em-tecnologia\/#breadcrumb","itemListElement":[{"@type":"ListItem","position":1,"name":"In\u00edcio","item":"https:\/\/sulsc.com\/"},{"@type":"ListItem","position":2,"name":"Governo do Estado lan\u00e7a programa para qualificar profissionais \u00e0s vagas de trabalho em Tecnologia"}]},{"@type":"WebSite","@id":"https:\/\/sulsc.com\/#website","url":"https:\/\/sulsc.com\/","name":"","description":"","potentialAction":[{"@type":"SearchAction","target":{"@type":"EntryPoint","urlTemplate":"https:\/\/sulsc.com\/?s={search_term_string}"},"query-input":"required name=search_term_string"}],"inLanguage":"en-US"},{"@type":"Person","@id":"https:\/\/sulsc.com\/#\/schema\/person\/84d2fc571684f6248ba83092f07750a3","name":"Reda\u00e7\u00e3o Sul SC","image":{"@type":"ImageObject","inLanguage":"en-US","@id":"https:\/\/sulsc.com\/#\/schema\/person\/image\/e08d7fe2cc4ed596372063bbe852b8d0","url":"https:\/\/sulsc.com\/wp-content\/uploads\/2023\/09\/redacao.png","contentUrl":"https:\/\/sulsc.com\/wp-content\/uploads\/2023\/09\/redacao.png","caption":"Reda\u00e7\u00e3o Sul SC"},"description":"Foco em um jornalismo imparcial, voltado \u00e0 qualidade dos seus conte\u00fados e, assim, levar informa\u00e7\u00e3o de valor que agregue \u00e0 vida dos leitores. Esta \u00e9 grande miss\u00e3o do Portal de Not\u00edcias Sul SC. N\u00e3o \u00e9 quantidade que muda o mundo, sempre foi e seguir\u00e1 sendo qualidade!","sameAs":["https:\/\/sulsc.com\/","https:\/\/www.facebook.com\/profile.php?id=61559278119680","https:\/\/www.instagram.com\/sulscportal\/?hl=pt-br","https:\/\/twitter.com\/https:\/\/twitter.com\/PortalSulSC","https:\/\/www.youtube.com\/channel\/UCv_BE8GeySluDov2n8qhVmw"],"url":"https:\/\/sulsc.com\/index.php\/author\/redacao\/"}]}},"authors":[],"_links":{"self":[{"href":"https:\/\/sulsc.com\/index.php\/wp-json\/wp\/v2\/posts\/30502"}],"collection":[{"href":"https:\/\/sulsc.com\/index.php\/wp-json\/wp\/v2\/posts"}],"about":[{"href":"https:\/\/sulsc.com\/index.php\/wp-json\/wp\/v2\/types\/post"}],"author":[{"embeddable":true,"href":"https:\/\/sulsc.com\/index.php\/wp-json\/wp\/v2\/users\/3"}],"replies":[{"embeddable":true,"href":"https:\/\/sulsc.com\/index.php\/wp-json\/wp\/v2\/comments?post=30502"}],"version-history":[{"count":1,"href":"https:\/\/sulsc.com\/index.php\/wp-json\/wp\/v2\/posts\/30502\/revisions"}],"predecessor-version":[{"id":30504,"href":"https:\/\/sulsc.com\/index.php\/wp-json\/wp\/v2\/posts\/30502\/revisions\/30504"}],"wp:featuredmedia":[{"embeddable":true,"href":"https:\/\/sulsc.com\/index.php\/wp-json\/wp\/v2\/media\/30503"}],"wp:attachment":[{"href":"https:\/\/sulsc.com\/index.php\/wp-json\/wp\/v2\/media?parent=30502"}],"wp:term":[{"taxonomy":"category","embeddable":true,"href":"https:\/\/sulsc.com\/index.php\/wp-json\/wp\/v2\/categories?post=30502"},{"taxonomy":"post_tag","embeddable":true,"href":"https:\/\/sulsc.com\/index.php\/wp-json\/wp\/v2\/tags?post=30502"}],"curies":[{"name":"wp","href":"https:\/\/api.w.org\/{rel}","templated":true}]}}