{"id":30508,"date":"2025-12-05T13:00:47","date_gmt":"2025-12-05T16:00:47","guid":{"rendered":"https:\/\/sulsc.com\/?p=30508"},"modified":"2025-12-05T12:18:08","modified_gmt":"2025-12-05T15:18:08","slug":"padre-fabio-de-melo-presidira-missa-no-santuario-em-icara","status":"publish","type":"post","link":"https:\/\/sulsc.com\/index.php\/2025\/12\/05\/padre-fabio-de-melo-presidira-missa-no-santuario-em-icara\/","title":{"rendered":"Padre F\u00e1bio de Melo presidir\u00e1 missa no Santu\u00e1rio, em I\u00e7ara"},"content":{"rendered":"<p>O padre F\u00e1bio de Melo presidir\u00e1 uma missa na Bas\u00edlica Santu\u00e1rio Sagrado Cora\u00e7\u00e3o Misericordioso de Jesus, em I\u00e7ara. O evento reunir\u00e1 fi\u00e9is na manh\u00e3 de segunda-feira (15), a partir das \u00e0s 10 horas, em celebra\u00e7\u00e3o aos 24 anos de sacerd\u00f3cio do religioso.<\/p>\n<p>Segundo o padre Ant\u00f4nio Vander, o evento ser\u00e1 precedido por um show do cantor, marcado para domingo (14), \u00e0s 20 horas, no p\u00e1tio da bas\u00edlica. \u201cO espet\u00e1culo ter\u00e1 entrada livre. \u00c9 dif\u00edcil mensurar uma expectativa de p\u00fablico, mas esperamos milhares de pessoas\u201d, destacou padre Vander.<\/p>\n<p>A informa\u00e7\u00e3o \u00e9 de que padre F\u00e1bio de Melo visitou a Bas\u00edlica em sua vinda \u00e0 Crici\u00fama, em 13 de setembro, quando se apresentou no Parque das Na\u00e7\u00f5es Cincinato Naspolini, no bairro Pr\u00f3spera. Ant\u00f4nio Vander apresentou a igreja para o cantor, que at\u00e9 mesmo cantou com as irm\u00e3s. Dessa forma, surgiu o convite, aceito pelo sacerdote.<\/p>\n<div id=\"metaslider-id-25573\" style=\"width: 100%;\" class=\"ml-slider-3-99-0 metaslider metaslider-flex metaslider-25573 ml-slider has-onhover-arrows ms-theme-default-base has-dots-nav\" role=\"region\" aria-label=\"Meio\" data-width=\"1200\">\n    <div id=\"metaslider_container_25573\">\n        <div id=\"metaslider_25573\">\n            <ul class='slides'>\n                <li style=\"display: block; width: 100%;\" class=\"slide-25684 ms-image \" aria-roledescription=\"slide\" data-date=\"2025-07-24 07:55:40\"><img src=\"https:\/\/sulsc.com\/wp-content\/uploads\/2025\/07\/Marr-2-1000x166.jpg\" height=\"200\" width=\"1200\" alt=\"\" class=\"slider-25573 slide-25684 msDefaultImage\" title=\"Marr 2\" \/><\/li>\n                <li style=\"display: none; width: 100%;\" class=\"slide-32412 ms-image \" aria-roledescription=\"slide\" data-date=\"2026-02-18 13:59:46\"><img src=\"https:\/\/sulsc.com\/wp-content\/uploads\/2026\/02\/40dc1580-cad5-4867-bc58-c4243821ad38-1000x166.jpeg\" height=\"200\" width=\"1200\" alt=\"\" class=\"slider-25573 slide-32412 msDefaultImage\" title=\"40dc1580-cad5-4867-bc58-c4243821ad38\" \/><\/li>\n                <li style=\"display: none; width: 100%;\" class=\"slide-32766 ms-image \" aria-roledescription=\"slide\" data-date=\"2026-03-03 17:22:59\"><img src=\"https:\/\/sulsc.com\/wp-content\/uploads\/2026\/03\/271ce739-f268-41c5-8051-3de1a1750359-1000x166.jpeg\" height=\"200\" width=\"1200\" alt=\"\" class=\"slider-25573 slide-32766 msDefaultImage\" title=\"271ce739-f268-41c5-8051-3de1a1750359\" \/><\/li>\n            <\/ul>\n        <\/div>\n        \n    <\/div>\n<\/div>\n<p><strong>Quem \u00e9 F\u00e1bio de Melo?<\/strong><\/p>\n<p>F\u00e1bio Jos\u00e9 de Melo Silva, mais conhecido como padre F\u00e1bio de Melo, \u00e9 um sacerdote cat\u00f3lico, artista, escritor, professor universit\u00e1rio e apresentador brasileiro. Pertenceu \u00e0 Congrega\u00e7\u00e3o dos Sacerdotes do Sagrado Cora\u00e7\u00e3o de Jesus e atua na Diocese de Taubat\u00e9, no interior do estado de S\u00e3o Paulo. Possui 18 anos de forma\u00e7\u00e3o e estudos em semin\u00e1rios, com fase final sendo frater no semin\u00e1rio S\u00e3o Judas Tadeu em Terra Boa, Paran\u00e1.<\/p>\n<p>Foi ordenado sacerdote em 2001 em sua cidade natal, Formiga (MG), na Igreja Matriz de S\u00e3o Vicente Ferrer. \u00c9 graduado em Filosofia e Teologia, p\u00f3s-graduado em Educa\u00e7\u00e3o e mestre em Teologia Sistem\u00e1tica. Como cantor, gravou can\u00e7\u00f5es que abordam f\u00e9, como \u2018Abra\u00e7o Eterno\u2019, \u2018Tudo \u00e9 do Pai\u2019, \u2018Nas Asas do Senhor\u2019 e \u2018Tudo Posso\u2019. Ao todo, padre F\u00e1bio de Melo j\u00e1 vendeu mais de tr\u00eas milh\u00f5es de c\u00f3pias de CDs, al\u00e9m de 3,5 milh\u00f5es de livros.<\/p>\n<p><img fetchpriority=\"high\" decoding=\"async\" class=\"alignnone size-full wp-image-30509\" src=\"http:\/\/sulsc.com\/wp-content\/uploads\/2025\/12\/Pe-Fabio-de-Melo.webp\" alt=\"\" width=\"984\" height=\"656\" srcset=\"https:\/\/sulsc.com\/wp-content\/uploads\/2025\/12\/Pe-Fabio-de-Melo.webp 984w, https:\/\/sulsc.com\/wp-content\/uploads\/2025\/12\/Pe-Fabio-de-Melo-300x200.webp 300w, https:\/\/sulsc.com\/wp-content\/uploads\/2025\/12\/Pe-Fabio-de-Melo-768x512.webp 768w\" sizes=\"(max-width: 984px) 100vw, 984px\" \/><\/p>\n<p><em>Fonte: Engeplus<\/em><\/p>\n","protected":false},"excerpt":{"rendered":"<p>O padre F\u00e1bio de Melo presidir\u00e1 uma missa na Bas\u00edlica Santu\u00e1rio Sagrado Cora\u00e7\u00e3o Misericordioso de Jesus, em I\u00e7ara. O evento reunir\u00e1 fi\u00e9is na manh\u00e3 de segunda-feira (15), a partir das \u00e0s 10 horas, em celebra\u00e7\u00e3o aos 24 anos de sacerd\u00f3cio do religioso. Segundo o padre Ant\u00f4nio Vander, o evento ser\u00e1 precedido por um show do &hellip;<\/p>\n<p class=\"read-more\"> <a class=\"\" href=\"https:\/\/sulsc.com\/index.php\/2025\/12\/05\/padre-fabio-de-melo-presidira-missa-no-santuario-em-icara\/\"> <span class=\"screen-reader-text\">Padre F\u00e1bio de Melo presidir\u00e1 missa no Santu\u00e1rio, em I\u00e7ara<\/span> Read More &raquo;<\/a><\/p>\n","protected":false},"author":3,"featured_media":30509,"comment_status":"open","ping_status":"open","sticky":false,"template":"","format":"standard","meta":{"site-sidebar-layout":"default","site-content-layout":"","ast-site-content-layout":"default","site-content-style":"default","site-sidebar-style":"default","ast-global-header-display":"","ast-banner-title-visibility":"","ast-main-header-display":"","ast-hfb-above-header-display":"","ast-hfb-below-header-display":"","ast-hfb-mobile-header-display":"","site-post-title":"","ast-breadcrumbs-content":"","ast-featured-img":"","footer-sml-layout":"","theme-transparent-header-meta":"default","adv-header-id-meta":"","stick-header-meta":"","header-above-stick-meta":"","header-main-stick-meta":"","header-below-stick-meta":"","astra-migrate-meta-layouts":"set","footnotes":""},"categories":[2597,1,12],"tags":[],"yoast_head":"<!-- This site is optimized with the Yoast SEO plugin v21.4 - https:\/\/yoast.com\/wordpress\/plugins\/seo\/ -->\n<title>Padre F\u00e1bio de Melo presidir\u00e1 missa no Santu\u00e1rio, em I\u00e7ara -<\/title>\n<meta name=\"robots\" content=\"index, follow, max-snippet:-1, max-image-preview:large, max-video-preview:-1\" \/>\n<link rel=\"canonical\" href=\"https:\/\/sulsc.com\/index.php\/2025\/12\/05\/padre-fabio-de-melo-presidira-missa-no-santuario-em-icara\/\" \/>\n<meta property=\"og:locale\" content=\"en_US\" \/>\n<meta property=\"og:type\" content=\"article\" \/>\n<meta property=\"og:title\" content=\"Padre F\u00e1bio de Melo presidir\u00e1 missa no Santu\u00e1rio, em I\u00e7ara -\" \/>\n<meta property=\"og:description\" content=\"O padre F\u00e1bio de Melo presidir\u00e1 uma missa na Bas\u00edlica Santu\u00e1rio Sagrado Cora\u00e7\u00e3o Misericordioso de Jesus, em I\u00e7ara. O evento reunir\u00e1 fi\u00e9is na manh\u00e3 de segunda-feira (15), a partir das \u00e0s 10 horas, em celebra\u00e7\u00e3o aos 24 anos de sacerd\u00f3cio do religioso. Segundo o padre Ant\u00f4nio Vander, o evento ser\u00e1 precedido por um show do &hellip; Padre F\u00e1bio de Melo presidir\u00e1 missa no Santu\u00e1rio, em I\u00e7ara Read More &raquo;\" \/>\n<meta property=\"og:url\" content=\"https:\/\/sulsc.com\/index.php\/2025\/12\/05\/padre-fabio-de-melo-presidira-missa-no-santuario-em-icara\/\" \/>\n<meta property=\"article:author\" content=\"https:\/\/www.facebook.com\/profile.php?id=61559278119680\" \/>\n<meta property=\"article:published_time\" content=\"2025-12-05T16:00:47+00:00\" \/>\n<meta property=\"article:modified_time\" content=\"2025-12-05T15:18:08+00:00\" \/>\n<meta property=\"og:image\" content=\"https:\/\/sulsc.com\/wp-content\/uploads\/2025\/12\/Pe-Fabio-de-Melo.webp\" \/>\n\t<meta property=\"og:image:width\" content=\"984\" \/>\n\t<meta property=\"og:image:height\" content=\"656\" \/>\n\t<meta property=\"og:image:type\" content=\"image\/webp\" \/>\n<meta name=\"author\" content=\"Reda\u00e7\u00e3o Sul SC\" \/>\n<meta name=\"twitter:card\" content=\"summary_large_image\" \/>\n<meta name=\"twitter:creator\" content=\"@https:\/\/twitter.com\/PortalSulSC\" \/>\n<meta name=\"twitter:label1\" content=\"Written by\" \/>\n\t<meta name=\"twitter:data1\" content=\"Reda\u00e7\u00e3o Sul SC\" \/>\n\t<meta name=\"twitter:label2\" content=\"Est. reading time\" \/>\n\t<meta name=\"twitter:data2\" content=\"2 minutes\" \/>\n<script type=\"application\/ld+json\" class=\"yoast-schema-graph\">{\"@context\":\"https:\/\/schema.org\",\"@graph\":[{\"@type\":\"WebPage\",\"@id\":\"https:\/\/sulsc.com\/index.php\/2025\/12\/05\/padre-fabio-de-melo-presidira-missa-no-santuario-em-icara\/\",\"url\":\"https:\/\/sulsc.com\/index.php\/2025\/12\/05\/padre-fabio-de-melo-presidira-missa-no-santuario-em-icara\/\",\"name\":\"Padre F\u00e1bio de Melo presidir\u00e1 missa no Santu\u00e1rio, em I\u00e7ara -\",\"isPartOf\":{\"@id\":\"https:\/\/sulsc.com\/#website\"},\"datePublished\":\"2025-12-05T16:00:47+00:00\",\"dateModified\":\"2025-12-05T15:18:08+00:00\",\"author\":{\"@id\":\"https:\/\/sulsc.com\/#\/schema\/person\/84d2fc571684f6248ba83092f07750a3\"},\"breadcrumb\":{\"@id\":\"https:\/\/sulsc.com\/index.php\/2025\/12\/05\/padre-fabio-de-melo-presidira-missa-no-santuario-em-icara\/#breadcrumb\"},\"inLanguage\":\"en-US\",\"potentialAction\":[{\"@type\":\"ReadAction\",\"target\":[\"https:\/\/sulsc.com\/index.php\/2025\/12\/05\/padre-fabio-de-melo-presidira-missa-no-santuario-em-icara\/\"]}]},{\"@type\":\"BreadcrumbList\",\"@id\":\"https:\/\/sulsc.com\/index.php\/2025\/12\/05\/padre-fabio-de-melo-presidira-missa-no-santuario-em-icara\/#breadcrumb\",\"itemListElement\":[{\"@type\":\"ListItem\",\"position\":1,\"name\":\"In\u00edcio\",\"item\":\"https:\/\/sulsc.com\/\"},{\"@type\":\"ListItem\",\"position\":2,\"name\":\"Padre F\u00e1bio de Melo presidir\u00e1 missa no Santu\u00e1rio, em I\u00e7ara\"}]},{\"@type\":\"WebSite\",\"@id\":\"https:\/\/sulsc.com\/#website\",\"url\":\"https:\/\/sulsc.com\/\",\"name\":\"\",\"description\":\"\",\"potentialAction\":[{\"@type\":\"SearchAction\",\"target\":{\"@type\":\"EntryPoint\",\"urlTemplate\":\"https:\/\/sulsc.com\/?s={search_term_string}\"},\"query-input\":\"required name=search_term_string\"}],\"inLanguage\":\"en-US\"},{\"@type\":\"Person\",\"@id\":\"https:\/\/sulsc.com\/#\/schema\/person\/84d2fc571684f6248ba83092f07750a3\",\"name\":\"Reda\u00e7\u00e3o Sul SC\",\"image\":{\"@type\":\"ImageObject\",\"inLanguage\":\"en-US\",\"@id\":\"https:\/\/sulsc.com\/#\/schema\/person\/image\/e08d7fe2cc4ed596372063bbe852b8d0\",\"url\":\"https:\/\/sulsc.com\/wp-content\/uploads\/2023\/09\/redacao.png\",\"contentUrl\":\"https:\/\/sulsc.com\/wp-content\/uploads\/2023\/09\/redacao.png\",\"caption\":\"Reda\u00e7\u00e3o Sul SC\"},\"description\":\"Foco em um jornalismo imparcial, voltado \u00e0 qualidade dos seus conte\u00fados e, assim, levar informa\u00e7\u00e3o de valor que agregue \u00e0 vida dos leitores. Esta \u00e9 grande miss\u00e3o do Portal de Not\u00edcias Sul SC. N\u00e3o \u00e9 quantidade que muda o mundo, sempre foi e seguir\u00e1 sendo qualidade!\",\"sameAs\":[\"https:\/\/sulsc.com\/\",\"https:\/\/www.facebook.com\/profile.php?id=61559278119680\",\"https:\/\/www.instagram.com\/sulscportal\/?hl=pt-br\",\"https:\/\/twitter.com\/https:\/\/twitter.com\/PortalSulSC\",\"https:\/\/www.youtube.com\/channel\/UCv_BE8GeySluDov2n8qhVmw\"],\"url\":\"https:\/\/sulsc.com\/index.php\/author\/redacao\/\"}]}<\/script>\n<!-- \/ Yoast SEO plugin. -->","yoast_head_json":{"title":"Padre F\u00e1bio de Melo presidir\u00e1 missa no Santu\u00e1rio, em I\u00e7ara -","robots":{"index":"index","follow":"follow","max-snippet":"max-snippet:-1","max-image-preview":"max-image-preview:large","max-video-preview":"max-video-preview:-1"},"canonical":"https:\/\/sulsc.com\/index.php\/2025\/12\/05\/padre-fabio-de-melo-presidira-missa-no-santuario-em-icara\/","og_locale":"en_US","og_type":"article","og_title":"Padre F\u00e1bio de Melo presidir\u00e1 missa no Santu\u00e1rio, em I\u00e7ara -","og_description":"O padre F\u00e1bio de Melo presidir\u00e1 uma missa na Bas\u00edlica Santu\u00e1rio Sagrado Cora\u00e7\u00e3o Misericordioso de Jesus, em I\u00e7ara. O evento reunir\u00e1 fi\u00e9is na manh\u00e3 de segunda-feira (15), a partir das \u00e0s 10 horas, em celebra\u00e7\u00e3o aos 24 anos de sacerd\u00f3cio do religioso. Segundo o padre Ant\u00f4nio Vander, o evento ser\u00e1 precedido por um show do &hellip; Padre F\u00e1bio de Melo presidir\u00e1 missa no Santu\u00e1rio, em I\u00e7ara Read More &raquo;","og_url":"https:\/\/sulsc.com\/index.php\/2025\/12\/05\/padre-fabio-de-melo-presidira-missa-no-santuario-em-icara\/","article_author":"https:\/\/www.facebook.com\/profile.php?id=61559278119680","article_published_time":"2025-12-05T16:00:47+00:00","article_modified_time":"2025-12-05T15:18:08+00:00","og_image":[{"width":984,"height":656,"url":"https:\/\/sulsc.com\/wp-content\/uploads\/2025\/12\/Pe-Fabio-de-Melo.webp","type":"image\/webp"}],"author":"Reda\u00e7\u00e3o Sul SC","twitter_card":"summary_large_image","twitter_creator":"@https:\/\/twitter.com\/PortalSulSC","twitter_misc":{"Written by":"Reda\u00e7\u00e3o Sul SC","Est. reading time":"2 minutes"},"schema":{"@context":"https:\/\/schema.org","@graph":[{"@type":"WebPage","@id":"https:\/\/sulsc.com\/index.php\/2025\/12\/05\/padre-fabio-de-melo-presidira-missa-no-santuario-em-icara\/","url":"https:\/\/sulsc.com\/index.php\/2025\/12\/05\/padre-fabio-de-melo-presidira-missa-no-santuario-em-icara\/","name":"Padre F\u00e1bio de Melo presidir\u00e1 missa no Santu\u00e1rio, em I\u00e7ara -","isPartOf":{"@id":"https:\/\/sulsc.com\/#website"},"datePublished":"2025-12-05T16:00:47+00:00","dateModified":"2025-12-05T15:18:08+00:00","author":{"@id":"https:\/\/sulsc.com\/#\/schema\/person\/84d2fc571684f6248ba83092f07750a3"},"breadcrumb":{"@id":"https:\/\/sulsc.com\/index.php\/2025\/12\/05\/padre-fabio-de-melo-presidira-missa-no-santuario-em-icara\/#breadcrumb"},"inLanguage":"en-US","potentialAction":[{"@type":"ReadAction","target":["https:\/\/sulsc.com\/index.php\/2025\/12\/05\/padre-fabio-de-melo-presidira-missa-no-santuario-em-icara\/"]}]},{"@type":"BreadcrumbList","@id":"https:\/\/sulsc.com\/index.php\/2025\/12\/05\/padre-fabio-de-melo-presidira-missa-no-santuario-em-icara\/#breadcrumb","itemListElement":[{"@type":"ListItem","position":1,"name":"In\u00edcio","item":"https:\/\/sulsc.com\/"},{"@type":"ListItem","position":2,"name":"Padre F\u00e1bio de Melo presidir\u00e1 missa no Santu\u00e1rio, em I\u00e7ara"}]},{"@type":"WebSite","@id":"https:\/\/sulsc.com\/#website","url":"https:\/\/sulsc.com\/","name":"","description":"","potentialAction":[{"@type":"SearchAction","target":{"@type":"EntryPoint","urlTemplate":"https:\/\/sulsc.com\/?s={search_term_string}"},"query-input":"required name=search_term_string"}],"inLanguage":"en-US"},{"@type":"Person","@id":"https:\/\/sulsc.com\/#\/schema\/person\/84d2fc571684f6248ba83092f07750a3","name":"Reda\u00e7\u00e3o Sul SC","image":{"@type":"ImageObject","inLanguage":"en-US","@id":"https:\/\/sulsc.com\/#\/schema\/person\/image\/e08d7fe2cc4ed596372063bbe852b8d0","url":"https:\/\/sulsc.com\/wp-content\/uploads\/2023\/09\/redacao.png","contentUrl":"https:\/\/sulsc.com\/wp-content\/uploads\/2023\/09\/redacao.png","caption":"Reda\u00e7\u00e3o Sul SC"},"description":"Foco em um jornalismo imparcial, voltado \u00e0 qualidade dos seus conte\u00fados e, assim, levar informa\u00e7\u00e3o de valor que agregue \u00e0 vida dos leitores. Esta \u00e9 grande miss\u00e3o do Portal de Not\u00edcias Sul SC. N\u00e3o \u00e9 quantidade que muda o mundo, sempre foi e seguir\u00e1 sendo qualidade!","sameAs":["https:\/\/sulsc.com\/","https:\/\/www.facebook.com\/profile.php?id=61559278119680","https:\/\/www.instagram.com\/sulscportal\/?hl=pt-br","https:\/\/twitter.com\/https:\/\/twitter.com\/PortalSulSC","https:\/\/www.youtube.com\/channel\/UCv_BE8GeySluDov2n8qhVmw"],"url":"https:\/\/sulsc.com\/index.php\/author\/redacao\/"}]}},"authors":[],"_links":{"self":[{"href":"https:\/\/sulsc.com\/index.php\/wp-json\/wp\/v2\/posts\/30508"}],"collection":[{"href":"https:\/\/sulsc.com\/index.php\/wp-json\/wp\/v2\/posts"}],"about":[{"href":"https:\/\/sulsc.com\/index.php\/wp-json\/wp\/v2\/types\/post"}],"author":[{"embeddable":true,"href":"https:\/\/sulsc.com\/index.php\/wp-json\/wp\/v2\/users\/3"}],"replies":[{"embeddable":true,"href":"https:\/\/sulsc.com\/index.php\/wp-json\/wp\/v2\/comments?post=30508"}],"version-history":[{"count":1,"href":"https:\/\/sulsc.com\/index.php\/wp-json\/wp\/v2\/posts\/30508\/revisions"}],"predecessor-version":[{"id":30510,"href":"https:\/\/sulsc.com\/index.php\/wp-json\/wp\/v2\/posts\/30508\/revisions\/30510"}],"wp:featuredmedia":[{"embeddable":true,"href":"https:\/\/sulsc.com\/index.php\/wp-json\/wp\/v2\/media\/30509"}],"wp:attachment":[{"href":"https:\/\/sulsc.com\/index.php\/wp-json\/wp\/v2\/media?parent=30508"}],"wp:term":[{"taxonomy":"category","embeddable":true,"href":"https:\/\/sulsc.com\/index.php\/wp-json\/wp\/v2\/categories?post=30508"},{"taxonomy":"post_tag","embeddable":true,"href":"https:\/\/sulsc.com\/index.php\/wp-json\/wp\/v2\/tags?post=30508"}],"curies":[{"name":"wp","href":"https:\/\/api.w.org\/{rel}","templated":true}]}}