{"id":30514,"date":"2025-12-05T15:00:15","date_gmt":"2025-12-05T18:00:15","guid":{"rendered":"https:\/\/sulsc.com\/?p=30514"},"modified":"2025-12-05T12:29:14","modified_gmt":"2025-12-05T15:29:14","slug":"homem-e-condenado-a-quase-40-anos-de-prisao-por-feminicidio-em-criciuma","status":"publish","type":"post","link":"https:\/\/sulsc.com\/index.php\/2025\/12\/05\/homem-e-condenado-a-quase-40-anos-de-prisao-por-feminicidio-em-criciuma\/","title":{"rendered":"Homem \u00e9 condenado a quase 40 anos de pris\u00e3o por feminic\u00eddio em Crici\u00fama"},"content":{"rendered":"<p>Um homem foi condenado a 39 anos, oito meses e 10 dias de reclus\u00e3o pelo crime de feminic\u00eddio, praticado contra a esposa ap\u00f3s 35 anos de casamento. A decis\u00e3o foi proferida pelo Tribunal do J\u00fari da comarca de Crici\u00fama.<\/p>\n<p>O assassinato ocorreu um dia antes da data marcada para a assinatura do div\u00f3rcio. Al\u00e9m da pena, o r\u00e9u dever\u00e1 pagar R$ 30 mil de indeniza\u00e7\u00e3o por danos morais aos herdeiros da v\u00edtima.<\/p>\n<p>Segundo os autos, o crime ocorreu na madrugada de 16 de fevereiro de 2025, dentro da resid\u00eancia do casal, em contexto de viol\u00eancia dom\u00e9stica e familiar. O acusado atacou a v\u00edtima com golpes de faca enquanto ela dormia, ap\u00f3s cobrir sua boca com um pano.<\/p>\n<div id=\"metaslider-id-25573\" style=\"width: 100%;\" class=\"ml-slider-3-99-0 metaslider metaslider-flex metaslider-25573 ml-slider has-onhover-arrows ms-theme-default-base has-dots-nav\" role=\"region\" aria-label=\"Meio\" data-width=\"1200\">\n    <div id=\"metaslider_container_25573\">\n        <div id=\"metaslider_25573\">\n            <ul class='slides'>\n                <li style=\"display: block; width: 100%;\" class=\"slide-25684 ms-image \" aria-roledescription=\"slide\" data-date=\"2025-07-24 07:55:40\"><img src=\"https:\/\/sulsc.com\/wp-content\/uploads\/2025\/07\/Marr-2-1000x166.jpg\" height=\"200\" width=\"1200\" alt=\"\" class=\"slider-25573 slide-25684 msDefaultImage\" title=\"Marr 2\" \/><\/li>\n                <li style=\"display: none; width: 100%;\" class=\"slide-32412 ms-image \" aria-roledescription=\"slide\" data-date=\"2026-02-18 13:59:46\"><img src=\"https:\/\/sulsc.com\/wp-content\/uploads\/2026\/02\/40dc1580-cad5-4867-bc58-c4243821ad38-1000x166.jpeg\" height=\"200\" width=\"1200\" alt=\"\" class=\"slider-25573 slide-32412 msDefaultImage\" title=\"40dc1580-cad5-4867-bc58-c4243821ad38\" \/><\/li>\n                <li style=\"display: none; width: 100%;\" class=\"slide-32766 ms-image \" aria-roledescription=\"slide\" data-date=\"2026-03-03 17:22:59\"><img src=\"https:\/\/sulsc.com\/wp-content\/uploads\/2026\/03\/271ce739-f268-41c5-8051-3de1a1750359-1000x166.jpeg\" height=\"200\" width=\"1200\" alt=\"\" class=\"slider-25573 slide-32766 msDefaultImage\" title=\"271ce739-f268-41c5-8051-3de1a1750359\" \/><\/li>\n            <\/ul>\n        <\/div>\n        \n    <\/div>\n<\/div>\n<p>O laudo pericial apontou les\u00f5es profundas na regi\u00e3o cervical, al\u00e9m de asfixia mec\u00e2nica causada pela aspira\u00e7\u00e3o de sangue.\u00a0O feminic\u00eddio foi qualificado por motivo torpe, asfixia, meio cruel e recurso que dificultou a defesa da v\u00edtima, circunst\u00e2ncias que aumentaram a pena.<\/p>\n<p>A condena\u00e7\u00e3o dever\u00e1 ser cumprida em regime fechado, sem o direito de recorrer em liberdade. Ao final da sess\u00e3o, foi expedido mandado de pris\u00e3o para cumprimento imediato. O processo tramita em segredo de justi\u00e7a.<\/p>\n<p><img fetchpriority=\"high\" decoding=\"async\" class=\"alignnone size-full wp-image-30515\" src=\"http:\/\/sulsc.com\/wp-content\/uploads\/2025\/12\/Forum-Criciuma.png\" alt=\"\" width=\"665\" height=\"440\" srcset=\"https:\/\/sulsc.com\/wp-content\/uploads\/2025\/12\/Forum-Criciuma.png 665w, https:\/\/sulsc.com\/wp-content\/uploads\/2025\/12\/Forum-Criciuma-300x198.png 300w\" sizes=\"(max-width: 665px) 100vw, 665px\" \/><\/p>\n<p>&nbsp;<\/p>\n","protected":false},"excerpt":{"rendered":"<p>Um homem foi condenado a 39 anos, oito meses e 10 dias de reclus\u00e3o pelo crime de feminic\u00eddio, praticado contra a esposa ap\u00f3s 35 anos de casamento. A decis\u00e3o foi proferida pelo Tribunal do J\u00fari da comarca de Crici\u00fama. O assassinato ocorreu um dia antes da data marcada para a assinatura do div\u00f3rcio. Al\u00e9m da &hellip;<\/p>\n<p class=\"read-more\"> <a class=\"\" href=\"https:\/\/sulsc.com\/index.php\/2025\/12\/05\/homem-e-condenado-a-quase-40-anos-de-prisao-por-feminicidio-em-criciuma\/\"> <span class=\"screen-reader-text\">Homem \u00e9 condenado a quase 40 anos de pris\u00e3o por feminic\u00eddio em Crici\u00fama<\/span> Read More &raquo;<\/a><\/p>\n","protected":false},"author":3,"featured_media":30515,"comment_status":"open","ping_status":"open","sticky":false,"template":"","format":"standard","meta":{"site-sidebar-layout":"default","site-content-layout":"","ast-site-content-layout":"default","site-content-style":"default","site-sidebar-style":"default","ast-global-header-display":"","ast-banner-title-visibility":"","ast-main-header-display":"","ast-hfb-above-header-display":"","ast-hfb-below-header-display":"","ast-hfb-mobile-header-display":"","site-post-title":"","ast-breadcrumbs-content":"","ast-featured-img":"","footer-sml-layout":"","theme-transparent-header-meta":"default","adv-header-id-meta":"","stick-header-meta":"","header-above-stick-meta":"","header-main-stick-meta":"","header-below-stick-meta":"","astra-migrate-meta-layouts":"set","footnotes":""},"categories":[23,8,12],"tags":[],"yoast_head":"<!-- This site is optimized with the Yoast SEO plugin v21.4 - https:\/\/yoast.com\/wordpress\/plugins\/seo\/ -->\n<title>Homem \u00e9 condenado a quase 40 anos de pris\u00e3o por feminic\u00eddio em Crici\u00fama -<\/title>\n<meta name=\"robots\" content=\"index, follow, max-snippet:-1, max-image-preview:large, max-video-preview:-1\" \/>\n<link rel=\"canonical\" href=\"https:\/\/sulsc.com\/index.php\/2025\/12\/05\/homem-e-condenado-a-quase-40-anos-de-prisao-por-feminicidio-em-criciuma\/\" \/>\n<meta property=\"og:locale\" content=\"en_US\" \/>\n<meta property=\"og:type\" content=\"article\" \/>\n<meta property=\"og:title\" content=\"Homem \u00e9 condenado a quase 40 anos de pris\u00e3o por feminic\u00eddio em Crici\u00fama -\" \/>\n<meta property=\"og:description\" content=\"Um homem foi condenado a 39 anos, oito meses e 10 dias de reclus\u00e3o pelo crime de feminic\u00eddio, praticado contra a esposa ap\u00f3s 35 anos de casamento. A decis\u00e3o foi proferida pelo Tribunal do J\u00fari da comarca de Crici\u00fama. O assassinato ocorreu um dia antes da data marcada para a assinatura do div\u00f3rcio. Al\u00e9m da &hellip; Homem \u00e9 condenado a quase 40 anos de pris\u00e3o por feminic\u00eddio em Crici\u00fama Read More &raquo;\" \/>\n<meta property=\"og:url\" content=\"https:\/\/sulsc.com\/index.php\/2025\/12\/05\/homem-e-condenado-a-quase-40-anos-de-prisao-por-feminicidio-em-criciuma\/\" \/>\n<meta property=\"article:author\" content=\"https:\/\/www.facebook.com\/profile.php?id=61559278119680\" \/>\n<meta property=\"article:published_time\" content=\"2025-12-05T18:00:15+00:00\" \/>\n<meta property=\"article:modified_time\" content=\"2025-12-05T15:29:14+00:00\" \/>\n<meta property=\"og:image\" content=\"https:\/\/sulsc.com\/wp-content\/uploads\/2025\/12\/Forum-Criciuma.png\" \/>\n\t<meta property=\"og:image:width\" content=\"665\" \/>\n\t<meta property=\"og:image:height\" content=\"440\" \/>\n\t<meta property=\"og:image:type\" content=\"image\/png\" \/>\n<meta name=\"author\" content=\"Reda\u00e7\u00e3o Sul SC\" \/>\n<meta name=\"twitter:card\" content=\"summary_large_image\" \/>\n<meta name=\"twitter:creator\" content=\"@https:\/\/twitter.com\/PortalSulSC\" \/>\n<meta name=\"twitter:label1\" content=\"Written by\" \/>\n\t<meta name=\"twitter:data1\" content=\"Reda\u00e7\u00e3o Sul SC\" \/>\n\t<meta name=\"twitter:label2\" content=\"Est. reading time\" \/>\n\t<meta name=\"twitter:data2\" content=\"2 minutes\" \/>\n<script type=\"application\/ld+json\" class=\"yoast-schema-graph\">{\"@context\":\"https:\/\/schema.org\",\"@graph\":[{\"@type\":\"WebPage\",\"@id\":\"https:\/\/sulsc.com\/index.php\/2025\/12\/05\/homem-e-condenado-a-quase-40-anos-de-prisao-por-feminicidio-em-criciuma\/\",\"url\":\"https:\/\/sulsc.com\/index.php\/2025\/12\/05\/homem-e-condenado-a-quase-40-anos-de-prisao-por-feminicidio-em-criciuma\/\",\"name\":\"Homem \u00e9 condenado a quase 40 anos de pris\u00e3o por feminic\u00eddio em Crici\u00fama -\",\"isPartOf\":{\"@id\":\"https:\/\/sulsc.com\/#website\"},\"datePublished\":\"2025-12-05T18:00:15+00:00\",\"dateModified\":\"2025-12-05T15:29:14+00:00\",\"author\":{\"@id\":\"https:\/\/sulsc.com\/#\/schema\/person\/84d2fc571684f6248ba83092f07750a3\"},\"breadcrumb\":{\"@id\":\"https:\/\/sulsc.com\/index.php\/2025\/12\/05\/homem-e-condenado-a-quase-40-anos-de-prisao-por-feminicidio-em-criciuma\/#breadcrumb\"},\"inLanguage\":\"en-US\",\"potentialAction\":[{\"@type\":\"ReadAction\",\"target\":[\"https:\/\/sulsc.com\/index.php\/2025\/12\/05\/homem-e-condenado-a-quase-40-anos-de-prisao-por-feminicidio-em-criciuma\/\"]}]},{\"@type\":\"BreadcrumbList\",\"@id\":\"https:\/\/sulsc.com\/index.php\/2025\/12\/05\/homem-e-condenado-a-quase-40-anos-de-prisao-por-feminicidio-em-criciuma\/#breadcrumb\",\"itemListElement\":[{\"@type\":\"ListItem\",\"position\":1,\"name\":\"In\u00edcio\",\"item\":\"https:\/\/sulsc.com\/\"},{\"@type\":\"ListItem\",\"position\":2,\"name\":\"Homem \u00e9 condenado a quase 40 anos de pris\u00e3o por feminic\u00eddio em Crici\u00fama\"}]},{\"@type\":\"WebSite\",\"@id\":\"https:\/\/sulsc.com\/#website\",\"url\":\"https:\/\/sulsc.com\/\",\"name\":\"\",\"description\":\"\",\"potentialAction\":[{\"@type\":\"SearchAction\",\"target\":{\"@type\":\"EntryPoint\",\"urlTemplate\":\"https:\/\/sulsc.com\/?s={search_term_string}\"},\"query-input\":\"required name=search_term_string\"}],\"inLanguage\":\"en-US\"},{\"@type\":\"Person\",\"@id\":\"https:\/\/sulsc.com\/#\/schema\/person\/84d2fc571684f6248ba83092f07750a3\",\"name\":\"Reda\u00e7\u00e3o Sul SC\",\"image\":{\"@type\":\"ImageObject\",\"inLanguage\":\"en-US\",\"@id\":\"https:\/\/sulsc.com\/#\/schema\/person\/image\/e08d7fe2cc4ed596372063bbe852b8d0\",\"url\":\"https:\/\/sulsc.com\/wp-content\/uploads\/2023\/09\/redacao.png\",\"contentUrl\":\"https:\/\/sulsc.com\/wp-content\/uploads\/2023\/09\/redacao.png\",\"caption\":\"Reda\u00e7\u00e3o Sul SC\"},\"description\":\"Foco em um jornalismo imparcial, voltado \u00e0 qualidade dos seus conte\u00fados e, assim, levar informa\u00e7\u00e3o de valor que agregue \u00e0 vida dos leitores. Esta \u00e9 grande miss\u00e3o do Portal de Not\u00edcias Sul SC. N\u00e3o \u00e9 quantidade que muda o mundo, sempre foi e seguir\u00e1 sendo qualidade!\",\"sameAs\":[\"https:\/\/sulsc.com\/\",\"https:\/\/www.facebook.com\/profile.php?id=61559278119680\",\"https:\/\/www.instagram.com\/sulscportal\/?hl=pt-br\",\"https:\/\/twitter.com\/https:\/\/twitter.com\/PortalSulSC\",\"https:\/\/www.youtube.com\/channel\/UCv_BE8GeySluDov2n8qhVmw\"],\"url\":\"https:\/\/sulsc.com\/index.php\/author\/redacao\/\"}]}<\/script>\n<!-- \/ Yoast SEO plugin. -->","yoast_head_json":{"title":"Homem \u00e9 condenado a quase 40 anos de pris\u00e3o por feminic\u00eddio em Crici\u00fama -","robots":{"index":"index","follow":"follow","max-snippet":"max-snippet:-1","max-image-preview":"max-image-preview:large","max-video-preview":"max-video-preview:-1"},"canonical":"https:\/\/sulsc.com\/index.php\/2025\/12\/05\/homem-e-condenado-a-quase-40-anos-de-prisao-por-feminicidio-em-criciuma\/","og_locale":"en_US","og_type":"article","og_title":"Homem \u00e9 condenado a quase 40 anos de pris\u00e3o por feminic\u00eddio em Crici\u00fama -","og_description":"Um homem foi condenado a 39 anos, oito meses e 10 dias de reclus\u00e3o pelo crime de feminic\u00eddio, praticado contra a esposa ap\u00f3s 35 anos de casamento. A decis\u00e3o foi proferida pelo Tribunal do J\u00fari da comarca de Crici\u00fama. O assassinato ocorreu um dia antes da data marcada para a assinatura do div\u00f3rcio. Al\u00e9m da &hellip; Homem \u00e9 condenado a quase 40 anos de pris\u00e3o por feminic\u00eddio em Crici\u00fama Read More &raquo;","og_url":"https:\/\/sulsc.com\/index.php\/2025\/12\/05\/homem-e-condenado-a-quase-40-anos-de-prisao-por-feminicidio-em-criciuma\/","article_author":"https:\/\/www.facebook.com\/profile.php?id=61559278119680","article_published_time":"2025-12-05T18:00:15+00:00","article_modified_time":"2025-12-05T15:29:14+00:00","og_image":[{"width":665,"height":440,"url":"https:\/\/sulsc.com\/wp-content\/uploads\/2025\/12\/Forum-Criciuma.png","type":"image\/png"}],"author":"Reda\u00e7\u00e3o Sul SC","twitter_card":"summary_large_image","twitter_creator":"@https:\/\/twitter.com\/PortalSulSC","twitter_misc":{"Written by":"Reda\u00e7\u00e3o Sul SC","Est. reading time":"2 minutes"},"schema":{"@context":"https:\/\/schema.org","@graph":[{"@type":"WebPage","@id":"https:\/\/sulsc.com\/index.php\/2025\/12\/05\/homem-e-condenado-a-quase-40-anos-de-prisao-por-feminicidio-em-criciuma\/","url":"https:\/\/sulsc.com\/index.php\/2025\/12\/05\/homem-e-condenado-a-quase-40-anos-de-prisao-por-feminicidio-em-criciuma\/","name":"Homem \u00e9 condenado a quase 40 anos de pris\u00e3o por feminic\u00eddio em Crici\u00fama -","isPartOf":{"@id":"https:\/\/sulsc.com\/#website"},"datePublished":"2025-12-05T18:00:15+00:00","dateModified":"2025-12-05T15:29:14+00:00","author":{"@id":"https:\/\/sulsc.com\/#\/schema\/person\/84d2fc571684f6248ba83092f07750a3"},"breadcrumb":{"@id":"https:\/\/sulsc.com\/index.php\/2025\/12\/05\/homem-e-condenado-a-quase-40-anos-de-prisao-por-feminicidio-em-criciuma\/#breadcrumb"},"inLanguage":"en-US","potentialAction":[{"@type":"ReadAction","target":["https:\/\/sulsc.com\/index.php\/2025\/12\/05\/homem-e-condenado-a-quase-40-anos-de-prisao-por-feminicidio-em-criciuma\/"]}]},{"@type":"BreadcrumbList","@id":"https:\/\/sulsc.com\/index.php\/2025\/12\/05\/homem-e-condenado-a-quase-40-anos-de-prisao-por-feminicidio-em-criciuma\/#breadcrumb","itemListElement":[{"@type":"ListItem","position":1,"name":"In\u00edcio","item":"https:\/\/sulsc.com\/"},{"@type":"ListItem","position":2,"name":"Homem \u00e9 condenado a quase 40 anos de pris\u00e3o por feminic\u00eddio em Crici\u00fama"}]},{"@type":"WebSite","@id":"https:\/\/sulsc.com\/#website","url":"https:\/\/sulsc.com\/","name":"","description":"","potentialAction":[{"@type":"SearchAction","target":{"@type":"EntryPoint","urlTemplate":"https:\/\/sulsc.com\/?s={search_term_string}"},"query-input":"required name=search_term_string"}],"inLanguage":"en-US"},{"@type":"Person","@id":"https:\/\/sulsc.com\/#\/schema\/person\/84d2fc571684f6248ba83092f07750a3","name":"Reda\u00e7\u00e3o Sul SC","image":{"@type":"ImageObject","inLanguage":"en-US","@id":"https:\/\/sulsc.com\/#\/schema\/person\/image\/e08d7fe2cc4ed596372063bbe852b8d0","url":"https:\/\/sulsc.com\/wp-content\/uploads\/2023\/09\/redacao.png","contentUrl":"https:\/\/sulsc.com\/wp-content\/uploads\/2023\/09\/redacao.png","caption":"Reda\u00e7\u00e3o Sul SC"},"description":"Foco em um jornalismo imparcial, voltado \u00e0 qualidade dos seus conte\u00fados e, assim, levar informa\u00e7\u00e3o de valor que agregue \u00e0 vida dos leitores. Esta \u00e9 grande miss\u00e3o do Portal de Not\u00edcias Sul SC. N\u00e3o \u00e9 quantidade que muda o mundo, sempre foi e seguir\u00e1 sendo qualidade!","sameAs":["https:\/\/sulsc.com\/","https:\/\/www.facebook.com\/profile.php?id=61559278119680","https:\/\/www.instagram.com\/sulscportal\/?hl=pt-br","https:\/\/twitter.com\/https:\/\/twitter.com\/PortalSulSC","https:\/\/www.youtube.com\/channel\/UCv_BE8GeySluDov2n8qhVmw"],"url":"https:\/\/sulsc.com\/index.php\/author\/redacao\/"}]}},"authors":[],"_links":{"self":[{"href":"https:\/\/sulsc.com\/index.php\/wp-json\/wp\/v2\/posts\/30514"}],"collection":[{"href":"https:\/\/sulsc.com\/index.php\/wp-json\/wp\/v2\/posts"}],"about":[{"href":"https:\/\/sulsc.com\/index.php\/wp-json\/wp\/v2\/types\/post"}],"author":[{"embeddable":true,"href":"https:\/\/sulsc.com\/index.php\/wp-json\/wp\/v2\/users\/3"}],"replies":[{"embeddable":true,"href":"https:\/\/sulsc.com\/index.php\/wp-json\/wp\/v2\/comments?post=30514"}],"version-history":[{"count":1,"href":"https:\/\/sulsc.com\/index.php\/wp-json\/wp\/v2\/posts\/30514\/revisions"}],"predecessor-version":[{"id":30516,"href":"https:\/\/sulsc.com\/index.php\/wp-json\/wp\/v2\/posts\/30514\/revisions\/30516"}],"wp:featuredmedia":[{"embeddable":true,"href":"https:\/\/sulsc.com\/index.php\/wp-json\/wp\/v2\/media\/30515"}],"wp:attachment":[{"href":"https:\/\/sulsc.com\/index.php\/wp-json\/wp\/v2\/media?parent=30514"}],"wp:term":[{"taxonomy":"category","embeddable":true,"href":"https:\/\/sulsc.com\/index.php\/wp-json\/wp\/v2\/categories?post=30514"},{"taxonomy":"post_tag","embeddable":true,"href":"https:\/\/sulsc.com\/index.php\/wp-json\/wp\/v2\/tags?post=30514"}],"curies":[{"name":"wp","href":"https:\/\/api.w.org\/{rel}","templated":true}]}}