{"id":30517,"date":"2025-12-05T16:00:54","date_gmt":"2025-12-05T19:00:54","guid":{"rendered":"https:\/\/sulsc.com\/?p=30517"},"modified":"2025-12-05T13:44:39","modified_gmt":"2025-12-05T16:44:39","slug":"stf-marca-julgamento-sobre-morte-de-marielle-franco-e-anderson-gomes","status":"publish","type":"post","link":"https:\/\/sulsc.com\/index.php\/2025\/12\/05\/stf-marca-julgamento-sobre-morte-de-marielle-franco-e-anderson-gomes\/","title":{"rendered":"STF marca julgamento sobre morte de Marielle Franco e Anderson Gomes"},"content":{"rendered":"<p>O ministro Fl\u00e1vio Dino, presidente da Primeira Turma do Supremo Tribunal Federal (STF), marcou para fevereiro o julgamento sobre o assassinato da vereadora Marielle Franco e do motorista Anderson Gomes, mortos a tiros de metralhadora em mar\u00e7o de 2018, na regi\u00e3o central do Rio de Janeiro.<\/p>\n<p>Foram convocadas formalmente tr\u00eas sess\u00f5es para o julgamento do caso, a primeira est\u00e1 marcada para come\u00e7ar \u00e0s 9h de 24 de fevereiro, uma ter\u00e7a-feira. No mesmo dia, \u00e0 tarde, a sess\u00e3o ordin\u00e1ria da Primeira Turma tamb\u00e9m foi reservada para a an\u00e1lise do caso, no hor\u00e1rio das 14h \u00e0s 18h. Caso necess\u00e1rio, mais uma sess\u00e3o extraordin\u00e1ria foi marcada para o 25 de fevereiro, \u00e0s 9h.<\/p>\n<p>Dino marcou as datas nesta sexta-feira (5), ap\u00f3s o processo ter sido liberado no dia anterior pelo relator, ministro Alexandre de Moraes. O julgamento ficou para o ano que vem devido ao per\u00edodo de recesso no Supremo, que come\u00e7a no dia 19 deste m\u00eas e vai at\u00e9 1\u00b0 de fevereiro.<\/p>\n<div id=\"metaslider-id-25573\" style=\"width: 100%;\" class=\"ml-slider-3-99-0 metaslider metaslider-flex metaslider-25573 ml-slider has-onhover-arrows ms-theme-default-base has-dots-nav\" role=\"region\" aria-label=\"Meio\" data-width=\"1200\">\n    <div id=\"metaslider_container_25573\">\n        <div id=\"metaslider_25573\">\n            <ul class='slides'>\n                <li style=\"display: block; width: 100%;\" class=\"slide-25684 ms-image \" aria-roledescription=\"slide\" data-date=\"2025-07-24 07:55:40\"><img src=\"https:\/\/sulsc.com\/wp-content\/uploads\/2025\/07\/Marr-2-1000x166.jpg\" height=\"200\" width=\"1200\" alt=\"\" class=\"slider-25573 slide-25684 msDefaultImage\" title=\"Marr 2\" \/><\/li>\n                <li style=\"display: none; width: 100%;\" class=\"slide-32412 ms-image \" aria-roledescription=\"slide\" data-date=\"2026-02-18 13:59:46\"><img src=\"https:\/\/sulsc.com\/wp-content\/uploads\/2026\/02\/40dc1580-cad5-4867-bc58-c4243821ad38-1000x166.jpeg\" height=\"200\" width=\"1200\" alt=\"\" class=\"slider-25573 slide-32412 msDefaultImage\" title=\"40dc1580-cad5-4867-bc58-c4243821ad38\" \/><\/li>\n                <li style=\"display: none; width: 100%;\" class=\"slide-32766 ms-image \" aria-roledescription=\"slide\" data-date=\"2026-03-03 17:22:59\"><img src=\"https:\/\/sulsc.com\/wp-content\/uploads\/2026\/03\/271ce739-f268-41c5-8051-3de1a1750359-1000x166.jpeg\" height=\"200\" width=\"1200\" alt=\"\" class=\"slider-25573 slide-32766 msDefaultImage\" title=\"271ce739-f268-41c5-8051-3de1a1750359\" \/><\/li>\n            <\/ul>\n        <\/div>\n        \n    <\/div>\n<\/div>\n<p>S\u00e3o r\u00e9us pela suposta participa\u00e7\u00e3o no crime o conselheiro do Tribunal de Contas do Rio de Janeiro (TCE-RJ) Domingos Braz\u00e3o, o ex-deputado federal Chiquinho Braz\u00e3o, irm\u00e3o de Domingos, o ex-chefe da Pol\u00edcia Civil do Rio de Janeiro Rivaldo Barbosa, o major da Policia Militar Ronald Alves de Paula e o ex-policial militar Robson Calixto, assessor de Domingos. Todos est\u00e3o presos preventivamente.<\/p>\n<p>Conforme a dela\u00e7\u00e3o premiada do ex-policial Ronnie Lessa, r\u00e9u confesso de realizar os disparos de arma de fogo contra a vereadora, os irm\u00e3os Braz\u00e3o e Barbosa atuaram como mandantes do crime.\u00a0Rivaldo Barbosa teria participado dos preparativos da execu\u00e7\u00e3o do crime. Ronald \u00e9 acusado de realizar o monitoramento da rotina da vereadora e repassar as informa\u00e7\u00f5es para o grupo. Robson Calixto teria entregue a arma utilizada no crime para Lessa.<\/p>\n<p>De acordo com a investiga\u00e7\u00e3o realizada pela Pol\u00edcia Federal, o assassinato de Marielle est\u00e1 relacionado ao posicionamento contr\u00e1rio da parlamentar aos interesses do grupo pol\u00edtico liderado pelos irm\u00e3os Braz\u00e3o, que t\u00eam liga\u00e7\u00e3o com quest\u00f5es fundi\u00e1rias em \u00e1reas controladas por mil\u00edcias no Rio.\u00a0Nos depoimentos prestados durante a investiga\u00e7\u00e3o, os acusados negaram participa\u00e7\u00e3o no assassinato.<\/p>\n<p><img fetchpriority=\"high\" decoding=\"async\" class=\"alignnone size-full wp-image-30518\" src=\"http:\/\/sulsc.com\/wp-content\/uploads\/2025\/12\/Marielle-Franco.webp\" alt=\"\" width=\"1170\" height=\"700\" srcset=\"https:\/\/sulsc.com\/wp-content\/uploads\/2025\/12\/Marielle-Franco.webp 1170w, https:\/\/sulsc.com\/wp-content\/uploads\/2025\/12\/Marielle-Franco-300x179.webp 300w, https:\/\/sulsc.com\/wp-content\/uploads\/2025\/12\/Marielle-Franco-1024x613.webp 1024w, https:\/\/sulsc.com\/wp-content\/uploads\/2025\/12\/Marielle-Franco-768x459.webp 768w\" sizes=\"(max-width: 1170px) 100vw, 1170px\" \/><\/p>\n","protected":false},"excerpt":{"rendered":"<p>O ministro Fl\u00e1vio Dino, presidente da Primeira Turma do Supremo Tribunal Federal (STF), marcou para fevereiro o julgamento sobre o assassinato da vereadora Marielle Franco e do motorista Anderson Gomes, mortos a tiros de metralhadora em mar\u00e7o de 2018, na regi\u00e3o central do Rio de Janeiro. Foram convocadas formalmente tr\u00eas sess\u00f5es para o julgamento do &hellip;<\/p>\n<p class=\"read-more\"> <a class=\"\" href=\"https:\/\/sulsc.com\/index.php\/2025\/12\/05\/stf-marca-julgamento-sobre-morte-de-marielle-franco-e-anderson-gomes\/\"> <span class=\"screen-reader-text\">STF marca julgamento sobre morte de Marielle Franco e Anderson Gomes<\/span> Read More &raquo;<\/a><\/p>\n","protected":false},"author":3,"featured_media":30518,"comment_status":"open","ping_status":"open","sticky":false,"template":"","format":"standard","meta":{"site-sidebar-layout":"default","site-content-layout":"","ast-site-content-layout":"default","site-content-style":"default","site-sidebar-style":"default","ast-global-header-display":"","ast-banner-title-visibility":"","ast-main-header-display":"","ast-hfb-above-header-display":"","ast-hfb-below-header-display":"","ast-hfb-mobile-header-display":"","site-post-title":"","ast-breadcrumbs-content":"","ast-featured-img":"","footer-sml-layout":"","theme-transparent-header-meta":"default","adv-header-id-meta":"","stick-header-meta":"","header-above-stick-meta":"","header-main-stick-meta":"","header-below-stick-meta":"","astra-migrate-meta-layouts":"set","footnotes":""},"categories":[8,2417,12],"tags":[],"yoast_head":"<!-- This site is optimized with the Yoast SEO plugin v21.4 - https:\/\/yoast.com\/wordpress\/plugins\/seo\/ -->\n<title>STF marca julgamento sobre morte de Marielle Franco e Anderson Gomes -<\/title>\n<meta name=\"robots\" content=\"index, follow, max-snippet:-1, max-image-preview:large, max-video-preview:-1\" \/>\n<link rel=\"canonical\" href=\"https:\/\/sulsc.com\/index.php\/2025\/12\/05\/stf-marca-julgamento-sobre-morte-de-marielle-franco-e-anderson-gomes\/\" \/>\n<meta property=\"og:locale\" content=\"en_US\" \/>\n<meta property=\"og:type\" content=\"article\" \/>\n<meta property=\"og:title\" content=\"STF marca julgamento sobre morte de Marielle Franco e Anderson Gomes -\" \/>\n<meta property=\"og:description\" content=\"O ministro Fl\u00e1vio Dino, presidente da Primeira Turma do Supremo Tribunal Federal (STF), marcou para fevereiro o julgamento sobre o assassinato da vereadora Marielle Franco e do motorista Anderson Gomes, mortos a tiros de metralhadora em mar\u00e7o de 2018, na regi\u00e3o central do Rio de Janeiro. Foram convocadas formalmente tr\u00eas sess\u00f5es para o julgamento do &hellip; STF marca julgamento sobre morte de Marielle Franco e Anderson Gomes Read More &raquo;\" \/>\n<meta property=\"og:url\" content=\"https:\/\/sulsc.com\/index.php\/2025\/12\/05\/stf-marca-julgamento-sobre-morte-de-marielle-franco-e-anderson-gomes\/\" \/>\n<meta property=\"article:author\" content=\"https:\/\/www.facebook.com\/profile.php?id=61559278119680\" \/>\n<meta property=\"article:published_time\" content=\"2025-12-05T19:00:54+00:00\" \/>\n<meta property=\"article:modified_time\" content=\"2025-12-05T16:44:39+00:00\" \/>\n<meta property=\"og:image\" content=\"https:\/\/sulsc.com\/wp-content\/uploads\/2025\/12\/Marielle-Franco.webp\" \/>\n\t<meta property=\"og:image:width\" content=\"1170\" \/>\n\t<meta property=\"og:image:height\" content=\"700\" \/>\n\t<meta property=\"og:image:type\" content=\"image\/webp\" \/>\n<meta name=\"author\" content=\"Reda\u00e7\u00e3o Sul SC\" \/>\n<meta name=\"twitter:card\" content=\"summary_large_image\" \/>\n<meta name=\"twitter:creator\" content=\"@https:\/\/twitter.com\/PortalSulSC\" \/>\n<meta name=\"twitter:label1\" content=\"Written by\" \/>\n\t<meta name=\"twitter:data1\" content=\"Reda\u00e7\u00e3o Sul SC\" \/>\n\t<meta name=\"twitter:label2\" content=\"Est. reading time\" \/>\n\t<meta name=\"twitter:data2\" content=\"2 minutes\" \/>\n<script type=\"application\/ld+json\" class=\"yoast-schema-graph\">{\"@context\":\"https:\/\/schema.org\",\"@graph\":[{\"@type\":\"WebPage\",\"@id\":\"https:\/\/sulsc.com\/index.php\/2025\/12\/05\/stf-marca-julgamento-sobre-morte-de-marielle-franco-e-anderson-gomes\/\",\"url\":\"https:\/\/sulsc.com\/index.php\/2025\/12\/05\/stf-marca-julgamento-sobre-morte-de-marielle-franco-e-anderson-gomes\/\",\"name\":\"STF marca julgamento sobre morte de Marielle Franco e Anderson Gomes -\",\"isPartOf\":{\"@id\":\"https:\/\/sulsc.com\/#website\"},\"datePublished\":\"2025-12-05T19:00:54+00:00\",\"dateModified\":\"2025-12-05T16:44:39+00:00\",\"author\":{\"@id\":\"https:\/\/sulsc.com\/#\/schema\/person\/84d2fc571684f6248ba83092f07750a3\"},\"breadcrumb\":{\"@id\":\"https:\/\/sulsc.com\/index.php\/2025\/12\/05\/stf-marca-julgamento-sobre-morte-de-marielle-franco-e-anderson-gomes\/#breadcrumb\"},\"inLanguage\":\"en-US\",\"potentialAction\":[{\"@type\":\"ReadAction\",\"target\":[\"https:\/\/sulsc.com\/index.php\/2025\/12\/05\/stf-marca-julgamento-sobre-morte-de-marielle-franco-e-anderson-gomes\/\"]}]},{\"@type\":\"BreadcrumbList\",\"@id\":\"https:\/\/sulsc.com\/index.php\/2025\/12\/05\/stf-marca-julgamento-sobre-morte-de-marielle-franco-e-anderson-gomes\/#breadcrumb\",\"itemListElement\":[{\"@type\":\"ListItem\",\"position\":1,\"name\":\"In\u00edcio\",\"item\":\"https:\/\/sulsc.com\/\"},{\"@type\":\"ListItem\",\"position\":2,\"name\":\"STF marca julgamento sobre morte de Marielle Franco e Anderson Gomes\"}]},{\"@type\":\"WebSite\",\"@id\":\"https:\/\/sulsc.com\/#website\",\"url\":\"https:\/\/sulsc.com\/\",\"name\":\"\",\"description\":\"\",\"potentialAction\":[{\"@type\":\"SearchAction\",\"target\":{\"@type\":\"EntryPoint\",\"urlTemplate\":\"https:\/\/sulsc.com\/?s={search_term_string}\"},\"query-input\":\"required name=search_term_string\"}],\"inLanguage\":\"en-US\"},{\"@type\":\"Person\",\"@id\":\"https:\/\/sulsc.com\/#\/schema\/person\/84d2fc571684f6248ba83092f07750a3\",\"name\":\"Reda\u00e7\u00e3o Sul SC\",\"image\":{\"@type\":\"ImageObject\",\"inLanguage\":\"en-US\",\"@id\":\"https:\/\/sulsc.com\/#\/schema\/person\/image\/e08d7fe2cc4ed596372063bbe852b8d0\",\"url\":\"https:\/\/sulsc.com\/wp-content\/uploads\/2023\/09\/redacao.png\",\"contentUrl\":\"https:\/\/sulsc.com\/wp-content\/uploads\/2023\/09\/redacao.png\",\"caption\":\"Reda\u00e7\u00e3o Sul SC\"},\"description\":\"Foco em um jornalismo imparcial, voltado \u00e0 qualidade dos seus conte\u00fados e, assim, levar informa\u00e7\u00e3o de valor que agregue \u00e0 vida dos leitores. Esta \u00e9 grande miss\u00e3o do Portal de Not\u00edcias Sul SC. N\u00e3o \u00e9 quantidade que muda o mundo, sempre foi e seguir\u00e1 sendo qualidade!\",\"sameAs\":[\"https:\/\/sulsc.com\/\",\"https:\/\/www.facebook.com\/profile.php?id=61559278119680\",\"https:\/\/www.instagram.com\/sulscportal\/?hl=pt-br\",\"https:\/\/twitter.com\/https:\/\/twitter.com\/PortalSulSC\",\"https:\/\/www.youtube.com\/channel\/UCv_BE8GeySluDov2n8qhVmw\"],\"url\":\"https:\/\/sulsc.com\/index.php\/author\/redacao\/\"}]}<\/script>\n<!-- \/ Yoast SEO plugin. -->","yoast_head_json":{"title":"STF marca julgamento sobre morte de Marielle Franco e Anderson Gomes -","robots":{"index":"index","follow":"follow","max-snippet":"max-snippet:-1","max-image-preview":"max-image-preview:large","max-video-preview":"max-video-preview:-1"},"canonical":"https:\/\/sulsc.com\/index.php\/2025\/12\/05\/stf-marca-julgamento-sobre-morte-de-marielle-franco-e-anderson-gomes\/","og_locale":"en_US","og_type":"article","og_title":"STF marca julgamento sobre morte de Marielle Franco e Anderson Gomes -","og_description":"O ministro Fl\u00e1vio Dino, presidente da Primeira Turma do Supremo Tribunal Federal (STF), marcou para fevereiro o julgamento sobre o assassinato da vereadora Marielle Franco e do motorista Anderson Gomes, mortos a tiros de metralhadora em mar\u00e7o de 2018, na regi\u00e3o central do Rio de Janeiro. Foram convocadas formalmente tr\u00eas sess\u00f5es para o julgamento do &hellip; STF marca julgamento sobre morte de Marielle Franco e Anderson Gomes Read More &raquo;","og_url":"https:\/\/sulsc.com\/index.php\/2025\/12\/05\/stf-marca-julgamento-sobre-morte-de-marielle-franco-e-anderson-gomes\/","article_author":"https:\/\/www.facebook.com\/profile.php?id=61559278119680","article_published_time":"2025-12-05T19:00:54+00:00","article_modified_time":"2025-12-05T16:44:39+00:00","og_image":[{"width":1170,"height":700,"url":"https:\/\/sulsc.com\/wp-content\/uploads\/2025\/12\/Marielle-Franco.webp","type":"image\/webp"}],"author":"Reda\u00e7\u00e3o Sul SC","twitter_card":"summary_large_image","twitter_creator":"@https:\/\/twitter.com\/PortalSulSC","twitter_misc":{"Written by":"Reda\u00e7\u00e3o Sul SC","Est. reading time":"2 minutes"},"schema":{"@context":"https:\/\/schema.org","@graph":[{"@type":"WebPage","@id":"https:\/\/sulsc.com\/index.php\/2025\/12\/05\/stf-marca-julgamento-sobre-morte-de-marielle-franco-e-anderson-gomes\/","url":"https:\/\/sulsc.com\/index.php\/2025\/12\/05\/stf-marca-julgamento-sobre-morte-de-marielle-franco-e-anderson-gomes\/","name":"STF marca julgamento sobre morte de Marielle Franco e Anderson Gomes -","isPartOf":{"@id":"https:\/\/sulsc.com\/#website"},"datePublished":"2025-12-05T19:00:54+00:00","dateModified":"2025-12-05T16:44:39+00:00","author":{"@id":"https:\/\/sulsc.com\/#\/schema\/person\/84d2fc571684f6248ba83092f07750a3"},"breadcrumb":{"@id":"https:\/\/sulsc.com\/index.php\/2025\/12\/05\/stf-marca-julgamento-sobre-morte-de-marielle-franco-e-anderson-gomes\/#breadcrumb"},"inLanguage":"en-US","potentialAction":[{"@type":"ReadAction","target":["https:\/\/sulsc.com\/index.php\/2025\/12\/05\/stf-marca-julgamento-sobre-morte-de-marielle-franco-e-anderson-gomes\/"]}]},{"@type":"BreadcrumbList","@id":"https:\/\/sulsc.com\/index.php\/2025\/12\/05\/stf-marca-julgamento-sobre-morte-de-marielle-franco-e-anderson-gomes\/#breadcrumb","itemListElement":[{"@type":"ListItem","position":1,"name":"In\u00edcio","item":"https:\/\/sulsc.com\/"},{"@type":"ListItem","position":2,"name":"STF marca julgamento sobre morte de Marielle Franco e Anderson Gomes"}]},{"@type":"WebSite","@id":"https:\/\/sulsc.com\/#website","url":"https:\/\/sulsc.com\/","name":"","description":"","potentialAction":[{"@type":"SearchAction","target":{"@type":"EntryPoint","urlTemplate":"https:\/\/sulsc.com\/?s={search_term_string}"},"query-input":"required name=search_term_string"}],"inLanguage":"en-US"},{"@type":"Person","@id":"https:\/\/sulsc.com\/#\/schema\/person\/84d2fc571684f6248ba83092f07750a3","name":"Reda\u00e7\u00e3o Sul SC","image":{"@type":"ImageObject","inLanguage":"en-US","@id":"https:\/\/sulsc.com\/#\/schema\/person\/image\/e08d7fe2cc4ed596372063bbe852b8d0","url":"https:\/\/sulsc.com\/wp-content\/uploads\/2023\/09\/redacao.png","contentUrl":"https:\/\/sulsc.com\/wp-content\/uploads\/2023\/09\/redacao.png","caption":"Reda\u00e7\u00e3o Sul SC"},"description":"Foco em um jornalismo imparcial, voltado \u00e0 qualidade dos seus conte\u00fados e, assim, levar informa\u00e7\u00e3o de valor que agregue \u00e0 vida dos leitores. Esta \u00e9 grande miss\u00e3o do Portal de Not\u00edcias Sul SC. N\u00e3o \u00e9 quantidade que muda o mundo, sempre foi e seguir\u00e1 sendo qualidade!","sameAs":["https:\/\/sulsc.com\/","https:\/\/www.facebook.com\/profile.php?id=61559278119680","https:\/\/www.instagram.com\/sulscportal\/?hl=pt-br","https:\/\/twitter.com\/https:\/\/twitter.com\/PortalSulSC","https:\/\/www.youtube.com\/channel\/UCv_BE8GeySluDov2n8qhVmw"],"url":"https:\/\/sulsc.com\/index.php\/author\/redacao\/"}]}},"authors":[],"_links":{"self":[{"href":"https:\/\/sulsc.com\/index.php\/wp-json\/wp\/v2\/posts\/30517"}],"collection":[{"href":"https:\/\/sulsc.com\/index.php\/wp-json\/wp\/v2\/posts"}],"about":[{"href":"https:\/\/sulsc.com\/index.php\/wp-json\/wp\/v2\/types\/post"}],"author":[{"embeddable":true,"href":"https:\/\/sulsc.com\/index.php\/wp-json\/wp\/v2\/users\/3"}],"replies":[{"embeddable":true,"href":"https:\/\/sulsc.com\/index.php\/wp-json\/wp\/v2\/comments?post=30517"}],"version-history":[{"count":1,"href":"https:\/\/sulsc.com\/index.php\/wp-json\/wp\/v2\/posts\/30517\/revisions"}],"predecessor-version":[{"id":30519,"href":"https:\/\/sulsc.com\/index.php\/wp-json\/wp\/v2\/posts\/30517\/revisions\/30519"}],"wp:featuredmedia":[{"embeddable":true,"href":"https:\/\/sulsc.com\/index.php\/wp-json\/wp\/v2\/media\/30518"}],"wp:attachment":[{"href":"https:\/\/sulsc.com\/index.php\/wp-json\/wp\/v2\/media?parent=30517"}],"wp:term":[{"taxonomy":"category","embeddable":true,"href":"https:\/\/sulsc.com\/index.php\/wp-json\/wp\/v2\/categories?post=30517"},{"taxonomy":"post_tag","embeddable":true,"href":"https:\/\/sulsc.com\/index.php\/wp-json\/wp\/v2\/tags?post=30517"}],"curies":[{"name":"wp","href":"https:\/\/api.w.org\/{rel}","templated":true}]}}