{"id":30542,"date":"2025-12-06T07:47:13","date_gmt":"2025-12-06T10:47:13","guid":{"rendered":"https:\/\/sulsc.com\/?p=30542"},"modified":"2025-12-06T07:47:13","modified_gmt":"2025-12-06T10:47:13","slug":"primeiro-sabado-do-mes-de-dezembro-ensolarado-com-maximas-de-34oc-no-litoral-sul","status":"publish","type":"post","link":"https:\/\/sulsc.com\/index.php\/2025\/12\/06\/primeiro-sabado-do-mes-de-dezembro-ensolarado-com-maximas-de-34oc-no-litoral-sul\/","title":{"rendered":"Primeiro s\u00e1bado do m\u00eas de dezembro ensolarado com m\u00e1ximas de 34\u00baC no litoral sul"},"content":{"rendered":"<p>O s\u00e1bado (06) come\u00e7a com tempo ensolarado no Oeste e varia\u00e7\u00e3o de nuvens entre entre os Planaltos e o Litoral, que diminuem ao longo da manh\u00e3, dando lugar ao predom\u00ednio de sol. Ao longo da tarde, em fun\u00e7\u00e3o do aquecimento, umidade dispon\u00edvel e a for\u00e7ante orogr\u00e1fica, n\u00e3o se descarta a ocorr\u00eancia de pancadas de chuva e temporais muito isolados, especialmente entre o Litoral Sul, Planalto Sul e Grd. Florian\u00f3polis Serrana com risco baixo para ocorr\u00eancias associadas.<\/p>\n<p><strong>Temperaturas<\/strong><\/p>\n<p>Pela manh\u00e3, as temperaturas ficam entre 12\u00b0C e 15\u00b0C nas \u00e1reas serranas e entre 18\u00b0C e 22\u00b0C no Oeste e Litoral. \u00c0 tarde, as temperaturas ficam pr\u00f3ximas dos 30\u00b0C em praticamente todo o estado, com destaque para o Extremo Oeste, Oeste e Litoral Sul, onde ficam pr\u00f3ximas dos 33\u00b0C\/34\u00b0C.<\/p>\n<p><img fetchpriority=\"high\" decoding=\"async\" class=\"aligncenter size-full wp-image-30543\" src=\"http:\/\/sulsc.com\/wp-content\/uploads\/2025\/12\/image-132-1024x697-1.png\" alt=\"\" width=\"1024\" height=\"697\" srcset=\"https:\/\/sulsc.com\/wp-content\/uploads\/2025\/12\/image-132-1024x697-1.png 1024w, https:\/\/sulsc.com\/wp-content\/uploads\/2025\/12\/image-132-1024x697-1-300x204.png 300w, https:\/\/sulsc.com\/wp-content\/uploads\/2025\/12\/image-132-1024x697-1-768x523.png 768w\" sizes=\"(max-width: 1024px) 100vw, 1024px\" \/><\/p>\n<p><img decoding=\"async\" class=\"aligncenter size-full wp-image-22836\" src=\"http:\/\/sulsc.com\/wp-content\/uploads\/2025\/04\/Tempo-2.png\" alt=\"\" width=\"1024\" height=\"189\" srcset=\"https:\/\/sulsc.com\/wp-content\/uploads\/2025\/04\/Tempo-2.png 1024w, https:\/\/sulsc.com\/wp-content\/uploads\/2025\/04\/Tempo-2-300x55.png 300w, https:\/\/sulsc.com\/wp-content\/uploads\/2025\/04\/Tempo-2-768x142.png 768w\" sizes=\"(max-width: 1024px) 100vw, 1024px\" \/><\/p>\n<p><strong>Ventos:<\/strong> nordeste, fraco a moderado, com rajadas entre o Litoral Sul e Grande Florian\u00f3polis.<\/p>\n<p><strong>Sistema predominante:<\/strong> alta press\u00e3o (massa de ar seco) no litoral Sul do Brasil.<\/p>\n<div id=\"metaslider-id-25573\" style=\"width: 100%;\" class=\"ml-slider-3-99-0 metaslider metaslider-flex metaslider-25573 ml-slider has-onhover-arrows ms-theme-default-base has-dots-nav\" role=\"region\" aria-label=\"Meio\" data-width=\"1200\">\n    <div id=\"metaslider_container_25573\">\n        <div id=\"metaslider_25573\">\n            <ul class='slides'>\n                <li style=\"display: block; width: 100%;\" class=\"slide-25684 ms-image \" aria-roledescription=\"slide\" data-date=\"2025-07-24 07:55:40\"><img src=\"https:\/\/sulsc.com\/wp-content\/uploads\/2025\/07\/Marr-2-1000x166.jpg\" height=\"200\" width=\"1200\" alt=\"\" class=\"slider-25573 slide-25684 msDefaultImage\" title=\"Marr 2\" \/><\/li>\n                <li style=\"display: none; width: 100%;\" class=\"slide-32412 ms-image \" aria-roledescription=\"slide\" data-date=\"2026-02-18 13:59:46\"><img src=\"https:\/\/sulsc.com\/wp-content\/uploads\/2026\/02\/40dc1580-cad5-4867-bc58-c4243821ad38-1000x166.jpeg\" height=\"200\" width=\"1200\" alt=\"\" class=\"slider-25573 slide-32412 msDefaultImage\" title=\"40dc1580-cad5-4867-bc58-c4243821ad38\" \/><\/li>\n                <li style=\"display: none; width: 100%;\" class=\"slide-32766 ms-image \" aria-roledescription=\"slide\" data-date=\"2026-03-03 17:22:59\"><img src=\"https:\/\/sulsc.com\/wp-content\/uploads\/2026\/03\/271ce739-f268-41c5-8051-3de1a1750359-1000x166.jpeg\" height=\"200\" width=\"1200\" alt=\"\" class=\"slider-25573 slide-32766 msDefaultImage\" title=\"271ce739-f268-41c5-8051-3de1a1750359\" \/><\/li>\n            <\/ul>\n        <\/div>\n        \n    <\/div>\n<\/div>\n<p><strong>Amanh\u00e3 domingo (07),<\/strong> o dia ser\u00e1 com predom\u00ednio de sol e calor em SC. A partir da tarde pancadas isoladas de chuva com trovoadas, t\u00edpicas de ver\u00e3o, associadas ao aquecimento e umidade, especialmente entre o Meio-Oeste e sul do Estado, Grande Florian\u00f3polis e Vale do Itaja\u00ed. N\u00e3o se descarta o risco de temporais localizados com granizo. As temperaturas ficam elevadas, com m\u00e1ximas acima de 30\u00b0C em boa parte do Estado, chegando a 38\u00b0C no Extremo Oeste.\u00a0Ventos nordeste, de fraco a moderado, com rajadas.<\/p>\n<p>Fontes: Defesa Civil &#8211; SC\/Epagri-Ciram<\/p>\n<p>&nbsp;<\/p>\n","protected":false},"excerpt":{"rendered":"<p>O s\u00e1bado (06) come\u00e7a com tempo ensolarado no Oeste e varia\u00e7\u00e3o de nuvens entre entre os Planaltos e o Litoral, que diminuem ao longo da manh\u00e3, dando lugar ao predom\u00ednio de sol. Ao longo da tarde, em fun\u00e7\u00e3o do aquecimento, umidade dispon\u00edvel e a for\u00e7ante orogr\u00e1fica, n\u00e3o se descarta a ocorr\u00eancia de pancadas de chuva &hellip;<\/p>\n<p class=\"read-more\"> <a class=\"\" href=\"https:\/\/sulsc.com\/index.php\/2025\/12\/06\/primeiro-sabado-do-mes-de-dezembro-ensolarado-com-maximas-de-34oc-no-litoral-sul\/\"> <span class=\"screen-reader-text\">Primeiro s\u00e1bado do m\u00eas de dezembro ensolarado com m\u00e1ximas de 34\u00baC no litoral sul<\/span> Read More &raquo;<\/a><\/p>\n","protected":false},"author":3,"featured_media":30544,"comment_status":"open","ping_status":"open","sticky":false,"template":"","format":"standard","meta":{"site-sidebar-layout":"default","site-content-layout":"","ast-site-content-layout":"default","site-content-style":"default","site-sidebar-style":"default","ast-global-header-display":"","ast-banner-title-visibility":"","ast-main-header-display":"","ast-hfb-above-header-display":"","ast-hfb-below-header-display":"","ast-hfb-mobile-header-display":"","site-post-title":"","ast-breadcrumbs-content":"","ast-featured-img":"","footer-sml-layout":"","theme-transparent-header-meta":"default","adv-header-id-meta":"","stick-header-meta":"","header-above-stick-meta":"","header-main-stick-meta":"","header-below-stick-meta":"","astra-migrate-meta-layouts":"set","footnotes":""},"categories":[2354,2231,1,14,38,12],"tags":[90],"yoast_head":"<!-- This site is optimized with the Yoast SEO plugin v21.4 - https:\/\/yoast.com\/wordpress\/plugins\/seo\/ -->\n<title>Primeiro s\u00e1bado do m\u00eas de dezembro ensolarado com m\u00e1ximas de 34\u00baC no litoral sul -<\/title>\n<meta name=\"robots\" content=\"index, follow, max-snippet:-1, max-image-preview:large, max-video-preview:-1\" \/>\n<link rel=\"canonical\" href=\"https:\/\/sulsc.com\/index.php\/2025\/12\/06\/primeiro-sabado-do-mes-de-dezembro-ensolarado-com-maximas-de-34oc-no-litoral-sul\/\" \/>\n<meta property=\"og:locale\" content=\"en_US\" \/>\n<meta property=\"og:type\" content=\"article\" \/>\n<meta property=\"og:title\" content=\"Primeiro s\u00e1bado do m\u00eas de dezembro ensolarado com m\u00e1ximas de 34\u00baC no litoral sul -\" \/>\n<meta property=\"og:description\" content=\"O s\u00e1bado (06) come\u00e7a com tempo ensolarado no Oeste e varia\u00e7\u00e3o de nuvens entre entre os Planaltos e o Litoral, que diminuem ao longo da manh\u00e3, dando lugar ao predom\u00ednio de sol. Ao longo da tarde, em fun\u00e7\u00e3o do aquecimento, umidade dispon\u00edvel e a for\u00e7ante orogr\u00e1fica, n\u00e3o se descarta a ocorr\u00eancia de pancadas de chuva &hellip; Primeiro s\u00e1bado do m\u00eas de dezembro ensolarado com m\u00e1ximas de 34\u00baC no litoral sul Read More &raquo;\" \/>\n<meta property=\"og:url\" content=\"https:\/\/sulsc.com\/index.php\/2025\/12\/06\/primeiro-sabado-do-mes-de-dezembro-ensolarado-com-maximas-de-34oc-no-litoral-sul\/\" \/>\n<meta property=\"article:author\" content=\"https:\/\/www.facebook.com\/profile.php?id=61559278119680\" \/>\n<meta property=\"article:published_time\" content=\"2025-12-06T10:47:13+00:00\" \/>\n<meta property=\"og:image\" content=\"http:\/\/sulsc.com\/wp-content\/uploads\/2025\/12\/96629697-2994-4bc3-9489-4dff4c4c765c.jpeg\" \/>\n\t<meta property=\"og:image:width\" content=\"719\" \/>\n\t<meta property=\"og:image:height\" content=\"1600\" \/>\n\t<meta property=\"og:image:type\" content=\"image\/jpeg\" \/>\n<meta name=\"author\" content=\"Reda\u00e7\u00e3o Sul SC\" \/>\n<meta name=\"twitter:card\" content=\"summary_large_image\" \/>\n<meta name=\"twitter:creator\" content=\"@https:\/\/twitter.com\/PortalSulSC\" \/>\n<meta name=\"twitter:label1\" content=\"Written by\" \/>\n\t<meta name=\"twitter:data1\" content=\"Reda\u00e7\u00e3o Sul SC\" \/>\n\t<meta name=\"twitter:label2\" content=\"Est. reading time\" \/>\n\t<meta name=\"twitter:data2\" content=\"2 minutes\" \/>\n<script type=\"application\/ld+json\" class=\"yoast-schema-graph\">{\"@context\":\"https:\/\/schema.org\",\"@graph\":[{\"@type\":\"WebPage\",\"@id\":\"https:\/\/sulsc.com\/index.php\/2025\/12\/06\/primeiro-sabado-do-mes-de-dezembro-ensolarado-com-maximas-de-34oc-no-litoral-sul\/\",\"url\":\"https:\/\/sulsc.com\/index.php\/2025\/12\/06\/primeiro-sabado-do-mes-de-dezembro-ensolarado-com-maximas-de-34oc-no-litoral-sul\/\",\"name\":\"Primeiro s\u00e1bado do m\u00eas de dezembro ensolarado com m\u00e1ximas de 34\u00baC no litoral sul -\",\"isPartOf\":{\"@id\":\"https:\/\/sulsc.com\/#website\"},\"datePublished\":\"2025-12-06T10:47:13+00:00\",\"dateModified\":\"2025-12-06T10:47:13+00:00\",\"author\":{\"@id\":\"https:\/\/sulsc.com\/#\/schema\/person\/84d2fc571684f6248ba83092f07750a3\"},\"breadcrumb\":{\"@id\":\"https:\/\/sulsc.com\/index.php\/2025\/12\/06\/primeiro-sabado-do-mes-de-dezembro-ensolarado-com-maximas-de-34oc-no-litoral-sul\/#breadcrumb\"},\"inLanguage\":\"en-US\",\"potentialAction\":[{\"@type\":\"ReadAction\",\"target\":[\"https:\/\/sulsc.com\/index.php\/2025\/12\/06\/primeiro-sabado-do-mes-de-dezembro-ensolarado-com-maximas-de-34oc-no-litoral-sul\/\"]}]},{\"@type\":\"BreadcrumbList\",\"@id\":\"https:\/\/sulsc.com\/index.php\/2025\/12\/06\/primeiro-sabado-do-mes-de-dezembro-ensolarado-com-maximas-de-34oc-no-litoral-sul\/#breadcrumb\",\"itemListElement\":[{\"@type\":\"ListItem\",\"position\":1,\"name\":\"In\u00edcio\",\"item\":\"https:\/\/sulsc.com\/\"},{\"@type\":\"ListItem\",\"position\":2,\"name\":\"Primeiro s\u00e1bado do m\u00eas de dezembro ensolarado com m\u00e1ximas de 34\u00baC no litoral sul\"}]},{\"@type\":\"WebSite\",\"@id\":\"https:\/\/sulsc.com\/#website\",\"url\":\"https:\/\/sulsc.com\/\",\"name\":\"\",\"description\":\"\",\"potentialAction\":[{\"@type\":\"SearchAction\",\"target\":{\"@type\":\"EntryPoint\",\"urlTemplate\":\"https:\/\/sulsc.com\/?s={search_term_string}\"},\"query-input\":\"required name=search_term_string\"}],\"inLanguage\":\"en-US\"},{\"@type\":\"Person\",\"@id\":\"https:\/\/sulsc.com\/#\/schema\/person\/84d2fc571684f6248ba83092f07750a3\",\"name\":\"Reda\u00e7\u00e3o Sul SC\",\"image\":{\"@type\":\"ImageObject\",\"inLanguage\":\"en-US\",\"@id\":\"https:\/\/sulsc.com\/#\/schema\/person\/image\/e08d7fe2cc4ed596372063bbe852b8d0\",\"url\":\"https:\/\/sulsc.com\/wp-content\/uploads\/2023\/09\/redacao.png\",\"contentUrl\":\"https:\/\/sulsc.com\/wp-content\/uploads\/2023\/09\/redacao.png\",\"caption\":\"Reda\u00e7\u00e3o Sul SC\"},\"description\":\"Foco em um jornalismo imparcial, voltado \u00e0 qualidade dos seus conte\u00fados e, assim, levar informa\u00e7\u00e3o de valor que agregue \u00e0 vida dos leitores. Esta \u00e9 grande miss\u00e3o do Portal de Not\u00edcias Sul SC. N\u00e3o \u00e9 quantidade que muda o mundo, sempre foi e seguir\u00e1 sendo qualidade!\",\"sameAs\":[\"https:\/\/sulsc.com\/\",\"https:\/\/www.facebook.com\/profile.php?id=61559278119680\",\"https:\/\/www.instagram.com\/sulscportal\/?hl=pt-br\",\"https:\/\/twitter.com\/https:\/\/twitter.com\/PortalSulSC\",\"https:\/\/www.youtube.com\/channel\/UCv_BE8GeySluDov2n8qhVmw\"],\"url\":\"https:\/\/sulsc.com\/index.php\/author\/redacao\/\"}]}<\/script>\n<!-- \/ Yoast SEO plugin. -->","yoast_head_json":{"title":"Primeiro s\u00e1bado do m\u00eas de dezembro ensolarado com m\u00e1ximas de 34\u00baC no litoral sul -","robots":{"index":"index","follow":"follow","max-snippet":"max-snippet:-1","max-image-preview":"max-image-preview:large","max-video-preview":"max-video-preview:-1"},"canonical":"https:\/\/sulsc.com\/index.php\/2025\/12\/06\/primeiro-sabado-do-mes-de-dezembro-ensolarado-com-maximas-de-34oc-no-litoral-sul\/","og_locale":"en_US","og_type":"article","og_title":"Primeiro s\u00e1bado do m\u00eas de dezembro ensolarado com m\u00e1ximas de 34\u00baC no litoral sul -","og_description":"O s\u00e1bado (06) come\u00e7a com tempo ensolarado no Oeste e varia\u00e7\u00e3o de nuvens entre entre os Planaltos e o Litoral, que diminuem ao longo da manh\u00e3, dando lugar ao predom\u00ednio de sol. Ao longo da tarde, em fun\u00e7\u00e3o do aquecimento, umidade dispon\u00edvel e a for\u00e7ante orogr\u00e1fica, n\u00e3o se descarta a ocorr\u00eancia de pancadas de chuva &hellip; Primeiro s\u00e1bado do m\u00eas de dezembro ensolarado com m\u00e1ximas de 34\u00baC no litoral sul Read More &raquo;","og_url":"https:\/\/sulsc.com\/index.php\/2025\/12\/06\/primeiro-sabado-do-mes-de-dezembro-ensolarado-com-maximas-de-34oc-no-litoral-sul\/","article_author":"https:\/\/www.facebook.com\/profile.php?id=61559278119680","article_published_time":"2025-12-06T10:47:13+00:00","og_image":[{"width":719,"height":1600,"url":"http:\/\/sulsc.com\/wp-content\/uploads\/2025\/12\/96629697-2994-4bc3-9489-4dff4c4c765c.jpeg","type":"image\/jpeg"}],"author":"Reda\u00e7\u00e3o Sul SC","twitter_card":"summary_large_image","twitter_creator":"@https:\/\/twitter.com\/PortalSulSC","twitter_misc":{"Written by":"Reda\u00e7\u00e3o Sul SC","Est. reading time":"2 minutes"},"schema":{"@context":"https:\/\/schema.org","@graph":[{"@type":"WebPage","@id":"https:\/\/sulsc.com\/index.php\/2025\/12\/06\/primeiro-sabado-do-mes-de-dezembro-ensolarado-com-maximas-de-34oc-no-litoral-sul\/","url":"https:\/\/sulsc.com\/index.php\/2025\/12\/06\/primeiro-sabado-do-mes-de-dezembro-ensolarado-com-maximas-de-34oc-no-litoral-sul\/","name":"Primeiro s\u00e1bado do m\u00eas de dezembro ensolarado com m\u00e1ximas de 34\u00baC no litoral sul -","isPartOf":{"@id":"https:\/\/sulsc.com\/#website"},"datePublished":"2025-12-06T10:47:13+00:00","dateModified":"2025-12-06T10:47:13+00:00","author":{"@id":"https:\/\/sulsc.com\/#\/schema\/person\/84d2fc571684f6248ba83092f07750a3"},"breadcrumb":{"@id":"https:\/\/sulsc.com\/index.php\/2025\/12\/06\/primeiro-sabado-do-mes-de-dezembro-ensolarado-com-maximas-de-34oc-no-litoral-sul\/#breadcrumb"},"inLanguage":"en-US","potentialAction":[{"@type":"ReadAction","target":["https:\/\/sulsc.com\/index.php\/2025\/12\/06\/primeiro-sabado-do-mes-de-dezembro-ensolarado-com-maximas-de-34oc-no-litoral-sul\/"]}]},{"@type":"BreadcrumbList","@id":"https:\/\/sulsc.com\/index.php\/2025\/12\/06\/primeiro-sabado-do-mes-de-dezembro-ensolarado-com-maximas-de-34oc-no-litoral-sul\/#breadcrumb","itemListElement":[{"@type":"ListItem","position":1,"name":"In\u00edcio","item":"https:\/\/sulsc.com\/"},{"@type":"ListItem","position":2,"name":"Primeiro s\u00e1bado do m\u00eas de dezembro ensolarado com m\u00e1ximas de 34\u00baC no litoral sul"}]},{"@type":"WebSite","@id":"https:\/\/sulsc.com\/#website","url":"https:\/\/sulsc.com\/","name":"","description":"","potentialAction":[{"@type":"SearchAction","target":{"@type":"EntryPoint","urlTemplate":"https:\/\/sulsc.com\/?s={search_term_string}"},"query-input":"required name=search_term_string"}],"inLanguage":"en-US"},{"@type":"Person","@id":"https:\/\/sulsc.com\/#\/schema\/person\/84d2fc571684f6248ba83092f07750a3","name":"Reda\u00e7\u00e3o Sul SC","image":{"@type":"ImageObject","inLanguage":"en-US","@id":"https:\/\/sulsc.com\/#\/schema\/person\/image\/e08d7fe2cc4ed596372063bbe852b8d0","url":"https:\/\/sulsc.com\/wp-content\/uploads\/2023\/09\/redacao.png","contentUrl":"https:\/\/sulsc.com\/wp-content\/uploads\/2023\/09\/redacao.png","caption":"Reda\u00e7\u00e3o Sul SC"},"description":"Foco em um jornalismo imparcial, voltado \u00e0 qualidade dos seus conte\u00fados e, assim, levar informa\u00e7\u00e3o de valor que agregue \u00e0 vida dos leitores. Esta \u00e9 grande miss\u00e3o do Portal de Not\u00edcias Sul SC. N\u00e3o \u00e9 quantidade que muda o mundo, sempre foi e seguir\u00e1 sendo qualidade!","sameAs":["https:\/\/sulsc.com\/","https:\/\/www.facebook.com\/profile.php?id=61559278119680","https:\/\/www.instagram.com\/sulscportal\/?hl=pt-br","https:\/\/twitter.com\/https:\/\/twitter.com\/PortalSulSC","https:\/\/www.youtube.com\/channel\/UCv_BE8GeySluDov2n8qhVmw"],"url":"https:\/\/sulsc.com\/index.php\/author\/redacao\/"}]}},"authors":[],"_links":{"self":[{"href":"https:\/\/sulsc.com\/index.php\/wp-json\/wp\/v2\/posts\/30542"}],"collection":[{"href":"https:\/\/sulsc.com\/index.php\/wp-json\/wp\/v2\/posts"}],"about":[{"href":"https:\/\/sulsc.com\/index.php\/wp-json\/wp\/v2\/types\/post"}],"author":[{"embeddable":true,"href":"https:\/\/sulsc.com\/index.php\/wp-json\/wp\/v2\/users\/3"}],"replies":[{"embeddable":true,"href":"https:\/\/sulsc.com\/index.php\/wp-json\/wp\/v2\/comments?post=30542"}],"version-history":[{"count":1,"href":"https:\/\/sulsc.com\/index.php\/wp-json\/wp\/v2\/posts\/30542\/revisions"}],"predecessor-version":[{"id":30545,"href":"https:\/\/sulsc.com\/index.php\/wp-json\/wp\/v2\/posts\/30542\/revisions\/30545"}],"wp:featuredmedia":[{"embeddable":true,"href":"https:\/\/sulsc.com\/index.php\/wp-json\/wp\/v2\/media\/30544"}],"wp:attachment":[{"href":"https:\/\/sulsc.com\/index.php\/wp-json\/wp\/v2\/media?parent=30542"}],"wp:term":[{"taxonomy":"category","embeddable":true,"href":"https:\/\/sulsc.com\/index.php\/wp-json\/wp\/v2\/categories?post=30542"},{"taxonomy":"post_tag","embeddable":true,"href":"https:\/\/sulsc.com\/index.php\/wp-json\/wp\/v2\/tags?post=30542"}],"curies":[{"name":"wp","href":"https:\/\/api.w.org\/{rel}","templated":true}]}}