{"id":30546,"date":"2025-12-06T08:02:12","date_gmt":"2025-12-06T11:02:12","guid":{"rendered":"https:\/\/sulsc.com\/?p=30546"},"modified":"2025-12-06T08:02:12","modified_gmt":"2025-12-06T11:02:12","slug":"policia-civil-de-gravatal-prende-jovem-por-trafico-de-drogas-e-violencia-domestica-em-varzea-das-canoas","status":"publish","type":"post","link":"https:\/\/sulsc.com\/index.php\/2025\/12\/06\/policia-civil-de-gravatal-prende-jovem-por-trafico-de-drogas-e-violencia-domestica-em-varzea-das-canoas\/","title":{"rendered":"Pol\u00edcia Civil de Gravatal prende Jovem por tr\u00e1fico de drogas e viol\u00eancia dom\u00e9stica em V\u00e1rzea das Canoas"},"content":{"rendered":"<p>Na manh\u00e3 desta sexta-feira ( 5 ), a Pol\u00edcia Civil de Gravatal realizou a pris\u00e3o de um jovem de 19 anos por tr\u00e1fico de drogas. A a\u00e7\u00e3o ocorreu por volta das 06h30 no bairro V\u00e1rzea das Canoas, durante o cumprimento de um mandado de busca e apreens\u00e3o.<\/p>\n<div id=\"metaslider-id-25573\" style=\"width: 100%;\" class=\"ml-slider-3-99-0 metaslider metaslider-flex metaslider-25573 ml-slider has-onhover-arrows ms-theme-default-base has-dots-nav\" role=\"region\" aria-label=\"Meio\" data-width=\"1200\">\n    <div id=\"metaslider_container_25573\">\n        <div id=\"metaslider_25573\">\n            <ul class='slides'>\n                <li style=\"display: block; width: 100%;\" class=\"slide-25684 ms-image \" aria-roledescription=\"slide\" data-date=\"2025-07-24 07:55:40\"><img src=\"https:\/\/sulsc.com\/wp-content\/uploads\/2025\/07\/Marr-2-1000x166.jpg\" height=\"200\" width=\"1200\" alt=\"\" class=\"slider-25573 slide-25684 msDefaultImage\" title=\"Marr 2\" \/><\/li>\n                <li style=\"display: none; width: 100%;\" class=\"slide-32412 ms-image \" aria-roledescription=\"slide\" data-date=\"2026-02-18 13:59:46\"><img src=\"https:\/\/sulsc.com\/wp-content\/uploads\/2026\/02\/40dc1580-cad5-4867-bc58-c4243821ad38-1000x166.jpeg\" height=\"200\" width=\"1200\" alt=\"\" class=\"slider-25573 slide-32412 msDefaultImage\" title=\"40dc1580-cad5-4867-bc58-c4243821ad38\" \/><\/li>\n                <li style=\"display: none; width: 100%;\" class=\"slide-32766 ms-image \" aria-roledescription=\"slide\" data-date=\"2026-03-03 17:22:59\"><img src=\"https:\/\/sulsc.com\/wp-content\/uploads\/2026\/03\/271ce739-f268-41c5-8051-3de1a1750359-1000x166.jpeg\" height=\"200\" width=\"1200\" alt=\"\" class=\"slider-25573 slide-32766 msDefaultImage\" title=\"271ce739-f268-41c5-8051-3de1a1750359\" \/><\/li>\n            <\/ul>\n        <\/div>\n        \n    <\/div>\n<\/div>\n<p>O suspeito j\u00e1 era alvo de investiga\u00e7\u00f5es por viol\u00eancia dom\u00e9stica, em um inqu\u00e9rito que tramita na Delegacia de Pol\u00edcia de Gravatal. Com a representa\u00e7\u00e3o de um mandado de busca e apreens\u00e3o e uma Medida Protetiva de afastamento da v\u00edtima, o Poder Judici\u00e1rio da Comarca de Armaz\u00e9m deferiu as solicita\u00e7\u00f5es ap\u00f3s manifesta\u00e7\u00e3o favor\u00e1vel do Minist\u00e9rio P\u00fablico.<\/p>\n<p>Durante a busca na resid\u00eancia do jovem, foram encontrados diversos torr\u00f5es de maconha e papelotes de coca\u00edna. Ele foi autuado em flagrante pelo Delegado F\u00e1bio Faustino Pereira, que preside as investiga\u00e7\u00f5es, e encaminhado ao Pres\u00eddio Masculino de Tubar\u00e3o. Al\u00e9m disso, o jovem foi interrogado no inqu\u00e9rito que apura a viol\u00eancia dom\u00e9stica, e o procedimento ser\u00e1 enviado ao Poder Judici\u00e1rio em breve.<\/p>\n<p><img fetchpriority=\"high\" decoding=\"async\" class=\"aligncenter size-full wp-image-30547\" src=\"http:\/\/sulsc.com\/wp-content\/uploads\/2025\/12\/b39d274a-a990-42a0-bc5f-4377eed37515.jpeg\" alt=\"\" width=\"1080\" height=\"1402\" srcset=\"https:\/\/sulsc.com\/wp-content\/uploads\/2025\/12\/b39d274a-a990-42a0-bc5f-4377eed37515.jpeg 1080w, https:\/\/sulsc.com\/wp-content\/uploads\/2025\/12\/b39d274a-a990-42a0-bc5f-4377eed37515-231x300.jpeg 231w, https:\/\/sulsc.com\/wp-content\/uploads\/2025\/12\/b39d274a-a990-42a0-bc5f-4377eed37515-789x1024.jpeg 789w, https:\/\/sulsc.com\/wp-content\/uploads\/2025\/12\/b39d274a-a990-42a0-bc5f-4377eed37515-768x997.jpeg 768w\" sizes=\"(max-width: 1080px) 100vw, 1080px\" \/><\/p>\n<p>Policia Civil de Gravatal\/Divulga\u00e7\u00e3o\/SulSC<\/p>\n","protected":false},"excerpt":{"rendered":"<p>Na manh\u00e3 desta sexta-feira ( 5 ), a Pol\u00edcia Civil de Gravatal realizou a pris\u00e3o de um jovem de 19 anos por tr\u00e1fico de drogas. A a\u00e7\u00e3o ocorreu por volta das 06h30 no bairro V\u00e1rzea das Canoas, durante o cumprimento de um mandado de busca e apreens\u00e3o. O suspeito j\u00e1 era alvo de investiga\u00e7\u00f5es por &hellip;<\/p>\n<p class=\"read-more\"> <a class=\"\" href=\"https:\/\/sulsc.com\/index.php\/2025\/12\/06\/policia-civil-de-gravatal-prende-jovem-por-trafico-de-drogas-e-violencia-domestica-em-varzea-das-canoas\/\"> <span class=\"screen-reader-text\">Pol\u00edcia Civil de Gravatal prende Jovem por tr\u00e1fico de drogas e viol\u00eancia dom\u00e9stica em V\u00e1rzea das Canoas<\/span> Read More &raquo;<\/a><\/p>\n","protected":false},"author":3,"featured_media":21170,"comment_status":"open","ping_status":"open","sticky":false,"template":"","format":"standard","meta":{"site-sidebar-layout":"default","site-content-layout":"","ast-site-content-layout":"default","site-content-style":"default","site-sidebar-style":"default","ast-global-header-display":"","ast-banner-title-visibility":"","ast-main-header-display":"","ast-hfb-above-header-display":"","ast-hfb-below-header-display":"","ast-hfb-mobile-header-display":"","site-post-title":"","ast-breadcrumbs-content":"","ast-featured-img":"","footer-sml-layout":"","theme-transparent-header-meta":"default","adv-header-id-meta":"","stick-header-meta":"","header-above-stick-meta":"","header-main-stick-meta":"","header-below-stick-meta":"","astra-migrate-meta-layouts":"set","footnotes":""},"categories":[2231,1,2779,14,8,12],"tags":[91],"yoast_head":"<!-- This site is optimized with the Yoast SEO plugin v21.4 - https:\/\/yoast.com\/wordpress\/plugins\/seo\/ -->\n<title>Pol\u00edcia Civil de Gravatal prende Jovem por tr\u00e1fico de drogas e viol\u00eancia dom\u00e9stica em V\u00e1rzea das Canoas -<\/title>\n<meta name=\"robots\" content=\"index, follow, max-snippet:-1, max-image-preview:large, max-video-preview:-1\" \/>\n<link rel=\"canonical\" href=\"https:\/\/sulsc.com\/index.php\/2025\/12\/06\/policia-civil-de-gravatal-prende-jovem-por-trafico-de-drogas-e-violencia-domestica-em-varzea-das-canoas\/\" \/>\n<meta property=\"og:locale\" content=\"en_US\" \/>\n<meta property=\"og:type\" content=\"article\" \/>\n<meta property=\"og:title\" content=\"Pol\u00edcia Civil de Gravatal prende Jovem por tr\u00e1fico de drogas e viol\u00eancia dom\u00e9stica em V\u00e1rzea das Canoas -\" \/>\n<meta property=\"og:description\" content=\"Na manh\u00e3 desta sexta-feira ( 5 ), a Pol\u00edcia Civil de Gravatal realizou a pris\u00e3o de um jovem de 19 anos por tr\u00e1fico de drogas. A a\u00e7\u00e3o ocorreu por volta das 06h30 no bairro V\u00e1rzea das Canoas, durante o cumprimento de um mandado de busca e apreens\u00e3o. O suspeito j\u00e1 era alvo de investiga\u00e7\u00f5es por &hellip; Pol\u00edcia Civil de Gravatal prende Jovem por tr\u00e1fico de drogas e viol\u00eancia dom\u00e9stica em V\u00e1rzea das Canoas Read More &raquo;\" \/>\n<meta property=\"og:url\" content=\"https:\/\/sulsc.com\/index.php\/2025\/12\/06\/policia-civil-de-gravatal-prende-jovem-por-trafico-de-drogas-e-violencia-domestica-em-varzea-das-canoas\/\" \/>\n<meta property=\"article:author\" content=\"https:\/\/www.facebook.com\/profile.php?id=61559278119680\" \/>\n<meta property=\"article:published_time\" content=\"2025-12-06T11:02:12+00:00\" \/>\n<meta property=\"og:image\" content=\"http:\/\/sulsc.com\/wp-content\/uploads\/2025\/03\/PM-3-1.jpg\" \/>\n\t<meta property=\"og:image:width\" content=\"1080\" \/>\n\t<meta property=\"og:image:height\" content=\"680\" \/>\n\t<meta property=\"og:image:type\" content=\"image\/jpeg\" \/>\n<meta name=\"author\" content=\"Reda\u00e7\u00e3o Sul SC\" \/>\n<meta name=\"twitter:card\" content=\"summary_large_image\" \/>\n<meta name=\"twitter:creator\" content=\"@https:\/\/twitter.com\/PortalSulSC\" \/>\n<meta name=\"twitter:label1\" content=\"Written by\" \/>\n\t<meta name=\"twitter:data1\" content=\"Reda\u00e7\u00e3o Sul SC\" \/>\n\t<meta name=\"twitter:label2\" content=\"Est. reading time\" \/>\n\t<meta name=\"twitter:data2\" content=\"1 minute\" \/>\n<script type=\"application\/ld+json\" class=\"yoast-schema-graph\">{\"@context\":\"https:\/\/schema.org\",\"@graph\":[{\"@type\":\"WebPage\",\"@id\":\"https:\/\/sulsc.com\/index.php\/2025\/12\/06\/policia-civil-de-gravatal-prende-jovem-por-trafico-de-drogas-e-violencia-domestica-em-varzea-das-canoas\/\",\"url\":\"https:\/\/sulsc.com\/index.php\/2025\/12\/06\/policia-civil-de-gravatal-prende-jovem-por-trafico-de-drogas-e-violencia-domestica-em-varzea-das-canoas\/\",\"name\":\"Pol\u00edcia Civil de Gravatal prende Jovem por tr\u00e1fico de drogas e viol\u00eancia dom\u00e9stica em V\u00e1rzea das Canoas -\",\"isPartOf\":{\"@id\":\"https:\/\/sulsc.com\/#website\"},\"datePublished\":\"2025-12-06T11:02:12+00:00\",\"dateModified\":\"2025-12-06T11:02:12+00:00\",\"author\":{\"@id\":\"https:\/\/sulsc.com\/#\/schema\/person\/84d2fc571684f6248ba83092f07750a3\"},\"breadcrumb\":{\"@id\":\"https:\/\/sulsc.com\/index.php\/2025\/12\/06\/policia-civil-de-gravatal-prende-jovem-por-trafico-de-drogas-e-violencia-domestica-em-varzea-das-canoas\/#breadcrumb\"},\"inLanguage\":\"en-US\",\"potentialAction\":[{\"@type\":\"ReadAction\",\"target\":[\"https:\/\/sulsc.com\/index.php\/2025\/12\/06\/policia-civil-de-gravatal-prende-jovem-por-trafico-de-drogas-e-violencia-domestica-em-varzea-das-canoas\/\"]}]},{\"@type\":\"BreadcrumbList\",\"@id\":\"https:\/\/sulsc.com\/index.php\/2025\/12\/06\/policia-civil-de-gravatal-prende-jovem-por-trafico-de-drogas-e-violencia-domestica-em-varzea-das-canoas\/#breadcrumb\",\"itemListElement\":[{\"@type\":\"ListItem\",\"position\":1,\"name\":\"In\u00edcio\",\"item\":\"https:\/\/sulsc.com\/\"},{\"@type\":\"ListItem\",\"position\":2,\"name\":\"Pol\u00edcia Civil de Gravatal prende Jovem por tr\u00e1fico de drogas e viol\u00eancia dom\u00e9stica em V\u00e1rzea das Canoas\"}]},{\"@type\":\"WebSite\",\"@id\":\"https:\/\/sulsc.com\/#website\",\"url\":\"https:\/\/sulsc.com\/\",\"name\":\"\",\"description\":\"\",\"potentialAction\":[{\"@type\":\"SearchAction\",\"target\":{\"@type\":\"EntryPoint\",\"urlTemplate\":\"https:\/\/sulsc.com\/?s={search_term_string}\"},\"query-input\":\"required name=search_term_string\"}],\"inLanguage\":\"en-US\"},{\"@type\":\"Person\",\"@id\":\"https:\/\/sulsc.com\/#\/schema\/person\/84d2fc571684f6248ba83092f07750a3\",\"name\":\"Reda\u00e7\u00e3o Sul SC\",\"image\":{\"@type\":\"ImageObject\",\"inLanguage\":\"en-US\",\"@id\":\"https:\/\/sulsc.com\/#\/schema\/person\/image\/e08d7fe2cc4ed596372063bbe852b8d0\",\"url\":\"https:\/\/sulsc.com\/wp-content\/uploads\/2023\/09\/redacao.png\",\"contentUrl\":\"https:\/\/sulsc.com\/wp-content\/uploads\/2023\/09\/redacao.png\",\"caption\":\"Reda\u00e7\u00e3o Sul SC\"},\"description\":\"Foco em um jornalismo imparcial, voltado \u00e0 qualidade dos seus conte\u00fados e, assim, levar informa\u00e7\u00e3o de valor que agregue \u00e0 vida dos leitores. Esta \u00e9 grande miss\u00e3o do Portal de Not\u00edcias Sul SC. N\u00e3o \u00e9 quantidade que muda o mundo, sempre foi e seguir\u00e1 sendo qualidade!\",\"sameAs\":[\"https:\/\/sulsc.com\/\",\"https:\/\/www.facebook.com\/profile.php?id=61559278119680\",\"https:\/\/www.instagram.com\/sulscportal\/?hl=pt-br\",\"https:\/\/twitter.com\/https:\/\/twitter.com\/PortalSulSC\",\"https:\/\/www.youtube.com\/channel\/UCv_BE8GeySluDov2n8qhVmw\"],\"url\":\"https:\/\/sulsc.com\/index.php\/author\/redacao\/\"}]}<\/script>\n<!-- \/ Yoast SEO plugin. -->","yoast_head_json":{"title":"Pol\u00edcia Civil de Gravatal prende Jovem por tr\u00e1fico de drogas e viol\u00eancia dom\u00e9stica em V\u00e1rzea das Canoas -","robots":{"index":"index","follow":"follow","max-snippet":"max-snippet:-1","max-image-preview":"max-image-preview:large","max-video-preview":"max-video-preview:-1"},"canonical":"https:\/\/sulsc.com\/index.php\/2025\/12\/06\/policia-civil-de-gravatal-prende-jovem-por-trafico-de-drogas-e-violencia-domestica-em-varzea-das-canoas\/","og_locale":"en_US","og_type":"article","og_title":"Pol\u00edcia Civil de Gravatal prende Jovem por tr\u00e1fico de drogas e viol\u00eancia dom\u00e9stica em V\u00e1rzea das Canoas -","og_description":"Na manh\u00e3 desta sexta-feira ( 5 ), a Pol\u00edcia Civil de Gravatal realizou a pris\u00e3o de um jovem de 19 anos por tr\u00e1fico de drogas. A a\u00e7\u00e3o ocorreu por volta das 06h30 no bairro V\u00e1rzea das Canoas, durante o cumprimento de um mandado de busca e apreens\u00e3o. O suspeito j\u00e1 era alvo de investiga\u00e7\u00f5es por &hellip; Pol\u00edcia Civil de Gravatal prende Jovem por tr\u00e1fico de drogas e viol\u00eancia dom\u00e9stica em V\u00e1rzea das Canoas Read More &raquo;","og_url":"https:\/\/sulsc.com\/index.php\/2025\/12\/06\/policia-civil-de-gravatal-prende-jovem-por-trafico-de-drogas-e-violencia-domestica-em-varzea-das-canoas\/","article_author":"https:\/\/www.facebook.com\/profile.php?id=61559278119680","article_published_time":"2025-12-06T11:02:12+00:00","og_image":[{"width":1080,"height":680,"url":"http:\/\/sulsc.com\/wp-content\/uploads\/2025\/03\/PM-3-1.jpg","type":"image\/jpeg"}],"author":"Reda\u00e7\u00e3o Sul SC","twitter_card":"summary_large_image","twitter_creator":"@https:\/\/twitter.com\/PortalSulSC","twitter_misc":{"Written by":"Reda\u00e7\u00e3o Sul SC","Est. reading time":"1 minute"},"schema":{"@context":"https:\/\/schema.org","@graph":[{"@type":"WebPage","@id":"https:\/\/sulsc.com\/index.php\/2025\/12\/06\/policia-civil-de-gravatal-prende-jovem-por-trafico-de-drogas-e-violencia-domestica-em-varzea-das-canoas\/","url":"https:\/\/sulsc.com\/index.php\/2025\/12\/06\/policia-civil-de-gravatal-prende-jovem-por-trafico-de-drogas-e-violencia-domestica-em-varzea-das-canoas\/","name":"Pol\u00edcia Civil de Gravatal prende Jovem por tr\u00e1fico de drogas e viol\u00eancia dom\u00e9stica em V\u00e1rzea das Canoas -","isPartOf":{"@id":"https:\/\/sulsc.com\/#website"},"datePublished":"2025-12-06T11:02:12+00:00","dateModified":"2025-12-06T11:02:12+00:00","author":{"@id":"https:\/\/sulsc.com\/#\/schema\/person\/84d2fc571684f6248ba83092f07750a3"},"breadcrumb":{"@id":"https:\/\/sulsc.com\/index.php\/2025\/12\/06\/policia-civil-de-gravatal-prende-jovem-por-trafico-de-drogas-e-violencia-domestica-em-varzea-das-canoas\/#breadcrumb"},"inLanguage":"en-US","potentialAction":[{"@type":"ReadAction","target":["https:\/\/sulsc.com\/index.php\/2025\/12\/06\/policia-civil-de-gravatal-prende-jovem-por-trafico-de-drogas-e-violencia-domestica-em-varzea-das-canoas\/"]}]},{"@type":"BreadcrumbList","@id":"https:\/\/sulsc.com\/index.php\/2025\/12\/06\/policia-civil-de-gravatal-prende-jovem-por-trafico-de-drogas-e-violencia-domestica-em-varzea-das-canoas\/#breadcrumb","itemListElement":[{"@type":"ListItem","position":1,"name":"In\u00edcio","item":"https:\/\/sulsc.com\/"},{"@type":"ListItem","position":2,"name":"Pol\u00edcia Civil de Gravatal prende Jovem por tr\u00e1fico de drogas e viol\u00eancia dom\u00e9stica em V\u00e1rzea das Canoas"}]},{"@type":"WebSite","@id":"https:\/\/sulsc.com\/#website","url":"https:\/\/sulsc.com\/","name":"","description":"","potentialAction":[{"@type":"SearchAction","target":{"@type":"EntryPoint","urlTemplate":"https:\/\/sulsc.com\/?s={search_term_string}"},"query-input":"required name=search_term_string"}],"inLanguage":"en-US"},{"@type":"Person","@id":"https:\/\/sulsc.com\/#\/schema\/person\/84d2fc571684f6248ba83092f07750a3","name":"Reda\u00e7\u00e3o Sul SC","image":{"@type":"ImageObject","inLanguage":"en-US","@id":"https:\/\/sulsc.com\/#\/schema\/person\/image\/e08d7fe2cc4ed596372063bbe852b8d0","url":"https:\/\/sulsc.com\/wp-content\/uploads\/2023\/09\/redacao.png","contentUrl":"https:\/\/sulsc.com\/wp-content\/uploads\/2023\/09\/redacao.png","caption":"Reda\u00e7\u00e3o Sul SC"},"description":"Foco em um jornalismo imparcial, voltado \u00e0 qualidade dos seus conte\u00fados e, assim, levar informa\u00e7\u00e3o de valor que agregue \u00e0 vida dos leitores. Esta \u00e9 grande miss\u00e3o do Portal de Not\u00edcias Sul SC. N\u00e3o \u00e9 quantidade que muda o mundo, sempre foi e seguir\u00e1 sendo qualidade!","sameAs":["https:\/\/sulsc.com\/","https:\/\/www.facebook.com\/profile.php?id=61559278119680","https:\/\/www.instagram.com\/sulscportal\/?hl=pt-br","https:\/\/twitter.com\/https:\/\/twitter.com\/PortalSulSC","https:\/\/www.youtube.com\/channel\/UCv_BE8GeySluDov2n8qhVmw"],"url":"https:\/\/sulsc.com\/index.php\/author\/redacao\/"}]}},"authors":[],"_links":{"self":[{"href":"https:\/\/sulsc.com\/index.php\/wp-json\/wp\/v2\/posts\/30546"}],"collection":[{"href":"https:\/\/sulsc.com\/index.php\/wp-json\/wp\/v2\/posts"}],"about":[{"href":"https:\/\/sulsc.com\/index.php\/wp-json\/wp\/v2\/types\/post"}],"author":[{"embeddable":true,"href":"https:\/\/sulsc.com\/index.php\/wp-json\/wp\/v2\/users\/3"}],"replies":[{"embeddable":true,"href":"https:\/\/sulsc.com\/index.php\/wp-json\/wp\/v2\/comments?post=30546"}],"version-history":[{"count":1,"href":"https:\/\/sulsc.com\/index.php\/wp-json\/wp\/v2\/posts\/30546\/revisions"}],"predecessor-version":[{"id":30548,"href":"https:\/\/sulsc.com\/index.php\/wp-json\/wp\/v2\/posts\/30546\/revisions\/30548"}],"wp:featuredmedia":[{"embeddable":true,"href":"https:\/\/sulsc.com\/index.php\/wp-json\/wp\/v2\/media\/21170"}],"wp:attachment":[{"href":"https:\/\/sulsc.com\/index.php\/wp-json\/wp\/v2\/media?parent=30546"}],"wp:term":[{"taxonomy":"category","embeddable":true,"href":"https:\/\/sulsc.com\/index.php\/wp-json\/wp\/v2\/categories?post=30546"},{"taxonomy":"post_tag","embeddable":true,"href":"https:\/\/sulsc.com\/index.php\/wp-json\/wp\/v2\/tags?post=30546"}],"curies":[{"name":"wp","href":"https:\/\/api.w.org\/{rel}","templated":true}]}}