{"id":30550,"date":"2025-12-06T16:34:01","date_gmt":"2025-12-06T19:34:01","guid":{"rendered":"https:\/\/sulsc.com\/?p=30550"},"modified":"2025-12-06T16:35:26","modified_gmt":"2025-12-06T19:35:26","slug":"mulher-perde-a-vida-em-acidente-de-transito-no-trevo-da-praia-do-gi-em-laguna","status":"publish","type":"post","link":"https:\/\/sulsc.com\/index.php\/2025\/12\/06\/mulher-perde-a-vida-em-acidente-de-transito-no-trevo-da-praia-do-gi-em-laguna\/","title":{"rendered":"Mulher perde a vida em acidente de tr\u00e2nsito no trevo de acesso a praia do Gi em Laguna"},"content":{"rendered":"<p><span dir=\"auto\" style=\"vertical-align: inherit;\"><span dir=\"auto\" style=\"vertical-align: inherit;\">Na manh\u00e3 deste s\u00e1bado (6), por volta das 11h52, uma mulher morreu em um grave acidente de tr\u00e2nsito ocorrido na Avenida Jo\u00e3o Marronzinho, em Laguna.<\/span><\/span><\/p>\n<div id=\"metaslider-id-25573\" style=\"width: 100%;\" class=\"ml-slider-3-99-0 metaslider metaslider-flex metaslider-25573 ml-slider has-onhover-arrows ms-theme-default-base has-dots-nav\" role=\"region\" aria-label=\"Meio\" data-width=\"1200\">\n    <div id=\"metaslider_container_25573\">\n        <div id=\"metaslider_25573\">\n            <ul class='slides'>\n                <li style=\"display: block; width: 100%;\" class=\"slide-25684 ms-image \" aria-roledescription=\"slide\" data-date=\"2025-07-24 07:55:40\"><img src=\"https:\/\/sulsc.com\/wp-content\/uploads\/2025\/07\/Marr-2-1000x166.jpg\" height=\"200\" width=\"1200\" alt=\"\" class=\"slider-25573 slide-25684 msDefaultImage\" title=\"Marr 2\" \/><\/li>\n                <li style=\"display: none; width: 100%;\" class=\"slide-32412 ms-image \" aria-roledescription=\"slide\" data-date=\"2026-02-18 13:59:46\"><img src=\"https:\/\/sulsc.com\/wp-content\/uploads\/2026\/02\/40dc1580-cad5-4867-bc58-c4243821ad38-1000x166.jpeg\" height=\"200\" width=\"1200\" alt=\"\" class=\"slider-25573 slide-32412 msDefaultImage\" title=\"40dc1580-cad5-4867-bc58-c4243821ad38\" \/><\/li>\n                <li style=\"display: none; width: 100%;\" class=\"slide-32766 ms-image \" aria-roledescription=\"slide\" data-date=\"2026-03-03 17:22:59\"><img src=\"https:\/\/sulsc.com\/wp-content\/uploads\/2026\/03\/271ce739-f268-41c5-8051-3de1a1750359-1000x166.jpeg\" height=\"200\" width=\"1200\" alt=\"\" class=\"slider-25573 slide-32766 msDefaultImage\" title=\"271ce739-f268-41c5-8051-3de1a1750359\" \/><\/li>\n            <\/ul>\n        <\/div>\n        \n    <\/div>\n<\/div>\n<p><span dir=\"auto\" style=\"vertical-align: inherit;\"><span dir=\"auto\" style=\"vertical-align: inherit;\">A mulher Fabricia Castro Bento de 48 anos estava de carona e o homem identificado como Jeferson Sidney de 45 anos era o condutor do ve\u00edculo que capotou no trevo de acesso \u00e0 praia do Gi, pr\u00f3ximo ao Laguna Internacional. O Corpo de Bombeiros, as equipes do Samu e a equipe do servi\u00e7o aerom\u00e9dico (Saer) foram acionados.<\/span><\/span><\/p>\n<p>&nbsp;<\/p>\n<p><img fetchpriority=\"high\" decoding=\"async\" class=\"aligncenter size-full wp-image-30552\" src=\"http:\/\/sulsc.com\/wp-content\/uploads\/2025\/12\/a4d5e9ce-c087-466f-8e98-d4fa3eed5eb2.jpeg\" alt=\"\" width=\"1280\" height=\"960\" srcset=\"https:\/\/sulsc.com\/wp-content\/uploads\/2025\/12\/a4d5e9ce-c087-466f-8e98-d4fa3eed5eb2.jpeg 1280w, https:\/\/sulsc.com\/wp-content\/uploads\/2025\/12\/a4d5e9ce-c087-466f-8e98-d4fa3eed5eb2-300x225.jpeg 300w, https:\/\/sulsc.com\/wp-content\/uploads\/2025\/12\/a4d5e9ce-c087-466f-8e98-d4fa3eed5eb2-1024x768.jpeg 1024w, https:\/\/sulsc.com\/wp-content\/uploads\/2025\/12\/a4d5e9ce-c087-466f-8e98-d4fa3eed5eb2-768x576.jpeg 768w\" sizes=\"(max-width: 1280px) 100vw, 1280px\" \/><\/p>\n<p><span dir=\"auto\" style=\"vertical-align: inherit;\"><span dir=\"auto\" style=\"vertical-align: inherit;\">O homem que sofreu ferimentos graves e foi suspenso ao hospital de Tubar\u00e3o. A mulher natural do RS n\u00e3o resistiu aos ferimentos morreu no local. Al\u00e9m de toda equipe de resgate a Pol\u00edcia Cient\u00edfica tamb\u00e9m foi acionada.<\/span><\/span><\/p>\n<p><span dir=\"auto\" style=\"vertical-align: inherit;\"><span dir=\"auto\" style=\"vertical-align: inherit;\">Fotos: CBMSC\/Divulga\u00e7\u00e3o\/SulSC<\/span><\/span><\/p>\n","protected":false},"excerpt":{"rendered":"<p>Na manh\u00e3 deste s\u00e1bado (6), por volta das 11h52, uma mulher morreu em um grave acidente de tr\u00e2nsito ocorrido na Avenida Jo\u00e3o Marronzinho, em Laguna. A mulher Fabricia Castro Bento de 48 anos estava de carona e o homem identificado como Jeferson Sidney de 45 anos era o condutor do ve\u00edculo que capotou no trevo &hellip;<\/p>\n<p class=\"read-more\"> <a class=\"\" href=\"https:\/\/sulsc.com\/index.php\/2025\/12\/06\/mulher-perde-a-vida-em-acidente-de-transito-no-trevo-da-praia-do-gi-em-laguna\/\"> <span class=\"screen-reader-text\">Mulher perde a vida em acidente de tr\u00e2nsito no trevo de acesso a praia do Gi em Laguna<\/span> Read More &raquo;<\/a><\/p>\n","protected":false},"author":3,"featured_media":30553,"comment_status":"open","ping_status":"open","sticky":false,"template":"","format":"standard","meta":{"site-sidebar-layout":"default","site-content-layout":"","ast-site-content-layout":"default","site-content-style":"default","site-sidebar-style":"default","ast-global-header-display":"","ast-banner-title-visibility":"","ast-main-header-display":"","ast-hfb-above-header-display":"","ast-hfb-below-header-display":"","ast-hfb-mobile-header-display":"","site-post-title":"","ast-breadcrumbs-content":"","ast-featured-img":"","footer-sml-layout":"","theme-transparent-header-meta":"default","adv-header-id-meta":"","stick-header-meta":"","header-above-stick-meta":"","header-main-stick-meta":"","header-below-stick-meta":"","astra-migrate-meta-layouts":"set","footnotes":""},"categories":[2231,1,22,14,12],"tags":[2189],"yoast_head":"<!-- This site is optimized with the Yoast SEO plugin v21.4 - https:\/\/yoast.com\/wordpress\/plugins\/seo\/ -->\n<title>Mulher perde a vida em acidente de tr\u00e2nsito no trevo de acesso a praia do Gi em Laguna -<\/title>\n<meta name=\"robots\" content=\"index, follow, max-snippet:-1, max-image-preview:large, max-video-preview:-1\" \/>\n<link rel=\"canonical\" href=\"https:\/\/sulsc.com\/index.php\/2025\/12\/06\/mulher-perde-a-vida-em-acidente-de-transito-no-trevo-da-praia-do-gi-em-laguna\/\" \/>\n<meta property=\"og:locale\" content=\"en_US\" \/>\n<meta property=\"og:type\" content=\"article\" \/>\n<meta property=\"og:title\" content=\"Mulher perde a vida em acidente de tr\u00e2nsito no trevo de acesso a praia do Gi em Laguna -\" \/>\n<meta property=\"og:description\" content=\"Na manh\u00e3 deste s\u00e1bado (6), por volta das 11h52, uma mulher morreu em um grave acidente de tr\u00e2nsito ocorrido na Avenida Jo\u00e3o Marronzinho, em Laguna. A mulher Fabricia Castro Bento de 48 anos estava de carona e o homem identificado como Jeferson Sidney de 45 anos era o condutor do ve\u00edculo que capotou no trevo &hellip; Mulher perde a vida em acidente de tr\u00e2nsito no trevo de acesso a praia do Gi em Laguna Read More &raquo;\" \/>\n<meta property=\"og:url\" content=\"https:\/\/sulsc.com\/index.php\/2025\/12\/06\/mulher-perde-a-vida-em-acidente-de-transito-no-trevo-da-praia-do-gi-em-laguna\/\" \/>\n<meta property=\"article:author\" content=\"https:\/\/www.facebook.com\/profile.php?id=61559278119680\" \/>\n<meta property=\"article:published_time\" content=\"2025-12-06T19:34:01+00:00\" \/>\n<meta property=\"article:modified_time\" content=\"2025-12-06T19:35:26+00:00\" \/>\n<meta property=\"og:image\" content=\"http:\/\/sulsc.com\/wp-content\/uploads\/2025\/12\/67ec6525-5811-4753-be41-fddadc038bdf.jpeg\" \/>\n\t<meta property=\"og:image:width\" content=\"1599\" \/>\n\t<meta property=\"og:image:height\" content=\"899\" \/>\n\t<meta property=\"og:image:type\" content=\"image\/jpeg\" \/>\n<meta name=\"author\" content=\"Reda\u00e7\u00e3o Sul SC\" \/>\n<meta name=\"twitter:card\" content=\"summary_large_image\" \/>\n<meta name=\"twitter:creator\" content=\"@https:\/\/twitter.com\/PortalSulSC\" \/>\n<meta name=\"twitter:label1\" content=\"Written by\" \/>\n\t<meta name=\"twitter:data1\" content=\"Reda\u00e7\u00e3o Sul SC\" \/>\n\t<meta name=\"twitter:label2\" content=\"Est. reading time\" \/>\n\t<meta name=\"twitter:data2\" content=\"1 minute\" \/>\n<script type=\"application\/ld+json\" class=\"yoast-schema-graph\">{\"@context\":\"https:\/\/schema.org\",\"@graph\":[{\"@type\":\"WebPage\",\"@id\":\"https:\/\/sulsc.com\/index.php\/2025\/12\/06\/mulher-perde-a-vida-em-acidente-de-transito-no-trevo-da-praia-do-gi-em-laguna\/\",\"url\":\"https:\/\/sulsc.com\/index.php\/2025\/12\/06\/mulher-perde-a-vida-em-acidente-de-transito-no-trevo-da-praia-do-gi-em-laguna\/\",\"name\":\"Mulher perde a vida em acidente de tr\u00e2nsito no trevo de acesso a praia do Gi em Laguna -\",\"isPartOf\":{\"@id\":\"https:\/\/sulsc.com\/#website\"},\"datePublished\":\"2025-12-06T19:34:01+00:00\",\"dateModified\":\"2025-12-06T19:35:26+00:00\",\"author\":{\"@id\":\"https:\/\/sulsc.com\/#\/schema\/person\/84d2fc571684f6248ba83092f07750a3\"},\"breadcrumb\":{\"@id\":\"https:\/\/sulsc.com\/index.php\/2025\/12\/06\/mulher-perde-a-vida-em-acidente-de-transito-no-trevo-da-praia-do-gi-em-laguna\/#breadcrumb\"},\"inLanguage\":\"en-US\",\"potentialAction\":[{\"@type\":\"ReadAction\",\"target\":[\"https:\/\/sulsc.com\/index.php\/2025\/12\/06\/mulher-perde-a-vida-em-acidente-de-transito-no-trevo-da-praia-do-gi-em-laguna\/\"]}]},{\"@type\":\"BreadcrumbList\",\"@id\":\"https:\/\/sulsc.com\/index.php\/2025\/12\/06\/mulher-perde-a-vida-em-acidente-de-transito-no-trevo-da-praia-do-gi-em-laguna\/#breadcrumb\",\"itemListElement\":[{\"@type\":\"ListItem\",\"position\":1,\"name\":\"In\u00edcio\",\"item\":\"https:\/\/sulsc.com\/\"},{\"@type\":\"ListItem\",\"position\":2,\"name\":\"Mulher perde a vida em acidente de tr\u00e2nsito no trevo de acesso a praia do Gi em Laguna\"}]},{\"@type\":\"WebSite\",\"@id\":\"https:\/\/sulsc.com\/#website\",\"url\":\"https:\/\/sulsc.com\/\",\"name\":\"\",\"description\":\"\",\"potentialAction\":[{\"@type\":\"SearchAction\",\"target\":{\"@type\":\"EntryPoint\",\"urlTemplate\":\"https:\/\/sulsc.com\/?s={search_term_string}\"},\"query-input\":\"required name=search_term_string\"}],\"inLanguage\":\"en-US\"},{\"@type\":\"Person\",\"@id\":\"https:\/\/sulsc.com\/#\/schema\/person\/84d2fc571684f6248ba83092f07750a3\",\"name\":\"Reda\u00e7\u00e3o Sul SC\",\"image\":{\"@type\":\"ImageObject\",\"inLanguage\":\"en-US\",\"@id\":\"https:\/\/sulsc.com\/#\/schema\/person\/image\/e08d7fe2cc4ed596372063bbe852b8d0\",\"url\":\"https:\/\/sulsc.com\/wp-content\/uploads\/2023\/09\/redacao.png\",\"contentUrl\":\"https:\/\/sulsc.com\/wp-content\/uploads\/2023\/09\/redacao.png\",\"caption\":\"Reda\u00e7\u00e3o Sul SC\"},\"description\":\"Foco em um jornalismo imparcial, voltado \u00e0 qualidade dos seus conte\u00fados e, assim, levar informa\u00e7\u00e3o de valor que agregue \u00e0 vida dos leitores. Esta \u00e9 grande miss\u00e3o do Portal de Not\u00edcias Sul SC. N\u00e3o \u00e9 quantidade que muda o mundo, sempre foi e seguir\u00e1 sendo qualidade!\",\"sameAs\":[\"https:\/\/sulsc.com\/\",\"https:\/\/www.facebook.com\/profile.php?id=61559278119680\",\"https:\/\/www.instagram.com\/sulscportal\/?hl=pt-br\",\"https:\/\/twitter.com\/https:\/\/twitter.com\/PortalSulSC\",\"https:\/\/www.youtube.com\/channel\/UCv_BE8GeySluDov2n8qhVmw\"],\"url\":\"https:\/\/sulsc.com\/index.php\/author\/redacao\/\"}]}<\/script>\n<!-- \/ Yoast SEO plugin. -->","yoast_head_json":{"title":"Mulher perde a vida em acidente de tr\u00e2nsito no trevo de acesso a praia do Gi em Laguna -","robots":{"index":"index","follow":"follow","max-snippet":"max-snippet:-1","max-image-preview":"max-image-preview:large","max-video-preview":"max-video-preview:-1"},"canonical":"https:\/\/sulsc.com\/index.php\/2025\/12\/06\/mulher-perde-a-vida-em-acidente-de-transito-no-trevo-da-praia-do-gi-em-laguna\/","og_locale":"en_US","og_type":"article","og_title":"Mulher perde a vida em acidente de tr\u00e2nsito no trevo de acesso a praia do Gi em Laguna -","og_description":"Na manh\u00e3 deste s\u00e1bado (6), por volta das 11h52, uma mulher morreu em um grave acidente de tr\u00e2nsito ocorrido na Avenida Jo\u00e3o Marronzinho, em Laguna. A mulher Fabricia Castro Bento de 48 anos estava de carona e o homem identificado como Jeferson Sidney de 45 anos era o condutor do ve\u00edculo que capotou no trevo &hellip; Mulher perde a vida em acidente de tr\u00e2nsito no trevo de acesso a praia do Gi em Laguna Read More &raquo;","og_url":"https:\/\/sulsc.com\/index.php\/2025\/12\/06\/mulher-perde-a-vida-em-acidente-de-transito-no-trevo-da-praia-do-gi-em-laguna\/","article_author":"https:\/\/www.facebook.com\/profile.php?id=61559278119680","article_published_time":"2025-12-06T19:34:01+00:00","article_modified_time":"2025-12-06T19:35:26+00:00","og_image":[{"width":1599,"height":899,"url":"http:\/\/sulsc.com\/wp-content\/uploads\/2025\/12\/67ec6525-5811-4753-be41-fddadc038bdf.jpeg","type":"image\/jpeg"}],"author":"Reda\u00e7\u00e3o Sul SC","twitter_card":"summary_large_image","twitter_creator":"@https:\/\/twitter.com\/PortalSulSC","twitter_misc":{"Written by":"Reda\u00e7\u00e3o Sul SC","Est. reading time":"1 minute"},"schema":{"@context":"https:\/\/schema.org","@graph":[{"@type":"WebPage","@id":"https:\/\/sulsc.com\/index.php\/2025\/12\/06\/mulher-perde-a-vida-em-acidente-de-transito-no-trevo-da-praia-do-gi-em-laguna\/","url":"https:\/\/sulsc.com\/index.php\/2025\/12\/06\/mulher-perde-a-vida-em-acidente-de-transito-no-trevo-da-praia-do-gi-em-laguna\/","name":"Mulher perde a vida em acidente de tr\u00e2nsito no trevo de acesso a praia do Gi em Laguna -","isPartOf":{"@id":"https:\/\/sulsc.com\/#website"},"datePublished":"2025-12-06T19:34:01+00:00","dateModified":"2025-12-06T19:35:26+00:00","author":{"@id":"https:\/\/sulsc.com\/#\/schema\/person\/84d2fc571684f6248ba83092f07750a3"},"breadcrumb":{"@id":"https:\/\/sulsc.com\/index.php\/2025\/12\/06\/mulher-perde-a-vida-em-acidente-de-transito-no-trevo-da-praia-do-gi-em-laguna\/#breadcrumb"},"inLanguage":"en-US","potentialAction":[{"@type":"ReadAction","target":["https:\/\/sulsc.com\/index.php\/2025\/12\/06\/mulher-perde-a-vida-em-acidente-de-transito-no-trevo-da-praia-do-gi-em-laguna\/"]}]},{"@type":"BreadcrumbList","@id":"https:\/\/sulsc.com\/index.php\/2025\/12\/06\/mulher-perde-a-vida-em-acidente-de-transito-no-trevo-da-praia-do-gi-em-laguna\/#breadcrumb","itemListElement":[{"@type":"ListItem","position":1,"name":"In\u00edcio","item":"https:\/\/sulsc.com\/"},{"@type":"ListItem","position":2,"name":"Mulher perde a vida em acidente de tr\u00e2nsito no trevo de acesso a praia do Gi em Laguna"}]},{"@type":"WebSite","@id":"https:\/\/sulsc.com\/#website","url":"https:\/\/sulsc.com\/","name":"","description":"","potentialAction":[{"@type":"SearchAction","target":{"@type":"EntryPoint","urlTemplate":"https:\/\/sulsc.com\/?s={search_term_string}"},"query-input":"required name=search_term_string"}],"inLanguage":"en-US"},{"@type":"Person","@id":"https:\/\/sulsc.com\/#\/schema\/person\/84d2fc571684f6248ba83092f07750a3","name":"Reda\u00e7\u00e3o Sul SC","image":{"@type":"ImageObject","inLanguage":"en-US","@id":"https:\/\/sulsc.com\/#\/schema\/person\/image\/e08d7fe2cc4ed596372063bbe852b8d0","url":"https:\/\/sulsc.com\/wp-content\/uploads\/2023\/09\/redacao.png","contentUrl":"https:\/\/sulsc.com\/wp-content\/uploads\/2023\/09\/redacao.png","caption":"Reda\u00e7\u00e3o Sul SC"},"description":"Foco em um jornalismo imparcial, voltado \u00e0 qualidade dos seus conte\u00fados e, assim, levar informa\u00e7\u00e3o de valor que agregue \u00e0 vida dos leitores. Esta \u00e9 grande miss\u00e3o do Portal de Not\u00edcias Sul SC. N\u00e3o \u00e9 quantidade que muda o mundo, sempre foi e seguir\u00e1 sendo qualidade!","sameAs":["https:\/\/sulsc.com\/","https:\/\/www.facebook.com\/profile.php?id=61559278119680","https:\/\/www.instagram.com\/sulscportal\/?hl=pt-br","https:\/\/twitter.com\/https:\/\/twitter.com\/PortalSulSC","https:\/\/www.youtube.com\/channel\/UCv_BE8GeySluDov2n8qhVmw"],"url":"https:\/\/sulsc.com\/index.php\/author\/redacao\/"}]}},"authors":[],"_links":{"self":[{"href":"https:\/\/sulsc.com\/index.php\/wp-json\/wp\/v2\/posts\/30550"}],"collection":[{"href":"https:\/\/sulsc.com\/index.php\/wp-json\/wp\/v2\/posts"}],"about":[{"href":"https:\/\/sulsc.com\/index.php\/wp-json\/wp\/v2\/types\/post"}],"author":[{"embeddable":true,"href":"https:\/\/sulsc.com\/index.php\/wp-json\/wp\/v2\/users\/3"}],"replies":[{"embeddable":true,"href":"https:\/\/sulsc.com\/index.php\/wp-json\/wp\/v2\/comments?post=30550"}],"version-history":[{"count":3,"href":"https:\/\/sulsc.com\/index.php\/wp-json\/wp\/v2\/posts\/30550\/revisions"}],"predecessor-version":[{"id":30556,"href":"https:\/\/sulsc.com\/index.php\/wp-json\/wp\/v2\/posts\/30550\/revisions\/30556"}],"wp:featuredmedia":[{"embeddable":true,"href":"https:\/\/sulsc.com\/index.php\/wp-json\/wp\/v2\/media\/30553"}],"wp:attachment":[{"href":"https:\/\/sulsc.com\/index.php\/wp-json\/wp\/v2\/media?parent=30550"}],"wp:term":[{"taxonomy":"category","embeddable":true,"href":"https:\/\/sulsc.com\/index.php\/wp-json\/wp\/v2\/categories?post=30550"},{"taxonomy":"post_tag","embeddable":true,"href":"https:\/\/sulsc.com\/index.php\/wp-json\/wp\/v2\/tags?post=30550"}],"curies":[{"name":"wp","href":"https:\/\/api.w.org\/{rel}","templated":true}]}}