{"id":30557,"date":"2025-12-07T08:41:46","date_gmt":"2025-12-07T11:41:46","guid":{"rendered":"https:\/\/sulsc.com\/?p=30557"},"modified":"2025-12-07T08:41:46","modified_gmt":"2025-12-07T11:41:46","slug":"dia-tipico-de-verao-neste-domingo-7-com-maximas-de-35oc-e-temporais-isolado-no-final-do-dia-e-noite","status":"publish","type":"post","link":"https:\/\/sulsc.com\/index.php\/2025\/12\/07\/dia-tipico-de-verao-neste-domingo-7-com-maximas-de-35oc-e-temporais-isolado-no-final-do-dia-e-noite\/","title":{"rendered":"Dia t\u00edpico de ver\u00e3o neste Domingo (7) com m\u00e1ximas de 35\u00baC e temporais isolado no final do dia e noite"},"content":{"rendered":"<p>Neste domingo (7), o sol predomina na maior parte do dia pelo estado. Durante a tarde, em fun\u00e7\u00e3o do calor, umidade dispon\u00edvel e de uma \u00e1rea de baixa press\u00e3o, n\u00e3o se descarta a ocorr\u00eancia de pancadas de chuva e temporais isolados em todas as regi\u00f5es, principalmente entre o Meio-Oeste e as \u00e1reas serranas pr\u00f3ximas ao Litoral.<\/p>\n<p><img fetchpriority=\"high\" decoding=\"async\" class=\"aligncenter size-full wp-image-30558\" src=\"http:\/\/sulsc.com\/wp-content\/uploads\/2025\/12\/image-140-1024x704-1.png\" alt=\"\" width=\"1024\" height=\"704\" srcset=\"https:\/\/sulsc.com\/wp-content\/uploads\/2025\/12\/image-140-1024x704-1.png 1024w, https:\/\/sulsc.com\/wp-content\/uploads\/2025\/12\/image-140-1024x704-1-300x206.png 300w, https:\/\/sulsc.com\/wp-content\/uploads\/2025\/12\/image-140-1024x704-1-768x528.png 768w\" sizes=\"(max-width: 1024px) 100vw, 1024px\" \/><\/p>\n<p><strong>Com risco baixo a moderado para ocorr\u00eancias associadas<\/strong>.<\/p>\n<p><strong>Temperaturas<\/strong><\/p>\n<p>No amanhecer, os Planaltos, Meio-Oeste e Grd. Florian\u00f3polis Serrana e entre 20\u00b0C e 24\u00b0C no Extremo Oeste e Litoral. Durante \u00e0 tarde, as temperaturas seguem em eleva\u00e7\u00e3o, com valores pr\u00f3ximos dos 30\u00b0C em todas as regi\u00f5es, exceto nos pontos mais altos do estado, onde ficam menores. Em pontos do Extremo Oeste, Oeste, Litoral Sul, Grd. Florian\u00f3polis e M\u00e9dio Vale do Itaja\u00ed, as temperaturas se aproximam dos 35\u00b0C\/36\u00b0C.<\/p>\n<p><img decoding=\"async\" class=\"aligncenter size-full wp-image-30559\" src=\"http:\/\/sulsc.com\/wp-content\/uploads\/2025\/12\/image-135-1024x698-1.png\" alt=\"\" width=\"1024\" height=\"698\" srcset=\"https:\/\/sulsc.com\/wp-content\/uploads\/2025\/12\/image-135-1024x698-1.png 1024w, https:\/\/sulsc.com\/wp-content\/uploads\/2025\/12\/image-135-1024x698-1-300x204.png 300w, https:\/\/sulsc.com\/wp-content\/uploads\/2025\/12\/image-135-1024x698-1-768x524.png 768w\" sizes=\"(max-width: 1024px) 100vw, 1024px\" \/><\/p>\n<p><img decoding=\"async\" class=\"aligncenter size-full wp-image-22836\" src=\"http:\/\/sulsc.com\/wp-content\/uploads\/2025\/04\/Tempo-2.png\" alt=\"\" width=\"1024\" height=\"189\" srcset=\"https:\/\/sulsc.com\/wp-content\/uploads\/2025\/04\/Tempo-2.png 1024w, https:\/\/sulsc.com\/wp-content\/uploads\/2025\/04\/Tempo-2-300x55.png 300w, https:\/\/sulsc.com\/wp-content\/uploads\/2025\/04\/Tempo-2-768x142.png 768w\" sizes=\"(max-width: 1024px) 100vw, 1024px\" \/><\/p>\n<p><strong>Ventos:<\/strong> nordeste, passando a sudeste do Extremo Oeste aos Planaltos, fraco a moderado, com rajadas.<\/p>\n<p><strong>Sistema predominante:<\/strong> alta press\u00e3o (massa de ar seco e quente) no litoral Sul do Brasil. Forma\u00e7\u00e3o de \u00e1reas de instabilidade a partir da tarde em SC.<\/p>\n<div id=\"metaslider-id-25573\" style=\"width: 100%;\" class=\"ml-slider-3-99-0 metaslider metaslider-flex metaslider-25573 ml-slider has-onhover-arrows ms-theme-default-base has-dots-nav\" role=\"region\" aria-label=\"Meio\" data-width=\"1200\">\n    <div id=\"metaslider_container_25573\">\n        <div id=\"metaslider_25573\">\n            <ul class='slides'>\n                <li style=\"display: block; width: 100%;\" class=\"slide-25684 ms-image \" aria-roledescription=\"slide\" data-date=\"2025-07-24 07:55:40\"><img src=\"https:\/\/sulsc.com\/wp-content\/uploads\/2025\/07\/Marr-2-1000x166.jpg\" height=\"200\" width=\"1200\" alt=\"\" class=\"slider-25573 slide-25684 msDefaultImage\" title=\"Marr 2\" \/><\/li>\n                <li style=\"display: none; width: 100%;\" class=\"slide-32412 ms-image \" aria-roledescription=\"slide\" data-date=\"2026-02-18 13:59:46\"><img src=\"https:\/\/sulsc.com\/wp-content\/uploads\/2026\/02\/40dc1580-cad5-4867-bc58-c4243821ad38-1000x166.jpeg\" height=\"200\" width=\"1200\" alt=\"\" class=\"slider-25573 slide-32412 msDefaultImage\" title=\"40dc1580-cad5-4867-bc58-c4243821ad38\" \/><\/li>\n                <li style=\"display: none; width: 100%;\" class=\"slide-32766 ms-image \" aria-roledescription=\"slide\" data-date=\"2026-03-03 17:22:59\"><img src=\"https:\/\/sulsc.com\/wp-content\/uploads\/2026\/03\/271ce739-f268-41c5-8051-3de1a1750359-1000x166.jpeg\" height=\"200\" width=\"1200\" alt=\"\" class=\"slider-25573 slide-32766 msDefaultImage\" title=\"271ce739-f268-41c5-8051-3de1a1750359\" \/><\/li>\n            <\/ul>\n        <\/div>\n        \n    <\/div>\n<\/div>\n<p><strong>Amanh\u00e3 Segunda-feira (8),<\/strong> o dia ter\u00e1 sol entre nuvens e calor em SC. A partir da tarde pancadas de chuva e temporais isolados com granizo devido ao forte aquecimento e um cavado (\u00e1rea de baixa press\u00e3o). As temperaturas ficam elevadas, com m\u00e1ximas acima de 30\u00b0C em boa parte do Estado, chegando a 36\u00b0C no Extremo Oeste. Os ventos entre nordeste e noroeste, fraco a moderado, com rajadas.<\/p>\n<p>Fontes: Defesa Civil &#8211; SC\/epagri-Ciram<\/p>\n","protected":false},"excerpt":{"rendered":"<p>Neste domingo (7), o sol predomina na maior parte do dia pelo estado. Durante a tarde, em fun\u00e7\u00e3o do calor, umidade dispon\u00edvel e de uma \u00e1rea de baixa press\u00e3o, n\u00e3o se descarta a ocorr\u00eancia de pancadas de chuva e temporais isolados em todas as regi\u00f5es, principalmente entre o Meio-Oeste e as \u00e1reas serranas pr\u00f3ximas ao &hellip;<\/p>\n<p class=\"read-more\"> <a class=\"\" href=\"https:\/\/sulsc.com\/index.php\/2025\/12\/07\/dia-tipico-de-verao-neste-domingo-7-com-maximas-de-35oc-e-temporais-isolado-no-final-do-dia-e-noite\/\"> <span class=\"screen-reader-text\">Dia t\u00edpico de ver\u00e3o neste Domingo (7) com m\u00e1ximas de 35\u00baC e temporais isolado no final do dia e noite<\/span> Read More &raquo;<\/a><\/p>\n","protected":false},"author":3,"featured_media":30560,"comment_status":"open","ping_status":"open","sticky":false,"template":"","format":"standard","meta":{"site-sidebar-layout":"default","site-content-layout":"","ast-site-content-layout":"default","site-content-style":"default","site-sidebar-style":"default","ast-global-header-display":"","ast-banner-title-visibility":"","ast-main-header-display":"","ast-hfb-above-header-display":"","ast-hfb-below-header-display":"","ast-hfb-mobile-header-display":"","site-post-title":"","ast-breadcrumbs-content":"","ast-featured-img":"","footer-sml-layout":"","theme-transparent-header-meta":"default","adv-header-id-meta":"","stick-header-meta":"","header-above-stick-meta":"","header-main-stick-meta":"","header-below-stick-meta":"","astra-migrate-meta-layouts":"set","footnotes":""},"categories":[2354,2231,1,14,38,12],"tags":[90],"yoast_head":"<!-- This site is optimized with the Yoast SEO plugin v21.4 - https:\/\/yoast.com\/wordpress\/plugins\/seo\/ -->\n<title>Dia t\u00edpico de ver\u00e3o neste Domingo (7) com m\u00e1ximas de 35\u00baC e temporais isolado no final do dia e noite -<\/title>\n<meta name=\"robots\" content=\"index, follow, max-snippet:-1, max-image-preview:large, max-video-preview:-1\" \/>\n<link rel=\"canonical\" href=\"https:\/\/sulsc.com\/index.php\/2025\/12\/07\/dia-tipico-de-verao-neste-domingo-7-com-maximas-de-35oc-e-temporais-isolado-no-final-do-dia-e-noite\/\" \/>\n<meta property=\"og:locale\" content=\"en_US\" \/>\n<meta property=\"og:type\" content=\"article\" \/>\n<meta property=\"og:title\" content=\"Dia t\u00edpico de ver\u00e3o neste Domingo (7) com m\u00e1ximas de 35\u00baC e temporais isolado no final do dia e noite -\" \/>\n<meta property=\"og:description\" content=\"Neste domingo (7), o sol predomina na maior parte do dia pelo estado. Durante a tarde, em fun\u00e7\u00e3o do calor, umidade dispon\u00edvel e de uma \u00e1rea de baixa press\u00e3o, n\u00e3o se descarta a ocorr\u00eancia de pancadas de chuva e temporais isolados em todas as regi\u00f5es, principalmente entre o Meio-Oeste e as \u00e1reas serranas pr\u00f3ximas ao &hellip; Dia t\u00edpico de ver\u00e3o neste Domingo (7) com m\u00e1ximas de 35\u00baC e temporais isolado no final do dia e noite Read More &raquo;\" \/>\n<meta property=\"og:url\" content=\"https:\/\/sulsc.com\/index.php\/2025\/12\/07\/dia-tipico-de-verao-neste-domingo-7-com-maximas-de-35oc-e-temporais-isolado-no-final-do-dia-e-noite\/\" \/>\n<meta property=\"article:author\" content=\"https:\/\/www.facebook.com\/profile.php?id=61559278119680\" \/>\n<meta property=\"article:published_time\" content=\"2025-12-07T11:41:46+00:00\" \/>\n<meta property=\"og:image\" content=\"http:\/\/sulsc.com\/wp-content\/uploads\/2025\/12\/8e0543c7-95b8-4edd-bde3-e719faf68cac.jpeg\" \/>\n\t<meta property=\"og:image:width\" content=\"1600\" \/>\n\t<meta property=\"og:image:height\" content=\"720\" \/>\n\t<meta property=\"og:image:type\" content=\"image\/jpeg\" \/>\n<meta name=\"author\" content=\"Reda\u00e7\u00e3o Sul SC\" \/>\n<meta name=\"twitter:card\" content=\"summary_large_image\" \/>\n<meta name=\"twitter:creator\" content=\"@https:\/\/twitter.com\/PortalSulSC\" \/>\n<meta name=\"twitter:label1\" content=\"Written by\" \/>\n\t<meta name=\"twitter:data1\" content=\"Reda\u00e7\u00e3o Sul SC\" \/>\n\t<meta name=\"twitter:label2\" content=\"Est. reading time\" \/>\n\t<meta name=\"twitter:data2\" content=\"2 minutes\" \/>\n<script type=\"application\/ld+json\" class=\"yoast-schema-graph\">{\"@context\":\"https:\/\/schema.org\",\"@graph\":[{\"@type\":\"WebPage\",\"@id\":\"https:\/\/sulsc.com\/index.php\/2025\/12\/07\/dia-tipico-de-verao-neste-domingo-7-com-maximas-de-35oc-e-temporais-isolado-no-final-do-dia-e-noite\/\",\"url\":\"https:\/\/sulsc.com\/index.php\/2025\/12\/07\/dia-tipico-de-verao-neste-domingo-7-com-maximas-de-35oc-e-temporais-isolado-no-final-do-dia-e-noite\/\",\"name\":\"Dia t\u00edpico de ver\u00e3o neste Domingo (7) com m\u00e1ximas de 35\u00baC e temporais isolado no final do dia e noite -\",\"isPartOf\":{\"@id\":\"https:\/\/sulsc.com\/#website\"},\"datePublished\":\"2025-12-07T11:41:46+00:00\",\"dateModified\":\"2025-12-07T11:41:46+00:00\",\"author\":{\"@id\":\"https:\/\/sulsc.com\/#\/schema\/person\/84d2fc571684f6248ba83092f07750a3\"},\"breadcrumb\":{\"@id\":\"https:\/\/sulsc.com\/index.php\/2025\/12\/07\/dia-tipico-de-verao-neste-domingo-7-com-maximas-de-35oc-e-temporais-isolado-no-final-do-dia-e-noite\/#breadcrumb\"},\"inLanguage\":\"en-US\",\"potentialAction\":[{\"@type\":\"ReadAction\",\"target\":[\"https:\/\/sulsc.com\/index.php\/2025\/12\/07\/dia-tipico-de-verao-neste-domingo-7-com-maximas-de-35oc-e-temporais-isolado-no-final-do-dia-e-noite\/\"]}]},{\"@type\":\"BreadcrumbList\",\"@id\":\"https:\/\/sulsc.com\/index.php\/2025\/12\/07\/dia-tipico-de-verao-neste-domingo-7-com-maximas-de-35oc-e-temporais-isolado-no-final-do-dia-e-noite\/#breadcrumb\",\"itemListElement\":[{\"@type\":\"ListItem\",\"position\":1,\"name\":\"In\u00edcio\",\"item\":\"https:\/\/sulsc.com\/\"},{\"@type\":\"ListItem\",\"position\":2,\"name\":\"Dia t\u00edpico de ver\u00e3o neste Domingo (7) com m\u00e1ximas de 35\u00baC e temporais isolado no final do dia e noite\"}]},{\"@type\":\"WebSite\",\"@id\":\"https:\/\/sulsc.com\/#website\",\"url\":\"https:\/\/sulsc.com\/\",\"name\":\"\",\"description\":\"\",\"potentialAction\":[{\"@type\":\"SearchAction\",\"target\":{\"@type\":\"EntryPoint\",\"urlTemplate\":\"https:\/\/sulsc.com\/?s={search_term_string}\"},\"query-input\":\"required name=search_term_string\"}],\"inLanguage\":\"en-US\"},{\"@type\":\"Person\",\"@id\":\"https:\/\/sulsc.com\/#\/schema\/person\/84d2fc571684f6248ba83092f07750a3\",\"name\":\"Reda\u00e7\u00e3o Sul SC\",\"image\":{\"@type\":\"ImageObject\",\"inLanguage\":\"en-US\",\"@id\":\"https:\/\/sulsc.com\/#\/schema\/person\/image\/e08d7fe2cc4ed596372063bbe852b8d0\",\"url\":\"https:\/\/sulsc.com\/wp-content\/uploads\/2023\/09\/redacao.png\",\"contentUrl\":\"https:\/\/sulsc.com\/wp-content\/uploads\/2023\/09\/redacao.png\",\"caption\":\"Reda\u00e7\u00e3o Sul SC\"},\"description\":\"Foco em um jornalismo imparcial, voltado \u00e0 qualidade dos seus conte\u00fados e, assim, levar informa\u00e7\u00e3o de valor que agregue \u00e0 vida dos leitores. Esta \u00e9 grande miss\u00e3o do Portal de Not\u00edcias Sul SC. N\u00e3o \u00e9 quantidade que muda o mundo, sempre foi e seguir\u00e1 sendo qualidade!\",\"sameAs\":[\"https:\/\/sulsc.com\/\",\"https:\/\/www.facebook.com\/profile.php?id=61559278119680\",\"https:\/\/www.instagram.com\/sulscportal\/?hl=pt-br\",\"https:\/\/twitter.com\/https:\/\/twitter.com\/PortalSulSC\",\"https:\/\/www.youtube.com\/channel\/UCv_BE8GeySluDov2n8qhVmw\"],\"url\":\"https:\/\/sulsc.com\/index.php\/author\/redacao\/\"}]}<\/script>\n<!-- \/ Yoast SEO plugin. -->","yoast_head_json":{"title":"Dia t\u00edpico de ver\u00e3o neste Domingo (7) com m\u00e1ximas de 35\u00baC e temporais isolado no final do dia e noite -","robots":{"index":"index","follow":"follow","max-snippet":"max-snippet:-1","max-image-preview":"max-image-preview:large","max-video-preview":"max-video-preview:-1"},"canonical":"https:\/\/sulsc.com\/index.php\/2025\/12\/07\/dia-tipico-de-verao-neste-domingo-7-com-maximas-de-35oc-e-temporais-isolado-no-final-do-dia-e-noite\/","og_locale":"en_US","og_type":"article","og_title":"Dia t\u00edpico de ver\u00e3o neste Domingo (7) com m\u00e1ximas de 35\u00baC e temporais isolado no final do dia e noite -","og_description":"Neste domingo (7), o sol predomina na maior parte do dia pelo estado. Durante a tarde, em fun\u00e7\u00e3o do calor, umidade dispon\u00edvel e de uma \u00e1rea de baixa press\u00e3o, n\u00e3o se descarta a ocorr\u00eancia de pancadas de chuva e temporais isolados em todas as regi\u00f5es, principalmente entre o Meio-Oeste e as \u00e1reas serranas pr\u00f3ximas ao &hellip; Dia t\u00edpico de ver\u00e3o neste Domingo (7) com m\u00e1ximas de 35\u00baC e temporais isolado no final do dia e noite Read More &raquo;","og_url":"https:\/\/sulsc.com\/index.php\/2025\/12\/07\/dia-tipico-de-verao-neste-domingo-7-com-maximas-de-35oc-e-temporais-isolado-no-final-do-dia-e-noite\/","article_author":"https:\/\/www.facebook.com\/profile.php?id=61559278119680","article_published_time":"2025-12-07T11:41:46+00:00","og_image":[{"width":1600,"height":720,"url":"http:\/\/sulsc.com\/wp-content\/uploads\/2025\/12\/8e0543c7-95b8-4edd-bde3-e719faf68cac.jpeg","type":"image\/jpeg"}],"author":"Reda\u00e7\u00e3o Sul SC","twitter_card":"summary_large_image","twitter_creator":"@https:\/\/twitter.com\/PortalSulSC","twitter_misc":{"Written by":"Reda\u00e7\u00e3o Sul SC","Est. reading time":"2 minutes"},"schema":{"@context":"https:\/\/schema.org","@graph":[{"@type":"WebPage","@id":"https:\/\/sulsc.com\/index.php\/2025\/12\/07\/dia-tipico-de-verao-neste-domingo-7-com-maximas-de-35oc-e-temporais-isolado-no-final-do-dia-e-noite\/","url":"https:\/\/sulsc.com\/index.php\/2025\/12\/07\/dia-tipico-de-verao-neste-domingo-7-com-maximas-de-35oc-e-temporais-isolado-no-final-do-dia-e-noite\/","name":"Dia t\u00edpico de ver\u00e3o neste Domingo (7) com m\u00e1ximas de 35\u00baC e temporais isolado no final do dia e noite -","isPartOf":{"@id":"https:\/\/sulsc.com\/#website"},"datePublished":"2025-12-07T11:41:46+00:00","dateModified":"2025-12-07T11:41:46+00:00","author":{"@id":"https:\/\/sulsc.com\/#\/schema\/person\/84d2fc571684f6248ba83092f07750a3"},"breadcrumb":{"@id":"https:\/\/sulsc.com\/index.php\/2025\/12\/07\/dia-tipico-de-verao-neste-domingo-7-com-maximas-de-35oc-e-temporais-isolado-no-final-do-dia-e-noite\/#breadcrumb"},"inLanguage":"en-US","potentialAction":[{"@type":"ReadAction","target":["https:\/\/sulsc.com\/index.php\/2025\/12\/07\/dia-tipico-de-verao-neste-domingo-7-com-maximas-de-35oc-e-temporais-isolado-no-final-do-dia-e-noite\/"]}]},{"@type":"BreadcrumbList","@id":"https:\/\/sulsc.com\/index.php\/2025\/12\/07\/dia-tipico-de-verao-neste-domingo-7-com-maximas-de-35oc-e-temporais-isolado-no-final-do-dia-e-noite\/#breadcrumb","itemListElement":[{"@type":"ListItem","position":1,"name":"In\u00edcio","item":"https:\/\/sulsc.com\/"},{"@type":"ListItem","position":2,"name":"Dia t\u00edpico de ver\u00e3o neste Domingo (7) com m\u00e1ximas de 35\u00baC e temporais isolado no final do dia e noite"}]},{"@type":"WebSite","@id":"https:\/\/sulsc.com\/#website","url":"https:\/\/sulsc.com\/","name":"","description":"","potentialAction":[{"@type":"SearchAction","target":{"@type":"EntryPoint","urlTemplate":"https:\/\/sulsc.com\/?s={search_term_string}"},"query-input":"required name=search_term_string"}],"inLanguage":"en-US"},{"@type":"Person","@id":"https:\/\/sulsc.com\/#\/schema\/person\/84d2fc571684f6248ba83092f07750a3","name":"Reda\u00e7\u00e3o Sul SC","image":{"@type":"ImageObject","inLanguage":"en-US","@id":"https:\/\/sulsc.com\/#\/schema\/person\/image\/e08d7fe2cc4ed596372063bbe852b8d0","url":"https:\/\/sulsc.com\/wp-content\/uploads\/2023\/09\/redacao.png","contentUrl":"https:\/\/sulsc.com\/wp-content\/uploads\/2023\/09\/redacao.png","caption":"Reda\u00e7\u00e3o Sul SC"},"description":"Foco em um jornalismo imparcial, voltado \u00e0 qualidade dos seus conte\u00fados e, assim, levar informa\u00e7\u00e3o de valor que agregue \u00e0 vida dos leitores. Esta \u00e9 grande miss\u00e3o do Portal de Not\u00edcias Sul SC. N\u00e3o \u00e9 quantidade que muda o mundo, sempre foi e seguir\u00e1 sendo qualidade!","sameAs":["https:\/\/sulsc.com\/","https:\/\/www.facebook.com\/profile.php?id=61559278119680","https:\/\/www.instagram.com\/sulscportal\/?hl=pt-br","https:\/\/twitter.com\/https:\/\/twitter.com\/PortalSulSC","https:\/\/www.youtube.com\/channel\/UCv_BE8GeySluDov2n8qhVmw"],"url":"https:\/\/sulsc.com\/index.php\/author\/redacao\/"}]}},"authors":[],"_links":{"self":[{"href":"https:\/\/sulsc.com\/index.php\/wp-json\/wp\/v2\/posts\/30557"}],"collection":[{"href":"https:\/\/sulsc.com\/index.php\/wp-json\/wp\/v2\/posts"}],"about":[{"href":"https:\/\/sulsc.com\/index.php\/wp-json\/wp\/v2\/types\/post"}],"author":[{"embeddable":true,"href":"https:\/\/sulsc.com\/index.php\/wp-json\/wp\/v2\/users\/3"}],"replies":[{"embeddable":true,"href":"https:\/\/sulsc.com\/index.php\/wp-json\/wp\/v2\/comments?post=30557"}],"version-history":[{"count":1,"href":"https:\/\/sulsc.com\/index.php\/wp-json\/wp\/v2\/posts\/30557\/revisions"}],"predecessor-version":[{"id":30561,"href":"https:\/\/sulsc.com\/index.php\/wp-json\/wp\/v2\/posts\/30557\/revisions\/30561"}],"wp:featuredmedia":[{"embeddable":true,"href":"https:\/\/sulsc.com\/index.php\/wp-json\/wp\/v2\/media\/30560"}],"wp:attachment":[{"href":"https:\/\/sulsc.com\/index.php\/wp-json\/wp\/v2\/media?parent=30557"}],"wp:term":[{"taxonomy":"category","embeddable":true,"href":"https:\/\/sulsc.com\/index.php\/wp-json\/wp\/v2\/categories?post=30557"},{"taxonomy":"post_tag","embeddable":true,"href":"https:\/\/sulsc.com\/index.php\/wp-json\/wp\/v2\/tags?post=30557"}],"curies":[{"name":"wp","href":"https:\/\/api.w.org\/{rel}","templated":true}]}}